{"id":169833,"date":"2026-03-25T17:41:33","date_gmt":"2026-03-25T20:41:33","guid":{"rendered":"https:\/\/lavras.tv\/site\/?p=169833"},"modified":"2026-03-25T17:41:34","modified_gmt":"2026-03-25T20:41:34","slug":"sistema-fecomercio-mg-abre-inscricoes-para-a-8a-edicao-do-sesc-movimenta","status":"publish","type":"post","link":"https:\/\/lavras.tv\/site\/2026\/03\/25\/sistema-fecomercio-mg-abre-inscricoes-para-a-8a-edicao-do-sesc-movimenta\/","title":{"rendered":"Sistema Fecom\u00e9rcio MG abre inscri\u00e7\u00f5es para a 8\u00aa edi\u00e7\u00e3o do Sesc Movimenta"},"content":{"rendered":"<div class=\"lavra-antes-do-conteudo_2\" id=\"lavra-2062690018\"><div id=\"lavra-slider-27\" class=\"custom-slider lavra-slider-848335297 lavra-slider\"><ul><li><div style=\"margin-left: auto;margin-right: auto;text-align: center;\" id=\"lavra-3275448042\"><a href=\"https:\/\/sistemas.lavras.mg.gov.br\/portalcidadao\/#df1b1a7c7b2a290bcb31e32771e610784662739a88807c0dacac58ede5f391a7530e299dc302d611ee73cb143fc22eaf93592e53e7b5bdb01b00a0b8d28dae460c141dd2ff83412e4dc1c31b16b25f33144a9e5620ea73b13f5bc1c59411d98439ad226e8af03840603796067d87afe130812cf3de24982d0e306f9e61e764e5\" aria-label=\"Lavras-TV&#8211;720x104px (1) (1)\"><img src=\"https:\/\/lavras.tv\/site\/wp-content\/uploads\/2025\/01\/Lavras-TV-720x104px-1-1.png\" alt=\"\"  srcset=\"https:\/\/lavras.tv\/site\/wp-content\/uploads\/2025\/01\/Lavras-TV-720x104px-1-1.png 720w, https:\/\/lavras.tv\/site\/wp-content\/uploads\/2025\/01\/Lavras-TV-720x104px-1-1-470x68.png 470w, https:\/\/lavras.tv\/site\/wp-content\/uploads\/2025\/01\/Lavras-TV-720x104px-1-1-170x25.png 170w, https:\/\/lavras.tv\/site\/wp-content\/uploads\/2025\/01\/Lavras-TV-720x104px-1-1-200x29.png 200w\" sizes=\"(max-width: 720px) 100vw, 720px\" width=\"720\" height=\"104\"  style=\"display: inline-block;\" \/><\/a><\/div><\/li><li><a href=\"https:\/\/sistemas.lavras.mg.gov.br\/portalcidadao\/#df1b1a7c7b2a290bcb31e32771e610784662739a88807c0dacac58ede5f391a7530e299dc302d611ee73cb143fc22eaf93592e53e7b5bdb01b00a0b8d28dae460c141dd2ff83412e4dc1c31b16b25f33144a9e5620ea73b13f5bc1c59411d98439ad226e8af03840603796067d87afe130812cf3de24982d0e306f9e61e764e5\" aria-label=\"Banner_Emprego_PortallavrasTV\"><img src=\"https:\/\/lavras.tv\/site\/wp-content\/uploads\/2025\/03\/Banner_Emprego_PortallavrasTV.png\" alt=\"\"  srcset=\"https:\/\/lavras.tv\/site\/wp-content\/uploads\/2025\/03\/Banner_Emprego_PortallavrasTV.png 720w, https:\/\/lavras.tv\/site\/wp-content\/uploads\/2025\/03\/Banner_Emprego_PortallavrasTV-470x68.png 470w, https:\/\/lavras.tv\/site\/wp-content\/uploads\/2025\/03\/Banner_Emprego_PortallavrasTV-170x25.png 170w, https:\/\/lavras.tv\/site\/wp-content\/uploads\/2025\/03\/Banner_Emprego_PortallavrasTV-200x29.png 200w\" sizes=\"(max-width: 720px) 100vw, 720px\" width=\"720\" height=\"104\"   \/><\/a><\/li><li><a href=\"https:\/\/sistemas.lavras.mg.gov.br\/portalcidadao\/#df1b1a7c7b2a290bcb31e32771e610784662739a88807c0dacac58ede5f391a7530e299dc302d611ee73cb143fc22eaf93592e53e7b5bdb01b00a0b8d28dae460c141dd2ff83412e4dc1c31b16b25f33144a9e5620ea73b13f5bc1c59411d98439ad226e8af03840603796067d87afe130812cf3de24982d0e306f9e61e764e5\" aria-label=\"Banner_Obras_PortallavrasTV\"><img src=\"https:\/\/lavras.tv\/site\/wp-content\/uploads\/2025\/03\/Banner_Obras_PortallavrasTV.png\" alt=\"\"  srcset=\"https:\/\/lavras.tv\/site\/wp-content\/uploads\/2025\/03\/Banner_Obras_PortallavrasTV.png 720w, https:\/\/lavras.tv\/site\/wp-content\/uploads\/2025\/03\/Banner_Obras_PortallavrasTV-470x68.png 470w, https:\/\/lavras.tv\/site\/wp-content\/uploads\/2025\/03\/Banner_Obras_PortallavrasTV-170x25.png 170w, https:\/\/lavras.tv\/site\/wp-content\/uploads\/2025\/03\/Banner_Obras_PortallavrasTV-200x29.png 200w\" sizes=\"(max-width: 720px) 100vw, 720px\" width=\"720\" height=\"104\"   \/><\/a><\/li><li><div style=\"margin-left: auto;margin-right: auto;text-align: center;\" id=\"lavra-1150321154\"><a href=\"https:\/\/sistemas.lavras.mg.gov.br\/portalcidadao\/#df1b1a7c7b2a290bcb31e32771e610784662739a88807c0dacac58ede5f391a7530e299dc302d611ee73cb143fc22eaf93592e53e7b5bdb01b00a0b8d28dae460c141dd2ff83412e4dc1c31b16b25f33144a9e5620ea73b13f5bc1c59411d98439ad226e8af03840603796067d87afe130812cf3de24982d0e306f9e61e764e5\" aria-label=\"Banner_Educa\u00e7\u00e3o_PortallavrasTV\"><img src=\"https:\/\/lavras.tv\/site\/wp-content\/uploads\/2025\/01\/Banner_Educacao_PortallavrasTV.png\" alt=\"\"  srcset=\"https:\/\/lavras.tv\/site\/wp-content\/uploads\/2025\/01\/Banner_Educacao_PortallavrasTV.png 720w, https:\/\/lavras.tv\/site\/wp-content\/uploads\/2025\/01\/Banner_Educacao_PortallavrasTV-470x68.png 470w, https:\/\/lavras.tv\/site\/wp-content\/uploads\/2025\/01\/Banner_Educacao_PortallavrasTV-170x25.png 170w, https:\/\/lavras.tv\/site\/wp-content\/uploads\/2025\/01\/Banner_Educacao_PortallavrasTV-200x29.png 200w\" sizes=\"(max-width: 720px) 100vw, 720px\" width=\"720\" height=\"104\"  style=\"display: inline-block;\" \/><\/a><\/div><\/li><li><a href=\"https:\/\/sistemas.lavras.mg.gov.br\/portalcidadao\/#df1b1a7c7b2a290bcb31e32771e610784662739a88807c0dacac58ede5f391a7530e299dc302d611ee73cb143fc22eaf93592e53e7b5bdb01b00a0b8d28dae460c141dd2ff83412e4dc1c31b16b25f33144a9e5620ea73b13f5bc1c59411d98439ad226e8af03840603796067d87afe130812cf3de24982d0e306f9e61e764e5\" aria-label=\"Banner_Sa\u00fade_PortallavrasTV\"><img src=\"https:\/\/lavras.tv\/site\/wp-content\/uploads\/2025\/03\/Banner_Saude_PortallavrasTV.png\" alt=\"\"  srcset=\"https:\/\/lavras.tv\/site\/wp-content\/uploads\/2025\/03\/Banner_Saude_PortallavrasTV.png 720w, https:\/\/lavras.tv\/site\/wp-content\/uploads\/2025\/03\/Banner_Saude_PortallavrasTV-470x68.png 470w, https:\/\/lavras.tv\/site\/wp-content\/uploads\/2025\/03\/Banner_Saude_PortallavrasTV-170x25.png 170w, https:\/\/lavras.tv\/site\/wp-content\/uploads\/2025\/03\/Banner_Saude_PortallavrasTV-200x29.png 200w\" sizes=\"(max-width: 720px) 100vw, 720px\" width=\"720\" height=\"104\"   \/><\/a><\/li><li><div id=\"lavra-961251014\" style=\"width:720px;height:104px;background-color:#ddd;overflow:scroll;\">\n\t<strong>Sa\u00edda da depura\u00e7\u00e3o de an\u00fancios<\/strong>\n\t<br><br>\n\tO an\u00fancio n\u00e3o \u00e9 exibido na p\u00e1gina<br><br>post atual: Sistema Fecom\u00e9rcio MG abre inscri\u00e7\u00f5es para a 8\u00aa edi\u00e7\u00e3o do Sesc Movimenta, ID: 169833<br><br><span style=\"color: red;\">O post atual n\u00e3o \u00e9 id\u00eantico ao post principal.<\/span><br><br>An\u00fancios: ROXO - TOPO INTERNA - ROTATIVO 2 (197)<br \/>Grupo de an\u00fancios: Princ_Meio01_720x104 (27)<br><br>Condi\u00e7\u00f5es de exibi\u00e7\u00e3o<div style=\"margin-bottom: 20px; white-space: pre-wrap; font-family: monospace; width: 100%; background: #ffe9e9;\"><strong>condi\u00e7\u00f5es gerais<\/strong><table border=\"1\"><thead><tr><th><\/th><th>An\u00fancios<\/th><th>wp_the_query<\/th><\/tr><\/thead><tr><td>is_main_query<\/td><td>1<\/td><td>1<\/td><\/tr><tr><td>is_rest_api<\/td><td>0<\/td><td>1<\/td><\/tr><tr><td>page<\/td><td>0<\/td><td>1<\/td><\/tr><tr><td>numpages<\/td><td>0<\/td><td>1<\/td><\/tr><tr><td>is_archive<\/td><td>1<\/td><td><\/td><\/tr><tr><td>is_search<\/td><td>1<\/td><td><\/td><\/tr><tr><td>is_home<\/td><td>1<\/td><td><\/td><\/tr><tr><td>is_404<\/td><td>1<\/td><td><\/td><\/tr><tr><td>is_attachment<\/td><td>1<\/td><td><\/td><\/tr><tr><td>is_singular<\/td><td>1<\/td><td><\/td><\/tr><tr><td>is_front_page<\/td><td>1<\/td><td><\/td><\/tr><tr><td>is_feed<\/td><td>1<\/td><td><\/td><\/tr><\/table><\/div><br><br><span style=\"color: red;\">Seu site usa HTTPS, mas o c\u00f3digo do an\u00fancio cont\u00e9m HTTP e pode n\u00e3o funcionar.<\/span>\t<br><br>\n\t<a style=\"color: green;\" href=\"https:\/\/wpadvancedads.com\/manual\/ad-debug-mode\/?utm_source=advanced-ads&utm_medium=link&utm_campaign=ad-debug-mode\" target=\"_blank\" rel=\"nofollow\">Encontre solu\u00e7\u00f5es no manual<\/a>\n<\/div>\n<\/li><\/ul><\/div><script>( window.advanced_ads_ready || jQuery( document ).ready ).call( null, function() {var $lavraslider848335297 = jQuery( \".lavra-slider-848335297\" );$lavraslider848335297.on( \"unslider.ready\", function() { jQuery( \"div.custom-slider ul li\" ).css( \"display\", \"block\" ); });$lavraslider848335297.unslider({ delay:4000, autoplay:true, nav:false, arrows:false, infinite:true });$lavraslider848335297.on(\"mouseover\", function() {$lavraslider848335297.unslider(\"stop\");}).on(\"mouseout\", function() {$lavraslider848335297.unslider(\"start\");});});<\/script><\/div>\n<p><strong><em>Evento oferece mais de 17 mil vagas para atividades gratuitas em 22 unidades do Sesc por todo o estado; confira a programa\u00e7\u00e3o no Sul de Minas<\/em><\/strong><\/p>\n\n\n\n<figure class=\"wp-block-image size-large\"><img fetchpriority=\"high\" decoding=\"async\" width=\"970\" height=\"662\" src=\"https:\/\/lavras.tv\/site\/wp-content\/uploads\/2026\/03\/Sesc-Movimenta_Pocos_Maria-Carolina-34-970x662.jpg\" alt=\"\" class=\"wp-image-169834\" srcset=\"https:\/\/lavras.tv\/site\/wp-content\/uploads\/2026\/03\/Sesc-Movimenta_Pocos_Maria-Carolina-34-970x662.jpg 970w, https:\/\/lavras.tv\/site\/wp-content\/uploads\/2026\/03\/Sesc-Movimenta_Pocos_Maria-Carolina-34-439x300.jpg 439w, https:\/\/lavras.tv\/site\/wp-content\/uploads\/2026\/03\/Sesc-Movimenta_Pocos_Maria-Carolina-34-170x116.jpg 170w, https:\/\/lavras.tv\/site\/wp-content\/uploads\/2026\/03\/Sesc-Movimenta_Pocos_Maria-Carolina-34-1536x1049.jpg 1536w, https:\/\/lavras.tv\/site\/wp-content\/uploads\/2026\/03\/Sesc-Movimenta_Pocos_Maria-Carolina-34-2048x1398.jpg 2048w\" sizes=\"(max-width: 970px) 100vw, 970px\" \/><\/figure>\n\n\n\n<p>O Sistema Fecom\u00e9rcio MG recebe inscri\u00e7\u00f5es para a&nbsp;<strong>8\u00aa edi\u00e7\u00e3o do Sesc Movimenta<\/strong>, a ser realizada&nbsp;<strong>entre 26 e 28 de mar\u00e7o<\/strong>&nbsp;em 22 unidades do Sesc em Minas. A programa\u00e7\u00e3o re\u00fane cerca de 280 atividades e disponibiliza mais de 17 mil vagas.<\/p>\n\n\n\n<p>No Sul de Minas, a agenda inclui palestras, oficinas, aulas, espet\u00e1culos, feiras e passeios, abrangendo as \u00e1reas de Cultura, Educa\u00e7\u00e3o, Sa\u00fade, A\u00e7\u00e3o Social, Esporte e Lazer, em Lavras, Po\u00e7os de Caldas e Pouso Alegre.<\/p>\n\n\n\n<p>A ades\u00e3o \u00e9 gratuita e deve ser feita pelo Aplicativo Sesc em Minas, que tem mais informa\u00e7\u00f5es dispon\u00edveis.<\/p>\n\n\n\n<figure class=\"wp-block-image size-large\"><img decoding=\"async\" width=\"970\" height=\"647\" src=\"https:\/\/lavras.tv\/site\/wp-content\/uploads\/2026\/03\/Sesc-Movimenta_Pouso-Alegre_Eneas-32-970x647.jpg\" alt=\"\" class=\"wp-image-169835\" srcset=\"https:\/\/lavras.tv\/site\/wp-content\/uploads\/2026\/03\/Sesc-Movimenta_Pouso-Alegre_Eneas-32-970x647.jpg 970w, https:\/\/lavras.tv\/site\/wp-content\/uploads\/2026\/03\/Sesc-Movimenta_Pouso-Alegre_Eneas-32-450x300.jpg 450w, https:\/\/lavras.tv\/site\/wp-content\/uploads\/2026\/03\/Sesc-Movimenta_Pouso-Alegre_Eneas-32-170x113.jpg 170w, https:\/\/lavras.tv\/site\/wp-content\/uploads\/2026\/03\/Sesc-Movimenta_Pouso-Alegre_Eneas-32-1536x1024.jpg 1536w, https:\/\/lavras.tv\/site\/wp-content\/uploads\/2026\/03\/Sesc-Movimenta_Pouso-Alegre_Eneas-32-2048x1365.jpg 2048w, https:\/\/lavras.tv\/site\/wp-content\/uploads\/2026\/03\/Sesc-Movimenta_Pouso-Alegre_Eneas-32-272x182.jpg 272w\" sizes=\"(max-width: 970px) 100vw, 970px\" \/><\/figure>\n\n\n\n<p><strong>Capilaridade<\/strong><\/p>\n\n\n\n<p>Fora do Sul de Minas, o Projeto acontece em Almenara, Arax\u00e1, Cataguases, Contagem, Juiz de Fora, Montes Claros, Paracatu, Patos de Minas, Santa Luzia, Santos Dumont, Sete Lagoas, Uberl\u00e2ndia, Uberaba e Belo Horizonte (nas unidades CAT \u2013 Mercado das Flores, Floresta, Palladium, Santa Quit\u00e9ria, Tupinamb\u00e1s e Venda Nova).<\/p>\n\n\n\n<p><strong>Programa\u00e7\u00e3o completa no Sul de Minas<\/strong><\/p>\n\n\n\n<p>LAVRAS<\/p>\n\n\n\n<p><em>Quinta\u2011feira (26\/3)<\/em><\/p>\n\n\n\n<ul class=\"wp-block-list\">\n<li>Oficina c\u00eanica<\/li>\n<\/ul>\n\n\n\n<p><em>Sinopse:<\/em>&nbsp;Os artistas Dudu Melo, pessoa com defici\u00eancia visual, e J\u00fanior Dias conduzem uma viv\u00eancia l\u00fadica e sens\u00edvel sobre acessibilidade. A atividade re\u00fane brincadeiras, m\u00fasicas e hist\u00f3rias que despertam empatia, inclus\u00e3o e novas formas de perceber o mundo.<\/p>\n\n\n\n<p><strong>Hor\u00e1rio:<\/strong>&nbsp;9h<\/p>\n\n\n\n<p><strong>Dura\u00e7\u00e3o:<\/strong>&nbsp;2h<\/p>\n\n\n\n<ul class=\"wp-block-list\">\n<li>Oficina de amigurumi<\/li>\n<\/ul>\n\n\n\n<p><em>Sinopse:<\/em>&nbsp;Introdu\u00e7\u00e3o ao universo do amigurumi em uma oficina de tr\u00eas dias. Os participantes aprendem pontos b\u00e1sicos do croch\u00ea, conhecem materiais ideais e produzem uma capivarinha artesanal.<\/p>\n\n\n\n<p><strong>Hor\u00e1rio:<\/strong>&nbsp;10h<\/p>\n\n\n\n<p><strong>Dura\u00e7\u00e3o:<\/strong>&nbsp;2h<\/p>\n\n\n\n<ul class=\"wp-block-list\">\n<li>Passeio tur\u00edstico<\/li>\n<\/ul>\n\n\n\n<p><em>Sinopse:<\/em>&nbsp;O passeio convida o p\u00fablico a enxergar a cidade com novos olhos, redescobrindo hist\u00f3rias, mem\u00f3rias e causos presentes nas ruas cotidianamente. Uma oportunidade de reviver a identidade local por meio da observa\u00e7\u00e3o e do caminhar.<\/p>\n\n\n\n<p><strong>Hor\u00e1rio:&nbsp;<\/strong>14h<\/p>\n\n\n\n<p><strong>Dura\u00e7\u00e3o:<\/strong>&nbsp;3h<\/p>\n\n\n\n<ul class=\"wp-block-list\">\n<li>Oficina de dan\u00e7a \u2013 Jazz<\/li>\n<\/ul>\n\n\n\n<p><em>Sinopse:<\/em>&nbsp;Viv\u00eancia de Jazz Dance que combina t\u00e9cnica, express\u00e3o e atitude. Ao final, os participantes realizam uma apresenta\u00e7\u00e3o especial.<\/p>\n\n\n\n<p><strong>Hor\u00e1rio:&nbsp;<\/strong>16h<\/p>\n\n\n\n<p><strong>Dura\u00e7\u00e3o:<\/strong>&nbsp;1h<\/p>\n\n\n\n<ul class=\"wp-block-list\">\n<li>Apresenta\u00e7\u00e3o \u201cVozes que Encantam\u201d<\/li>\n<\/ul>\n\n\n\n<p><em>Sinopse:<\/em>&nbsp;Espet\u00e1culo emocionante com o Coral Vozes 60+, formado por participantes do Sesc +60 de Lavras, e convidados dos corais do munic\u00edpio.<\/p>\n\n\n\n<p><strong>Hor\u00e1rio:<\/strong>&nbsp;19h<\/p>\n\n\n\n<p><strong>Dura\u00e7\u00e3o:<\/strong>&nbsp;2h<\/p>\n\n\n\n<p><em>Sexta\u2011feira (27\/3)<\/em><\/p>\n\n\n\n<ul class=\"wp-block-list\">\n<li>Oficina de amigurumi<\/li>\n<\/ul>\n\n\n\n<p><em>Sinopse:<\/em>&nbsp;Introdu\u00e7\u00e3o ao universo do amigurumi em uma oficina de tr\u00eas dias. Os participantes aprendem pontos b\u00e1sicos do croch\u00ea, conhecem materiais ideais e produzem uma capivarinha artesanal.<\/p>\n\n\n\n<p><strong>Hor\u00e1rio:<\/strong>&nbsp;10h<\/p>\n\n\n\n<p><strong>Dura\u00e7\u00e3o:<\/strong>&nbsp;2h<\/p>\n\n\n\n<ul class=\"wp-block-list\">\n<li>Oficina de dan\u00e7a de sal\u00e3o<\/li>\n<\/ul>\n\n\n\n<p><em>Sinopse:<\/em>&nbsp;Uma experi\u00eancia que promove bem\u2011estar, socializa\u00e7\u00e3o e autoestima por meio da dan\u00e7a de sal\u00e3o. A pr\u00e1tica desenvolve corpo e mente e, ao final, conta com uma apresenta\u00e7\u00e3o dos participantes.<\/p>\n\n\n\n<p><strong>Hor\u00e1rio:<\/strong>&nbsp;16h<\/p>\n\n\n\n<p><strong>Dura\u00e7\u00e3o:&nbsp;<\/strong>1h<\/p>\n\n\n\n<ul class=\"wp-block-list\">\n<li>Apresenta\u00e7\u00e3o \u201cO Mist\u00e9rio do Urro\u201d<\/li>\n<\/ul>\n\n\n\n<p><em>Sinopse:<\/em>&nbsp;A hist\u00f3ria acompanha Amora, uma jovem cientista que busca desvendar o mist\u00e9rio de um urro constante. No caminho, encontra seres m\u00e1gicos e acessa a for\u00e7a ancestral das mulheres de sua linhagem.<\/p>\n\n\n\n<p><strong>Hor\u00e1rio:&nbsp;<\/strong>19h<\/p>\n\n\n\n<p><strong>Dura\u00e7\u00e3o:<\/strong>&nbsp;1h<\/p>\n\n\n\n<p><em>S\u00e1bado (28\/3)<\/em><\/p>\n\n\n\n<ul class=\"wp-block-list\">\n<li>Debate sobre sa\u00fade<\/li>\n<\/ul>\n\n\n\n<p><em>Sinopse:<\/em>&nbsp;Debate que refor\u00e7a a import\u00e2ncia da pr\u00e1tica regular de atividades f\u00edsicas e de uma alimenta\u00e7\u00e3o equilibrada, mostrando como esses h\u00e1bitos impactam positivamente o bem\u2011estar f\u00edsico e mental.<\/p>\n\n\n\n<p><strong>Hor\u00e1rio:&nbsp;<\/strong>8h<\/p>\n\n\n\n<p><strong>Dura\u00e7\u00e3o:&nbsp;<\/strong>1h30<\/p>\n\n\n\n<ul class=\"wp-block-list\">\n<li>Aula aberta de Pilates<\/li>\n<\/ul>\n\n\n\n<p><em>Sinopse:<\/em>&nbsp;Aula gratuita de Mat Pilates, ideal para quem deseja conhecer os benef\u00edcios da pr\u00e1tica. Atividade voltada ao equil\u00edbrio entre corpo e mente, promovendo for\u00e7a, consci\u00eancia corporal e bem\u2011estar.<\/p>\n\n\n\n<p><strong>Hor\u00e1rio:<\/strong>&nbsp;8h<\/p>\n\n\n\n<p><strong>Dura\u00e7\u00e3o:<\/strong>&nbsp;1h30<\/p>\n\n\n\n<ul class=\"wp-block-list\">\n<li>Oficina de amigurumi<\/li>\n<\/ul>\n\n\n\n<p><em>Sinopse:<\/em>&nbsp;Introdu\u00e7\u00e3o ao universo do amigurumi em uma oficina de tr\u00eas dias. Os participantes aprendem pontos b\u00e1sicos do croch\u00ea, conhecem materiais ideais e produzem uma capivarinha artesanal.<\/p>\n\n\n\n<p><strong>Hor\u00e1rio:<\/strong>&nbsp;10h<\/p>\n\n\n\n<p><strong>Dura\u00e7\u00e3o:<\/strong>&nbsp;2h<\/p>\n\n\n\n<ul class=\"wp-block-list\">\n<li>Mer\u00f4 Sarau Po\u00e9tico e Musical<\/li>\n<\/ul>\n\n\n\n<p><em>Sinopse:<\/em>&nbsp;Dudu Melo, artista com defici\u00eancia visual, e o m\u00fasico Junior Dias apresentam um sarau sensorial inspirado na obra de Maria Ol\u00edmpia Alves de Melo. Entre poesia, canto e m\u00fasica, o p\u00fablico \u00e9 convidado a sentir o corpo, a alma e o cora\u00e7\u00e3o.<\/p>\n\n\n\n<p><strong>Hor\u00e1rio:&nbsp;<\/strong>11h<\/p>\n\n\n\n<p><strong>Dura\u00e7\u00e3o:&nbsp;<\/strong>1h<\/p>\n\n\n\n<figure class=\"wp-block-image size-large\"><img decoding=\"async\" width=\"970\" height=\"690\" src=\"https:\/\/lavras.tv\/site\/wp-content\/uploads\/2026\/03\/Sesc-Movimenta_Pocos_Maria-Carolina-176-970x690.jpg\" alt=\"\" class=\"wp-image-169836\" srcset=\"https:\/\/lavras.tv\/site\/wp-content\/uploads\/2026\/03\/Sesc-Movimenta_Pocos_Maria-Carolina-176-970x690.jpg 970w, https:\/\/lavras.tv\/site\/wp-content\/uploads\/2026\/03\/Sesc-Movimenta_Pocos_Maria-Carolina-176-422x300.jpg 422w, https:\/\/lavras.tv\/site\/wp-content\/uploads\/2026\/03\/Sesc-Movimenta_Pocos_Maria-Carolina-176-170x121.jpg 170w, https:\/\/lavras.tv\/site\/wp-content\/uploads\/2026\/03\/Sesc-Movimenta_Pocos_Maria-Carolina-176-1536x1093.jpg 1536w, https:\/\/lavras.tv\/site\/wp-content\/uploads\/2026\/03\/Sesc-Movimenta_Pocos_Maria-Carolina-176-2048x1457.jpg 2048w\" sizes=\"(max-width: 970px) 100vw, 970px\" \/><\/figure>\n","protected":false},"excerpt":{"rendered":"<p>Evento oferece mais de 17 mil vagas para atividades gratuitas em 22 unidades do Sesc por todo o estado; confira a programa\u00e7\u00e3o no Sul de Minas O Sistema Fecom\u00e9rcio MG recebe inscri\u00e7\u00f5es para a&nbsp;8\u00aa edi\u00e7\u00e3o do Sesc Movimenta, a ser realizada&nbsp;entre 26 e 28 de mar\u00e7o&nbsp;em 22 unidades do Sesc em Minas. A programa\u00e7\u00e3o re\u00fane [&hellip;]<\/p>\n","protected":false},"author":5,"featured_media":169835,"comment_status":"closed","ping_status":"open","sticky":false,"template":"","format":"standard","meta":{"advgb_blocks_editor_width":"","advgb_blocks_columns_visual_guide":"","_exactmetrics_skip_tracking":false,"_exactmetrics_sitenote_active":false,"_exactmetrics_sitenote_note":"","_exactmetrics_sitenote_category":0,"footnotes":""},"categories":[7,2],"tags":[],"class_list":["post-169833","post","type-post","status-publish","format-standard","has-post-thumbnail","hentry","category-destaques","category-noticias"],"better_featured_image":{"id":169835,"alt_text":"","caption":"","description":"","media_type":"image","media_details":{"width":2560,"height":1707,"file":"2026\/03\/Sesc-Movimenta_Pouso-Alegre_Eneas-32-scaled.jpg","filesize":595079,"sizes":{"medium":{"file":"Sesc-Movimenta_Pouso-Alegre_Eneas-32-450x300.jpg","width":450,"height":300,"mime-type":"image\/jpeg","filesize":49895,"source_url":"https:\/\/lavras.tv\/site\/wp-content\/uploads\/2026\/03\/Sesc-Movimenta_Pouso-Alegre_Eneas-32-450x300.jpg"},"large":{"file":"Sesc-Movimenta_Pouso-Alegre_Eneas-32-970x647.jpg","width":970,"height":647,"mime-type":"image\/jpeg","filesize":136865,"source_url":"https:\/\/lavras.tv\/site\/wp-content\/uploads\/2026\/03\/Sesc-Movimenta_Pouso-Alegre_Eneas-32-970x647.jpg"},"thumbnail":{"file":"Sesc-Movimenta_Pouso-Alegre_Eneas-32-170x113.jpg","width":170,"height":113,"mime-type":"image\/jpeg","filesize":19988,"source_url":"https:\/\/lavras.tv\/site\/wp-content\/uploads\/2026\/03\/Sesc-Movimenta_Pouso-Alegre_Eneas-32-170x113.jpg"},"1536x1536":{"file":"Sesc-Movimenta_Pouso-Alegre_Eneas-32-1536x1024.jpg","width":1536,"height":1024,"mime-type":"image\/jpeg","filesize":263203,"source_url":"https:\/\/lavras.tv\/site\/wp-content\/uploads\/2026\/03\/Sesc-Movimenta_Pouso-Alegre_Eneas-32-1536x1024.jpg"},"2048x2048":{"file":"Sesc-Movimenta_Pouso-Alegre_Eneas-32-2048x1365.jpg","width":2048,"height":1365,"mime-type":"image\/jpeg","filesize":410196,"source_url":"https:\/\/lavras.tv\/site\/wp-content\/uploads\/2026\/03\/Sesc-Movimenta_Pouso-Alegre_Eneas-32-2048x1365.jpg"},"alm-thumbnail":{"file":"Sesc-Movimenta_Pouso-Alegre_Eneas-32-150x150.jpg","width":150,"height":150,"mime-type":"image\/jpeg","filesize":20504,"source_url":"https:\/\/lavras.tv\/site\/wp-content\/uploads\/2026\/03\/Sesc-Movimenta_Pouso-Alegre_Eneas-32-150x150.jpg"},"sow-carousel-default":{"file":"Sesc-Movimenta_Pouso-Alegre_Eneas-32-272x182.jpg","width":272,"height":182,"mime-type":"image\/jpeg","filesize":28712,"source_url":"https:\/\/lavras.tv\/site\/wp-content\/uploads\/2026\/03\/Sesc-Movimenta_Pouso-Alegre_Eneas-32-272x182.jpg"}},"image_meta":{"aperture":"0","credit":"","camera":"","caption":"","created_timestamp":"0","copyright":"Chiarini Jr.","focal_length":"0","iso":"0","shutter_speed":"0","title":"","orientation":"1","keywords":[]},"original_image":"Sesc-Movimenta_Pouso-Alegre_Eneas-32.jpg"},"post":169833,"source_url":"https:\/\/lavras.tv\/site\/wp-content\/uploads\/2026\/03\/Sesc-Movimenta_Pouso-Alegre_Eneas-32-scaled.jpg"},"author_meta":{"display_name":"Vinicius Bustamante","author_link":"https:\/\/lavras.tv\/site\/author\/vinicius-bustamante\/"},"featured_img":"https:\/\/lavras.tv\/site\/wp-content\/uploads\/2026\/03\/Sesc-Movimenta_Pouso-Alegre_Eneas-32-450x300.jpg","coauthors":[],"tax_additional":{"categories":{"linked":["<a href=\"https:\/\/lavras.tv\/site\/category\/destaques\/\" class=\"advgb-post-tax-term\">Destaques<\/a>","<a href=\"https:\/\/lavras.tv\/site\/category\/noticias\/\" class=\"advgb-post-tax-term\">Not\u00edcias<\/a>"],"unlinked":["<span class=\"advgb-post-tax-term\">Destaques<\/span>","<span class=\"advgb-post-tax-term\">Not\u00edcias<\/span>"]}},"comment_count":"0","relative_dates":{"created":"Publicado 1 m\u00eas atr\u00e1s","modified":"Atualizado 1 m\u00eas atr\u00e1s"},"absolute_dates":{"created":"Publicado em 25 de mar\u00e7o de 2026","modified":"Atualizado em 25 de mar\u00e7o de 2026"},"absolute_dates_time":{"created":"Publicado em 25 de mar\u00e7o de 2026 17:41","modified":"Atualizado em 25 de mar\u00e7o de 2026 17:41"},"featured_img_caption":"","series_order":"","_links":{"self":[{"href":"https:\/\/lavras.tv\/site\/wp-json\/wp\/v2\/posts\/169833","targetHints":{"allow":["GET"]}}],"collection":[{"href":"https:\/\/lavras.tv\/site\/wp-json\/wp\/v2\/posts"}],"about":[{"href":"https:\/\/lavras.tv\/site\/wp-json\/wp\/v2\/types\/post"}],"author":[{"embeddable":true,"href":"https:\/\/lavras.tv\/site\/wp-json\/wp\/v2\/users\/5"}],"replies":[{"embeddable":true,"href":"https:\/\/lavras.tv\/site\/wp-json\/wp\/v2\/comments?post=169833"}],"version-history":[{"count":1,"href":"https:\/\/lavras.tv\/site\/wp-json\/wp\/v2\/posts\/169833\/revisions"}],"predecessor-version":[{"id":169837,"href":"https:\/\/lavras.tv\/site\/wp-json\/wp\/v2\/posts\/169833\/revisions\/169837"}],"wp:featuredmedia":[{"embeddable":true,"href":"https:\/\/lavras.tv\/site\/wp-json\/wp\/v2\/media\/169835"}],"wp:attachment":[{"href":"https:\/\/lavras.tv\/site\/wp-json\/wp\/v2\/media?parent=169833"}],"wp:term":[{"taxonomy":"category","embeddable":true,"href":"https:\/\/lavras.tv\/site\/wp-json\/wp\/v2\/categories?post=169833"},{"taxonomy":"post_tag","embeddable":true,"href":"https:\/\/lavras.tv\/site\/wp-json\/wp\/v2\/tags?post=169833"}],"curies":[{"name":"wp","href":"https:\/\/api.w.org\/{rel}","templated":true}]}}