{"id":169851,"date":"2026-03-26T10:56:20","date_gmt":"2026-03-26T13:56:20","guid":{"rendered":"https:\/\/lavras.tv\/site\/?p=169851"},"modified":"2026-03-26T10:56:21","modified_gmt":"2026-03-26T13:56:21","slug":"alianca-energia-moderniza-sistema-de-transposicao-de-peixes-da-uhe-funil-e-reforca-compromisso-ambiental","status":"publish","type":"post","link":"https:\/\/lavras.tv\/site\/2026\/03\/26\/alianca-energia-moderniza-sistema-de-transposicao-de-peixes-da-uhe-funil-e-reforca-compromisso-ambiental\/","title":{"rendered":"Alian\u00e7a Energia moderniza Sistema de Transposi\u00e7\u00e3o de Peixes da UHE Funil e refor\u00e7a compromisso ambiental"},"content":{"rendered":"<div class=\"lavra-antes-do-conteudo_2\" id=\"lavra-928427839\"><div id=\"lavra-slider-27\" class=\"custom-slider lavra-slider-3001011422 lavra-slider\"><ul><li><div style=\"margin-left: auto;margin-right: auto;text-align: center;\" id=\"lavra-2435412914\"><a href=\"https:\/\/sistemas.lavras.mg.gov.br\/portalcidadao\/#df1b1a7c7b2a290bcb31e32771e610784662739a88807c0dacac58ede5f391a7530e299dc302d611ee73cb143fc22eaf93592e53e7b5bdb01b00a0b8d28dae460c141dd2ff83412e4dc1c31b16b25f33144a9e5620ea73b13f5bc1c59411d98439ad226e8af03840603796067d87afe130812cf3de24982d0e306f9e61e764e5\" aria-label=\"Lavras-TV&#8211;720x104px (1) (1)\"><img src=\"https:\/\/lavras.tv\/site\/wp-content\/uploads\/2025\/01\/Lavras-TV-720x104px-1-1.png\" alt=\"\"  srcset=\"https:\/\/lavras.tv\/site\/wp-content\/uploads\/2025\/01\/Lavras-TV-720x104px-1-1.png 720w, https:\/\/lavras.tv\/site\/wp-content\/uploads\/2025\/01\/Lavras-TV-720x104px-1-1-470x68.png 470w, https:\/\/lavras.tv\/site\/wp-content\/uploads\/2025\/01\/Lavras-TV-720x104px-1-1-170x25.png 170w, https:\/\/lavras.tv\/site\/wp-content\/uploads\/2025\/01\/Lavras-TV-720x104px-1-1-200x29.png 200w\" sizes=\"(max-width: 720px) 100vw, 720px\" width=\"720\" height=\"104\"  style=\"display: inline-block;\" \/><\/a><\/div><\/li><li><a href=\"https:\/\/sistemas.lavras.mg.gov.br\/portalcidadao\/#df1b1a7c7b2a290bcb31e32771e610784662739a88807c0dacac58ede5f391a7530e299dc302d611ee73cb143fc22eaf93592e53e7b5bdb01b00a0b8d28dae460c141dd2ff83412e4dc1c31b16b25f33144a9e5620ea73b13f5bc1c59411d98439ad226e8af03840603796067d87afe130812cf3de24982d0e306f9e61e764e5\" aria-label=\"Banner_Emprego_PortallavrasTV\"><img src=\"https:\/\/lavras.tv\/site\/wp-content\/uploads\/2025\/03\/Banner_Emprego_PortallavrasTV.png\" alt=\"\"  srcset=\"https:\/\/lavras.tv\/site\/wp-content\/uploads\/2025\/03\/Banner_Emprego_PortallavrasTV.png 720w, https:\/\/lavras.tv\/site\/wp-content\/uploads\/2025\/03\/Banner_Emprego_PortallavrasTV-470x68.png 470w, https:\/\/lavras.tv\/site\/wp-content\/uploads\/2025\/03\/Banner_Emprego_PortallavrasTV-170x25.png 170w, https:\/\/lavras.tv\/site\/wp-content\/uploads\/2025\/03\/Banner_Emprego_PortallavrasTV-200x29.png 200w\" sizes=\"(max-width: 720px) 100vw, 720px\" width=\"720\" height=\"104\"   \/><\/a><\/li><li><a href=\"https:\/\/sistemas.lavras.mg.gov.br\/portalcidadao\/#df1b1a7c7b2a290bcb31e32771e610784662739a88807c0dacac58ede5f391a7530e299dc302d611ee73cb143fc22eaf93592e53e7b5bdb01b00a0b8d28dae460c141dd2ff83412e4dc1c31b16b25f33144a9e5620ea73b13f5bc1c59411d98439ad226e8af03840603796067d87afe130812cf3de24982d0e306f9e61e764e5\" aria-label=\"Banner_Obras_PortallavrasTV\"><img src=\"https:\/\/lavras.tv\/site\/wp-content\/uploads\/2025\/03\/Banner_Obras_PortallavrasTV.png\" alt=\"\"  srcset=\"https:\/\/lavras.tv\/site\/wp-content\/uploads\/2025\/03\/Banner_Obras_PortallavrasTV.png 720w, https:\/\/lavras.tv\/site\/wp-content\/uploads\/2025\/03\/Banner_Obras_PortallavrasTV-470x68.png 470w, https:\/\/lavras.tv\/site\/wp-content\/uploads\/2025\/03\/Banner_Obras_PortallavrasTV-170x25.png 170w, https:\/\/lavras.tv\/site\/wp-content\/uploads\/2025\/03\/Banner_Obras_PortallavrasTV-200x29.png 200w\" sizes=\"(max-width: 720px) 100vw, 720px\" width=\"720\" height=\"104\"   \/><\/a><\/li><li><div style=\"margin-left: auto;margin-right: auto;text-align: center;\" id=\"lavra-2950532609\"><a href=\"https:\/\/sistemas.lavras.mg.gov.br\/portalcidadao\/#df1b1a7c7b2a290bcb31e32771e610784662739a88807c0dacac58ede5f391a7530e299dc302d611ee73cb143fc22eaf93592e53e7b5bdb01b00a0b8d28dae460c141dd2ff83412e4dc1c31b16b25f33144a9e5620ea73b13f5bc1c59411d98439ad226e8af03840603796067d87afe130812cf3de24982d0e306f9e61e764e5\" aria-label=\"Banner_Educa\u00e7\u00e3o_PortallavrasTV\"><img src=\"https:\/\/lavras.tv\/site\/wp-content\/uploads\/2025\/01\/Banner_Educacao_PortallavrasTV.png\" alt=\"\"  srcset=\"https:\/\/lavras.tv\/site\/wp-content\/uploads\/2025\/01\/Banner_Educacao_PortallavrasTV.png 720w, https:\/\/lavras.tv\/site\/wp-content\/uploads\/2025\/01\/Banner_Educacao_PortallavrasTV-470x68.png 470w, https:\/\/lavras.tv\/site\/wp-content\/uploads\/2025\/01\/Banner_Educacao_PortallavrasTV-170x25.png 170w, https:\/\/lavras.tv\/site\/wp-content\/uploads\/2025\/01\/Banner_Educacao_PortallavrasTV-200x29.png 200w\" sizes=\"(max-width: 720px) 100vw, 720px\" width=\"720\" height=\"104\"  style=\"display: inline-block;\" \/><\/a><\/div><\/li><li><a href=\"https:\/\/sistemas.lavras.mg.gov.br\/portalcidadao\/#df1b1a7c7b2a290bcb31e32771e610784662739a88807c0dacac58ede5f391a7530e299dc302d611ee73cb143fc22eaf93592e53e7b5bdb01b00a0b8d28dae460c141dd2ff83412e4dc1c31b16b25f33144a9e5620ea73b13f5bc1c59411d98439ad226e8af03840603796067d87afe130812cf3de24982d0e306f9e61e764e5\" aria-label=\"Banner_Sa\u00fade_PortallavrasTV\"><img src=\"https:\/\/lavras.tv\/site\/wp-content\/uploads\/2025\/03\/Banner_Saude_PortallavrasTV.png\" alt=\"\"  srcset=\"https:\/\/lavras.tv\/site\/wp-content\/uploads\/2025\/03\/Banner_Saude_PortallavrasTV.png 720w, https:\/\/lavras.tv\/site\/wp-content\/uploads\/2025\/03\/Banner_Saude_PortallavrasTV-470x68.png 470w, https:\/\/lavras.tv\/site\/wp-content\/uploads\/2025\/03\/Banner_Saude_PortallavrasTV-170x25.png 170w, https:\/\/lavras.tv\/site\/wp-content\/uploads\/2025\/03\/Banner_Saude_PortallavrasTV-200x29.png 200w\" sizes=\"(max-width: 720px) 100vw, 720px\" width=\"720\" height=\"104\"   \/><\/a><\/li><li><div id=\"lavra-1737957687\" style=\"width:720px;height:104px;background-color:#ddd;overflow:scroll;\">\n\t<strong>Sa\u00edda da depura\u00e7\u00e3o de an\u00fancios<\/strong>\n\t<br><br>\n\tO an\u00fancio n\u00e3o \u00e9 exibido na p\u00e1gina<br><br>post atual: Alian\u00e7a Energia moderniza Sistema de Transposi\u00e7\u00e3o de Peixes da UHE Funil e refor\u00e7a compromisso ambiental, ID: 169851<br><br><span style=\"color: red;\">O post atual n\u00e3o \u00e9 id\u00eantico ao post principal.<\/span><br><br>An\u00fancios: ROXO - TOPO INTERNA - ROTATIVO 2 (197)<br \/>Grupo de an\u00fancios: Princ_Meio01_720x104 (27)<br><br>Condi\u00e7\u00f5es de exibi\u00e7\u00e3o<div style=\"margin-bottom: 20px; white-space: pre-wrap; font-family: monospace; width: 100%; background: #ffe9e9;\"><strong>condi\u00e7\u00f5es gerais<\/strong><table border=\"1\"><thead><tr><th><\/th><th>An\u00fancios<\/th><th>wp_the_query<\/th><\/tr><\/thead><tr><td>is_main_query<\/td><td>1<\/td><td>1<\/td><\/tr><tr><td>is_rest_api<\/td><td>0<\/td><td>1<\/td><\/tr><tr><td>page<\/td><td>0<\/td><td>1<\/td><\/tr><tr><td>numpages<\/td><td>0<\/td><td>1<\/td><\/tr><tr><td>is_archive<\/td><td>1<\/td><td><\/td><\/tr><tr><td>is_search<\/td><td>1<\/td><td><\/td><\/tr><tr><td>is_home<\/td><td>1<\/td><td><\/td><\/tr><tr><td>is_404<\/td><td>1<\/td><td><\/td><\/tr><tr><td>is_attachment<\/td><td>1<\/td><td><\/td><\/tr><tr><td>is_singular<\/td><td>1<\/td><td><\/td><\/tr><tr><td>is_front_page<\/td><td>1<\/td><td><\/td><\/tr><tr><td>is_feed<\/td><td>1<\/td><td><\/td><\/tr><\/table><\/div><br><br><span style=\"color: red;\">Seu site usa HTTPS, mas o c\u00f3digo do an\u00fancio cont\u00e9m HTTP e pode n\u00e3o funcionar.<\/span>\t<br><br>\n\t<a style=\"color: green;\" href=\"https:\/\/wpadvancedads.com\/manual\/ad-debug-mode\/?utm_source=advanced-ads&utm_medium=link&utm_campaign=ad-debug-mode\" target=\"_blank\" rel=\"nofollow\">Encontre solu\u00e7\u00f5es no manual<\/a>\n<\/div>\n<\/li><\/ul><\/div><script>( window.advanced_ads_ready || jQuery( document ).ready ).call( null, function() {var $lavraslider3001011422 = jQuery( \".lavra-slider-3001011422\" );$lavraslider3001011422.on( \"unslider.ready\", function() { jQuery( \"div.custom-slider ul li\" ).css( \"display\", \"block\" ); });$lavraslider3001011422.unslider({ delay:4000, autoplay:true, nav:false, arrows:false, infinite:true });$lavraslider3001011422.on(\"mouseover\", function() {$lavraslider3001011422.unslider(\"stop\");}).on(\"mouseout\", function() {$lavraslider3001011422.unslider(\"start\");});});<\/script><\/div>\n<figure class=\"wp-block-image size-large\"><img fetchpriority=\"high\" decoding=\"async\" width=\"970\" height=\"728\" src=\"https:\/\/lavras.tv\/site\/wp-content\/uploads\/2026\/03\/AE_UHE-Engenheiro-Jose-Mendes-Junior-Funil-Perdoes-MG_Vertedouro_4-970x728.jpg\" alt=\"\" class=\"wp-image-169852\" srcset=\"https:\/\/lavras.tv\/site\/wp-content\/uploads\/2026\/03\/AE_UHE-Engenheiro-Jose-Mendes-Junior-Funil-Perdoes-MG_Vertedouro_4-970x728.jpg 970w, https:\/\/lavras.tv\/site\/wp-content\/uploads\/2026\/03\/AE_UHE-Engenheiro-Jose-Mendes-Junior-Funil-Perdoes-MG_Vertedouro_4-400x300.jpg 400w, https:\/\/lavras.tv\/site\/wp-content\/uploads\/2026\/03\/AE_UHE-Engenheiro-Jose-Mendes-Junior-Funil-Perdoes-MG_Vertedouro_4-170x128.jpg 170w, https:\/\/lavras.tv\/site\/wp-content\/uploads\/2026\/03\/AE_UHE-Engenheiro-Jose-Mendes-Junior-Funil-Perdoes-MG_Vertedouro_4-1536x1152.jpg 1536w, https:\/\/lavras.tv\/site\/wp-content\/uploads\/2026\/03\/AE_UHE-Engenheiro-Jose-Mendes-Junior-Funil-Perdoes-MG_Vertedouro_4-2048x1536.jpg 2048w\" sizes=\"(max-width: 970px) 100vw, 970px\" \/><figcaption class=\"wp-element-caption\">DCIM\/101MEDIA\/DJI_0022.JPG<\/figcaption><\/figure>\n\n\n\n<p>A Alian\u00e7a Energia concluiu a moderniza\u00e7\u00e3o do Sistema de Transposi\u00e7\u00e3o de Peixes (STP) da Usina Hidrel\u00e9trica de Funil, situada no rio Grande, entre os munic\u00edpios de Lavras e Perd\u00f5es, no sul de Minas Gerais, refor\u00e7ando seu compromisso com a opera\u00e7\u00e3o respons\u00e1vel, a seguran\u00e7a e a preserva\u00e7\u00e3o ambiental.<\/p>\n\n\n\n<p>O projeto, iniciado em janeiro de 2024 e finalizado em dezembro do ano passado, teve como objetivo aumentar a confiabilidade operacional e a disponibilidade do sistema, garantindo o cumprimento das condicionantes ambientais por meio de uma estrutura mais robusta e tecnologicamente avan\u00e7ada.<\/p>\n\n\n\n<p>A moderniza\u00e7\u00e3o foi motivada pela necessidade de substitui\u00e7\u00e3o de equipamentos obsoletos, redu\u00e7\u00e3o de falhas e aumento da precis\u00e3o dos processos. Para isso, foram implementadas solu\u00e7\u00f5es com redund\u00e2ncia el\u00e9trica e l\u00f3gica, evitando paradas n\u00e3o programadas e elevando o padr\u00e3o de seguran\u00e7a do sistema.<br><\/p>\n\n\n\n<p>\u201cA moderniza\u00e7\u00e3o do STP garante que a usina cumpra suas condicionantes ambientais com mais confiabilidade e seguran\u00e7a, por meio de um sistema mais robusto, automatizado e com monitoramento cont\u00ednuo das vari\u00e1veis da \u00e1gua\u201d, destaca Elvis da Silva Reis, T\u00e9cnico de Opera\u00e7\u00e3o e Manuten\u00e7\u00e3o da Alian\u00e7a Energia.<br><\/p>\n\n\n\n<p>Entre as principais melhorias, est\u00e1 a automa\u00e7\u00e3o do STP, que agora conta com monitoramento em tempo real de vari\u00e1veis f\u00edsico-qu\u00edmicas da \u00e1gua, como pH, oxig\u00eanio e temperatura. O sistema tamb\u00e9m passou a operar com uma nova arquitetura centralizada, baseada em Unidade de Aquisi\u00e7\u00e3o e Controle (UAC) com PLC e comunica\u00e7\u00e3o redundantes, al\u00e9m da substitui\u00e7\u00e3o integral de cabos e atualiza\u00e7\u00e3o de pain\u00e9is e dispositivos de controle.<br><\/p>\n\n\n\n<p>A moderniza\u00e7\u00e3o trouxe ganhos para a opera\u00e7\u00e3o. Com o novo sistema supervis\u00f3rio, a equipe consegue acompanhar, em tempo real, indicadores por meio de uma interface na sala de controle, com acesso a lista de eventos e diagn\u00f3sticos detalhados que permite respostas mais r\u00e1pidas, maior previsibilidade e redu\u00e7\u00e3o nas taxas de falhas.<br><\/p>\n\n\n\n<p>Al\u00e9m disso, o STP passou a oferecer maior flexibilidade operacional, com possibilidade de atua\u00e7\u00e3o local nos subsistemas e funcionalidades espec\u00edficas para manuten\u00e7\u00e3o, como opera\u00e7\u00e3o manual passo a passo e modos dedicados para interven\u00e7\u00f5es seguras.<br><\/p>\n\n\n\n<p>As equipes envolvidas tamb\u00e9m passaram por treinamentos t\u00e9cnicos para opera\u00e7\u00e3o e manuten\u00e7\u00e3o do novo sistema automatizado, garantindo a correta utiliza\u00e7\u00e3o das ferramentas e a interpreta\u00e7\u00e3o dos dados gerados.<\/p>\n\n\n\n<figure class=\"wp-block-image size-large\"><img decoding=\"async\" width=\"970\" height=\"546\" src=\"https:\/\/lavras.tv\/site\/wp-content\/uploads\/2026\/03\/FUNIL_STILL-2-970x546.jpg\" alt=\"\" class=\"wp-image-169853\" srcset=\"https:\/\/lavras.tv\/site\/wp-content\/uploads\/2026\/03\/FUNIL_STILL-2-970x546.jpg 970w, https:\/\/lavras.tv\/site\/wp-content\/uploads\/2026\/03\/FUNIL_STILL-2-470x264.jpg 470w, https:\/\/lavras.tv\/site\/wp-content\/uploads\/2026\/03\/FUNIL_STILL-2-170x96.jpg 170w, https:\/\/lavras.tv\/site\/wp-content\/uploads\/2026\/03\/FUNIL_STILL-2-1536x864.jpg 1536w, https:\/\/lavras.tv\/site\/wp-content\/uploads\/2026\/03\/FUNIL_STILL-2-2048x1152.jpg 2048w\" sizes=\"(max-width: 970px) 100vw, 970px\" \/><\/figure>\n\n\n\n<p><strong>Comunidade e meio ambiente<\/strong><\/p>\n\n\n\n<p>Do ponto de vista ambiental, a iniciativa fortalece a preserva\u00e7\u00e3o da biodiversidade e das esp\u00e9cies migrat\u00f3rias da regi\u00e3o.<br><\/p>\n\n\n\n<p>A moderniza\u00e7\u00e3o do Sistema de Transposi\u00e7\u00e3o de Peixes tamb\u00e9m gera benef\u00edcios diretos para a comunidade do entorno, ao garantir a preserva\u00e7\u00e3o da biodiversidade local e das esp\u00e9cies migrat\u00f3rias, contribuindo para a sustentabilidade da pesca e do ecossistema regional, al\u00e9m de assegurar que a usina opere com m\u00e1xima estabilidade.<br><\/p>\n\n\n\n<p>\u201cCom a nova estrutura, conseguimos reduzir falhas, ampliar o controle operacional e atuar de forma mais preventiva. Isso se traduz em mais efici\u00eancia, mais seguran\u00e7a e em ganhos diretos para a preserva\u00e7\u00e3o das esp\u00e9cies e do equil\u00edbrio do ecossistema\u201d, afirma Walisson Souza Soares, Analista Ambiental da Alian\u00e7a Energia.<\/p>\n\n\n\n<p><strong>Sobre a Usina de Funil<\/strong><\/p>\n\n\n\n<p>Inaugurada em 10 de dezembro de 2002, a Usina Hidrel\u00e9trica de Funil est\u00e1 localizada no rio Grande, entre os munic\u00edpios de Lavras e Perd\u00f5es, em Minas Gerais. Com pot\u00eancia instalada de 180 megawatts (MW), a usina tem capacidade para abastecer uma cidade com cerca de 500 mil habitantes.<\/p>\n","protected":false},"excerpt":{"rendered":"<p>A Alian\u00e7a Energia concluiu a moderniza\u00e7\u00e3o do Sistema de Transposi\u00e7\u00e3o de Peixes (STP) da Usina Hidrel\u00e9trica de Funil, situada no rio Grande, entre os munic\u00edpios de Lavras e Perd\u00f5es, no sul de Minas Gerais, refor\u00e7ando seu compromisso com a opera\u00e7\u00e3o respons\u00e1vel, a seguran\u00e7a e a preserva\u00e7\u00e3o ambiental. O projeto, iniciado em janeiro de 2024 e [&hellip;]<\/p>\n","protected":false},"author":5,"featured_media":169853,"comment_status":"closed","ping_status":"open","sticky":false,"template":"","format":"standard","meta":{"advgb_blocks_editor_width":"","advgb_blocks_columns_visual_guide":"","_exactmetrics_skip_tracking":false,"_exactmetrics_sitenote_active":false,"_exactmetrics_sitenote_note":"","_exactmetrics_sitenote_category":0,"footnotes":""},"categories":[17,1,2,5760],"tags":[],"class_list":["post-169851","post","type-post","status-publish","format-standard","has-post-thumbnail","hentry","category-jornal-cidade","category-sem-categoria","category-noticias","category-noticias-jornal-cidade"],"better_featured_image":{"id":169853,"alt_text":"","caption":"","description":"","media_type":"image","media_details":{"width":2560,"height":1440,"file":"2026\/03\/FUNIL_STILL-2-scaled.jpg","filesize":700084,"sizes":{"medium":{"file":"FUNIL_STILL-2-470x264.jpg","width":470,"height":264,"mime-type":"image\/jpeg","filesize":42123,"source_url":"https:\/\/lavras.tv\/site\/wp-content\/uploads\/2026\/03\/FUNIL_STILL-2-470x264.jpg"},"large":{"file":"FUNIL_STILL-2-970x546.jpg","width":970,"height":546,"mime-type":"image\/jpeg","filesize":140433,"source_url":"https:\/\/lavras.tv\/site\/wp-content\/uploads\/2026\/03\/FUNIL_STILL-2-970x546.jpg"},"thumbnail":{"file":"FUNIL_STILL-2-170x96.jpg","width":170,"height":96,"mime-type":"image\/jpeg","filesize":13259,"source_url":"https:\/\/lavras.tv\/site\/wp-content\/uploads\/2026\/03\/FUNIL_STILL-2-170x96.jpg"},"1536x1536":{"file":"FUNIL_STILL-2-1536x864.jpg","width":1536,"height":864,"mime-type":"image\/jpeg","filesize":305530,"source_url":"https:\/\/lavras.tv\/site\/wp-content\/uploads\/2026\/03\/FUNIL_STILL-2-1536x864.jpg"},"2048x2048":{"file":"FUNIL_STILL-2-2048x1152.jpg","width":2048,"height":1152,"mime-type":"image\/jpeg","filesize":492980,"source_url":"https:\/\/lavras.tv\/site\/wp-content\/uploads\/2026\/03\/FUNIL_STILL-2-2048x1152.jpg"},"alm-thumbnail":{"file":"FUNIL_STILL-2-150x150.jpg","width":150,"height":150,"mime-type":"image\/jpeg","filesize":14613,"source_url":"https:\/\/lavras.tv\/site\/wp-content\/uploads\/2026\/03\/FUNIL_STILL-2-150x150.jpg"},"sow-carousel-default":{"file":"FUNIL_STILL-2-272x182.jpg","width":272,"height":182,"mime-type":"image\/jpeg","filesize":22495,"source_url":"https:\/\/lavras.tv\/site\/wp-content\/uploads\/2026\/03\/FUNIL_STILL-2-272x182.jpg"}},"image_meta":{"aperture":"0","credit":"","camera":"","caption":"","created_timestamp":"0","copyright":"","focal_length":"0","iso":"0","shutter_speed":"0","title":"","orientation":"0","keywords":[]},"original_image":"FUNIL_STILL-2.jpg"},"post":169851,"source_url":"https:\/\/lavras.tv\/site\/wp-content\/uploads\/2026\/03\/FUNIL_STILL-2-scaled.jpg"},"author_meta":{"display_name":"Vinicius Bustamante","author_link":"https:\/\/lavras.tv\/site\/author\/vinicius-bustamante\/"},"featured_img":"https:\/\/lavras.tv\/site\/wp-content\/uploads\/2026\/03\/FUNIL_STILL-2-470x264.jpg","coauthors":[],"tax_additional":{"categories":{"linked":["<a href=\"https:\/\/lavras.tv\/site\/category\/sem-categoria\/jornal-cidade\/\" class=\"advgb-post-tax-term\">DESTAQUE PRINCIPAL<\/a>","<a href=\"https:\/\/lavras.tv\/site\/category\/sem-categoria\/\" class=\"advgb-post-tax-term\">JORNAL DA CIDADE<\/a>","<a href=\"https:\/\/lavras.tv\/site\/category\/noticias\/\" class=\"advgb-post-tax-term\">Not\u00edcias<\/a>","<a href=\"https:\/\/lavras.tv\/site\/category\/sem-categoria\/jornal-cidade\/noticias-jornal-cidade\/\" class=\"advgb-post-tax-term\">NOT\u00cdCIAS<\/a>"],"unlinked":["<span class=\"advgb-post-tax-term\">DESTAQUE PRINCIPAL<\/span>","<span class=\"advgb-post-tax-term\">JORNAL DA CIDADE<\/span>","<span class=\"advgb-post-tax-term\">Not\u00edcias<\/span>","<span class=\"advgb-post-tax-term\">NOT\u00cdCIAS<\/span>"]}},"comment_count":"0","relative_dates":{"created":"Publicado 1 m\u00eas atr\u00e1s","modified":"Atualizado 1 m\u00eas atr\u00e1s"},"absolute_dates":{"created":"Publicado em 26 de mar\u00e7o de 2026","modified":"Atualizado em 26 de mar\u00e7o de 2026"},"absolute_dates_time":{"created":"Publicado em 26 de mar\u00e7o de 2026 10:56","modified":"Atualizado em 26 de mar\u00e7o de 2026 10:56"},"featured_img_caption":"","series_order":"","_links":{"self":[{"href":"https:\/\/lavras.tv\/site\/wp-json\/wp\/v2\/posts\/169851","targetHints":{"allow":["GET"]}}],"collection":[{"href":"https:\/\/lavras.tv\/site\/wp-json\/wp\/v2\/posts"}],"about":[{"href":"https:\/\/lavras.tv\/site\/wp-json\/wp\/v2\/types\/post"}],"author":[{"embeddable":true,"href":"https:\/\/lavras.tv\/site\/wp-json\/wp\/v2\/users\/5"}],"replies":[{"embeddable":true,"href":"https:\/\/lavras.tv\/site\/wp-json\/wp\/v2\/comments?post=169851"}],"version-history":[{"count":1,"href":"https:\/\/lavras.tv\/site\/wp-json\/wp\/v2\/posts\/169851\/revisions"}],"predecessor-version":[{"id":169854,"href":"https:\/\/lavras.tv\/site\/wp-json\/wp\/v2\/posts\/169851\/revisions\/169854"}],"wp:featuredmedia":[{"embeddable":true,"href":"https:\/\/lavras.tv\/site\/wp-json\/wp\/v2\/media\/169853"}],"wp:attachment":[{"href":"https:\/\/lavras.tv\/site\/wp-json\/wp\/v2\/media?parent=169851"}],"wp:term":[{"taxonomy":"category","embeddable":true,"href":"https:\/\/lavras.tv\/site\/wp-json\/wp\/v2\/categories?post=169851"},{"taxonomy":"post_tag","embeddable":true,"href":"https:\/\/lavras.tv\/site\/wp-json\/wp\/v2\/tags?post=169851"}],"curies":[{"name":"wp","href":"https:\/\/api.w.org\/{rel}","templated":true}]}}