{"id":169858,"date":"2026-03-26T13:07:49","date_gmt":"2026-03-26T16:07:49","guid":{"rendered":"https:\/\/lavras.tv\/site\/?p=169858"},"modified":"2026-03-26T13:07:51","modified_gmt":"2026-03-26T16:07:51","slug":"senac-abre-vagas-para-cursos-gratuitos-em-lavras-com-foco-em-tecnologia-gestao-e-beleza","status":"publish","type":"post","link":"https:\/\/lavras.tv\/site\/2026\/03\/26\/senac-abre-vagas-para-cursos-gratuitos-em-lavras-com-foco-em-tecnologia-gestao-e-beleza\/","title":{"rendered":"Senac abre vagas para cursos gratuitos em Lavras com foco em tecnologia, gest\u00e3o e beleza"},"content":{"rendered":"<div class=\"lavra-antes-do-conteudo_2\" id=\"lavra-3726713820\"><div id=\"lavra-slider-27\" class=\"custom-slider lavra-slider-1481915824 lavra-slider\"><ul><li><div style=\"margin-left: auto;margin-right: auto;text-align: center;\" id=\"lavra-3338044931\"><a href=\"https:\/\/sistemas.lavras.mg.gov.br\/portalcidadao\/#df1b1a7c7b2a290bcb31e32771e610784662739a88807c0dacac58ede5f391a7530e299dc302d611ee73cb143fc22eaf93592e53e7b5bdb01b00a0b8d28dae460c141dd2ff83412e4dc1c31b16b25f33144a9e5620ea73b13f5bc1c59411d98439ad226e8af03840603796067d87afe130812cf3de24982d0e306f9e61e764e5\" aria-label=\"Lavras-TV&#8211;720x104px (1) (1)\"><img src=\"https:\/\/lavras.tv\/site\/wp-content\/uploads\/2025\/01\/Lavras-TV-720x104px-1-1.png\" alt=\"\"  srcset=\"https:\/\/lavras.tv\/site\/wp-content\/uploads\/2025\/01\/Lavras-TV-720x104px-1-1.png 720w, https:\/\/lavras.tv\/site\/wp-content\/uploads\/2025\/01\/Lavras-TV-720x104px-1-1-470x68.png 470w, https:\/\/lavras.tv\/site\/wp-content\/uploads\/2025\/01\/Lavras-TV-720x104px-1-1-170x25.png 170w, https:\/\/lavras.tv\/site\/wp-content\/uploads\/2025\/01\/Lavras-TV-720x104px-1-1-200x29.png 200w\" sizes=\"(max-width: 720px) 100vw, 720px\" width=\"720\" height=\"104\"  style=\"display: inline-block;\" \/><\/a><\/div><\/li><li><a href=\"https:\/\/sistemas.lavras.mg.gov.br\/portalcidadao\/#df1b1a7c7b2a290bcb31e32771e610784662739a88807c0dacac58ede5f391a7530e299dc302d611ee73cb143fc22eaf93592e53e7b5bdb01b00a0b8d28dae460c141dd2ff83412e4dc1c31b16b25f33144a9e5620ea73b13f5bc1c59411d98439ad226e8af03840603796067d87afe130812cf3de24982d0e306f9e61e764e5\" aria-label=\"Banner_Emprego_PortallavrasTV\"><img src=\"https:\/\/lavras.tv\/site\/wp-content\/uploads\/2025\/03\/Banner_Emprego_PortallavrasTV.png\" alt=\"\"  srcset=\"https:\/\/lavras.tv\/site\/wp-content\/uploads\/2025\/03\/Banner_Emprego_PortallavrasTV.png 720w, https:\/\/lavras.tv\/site\/wp-content\/uploads\/2025\/03\/Banner_Emprego_PortallavrasTV-470x68.png 470w, https:\/\/lavras.tv\/site\/wp-content\/uploads\/2025\/03\/Banner_Emprego_PortallavrasTV-170x25.png 170w, https:\/\/lavras.tv\/site\/wp-content\/uploads\/2025\/03\/Banner_Emprego_PortallavrasTV-200x29.png 200w\" sizes=\"(max-width: 720px) 100vw, 720px\" width=\"720\" height=\"104\"   \/><\/a><\/li><li><a href=\"https:\/\/sistemas.lavras.mg.gov.br\/portalcidadao\/#df1b1a7c7b2a290bcb31e32771e610784662739a88807c0dacac58ede5f391a7530e299dc302d611ee73cb143fc22eaf93592e53e7b5bdb01b00a0b8d28dae460c141dd2ff83412e4dc1c31b16b25f33144a9e5620ea73b13f5bc1c59411d98439ad226e8af03840603796067d87afe130812cf3de24982d0e306f9e61e764e5\" aria-label=\"Banner_Obras_PortallavrasTV\"><img src=\"https:\/\/lavras.tv\/site\/wp-content\/uploads\/2025\/03\/Banner_Obras_PortallavrasTV.png\" alt=\"\"  srcset=\"https:\/\/lavras.tv\/site\/wp-content\/uploads\/2025\/03\/Banner_Obras_PortallavrasTV.png 720w, https:\/\/lavras.tv\/site\/wp-content\/uploads\/2025\/03\/Banner_Obras_PortallavrasTV-470x68.png 470w, https:\/\/lavras.tv\/site\/wp-content\/uploads\/2025\/03\/Banner_Obras_PortallavrasTV-170x25.png 170w, https:\/\/lavras.tv\/site\/wp-content\/uploads\/2025\/03\/Banner_Obras_PortallavrasTV-200x29.png 200w\" sizes=\"(max-width: 720px) 100vw, 720px\" width=\"720\" height=\"104\"   \/><\/a><\/li><li><div style=\"margin-left: auto;margin-right: auto;text-align: center;\" id=\"lavra-1539636647\"><a href=\"https:\/\/sistemas.lavras.mg.gov.br\/portalcidadao\/#df1b1a7c7b2a290bcb31e32771e610784662739a88807c0dacac58ede5f391a7530e299dc302d611ee73cb143fc22eaf93592e53e7b5bdb01b00a0b8d28dae460c141dd2ff83412e4dc1c31b16b25f33144a9e5620ea73b13f5bc1c59411d98439ad226e8af03840603796067d87afe130812cf3de24982d0e306f9e61e764e5\" aria-label=\"Banner_Educa\u00e7\u00e3o_PortallavrasTV\"><img src=\"https:\/\/lavras.tv\/site\/wp-content\/uploads\/2025\/01\/Banner_Educacao_PortallavrasTV.png\" alt=\"\"  srcset=\"https:\/\/lavras.tv\/site\/wp-content\/uploads\/2025\/01\/Banner_Educacao_PortallavrasTV.png 720w, https:\/\/lavras.tv\/site\/wp-content\/uploads\/2025\/01\/Banner_Educacao_PortallavrasTV-470x68.png 470w, https:\/\/lavras.tv\/site\/wp-content\/uploads\/2025\/01\/Banner_Educacao_PortallavrasTV-170x25.png 170w, https:\/\/lavras.tv\/site\/wp-content\/uploads\/2025\/01\/Banner_Educacao_PortallavrasTV-200x29.png 200w\" sizes=\"(max-width: 720px) 100vw, 720px\" width=\"720\" height=\"104\"  style=\"display: inline-block;\" \/><\/a><\/div><\/li><li><a href=\"https:\/\/sistemas.lavras.mg.gov.br\/portalcidadao\/#df1b1a7c7b2a290bcb31e32771e610784662739a88807c0dacac58ede5f391a7530e299dc302d611ee73cb143fc22eaf93592e53e7b5bdb01b00a0b8d28dae460c141dd2ff83412e4dc1c31b16b25f33144a9e5620ea73b13f5bc1c59411d98439ad226e8af03840603796067d87afe130812cf3de24982d0e306f9e61e764e5\" aria-label=\"Banner_Sa\u00fade_PortallavrasTV\"><img src=\"https:\/\/lavras.tv\/site\/wp-content\/uploads\/2025\/03\/Banner_Saude_PortallavrasTV.png\" alt=\"\"  srcset=\"https:\/\/lavras.tv\/site\/wp-content\/uploads\/2025\/03\/Banner_Saude_PortallavrasTV.png 720w, https:\/\/lavras.tv\/site\/wp-content\/uploads\/2025\/03\/Banner_Saude_PortallavrasTV-470x68.png 470w, https:\/\/lavras.tv\/site\/wp-content\/uploads\/2025\/03\/Banner_Saude_PortallavrasTV-170x25.png 170w, https:\/\/lavras.tv\/site\/wp-content\/uploads\/2025\/03\/Banner_Saude_PortallavrasTV-200x29.png 200w\" sizes=\"(max-width: 720px) 100vw, 720px\" width=\"720\" height=\"104\"   \/><\/a><\/li><li><div id=\"lavra-953782402\" style=\"width:720px;height:104px;background-color:#ddd;overflow:scroll;\">\n\t<strong>Sa\u00edda da depura\u00e7\u00e3o de an\u00fancios<\/strong>\n\t<br><br>\n\tO an\u00fancio n\u00e3o \u00e9 exibido na p\u00e1gina<br><br>post atual: Senac abre vagas para cursos gratuitos em Lavras com foco em tecnologia, gest\u00e3o e beleza, ID: 169858<br><br><span style=\"color: red;\">O post atual n\u00e3o \u00e9 id\u00eantico ao post principal.<\/span><br><br>An\u00fancios: ROXO - TOPO INTERNA - ROTATIVO 2 (197)<br \/>Grupo de an\u00fancios: Princ_Meio01_720x104 (27)<br><br>Condi\u00e7\u00f5es de exibi\u00e7\u00e3o<div style=\"margin-bottom: 20px; white-space: pre-wrap; font-family: monospace; width: 100%; background: #ffe9e9;\"><strong>condi\u00e7\u00f5es gerais<\/strong><table border=\"1\"><thead><tr><th><\/th><th>An\u00fancios<\/th><th>wp_the_query<\/th><\/tr><\/thead><tr><td>is_main_query<\/td><td>1<\/td><td>1<\/td><\/tr><tr><td>is_rest_api<\/td><td>0<\/td><td>1<\/td><\/tr><tr><td>page<\/td><td>0<\/td><td>1<\/td><\/tr><tr><td>numpages<\/td><td>0<\/td><td>1<\/td><\/tr><tr><td>is_archive<\/td><td>1<\/td><td><\/td><\/tr><tr><td>is_search<\/td><td>1<\/td><td><\/td><\/tr><tr><td>is_home<\/td><td>1<\/td><td><\/td><\/tr><tr><td>is_404<\/td><td>1<\/td><td><\/td><\/tr><tr><td>is_attachment<\/td><td>1<\/td><td><\/td><\/tr><tr><td>is_singular<\/td><td>1<\/td><td><\/td><\/tr><tr><td>is_front_page<\/td><td>1<\/td><td><\/td><\/tr><tr><td>is_feed<\/td><td>1<\/td><td><\/td><\/tr><\/table><\/div><br><br><span style=\"color: red;\">Seu site usa HTTPS, mas o c\u00f3digo do an\u00fancio cont\u00e9m HTTP e pode n\u00e3o funcionar.<\/span>\t<br><br>\n\t<a style=\"color: green;\" href=\"https:\/\/wpadvancedads.com\/manual\/ad-debug-mode\/?utm_source=advanced-ads&utm_medium=link&utm_campaign=ad-debug-mode\" target=\"_blank\" rel=\"nofollow\">Encontre solu\u00e7\u00f5es no manual<\/a>\n<\/div>\n<\/li><\/ul><\/div><script>( window.advanced_ads_ready || jQuery( document ).ready ).call( null, function() {var $lavraslider1481915824 = jQuery( \".lavra-slider-1481915824\" );$lavraslider1481915824.on( \"unslider.ready\", function() { jQuery( \"div.custom-slider ul li\" ).css( \"display\", \"block\" ); });$lavraslider1481915824.unslider({ delay:4000, autoplay:true, nav:false, arrows:false, infinite:true });$lavraslider1481915824.on(\"mouseover\", function() {$lavraslider1481915824.unslider(\"stop\");}).on(\"mouseout\", function() {$lavraslider1481915824.unslider(\"start\");});});<\/script><\/div>\n<p><em>Capacita\u00e7\u00f5es come\u00e7am em abril e visam qualificar profissionais para o mercado de trabalho e incentivar o empreendedorismo local<\/em><\/p>\n\n\n\n<figure class=\"wp-block-image size-large\"><img fetchpriority=\"high\" decoding=\"async\" width=\"970\" height=\"647\" src=\"https:\/\/lavras.tv\/site\/wp-content\/uploads\/2026\/03\/Senac-Cabeleireiro-Genilton-Elias-970x647.jpg\" alt=\"\" class=\"wp-image-169859\" srcset=\"https:\/\/lavras.tv\/site\/wp-content\/uploads\/2026\/03\/Senac-Cabeleireiro-Genilton-Elias-970x647.jpg 970w, https:\/\/lavras.tv\/site\/wp-content\/uploads\/2026\/03\/Senac-Cabeleireiro-Genilton-Elias-450x300.jpg 450w, https:\/\/lavras.tv\/site\/wp-content\/uploads\/2026\/03\/Senac-Cabeleireiro-Genilton-Elias-170x113.jpg 170w, https:\/\/lavras.tv\/site\/wp-content\/uploads\/2026\/03\/Senac-Cabeleireiro-Genilton-Elias-1536x1024.jpg 1536w, https:\/\/lavras.tv\/site\/wp-content\/uploads\/2026\/03\/Senac-Cabeleireiro-Genilton-Elias-272x182.jpg 272w, https:\/\/lavras.tv\/site\/wp-content\/uploads\/2026\/03\/Senac-Cabeleireiro-Genilton-Elias.jpg 1920w\" sizes=\"(max-width: 970px) 100vw, 970px\" \/><figcaption class=\"wp-element-caption\">Senac Lanc Seletiva Competic\u0327oes<\/figcaption><\/figure>\n\n\n\n<p>O Senac em Lavras, integrante do Sistema Fecom\u00e9rcio MG, est\u00e1 com inscri\u00e7\u00f5es abertas em dez cursos gratuitos nas \u00e1reas de tecnologia, gest\u00e3o, sa\u00fade e beleza. As forma\u00e7\u00f5es s\u00e3o ofertadas por meio do Programa Senac de Gratuidade (PSG) e do Senac+, iniciativas que t\u00eam como objetivo ampliar o acesso \u00e0 educa\u00e7\u00e3o profissional e atender \u00e0s demandas do mercado de trabalho na regi\u00e3o.<br><\/p>\n\n\n\n<p>Com in\u00edcio previsto entre os meses de abril e maio, os cursos buscam preparar profissionais para setores em expans\u00e3o, al\u00e9m de estimular o empreendedorismo e a gera\u00e7\u00e3o de renda no munic\u00edpio.<\/p>\n\n\n\n<p><strong>Diversidade de \u00e1reas e oportunidades<\/strong><\/p>\n\n\n\n<p>A programa\u00e7\u00e3o contempla desde cursos voltados \u00e0 tecnologia da informa\u00e7\u00e3o at\u00e9 forma\u00e7\u00f5es em sa\u00fade, atendimento e est\u00e9tica. Em abril, os destaques incluem o curso de MS Excel \u2013 Recursos Avan\u00e7ados (in\u00edcio em 6\/04), Business Intelligence com Power BI (22\/04) e L\u00f3gica de Programa\u00e7\u00e3o (27\/04), que atendem \u00e0 crescente demanda por compet\u00eancias digitais no mercado de trabalho.<\/p>\n\n\n\n<p>Na \u00e1rea da sa\u00fade, a unidade oferece a Especializa\u00e7\u00e3o T\u00e9cnica de Enfermagem em Urg\u00eancia e Emerg\u00eancia, com in\u00edcio em 13\/04, al\u00e9m do curso de Tricologia e Terapia Capilar (27\/04), voltado ao segmento de est\u00e9tica e bem-estar.<\/p>\n\n\n\n<p>J\u00e1 para quem busca aprimorar habilidades no setor de servi\u00e7os e com\u00e9rcio, est\u00e3o dispon\u00edveis cursos como Qualidade no Atendimento ao Cliente (06\/04) e Empreendedorismo e Neg\u00f3cios Inovadores (27\/04), que abordam estrat\u00e9gias para melhorar o relacionamento com o p\u00fablico e desenvolver novos neg\u00f3cios.<\/p>\n\n\n\n<p>Na \u00e1rea de beleza, o curso de Corte e Finaliza\u00e7\u00e3o em Cabelos Crespos e Cacheados (06\/04) refor\u00e7a a valoriza\u00e7\u00e3o da diversidade e das t\u00e9cnicas especializadas.<\/p>\n\n\n\n<p>Em maio, a programa\u00e7\u00e3o segue com forma\u00e7\u00f5es alinhadas \u00e0s tend\u00eancias atuais, como Intelig\u00eancia Artificial para o Com\u00e9rcio (in\u00edcio em 18\/05), al\u00e9m de Inform\u00e1tica B\u00e1sica com Internet para Maturidade (18\/05), que amplia o acesso \u00e0 tecnologia para diferentes p\u00fablicos.<\/p>\n\n\n\n<p><strong>Como se inscrever<\/strong><\/p>\n\n\n\n<p>As inscri\u00e7\u00f5es devem ser feitas presencialmente no Senac em Lavras, localizado na Avenida Comandante Soares Jr., 68, bairro Arthur Bernardes. As vagas s\u00e3o limitadas e preenchidas por ordem de chegada.<\/p>\n\n\n\n<p>Para efetivar a matr\u00edcula, \u00e9 necess\u00e1rio apresentar documento oficial com foto, CPF, comprovante de escolaridade e comprovante de resid\u00eancia atualizado. Menores de 18 anos devem estar acompanhados por um respons\u00e1vel legal.<br><\/p>\n\n\n\n<p>Mais informa\u00e7\u00f5es podem ser obtidas pelo WhatsApp estadual (31) 3057-8600.<br>Servi\u00e7o: Cursos gratuitos do Senac em Lavras<br>Inscri\u00e7\u00f5es: presencialmente na unidade (Av. Comandante Soares Jr., 68 \u2013 Arthur Bernardes)<br>Informa\u00e7\u00f5es: WhatsApp (31) 3057-8600<\/p>\n\n\n\n<figure class=\"wp-block-image size-large\"><img decoding=\"async\" width=\"970\" height=\"434\" src=\"https:\/\/lavras.tv\/site\/wp-content\/uploads\/2026\/03\/Senac-em-Lavras-970x434.jpg\" alt=\"\" class=\"wp-image-169860\" srcset=\"https:\/\/lavras.tv\/site\/wp-content\/uploads\/2026\/03\/Senac-em-Lavras-970x434.jpg 970w, https:\/\/lavras.tv\/site\/wp-content\/uploads\/2026\/03\/Senac-em-Lavras-470x210.jpg 470w, https:\/\/lavras.tv\/site\/wp-content\/uploads\/2026\/03\/Senac-em-Lavras-170x76.jpg 170w, https:\/\/lavras.tv\/site\/wp-content\/uploads\/2026\/03\/Senac-em-Lavras.jpg 1280w\" sizes=\"(max-width: 970px) 100vw, 970px\" \/><\/figure>\n\n\n\n<p><strong>Sobre a Fecom\u00e9rcio MG e o Senac em Lavras\u00a0<\/strong>\u00a0<\/p>\n\n\n\n<p><br>A Federa\u00e7\u00e3o do Com\u00e9rcio de Bens, Servi\u00e7os e Turismo de Minas Gerais (Fecom\u00e9rcio MG) \u00e9 a principal entidade representativa do setor do com\u00e9rcio de bens, servi\u00e7os e turismo no estado, abrangendo mais de 750 mil empresas e 54 sindicatos. Sob a presid\u00eancia de Nadim Elias Donato Filho, a Fecom\u00e9rcio MG atua como porta-voz das demandas do empresariado, buscando solu\u00e7\u00f5es atrav\u00e9s do di\u00e1logo com o governo e a sociedade, h\u00e1 87 anos. Outra importante atribui\u00e7\u00e3o da entidade \u00e9 a administra\u00e7\u00e3o do Servi\u00e7o Social do Com\u00e9rcio (Sesc) e do Servi\u00e7o Nacional de Aprendizagem Comercial (Senac) em Minas Gerais. A atua\u00e7\u00e3o integrada das tr\u00eas casas fortalece a promo\u00e7\u00e3o de servi\u00e7os que beneficiam comerci\u00e1rios(as), empres\u00e1rios(as) e a comunidade em geral, a partir de suas diversas unidades distribu\u00eddas pelo estado.<br>\u202f<\/p>\n\n\n\n<p>O Senac em Lavras \u00e9 refer\u00eancia em ensino e qualifica\u00e7\u00e3o profissional na regi\u00e3o e possui um amplo portf\u00f3lio de cursos t\u00e9cnicos, \u00e1geis, Aprendizagem Comercial e MBA, al\u00e9m de ser polo de Educa\u00e7\u00e3o a Dist\u00e2ncia (EAD). Presente na regi\u00e3o desde 2015, a unidade tem atua\u00e7\u00e3o pr\u00f3xima com a comunidade, com uma programa\u00e7\u00e3o frequente de workshops e palestras.<br><\/p>\n\n\n\n<p>A Fecom\u00e9rcio MG tamb\u00e9m trabalha em estreita colabora\u00e7\u00e3o com a Confedera\u00e7\u00e3o Nacional do Com\u00e9rcio (CNC), presidida por Jos\u00e9 Roberto Tadros, para defender os interesses do setor nos \u00e2mbitos municipal, estadual e federal. Com 87 anos de atua\u00e7\u00e3o, a Fecom\u00e9rcio MG \u00e9 fundamental para transformar a vida de cidad\u00e3os e cidad\u00e3s e impulsionar a economia mineira.<\/p>\n","protected":false},"excerpt":{"rendered":"<p>Capacita\u00e7\u00f5es come\u00e7am em abril e visam qualificar profissionais para o mercado de trabalho e incentivar o empreendedorismo local O Senac em Lavras, integrante do Sistema Fecom\u00e9rcio MG, est\u00e1 com inscri\u00e7\u00f5es abertas em dez cursos gratuitos nas \u00e1reas de tecnologia, gest\u00e3o, sa\u00fade e beleza. As forma\u00e7\u00f5es s\u00e3o ofertadas por meio do Programa Senac de Gratuidade (PSG) [&hellip;]<\/p>\n","protected":false},"author":5,"featured_media":169859,"comment_status":"closed","ping_status":"open","sticky":false,"template":"","format":"standard","meta":{"advgb_blocks_editor_width":"","advgb_blocks_columns_visual_guide":"","_exactmetrics_skip_tracking":false,"_exactmetrics_sitenote_active":false,"_exactmetrics_sitenote_note":"","_exactmetrics_sitenote_category":0,"footnotes":""},"categories":[7,2],"tags":[],"class_list":["post-169858","post","type-post","status-publish","format-standard","has-post-thumbnail","hentry","category-destaques","category-noticias"],"better_featured_image":{"id":169859,"alt_text":"","caption":"Senac Lanc Seletiva Competic\u0327oes","description":"","media_type":"image","media_details":{"width":1920,"height":1280,"file":"2026\/03\/Senac-Cabeleireiro-Genilton-Elias.jpg","filesize":588602,"sizes":{"medium":{"file":"Senac-Cabeleireiro-Genilton-Elias-450x300.jpg","width":450,"height":300,"mime-type":"image\/jpeg","filesize":50940,"source_url":"https:\/\/lavras.tv\/site\/wp-content\/uploads\/2026\/03\/Senac-Cabeleireiro-Genilton-Elias-450x300.jpg"},"large":{"file":"Senac-Cabeleireiro-Genilton-Elias-970x647.jpg","width":970,"height":647,"mime-type":"image\/jpeg","filesize":112977,"source_url":"https:\/\/lavras.tv\/site\/wp-content\/uploads\/2026\/03\/Senac-Cabeleireiro-Genilton-Elias-970x647.jpg"},"thumbnail":{"file":"Senac-Cabeleireiro-Genilton-Elias-170x113.jpg","width":170,"height":113,"mime-type":"image\/jpeg","filesize":29290,"source_url":"https:\/\/lavras.tv\/site\/wp-content\/uploads\/2026\/03\/Senac-Cabeleireiro-Genilton-Elias-170x113.jpg"},"1536x1536":{"file":"Senac-Cabeleireiro-Genilton-Elias-1536x1024.jpg","width":1536,"height":1024,"mime-type":"image\/jpeg","filesize":205263,"source_url":"https:\/\/lavras.tv\/site\/wp-content\/uploads\/2026\/03\/Senac-Cabeleireiro-Genilton-Elias-1536x1024.jpg"},"alm-thumbnail":{"file":"Senac-Cabeleireiro-Genilton-Elias-150x150.jpg","width":150,"height":150,"mime-type":"image\/jpeg","filesize":29750,"source_url":"https:\/\/lavras.tv\/site\/wp-content\/uploads\/2026\/03\/Senac-Cabeleireiro-Genilton-Elias-150x150.jpg"},"sow-carousel-default":{"file":"Senac-Cabeleireiro-Genilton-Elias-272x182.jpg","width":272,"height":182,"mime-type":"image\/jpeg","filesize":35840,"source_url":"https:\/\/lavras.tv\/site\/wp-content\/uploads\/2026\/03\/Senac-Cabeleireiro-Genilton-Elias-272x182.jpg"}},"image_meta":{"aperture":"4","credit":"Genilton Elias","camera":"Canon EOS 6D Mark II","caption":"Senac Lanc Seletiva Competic\u0327oes","created_timestamp":"1742983168","copyright":"www.fotografico.com.br\r@fotograficobh_geniltonelias","focal_length":"29","iso":"1000","shutter_speed":"0.008","title":"Senac Lanc Seletiva Competic\u0327oes","orientation":"1","keywords":[]}},"post":169858,"source_url":"https:\/\/lavras.tv\/site\/wp-content\/uploads\/2026\/03\/Senac-Cabeleireiro-Genilton-Elias.jpg"},"author_meta":{"display_name":"Vinicius Bustamante","author_link":"https:\/\/lavras.tv\/site\/author\/vinicius-bustamante\/"},"featured_img":"https:\/\/lavras.tv\/site\/wp-content\/uploads\/2026\/03\/Senac-Cabeleireiro-Genilton-Elias-450x300.jpg","coauthors":[],"tax_additional":{"categories":{"linked":["<a href=\"https:\/\/lavras.tv\/site\/category\/destaques\/\" class=\"advgb-post-tax-term\">Destaques<\/a>","<a href=\"https:\/\/lavras.tv\/site\/category\/noticias\/\" class=\"advgb-post-tax-term\">Not\u00edcias<\/a>"],"unlinked":["<span class=\"advgb-post-tax-term\">Destaques<\/span>","<span class=\"advgb-post-tax-term\">Not\u00edcias<\/span>"]}},"comment_count":"0","relative_dates":{"created":"Publicado 1 m\u00eas atr\u00e1s","modified":"Atualizado 1 m\u00eas atr\u00e1s"},"absolute_dates":{"created":"Publicado em 26 de mar\u00e7o de 2026","modified":"Atualizado em 26 de mar\u00e7o de 2026"},"absolute_dates_time":{"created":"Publicado em 26 de mar\u00e7o de 2026 13:07","modified":"Atualizado em 26 de mar\u00e7o de 2026 13:07"},"featured_img_caption":"Senac Lanc Seletiva Competic\u0327oes","series_order":"","_links":{"self":[{"href":"https:\/\/lavras.tv\/site\/wp-json\/wp\/v2\/posts\/169858","targetHints":{"allow":["GET"]}}],"collection":[{"href":"https:\/\/lavras.tv\/site\/wp-json\/wp\/v2\/posts"}],"about":[{"href":"https:\/\/lavras.tv\/site\/wp-json\/wp\/v2\/types\/post"}],"author":[{"embeddable":true,"href":"https:\/\/lavras.tv\/site\/wp-json\/wp\/v2\/users\/5"}],"replies":[{"embeddable":true,"href":"https:\/\/lavras.tv\/site\/wp-json\/wp\/v2\/comments?post=169858"}],"version-history":[{"count":1,"href":"https:\/\/lavras.tv\/site\/wp-json\/wp\/v2\/posts\/169858\/revisions"}],"predecessor-version":[{"id":169861,"href":"https:\/\/lavras.tv\/site\/wp-json\/wp\/v2\/posts\/169858\/revisions\/169861"}],"wp:featuredmedia":[{"embeddable":true,"href":"https:\/\/lavras.tv\/site\/wp-json\/wp\/v2\/media\/169859"}],"wp:attachment":[{"href":"https:\/\/lavras.tv\/site\/wp-json\/wp\/v2\/media?parent=169858"}],"wp:term":[{"taxonomy":"category","embeddable":true,"href":"https:\/\/lavras.tv\/site\/wp-json\/wp\/v2\/categories?post=169858"},{"taxonomy":"post_tag","embeddable":true,"href":"https:\/\/lavras.tv\/site\/wp-json\/wp\/v2\/tags?post=169858"}],"curies":[{"name":"wp","href":"https:\/\/api.w.org\/{rel}","templated":true}]}}