{"id":169896,"date":"2026-03-31T19:08:03","date_gmt":"2026-03-31T22:08:03","guid":{"rendered":"https:\/\/lavras.tv\/site\/?p=169896"},"modified":"2026-03-31T19:08:09","modified_gmt":"2026-03-31T22:08:09","slug":"idosos-no-transito-detran-mg-alerta-para-cuidados-na-direcao-e-seguranca-durante-caminhadas","status":"publish","type":"post","link":"https:\/\/lavras.tv\/site\/2026\/03\/31\/idosos-no-transito-detran-mg-alerta-para-cuidados-na-direcao-e-seguranca-durante-caminhadas\/","title":{"rendered":"Idosos no tr\u00e2nsito: Detran-MG alerta para cuidados na dire\u00e7\u00e3o e seguran\u00e7a durante caminhadas"},"content":{"rendered":"<div class=\"lavra-antes-do-conteudo_2\" id=\"lavra-4120602353\"><div id=\"lavra-slider-27\" class=\"custom-slider lavra-slider-4211430730 lavra-slider\"><ul><li><div style=\"margin-left: auto;margin-right: auto;text-align: center;\" id=\"lavra-1220247035\"><a href=\"https:\/\/sistemas.lavras.mg.gov.br\/portalcidadao\/#df1b1a7c7b2a290bcb31e32771e610784662739a88807c0dacac58ede5f391a7530e299dc302d611ee73cb143fc22eaf93592e53e7b5bdb01b00a0b8d28dae460c141dd2ff83412e4dc1c31b16b25f33144a9e5620ea73b13f5bc1c59411d98439ad226e8af03840603796067d87afe130812cf3de24982d0e306f9e61e764e5\" aria-label=\"Lavras-TV&#8211;720x104px (1) (1)\"><img src=\"https:\/\/lavras.tv\/site\/wp-content\/uploads\/2025\/01\/Lavras-TV-720x104px-1-1.png\" alt=\"\"  srcset=\"https:\/\/lavras.tv\/site\/wp-content\/uploads\/2025\/01\/Lavras-TV-720x104px-1-1.png 720w, https:\/\/lavras.tv\/site\/wp-content\/uploads\/2025\/01\/Lavras-TV-720x104px-1-1-470x68.png 470w, https:\/\/lavras.tv\/site\/wp-content\/uploads\/2025\/01\/Lavras-TV-720x104px-1-1-170x25.png 170w, https:\/\/lavras.tv\/site\/wp-content\/uploads\/2025\/01\/Lavras-TV-720x104px-1-1-200x29.png 200w\" sizes=\"(max-width: 720px) 100vw, 720px\" width=\"720\" height=\"104\"  style=\"display: inline-block;\" \/><\/a><\/div><\/li><li><a href=\"https:\/\/sistemas.lavras.mg.gov.br\/portalcidadao\/#df1b1a7c7b2a290bcb31e32771e610784662739a88807c0dacac58ede5f391a7530e299dc302d611ee73cb143fc22eaf93592e53e7b5bdb01b00a0b8d28dae460c141dd2ff83412e4dc1c31b16b25f33144a9e5620ea73b13f5bc1c59411d98439ad226e8af03840603796067d87afe130812cf3de24982d0e306f9e61e764e5\" aria-label=\"Banner_Emprego_PortallavrasTV\"><img src=\"https:\/\/lavras.tv\/site\/wp-content\/uploads\/2025\/03\/Banner_Emprego_PortallavrasTV.png\" alt=\"\"  srcset=\"https:\/\/lavras.tv\/site\/wp-content\/uploads\/2025\/03\/Banner_Emprego_PortallavrasTV.png 720w, https:\/\/lavras.tv\/site\/wp-content\/uploads\/2025\/03\/Banner_Emprego_PortallavrasTV-470x68.png 470w, https:\/\/lavras.tv\/site\/wp-content\/uploads\/2025\/03\/Banner_Emprego_PortallavrasTV-170x25.png 170w, https:\/\/lavras.tv\/site\/wp-content\/uploads\/2025\/03\/Banner_Emprego_PortallavrasTV-200x29.png 200w\" sizes=\"(max-width: 720px) 100vw, 720px\" width=\"720\" height=\"104\"   \/><\/a><\/li><li><a href=\"https:\/\/sistemas.lavras.mg.gov.br\/portalcidadao\/#df1b1a7c7b2a290bcb31e32771e610784662739a88807c0dacac58ede5f391a7530e299dc302d611ee73cb143fc22eaf93592e53e7b5bdb01b00a0b8d28dae460c141dd2ff83412e4dc1c31b16b25f33144a9e5620ea73b13f5bc1c59411d98439ad226e8af03840603796067d87afe130812cf3de24982d0e306f9e61e764e5\" aria-label=\"Banner_Obras_PortallavrasTV\"><img src=\"https:\/\/lavras.tv\/site\/wp-content\/uploads\/2025\/03\/Banner_Obras_PortallavrasTV.png\" alt=\"\"  srcset=\"https:\/\/lavras.tv\/site\/wp-content\/uploads\/2025\/03\/Banner_Obras_PortallavrasTV.png 720w, https:\/\/lavras.tv\/site\/wp-content\/uploads\/2025\/03\/Banner_Obras_PortallavrasTV-470x68.png 470w, https:\/\/lavras.tv\/site\/wp-content\/uploads\/2025\/03\/Banner_Obras_PortallavrasTV-170x25.png 170w, https:\/\/lavras.tv\/site\/wp-content\/uploads\/2025\/03\/Banner_Obras_PortallavrasTV-200x29.png 200w\" sizes=\"(max-width: 720px) 100vw, 720px\" width=\"720\" height=\"104\"   \/><\/a><\/li><li><div style=\"margin-left: auto;margin-right: auto;text-align: center;\" id=\"lavra-3849944625\"><a href=\"https:\/\/sistemas.lavras.mg.gov.br\/portalcidadao\/#df1b1a7c7b2a290bcb31e32771e610784662739a88807c0dacac58ede5f391a7530e299dc302d611ee73cb143fc22eaf93592e53e7b5bdb01b00a0b8d28dae460c141dd2ff83412e4dc1c31b16b25f33144a9e5620ea73b13f5bc1c59411d98439ad226e8af03840603796067d87afe130812cf3de24982d0e306f9e61e764e5\" aria-label=\"Banner_Educa\u00e7\u00e3o_PortallavrasTV\"><img src=\"https:\/\/lavras.tv\/site\/wp-content\/uploads\/2025\/01\/Banner_Educacao_PortallavrasTV.png\" alt=\"\"  srcset=\"https:\/\/lavras.tv\/site\/wp-content\/uploads\/2025\/01\/Banner_Educacao_PortallavrasTV.png 720w, https:\/\/lavras.tv\/site\/wp-content\/uploads\/2025\/01\/Banner_Educacao_PortallavrasTV-470x68.png 470w, https:\/\/lavras.tv\/site\/wp-content\/uploads\/2025\/01\/Banner_Educacao_PortallavrasTV-170x25.png 170w, https:\/\/lavras.tv\/site\/wp-content\/uploads\/2025\/01\/Banner_Educacao_PortallavrasTV-200x29.png 200w\" sizes=\"(max-width: 720px) 100vw, 720px\" width=\"720\" height=\"104\"  style=\"display: inline-block;\" \/><\/a><\/div><\/li><li><a href=\"https:\/\/sistemas.lavras.mg.gov.br\/portalcidadao\/#df1b1a7c7b2a290bcb31e32771e610784662739a88807c0dacac58ede5f391a7530e299dc302d611ee73cb143fc22eaf93592e53e7b5bdb01b00a0b8d28dae460c141dd2ff83412e4dc1c31b16b25f33144a9e5620ea73b13f5bc1c59411d98439ad226e8af03840603796067d87afe130812cf3de24982d0e306f9e61e764e5\" aria-label=\"Banner_Sa\u00fade_PortallavrasTV\"><img src=\"https:\/\/lavras.tv\/site\/wp-content\/uploads\/2025\/03\/Banner_Saude_PortallavrasTV.png\" alt=\"\"  srcset=\"https:\/\/lavras.tv\/site\/wp-content\/uploads\/2025\/03\/Banner_Saude_PortallavrasTV.png 720w, https:\/\/lavras.tv\/site\/wp-content\/uploads\/2025\/03\/Banner_Saude_PortallavrasTV-470x68.png 470w, https:\/\/lavras.tv\/site\/wp-content\/uploads\/2025\/03\/Banner_Saude_PortallavrasTV-170x25.png 170w, https:\/\/lavras.tv\/site\/wp-content\/uploads\/2025\/03\/Banner_Saude_PortallavrasTV-200x29.png 200w\" sizes=\"(max-width: 720px) 100vw, 720px\" width=\"720\" height=\"104\"   \/><\/a><\/li><li><div id=\"lavra-3175629475\" style=\"width:720px;height:104px;background-color:#ddd;overflow:scroll;\">\n\t<strong>Sa\u00edda da depura\u00e7\u00e3o de an\u00fancios<\/strong>\n\t<br><br>\n\tO an\u00fancio n\u00e3o \u00e9 exibido na p\u00e1gina<br><br>post atual: Idosos no tr\u00e2nsito: Detran-MG alerta para cuidados na dire\u00e7\u00e3o e seguran\u00e7a durante caminhadas, ID: 169896<br><br><span style=\"color: red;\">O post atual n\u00e3o \u00e9 id\u00eantico ao post principal.<\/span><br><br>An\u00fancios: ROXO - TOPO INTERNA - ROTATIVO 2 (197)<br \/>Grupo de an\u00fancios: Princ_Meio01_720x104 (27)<br><br>Condi\u00e7\u00f5es de exibi\u00e7\u00e3o<div style=\"margin-bottom: 20px; white-space: pre-wrap; font-family: monospace; width: 100%; background: #ffe9e9;\"><strong>condi\u00e7\u00f5es gerais<\/strong><table border=\"1\"><thead><tr><th><\/th><th>An\u00fancios<\/th><th>wp_the_query<\/th><\/tr><\/thead><tr><td>is_main_query<\/td><td>1<\/td><td>1<\/td><\/tr><tr><td>is_rest_api<\/td><td>0<\/td><td>1<\/td><\/tr><tr><td>page<\/td><td>0<\/td><td>1<\/td><\/tr><tr><td>numpages<\/td><td>0<\/td><td>1<\/td><\/tr><tr><td>is_archive<\/td><td>1<\/td><td><\/td><\/tr><tr><td>is_search<\/td><td>1<\/td><td><\/td><\/tr><tr><td>is_home<\/td><td>1<\/td><td><\/td><\/tr><tr><td>is_404<\/td><td>1<\/td><td><\/td><\/tr><tr><td>is_attachment<\/td><td>1<\/td><td><\/td><\/tr><tr><td>is_singular<\/td><td>1<\/td><td><\/td><\/tr><tr><td>is_front_page<\/td><td>1<\/td><td><\/td><\/tr><tr><td>is_feed<\/td><td>1<\/td><td><\/td><\/tr><\/table><\/div><br><br><span style=\"color: red;\">Seu site usa HTTPS, mas o c\u00f3digo do an\u00fancio cont\u00e9m HTTP e pode n\u00e3o funcionar.<\/span>\t<br><br>\n\t<a style=\"color: green;\" href=\"https:\/\/wpadvancedads.com\/manual\/ad-debug-mode\/?utm_source=advanced-ads&utm_medium=link&utm_campaign=ad-debug-mode\" target=\"_blank\" rel=\"nofollow\">Encontre solu\u00e7\u00f5es no manual<\/a>\n<\/div>\n<\/li><\/ul><\/div><script>( window.advanced_ads_ready || jQuery( document ).ready ).call( null, function() {var $lavraslider4211430730 = jQuery( \".lavra-slider-4211430730\" );$lavraslider4211430730.on( \"unslider.ready\", function() { jQuery( \"div.custom-slider ul li\" ).css( \"display\", \"block\" ); });$lavraslider4211430730.unslider({ delay:4000, autoplay:true, nav:false, arrows:false, infinite:true });$lavraslider4211430730.on(\"mouseover\", function() {$lavraslider4211430730.unslider(\"stop\");}).on(\"mouseout\", function() {$lavraslider4211430730.unslider(\"start\");});});<\/script><\/div>\n<h2 class=\"wp-block-heading\">Levantamento do estado aponta que mais de 1,2 milh\u00e3o de condutores com mais de 60 anos mant\u00e9m a CNH ativa<\/h2>\n\n\n\n<figure class=\"wp-block-image\"><img decoding=\"async\" src=\"https:\/\/www.agenciaminas.mg.gov.br\/system\/news\/images\/000\/129\/540\/large\/idoso_exame.png?1774985365\" alt=\"imagem de destaque\"\/><\/figure>\n\n\n\n<p>O aumento da expectativa de vida no Brasil tamb\u00e9m se reflete no tr\u00e2nsito. Cada vez mais pessoas com idade acima de 60 anos permanecem ativas como motoristas e pedestres, conservando a autonomia no dia a dia. Por esse motivo, o&nbsp;<a href=\"https:\/\/detran.mg.gov.br\/\" target=\"_blank\" rel=\"noreferrer noopener\">Departamento Estadual de Tr\u00e2nsito de Minas Gerais (Detran-MG)<\/a>&nbsp;alerta sobre a necessidade de aten\u00e7\u00e3o especial para garantir a seguran\u00e7a desse p\u00fablico.<\/p>\n\n\n\n<p>Um levantamento realizado pelo Detran-MG, recentemente, demonstrou que o estado possui cerca de 1,2 milh\u00e3o de condutores com 60 anos ou mais com Carteira de Nacional de Habilita\u00e7\u00e3o (CNH) vigente. Desses, 1,1 milh\u00e3o renovaram a habilita\u00e7\u00e3o nos \u00faltimos cinco anos e 13.287 obtiveram a primeira habilita\u00e7\u00e3o no mesmo per\u00edodo. Para os idosos, o n\u00famero refor\u00e7a a import\u00e2ncia de debater a seguran\u00e7a e cuidados ao volante, al\u00e9m de identificar o momento adequado para parar de dirigir.<\/p>\n\n\n\n<p>Nesse sentido, o perito especialista em medicina de tr\u00e1fego do Detran-MG, Vinicius Rocha, destaca que a legisla\u00e7\u00e3o de tr\u00e2nsito n\u00e3o determina o tempo ideal para deixar de conduzir.<\/p>\n\n\n\n<p>\u201cN\u00e3o h\u00e1 qualquer limite de idade, mas, sim, limite de capacidade de manuten\u00e7\u00e3o da seguran\u00e7a no ato de dirigir. Inclusive, pesquisas mostram que, proporcionalmente, idosos se envolvem menos em acidentes de natureza grave, que jovens\u201d, explica.<\/p>\n\n\n\n<p><strong>O processo para habilita\u00e7\u00e3o e renova\u00e7\u00e3o<\/strong><\/p>\n\n\n\n<p>O processo de habilita\u00e7\u00e3o e renova\u00e7\u00e3o da CNH para idosos \u00e9 regulamentado pelo C\u00f3digo de Tr\u00e2nsito Brasileiro (CTB) e por resolu\u00e7\u00f5es do Conselho Nacional de Tr\u00e2nsito (Contran).<\/p>\n\n\n\n<p>Para a renova\u00e7\u00e3o da CNH, de acordo com o artigo 147 do CTB, o prazo de validade dos exames de aptid\u00e3o f\u00edsica e mental:<\/p>\n\n\n\n<ul class=\"wp-block-list\">\n<li>At\u00e9 49 anos a renova\u00e7\u00e3o \u00e9 a cada 10 anos;<\/li>\n\n\n\n<li>Entre 50 e 69 anos, a renova\u00e7\u00e3o a cada 5 anos;<\/li>\n\n\n\n<li>A partir de 70 anos, a renova\u00e7\u00e3o \u00e9 a cada 3 anos.<\/li>\n<\/ul>\n\n\n\n<p>Al\u00e9m disso, o m\u00e9dico perito pode reduzir esse prazo caso identifique alguma condi\u00e7\u00e3o que possa comprometer a capacidade de dirigir.<\/p>\n\n\n\n<p>Motoristas com 70 anos ou mais n\u00e3o, mesmo inscritos no Registro Nacional Positivo de Condutores (RNPC), e sem infra\u00e7\u00f5es de tr\u00e2nsito nos \u00faltimos 12 meses n\u00e3o tem a renova\u00e7\u00e3o autom\u00e1tica da CNH.<\/p>\n\n\n\n<p><strong>Sinais de aten\u00e7\u00e3o<\/strong><\/p>\n\n\n\n<p>O Detran-MG recomenda que motoristas idosos fa\u00e7am acompanhamento m\u00e9dico regular. Um dos sinais de perda da capacidade para dirigir pode ser percebido pela dificuldade em placas de sinaliza\u00e7\u00e3o, para dirigir \u00e0 noite e perda de aten\u00e7\u00e3o ao longo do caminho. Al\u00e9m disso, \u00e9 importante manter velocidade compat\u00edvel com a via.<\/p>\n\n\n\n<p>O perito especialista em medicina de tr\u00e1fego do Detran-MG afirma que a fam\u00edlia tem papel fundamental e de ordem legal, na integridade f\u00edsica e moral do idoso.<\/p>\n\n\n\n<p>\u201cCom rela\u00e7\u00e3o \u00e0 manuten\u00e7\u00e3o da seguran\u00e7a, durante a dire\u00e7\u00e3o veicular, dos condutores de qualquer faixa et\u00e1ria, familiares que perceberem altera\u00e7\u00f5es cl\u00ednicas ou mentais, ou mesmo durante a dire\u00e7\u00e3o veicular, podem e devem orientar o condutor e realizar exames m\u00e9dicos especializados, bem como solicitarem, junto ao Detran um exame m\u00e9dico para verifica\u00e7\u00e3o da capacidade de manuten\u00e7\u00e3o de seguran\u00e7a desse condutor\u201d, refor\u00e7a Rocha.<\/p>\n\n\n\n<p><strong>Pedestres idosos exigem aten\u00e7\u00e3o redobrada<\/strong><\/p>\n\n\n\n<p>Idosos no tr\u00e2nsito, especialmente na condi\u00e7\u00e3o de pedestre, s\u00e3o considerados ainda mais vulner\u00e1veis. Com o avan\u00e7o da idade, \u00e9 comum haver redu\u00e7\u00e3o da vis\u00e3o, da audi\u00e7\u00e3o, dos reflexos e da mobilidade, fatores que podem dificultar a travessia segura nas vias e aumento do risco de atropelamentos. Para reduzir esses riscos, a orienta\u00e7\u00e3o \u00e9 que os idosos sempre utilizem a faixa de pedestres, respeitem o sinal de tr\u00e2nsito e evitem atravessar entre ve\u00edculos estacionados.<\/p>\n\n\n\n<p>O C\u00f3digo de Tr\u00e2nsito Brasileiro tamb\u00e9m demonstra o cuidado que os motoristas devem ter com idosos nas vias. O Detran-MG alerta aos motoristas que deixar de&nbsp;reduzir a velocidade e ter aten\u00e7\u00e3o especial ao se aproximar de idosos \u00e9 uma infra\u00e7\u00e3o grav\u00edssima, com sete pontos na CNH e multa de R$ 293, 47. O alerta refor\u00e7a que a seguran\u00e7a no tr\u00e2nsito \u00e9 uma responsabilidade compartilhada entre pedestres e condutores.<\/p>\n","protected":false},"excerpt":{"rendered":"<p>Levantamento do estado aponta que mais de 1,2 milh\u00e3o de condutores com mais de 60 anos mant\u00e9m a CNH ativa O aumento da expectativa de vida no Brasil tamb\u00e9m se reflete no tr\u00e2nsito. Cada vez mais pessoas com idade acima de 60 anos permanecem ativas como motoristas e pedestres, conservando a autonomia no dia a [&hellip;]<\/p>\n","protected":false},"author":5,"featured_media":169897,"comment_status":"closed","ping_status":"open","sticky":false,"template":"","format":"standard","meta":{"advgb_blocks_editor_width":"","advgb_blocks_columns_visual_guide":"","_exactmetrics_skip_tracking":false,"_exactmetrics_sitenote_active":false,"_exactmetrics_sitenote_note":"","_exactmetrics_sitenote_category":0,"footnotes":""},"categories":[7,2],"tags":[],"class_list":["post-169896","post","type-post","status-publish","format-standard","has-post-thumbnail","hentry","category-destaques","category-noticias"],"better_featured_image":{"id":169897,"alt_text":"","caption":"","description":"","media_type":"image","media_details":{"width":1032,"height":810,"file":"2026\/03\/idoso_exame.png","filesize":737949,"sizes":{"medium":{"file":"idoso_exame-382x300.png","width":382,"height":300,"mime-type":"image\/png","filesize":138213,"source_url":"https:\/\/lavras.tv\/site\/wp-content\/uploads\/2026\/03\/idoso_exame-382x300.png"},"large":{"file":"idoso_exame-970x761.png","width":970,"height":761,"mime-type":"image\/png","filesize":585386,"source_url":"https:\/\/lavras.tv\/site\/wp-content\/uploads\/2026\/03\/idoso_exame-970x761.png"},"thumbnail":{"file":"idoso_exame-170x133.png","width":170,"height":133,"mime-type":"image\/png","filesize":36627,"source_url":"https:\/\/lavras.tv\/site\/wp-content\/uploads\/2026\/03\/idoso_exame-170x133.png"},"alm-thumbnail":{"file":"idoso_exame-150x150.png","width":150,"height":150,"mime-type":"image\/png","filesize":36053,"source_url":"https:\/\/lavras.tv\/site\/wp-content\/uploads\/2026\/03\/idoso_exame-150x150.png"},"sow-carousel-default":{"file":"idoso_exame-272x182.png","width":272,"height":182,"mime-type":"image\/png","filesize":66982,"source_url":"https:\/\/lavras.tv\/site\/wp-content\/uploads\/2026\/03\/idoso_exame-272x182.png"}},"image_meta":{"aperture":"0","credit":"","camera":"","caption":"","created_timestamp":"0","copyright":"","focal_length":"0","iso":"0","shutter_speed":"0","title":"","orientation":"0","keywords":[]}},"post":169896,"source_url":"https:\/\/lavras.tv\/site\/wp-content\/uploads\/2026\/03\/idoso_exame.png"},"author_meta":{"display_name":"Vinicius Bustamante","author_link":"https:\/\/lavras.tv\/site\/author\/vinicius-bustamante\/"},"featured_img":"https:\/\/lavras.tv\/site\/wp-content\/uploads\/2026\/03\/idoso_exame-382x300.png","coauthors":[],"tax_additional":{"categories":{"linked":["<a href=\"https:\/\/lavras.tv\/site\/category\/destaques\/\" class=\"advgb-post-tax-term\">Destaques<\/a>","<a href=\"https:\/\/lavras.tv\/site\/category\/noticias\/\" class=\"advgb-post-tax-term\">Not\u00edcias<\/a>"],"unlinked":["<span class=\"advgb-post-tax-term\">Destaques<\/span>","<span class=\"advgb-post-tax-term\">Not\u00edcias<\/span>"]}},"comment_count":"0","relative_dates":{"created":"Publicado 1 m\u00eas atr\u00e1s","modified":"Atualizado 1 m\u00eas atr\u00e1s"},"absolute_dates":{"created":"Publicado em 31 de mar\u00e7o de 2026","modified":"Atualizado em 31 de mar\u00e7o de 2026"},"absolute_dates_time":{"created":"Publicado em 31 de mar\u00e7o de 2026 19:08","modified":"Atualizado em 31 de mar\u00e7o de 2026 19:08"},"featured_img_caption":"","series_order":"","_links":{"self":[{"href":"https:\/\/lavras.tv\/site\/wp-json\/wp\/v2\/posts\/169896","targetHints":{"allow":["GET"]}}],"collection":[{"href":"https:\/\/lavras.tv\/site\/wp-json\/wp\/v2\/posts"}],"about":[{"href":"https:\/\/lavras.tv\/site\/wp-json\/wp\/v2\/types\/post"}],"author":[{"embeddable":true,"href":"https:\/\/lavras.tv\/site\/wp-json\/wp\/v2\/users\/5"}],"replies":[{"embeddable":true,"href":"https:\/\/lavras.tv\/site\/wp-json\/wp\/v2\/comments?post=169896"}],"version-history":[{"count":1,"href":"https:\/\/lavras.tv\/site\/wp-json\/wp\/v2\/posts\/169896\/revisions"}],"predecessor-version":[{"id":169898,"href":"https:\/\/lavras.tv\/site\/wp-json\/wp\/v2\/posts\/169896\/revisions\/169898"}],"wp:featuredmedia":[{"embeddable":true,"href":"https:\/\/lavras.tv\/site\/wp-json\/wp\/v2\/media\/169897"}],"wp:attachment":[{"href":"https:\/\/lavras.tv\/site\/wp-json\/wp\/v2\/media?parent=169896"}],"wp:term":[{"taxonomy":"category","embeddable":true,"href":"https:\/\/lavras.tv\/site\/wp-json\/wp\/v2\/categories?post=169896"},{"taxonomy":"post_tag","embeddable":true,"href":"https:\/\/lavras.tv\/site\/wp-json\/wp\/v2\/tags?post=169896"}],"curies":[{"name":"wp","href":"https:\/\/api.w.org\/{rel}","templated":true}]}}