{"id":169912,"date":"2026-04-06T15:32:54","date_gmt":"2026-04-06T18:32:54","guid":{"rendered":"https:\/\/lavras.tv\/site\/?p=169912"},"modified":"2026-04-06T15:32:55","modified_gmt":"2026-04-06T18:32:55","slug":"cemig-inicia-acao-para-evitar-que-familias-de-baixa-renda-percam-desconto-na-conta-de-luz","status":"publish","type":"post","link":"https:\/\/lavras.tv\/site\/2026\/04\/06\/cemig-inicia-acao-para-evitar-que-familias-de-baixa-renda-percam-desconto-na-conta-de-luz\/","title":{"rendered":"Cemig inicia a\u00e7\u00e3o para evitar que fam\u00edlias de baixa renda percam desconto na conta de luz"},"content":{"rendered":"<div class=\"lavra-antes-do-conteudo_2\" id=\"lavra-3812085962\"><div id=\"lavra-slider-27\" class=\"custom-slider lavra-slider-3917813786 lavra-slider\"><ul><li><div style=\"margin-left: auto;margin-right: auto;text-align: center;\" id=\"lavra-1883635943\"><a href=\"https:\/\/sistemas.lavras.mg.gov.br\/portalcidadao\/#df1b1a7c7b2a290bcb31e32771e610784662739a88807c0dacac58ede5f391a7530e299dc302d611ee73cb143fc22eaf93592e53e7b5bdb01b00a0b8d28dae460c141dd2ff83412e4dc1c31b16b25f33144a9e5620ea73b13f5bc1c59411d98439ad226e8af03840603796067d87afe130812cf3de24982d0e306f9e61e764e5\" aria-label=\"Lavras-TV&#8211;720x104px (1) (1)\"><img src=\"https:\/\/lavras.tv\/site\/wp-content\/uploads\/2025\/01\/Lavras-TV-720x104px-1-1.png\" alt=\"\"  srcset=\"https:\/\/lavras.tv\/site\/wp-content\/uploads\/2025\/01\/Lavras-TV-720x104px-1-1.png 720w, https:\/\/lavras.tv\/site\/wp-content\/uploads\/2025\/01\/Lavras-TV-720x104px-1-1-470x68.png 470w, https:\/\/lavras.tv\/site\/wp-content\/uploads\/2025\/01\/Lavras-TV-720x104px-1-1-170x25.png 170w, https:\/\/lavras.tv\/site\/wp-content\/uploads\/2025\/01\/Lavras-TV-720x104px-1-1-200x29.png 200w\" sizes=\"(max-width: 720px) 100vw, 720px\" width=\"720\" height=\"104\"  style=\"display: inline-block;\" \/><\/a><\/div><\/li><li><a href=\"https:\/\/sistemas.lavras.mg.gov.br\/portalcidadao\/#df1b1a7c7b2a290bcb31e32771e610784662739a88807c0dacac58ede5f391a7530e299dc302d611ee73cb143fc22eaf93592e53e7b5bdb01b00a0b8d28dae460c141dd2ff83412e4dc1c31b16b25f33144a9e5620ea73b13f5bc1c59411d98439ad226e8af03840603796067d87afe130812cf3de24982d0e306f9e61e764e5\" aria-label=\"Banner_Emprego_PortallavrasTV\"><img src=\"https:\/\/lavras.tv\/site\/wp-content\/uploads\/2025\/03\/Banner_Emprego_PortallavrasTV.png\" alt=\"\"  srcset=\"https:\/\/lavras.tv\/site\/wp-content\/uploads\/2025\/03\/Banner_Emprego_PortallavrasTV.png 720w, https:\/\/lavras.tv\/site\/wp-content\/uploads\/2025\/03\/Banner_Emprego_PortallavrasTV-470x68.png 470w, https:\/\/lavras.tv\/site\/wp-content\/uploads\/2025\/03\/Banner_Emprego_PortallavrasTV-170x25.png 170w, https:\/\/lavras.tv\/site\/wp-content\/uploads\/2025\/03\/Banner_Emprego_PortallavrasTV-200x29.png 200w\" sizes=\"(max-width: 720px) 100vw, 720px\" width=\"720\" height=\"104\"   \/><\/a><\/li><li><a href=\"https:\/\/sistemas.lavras.mg.gov.br\/portalcidadao\/#df1b1a7c7b2a290bcb31e32771e610784662739a88807c0dacac58ede5f391a7530e299dc302d611ee73cb143fc22eaf93592e53e7b5bdb01b00a0b8d28dae460c141dd2ff83412e4dc1c31b16b25f33144a9e5620ea73b13f5bc1c59411d98439ad226e8af03840603796067d87afe130812cf3de24982d0e306f9e61e764e5\" aria-label=\"Banner_Obras_PortallavrasTV\"><img src=\"https:\/\/lavras.tv\/site\/wp-content\/uploads\/2025\/03\/Banner_Obras_PortallavrasTV.png\" alt=\"\"  srcset=\"https:\/\/lavras.tv\/site\/wp-content\/uploads\/2025\/03\/Banner_Obras_PortallavrasTV.png 720w, https:\/\/lavras.tv\/site\/wp-content\/uploads\/2025\/03\/Banner_Obras_PortallavrasTV-470x68.png 470w, https:\/\/lavras.tv\/site\/wp-content\/uploads\/2025\/03\/Banner_Obras_PortallavrasTV-170x25.png 170w, https:\/\/lavras.tv\/site\/wp-content\/uploads\/2025\/03\/Banner_Obras_PortallavrasTV-200x29.png 200w\" sizes=\"(max-width: 720px) 100vw, 720px\" width=\"720\" height=\"104\"   \/><\/a><\/li><li><div style=\"margin-left: auto;margin-right: auto;text-align: center;\" id=\"lavra-1185467217\"><a href=\"https:\/\/sistemas.lavras.mg.gov.br\/portalcidadao\/#df1b1a7c7b2a290bcb31e32771e610784662739a88807c0dacac58ede5f391a7530e299dc302d611ee73cb143fc22eaf93592e53e7b5bdb01b00a0b8d28dae460c141dd2ff83412e4dc1c31b16b25f33144a9e5620ea73b13f5bc1c59411d98439ad226e8af03840603796067d87afe130812cf3de24982d0e306f9e61e764e5\" aria-label=\"Banner_Educa\u00e7\u00e3o_PortallavrasTV\"><img src=\"https:\/\/lavras.tv\/site\/wp-content\/uploads\/2025\/01\/Banner_Educacao_PortallavrasTV.png\" alt=\"\"  srcset=\"https:\/\/lavras.tv\/site\/wp-content\/uploads\/2025\/01\/Banner_Educacao_PortallavrasTV.png 720w, https:\/\/lavras.tv\/site\/wp-content\/uploads\/2025\/01\/Banner_Educacao_PortallavrasTV-470x68.png 470w, https:\/\/lavras.tv\/site\/wp-content\/uploads\/2025\/01\/Banner_Educacao_PortallavrasTV-170x25.png 170w, https:\/\/lavras.tv\/site\/wp-content\/uploads\/2025\/01\/Banner_Educacao_PortallavrasTV-200x29.png 200w\" sizes=\"(max-width: 720px) 100vw, 720px\" width=\"720\" height=\"104\"  style=\"display: inline-block;\" \/><\/a><\/div><\/li><li><a href=\"https:\/\/sistemas.lavras.mg.gov.br\/portalcidadao\/#df1b1a7c7b2a290bcb31e32771e610784662739a88807c0dacac58ede5f391a7530e299dc302d611ee73cb143fc22eaf93592e53e7b5bdb01b00a0b8d28dae460c141dd2ff83412e4dc1c31b16b25f33144a9e5620ea73b13f5bc1c59411d98439ad226e8af03840603796067d87afe130812cf3de24982d0e306f9e61e764e5\" aria-label=\"Banner_Sa\u00fade_PortallavrasTV\"><img src=\"https:\/\/lavras.tv\/site\/wp-content\/uploads\/2025\/03\/Banner_Saude_PortallavrasTV.png\" alt=\"\"  srcset=\"https:\/\/lavras.tv\/site\/wp-content\/uploads\/2025\/03\/Banner_Saude_PortallavrasTV.png 720w, https:\/\/lavras.tv\/site\/wp-content\/uploads\/2025\/03\/Banner_Saude_PortallavrasTV-470x68.png 470w, https:\/\/lavras.tv\/site\/wp-content\/uploads\/2025\/03\/Banner_Saude_PortallavrasTV-170x25.png 170w, https:\/\/lavras.tv\/site\/wp-content\/uploads\/2025\/03\/Banner_Saude_PortallavrasTV-200x29.png 200w\" sizes=\"(max-width: 720px) 100vw, 720px\" width=\"720\" height=\"104\"   \/><\/a><\/li><li><div id=\"lavra-3312607876\" style=\"width:720px;height:104px;background-color:#ddd;overflow:scroll;\">\n\t<strong>Sa\u00edda da depura\u00e7\u00e3o de an\u00fancios<\/strong>\n\t<br><br>\n\tO an\u00fancio n\u00e3o \u00e9 exibido na p\u00e1gina<br><br>post atual: Cemig inicia a\u00e7\u00e3o para evitar que fam\u00edlias de baixa renda percam desconto na conta de luz, ID: 169912<br><br><span style=\"color: red;\">O post atual n\u00e3o \u00e9 id\u00eantico ao post principal.<\/span><br><br>An\u00fancios: ROXO - TOPO INTERNA - ROTATIVO 2 (197)<br \/>Grupo de an\u00fancios: Princ_Meio01_720x104 (27)<br><br>Condi\u00e7\u00f5es de exibi\u00e7\u00e3o<div style=\"margin-bottom: 20px; white-space: pre-wrap; font-family: monospace; width: 100%; background: #ffe9e9;\"><strong>condi\u00e7\u00f5es gerais<\/strong><table border=\"1\"><thead><tr><th><\/th><th>An\u00fancios<\/th><th>wp_the_query<\/th><\/tr><\/thead><tr><td>is_main_query<\/td><td>1<\/td><td>1<\/td><\/tr><tr><td>is_rest_api<\/td><td>0<\/td><td>1<\/td><\/tr><tr><td>page<\/td><td>0<\/td><td>1<\/td><\/tr><tr><td>numpages<\/td><td>0<\/td><td>1<\/td><\/tr><tr><td>is_archive<\/td><td>1<\/td><td><\/td><\/tr><tr><td>is_search<\/td><td>1<\/td><td><\/td><\/tr><tr><td>is_home<\/td><td>1<\/td><td><\/td><\/tr><tr><td>is_404<\/td><td>1<\/td><td><\/td><\/tr><tr><td>is_attachment<\/td><td>1<\/td><td><\/td><\/tr><tr><td>is_singular<\/td><td>1<\/td><td><\/td><\/tr><tr><td>is_front_page<\/td><td>1<\/td><td><\/td><\/tr><tr><td>is_feed<\/td><td>1<\/td><td><\/td><\/tr><\/table><\/div><br><br><span style=\"color: red;\">Seu site usa HTTPS, mas o c\u00f3digo do an\u00fancio cont\u00e9m HTTP e pode n\u00e3o funcionar.<\/span>\t<br><br>\n\t<a style=\"color: green;\" href=\"https:\/\/wpadvancedads.com\/manual\/ad-debug-mode\/?utm_source=advanced-ads&utm_medium=link&utm_campaign=ad-debug-mode\" target=\"_blank\" rel=\"nofollow\">Encontre solu\u00e7\u00f5es no manual<\/a>\n<\/div>\n<\/li><\/ul><\/div><script>( window.advanced_ads_ready || jQuery( document ).ready ).call( null, function() {var $lavraslider3917813786 = jQuery( \".lavra-slider-3917813786\" );$lavraslider3917813786.on( \"unslider.ready\", function() { jQuery( \"div.custom-slider ul li\" ).css( \"display\", \"block\" ); });$lavraslider3917813786.unslider({ delay:4000, autoplay:true, nav:false, arrows:false, infinite:true });$lavraslider3917813786.on(\"mouseover\", function() {$lavraslider3917813786.unslider(\"stop\");}).on(\"mouseout\", function() {$lavraslider3917813786.unslider(\"start\");});});<\/script><\/div>\n<p><em><strong>Iniciativa refor\u00e7a orienta\u00e7\u00e3o para manuten\u00e7\u00e3o do cadastro social e continuidade do acesso ao desconto na conta de luz<\/strong><\/em><\/p>\n\n\n\n<figure class=\"wp-block-image size-large\"><img fetchpriority=\"high\" decoding=\"async\" width=\"970\" height=\"783\" src=\"https:\/\/lavras.tv\/site\/wp-content\/uploads\/2026\/04\/WhatsApp-Image-2026-04-06-at-13.53.22-970x783.png\" alt=\"\" class=\"wp-image-169913\" srcset=\"https:\/\/lavras.tv\/site\/wp-content\/uploads\/2026\/04\/WhatsApp-Image-2026-04-06-at-13.53.22-970x783.png 970w, https:\/\/lavras.tv\/site\/wp-content\/uploads\/2026\/04\/WhatsApp-Image-2026-04-06-at-13.53.22-372x300.png 372w, https:\/\/lavras.tv\/site\/wp-content\/uploads\/2026\/04\/WhatsApp-Image-2026-04-06-at-13.53.22-170x137.png 170w, https:\/\/lavras.tv\/site\/wp-content\/uploads\/2026\/04\/WhatsApp-Image-2026-04-06-at-13.53.22.png 1280w\" sizes=\"(max-width: 970px) 100vw, 970px\" \/><\/figure>\n\n\n\n<p>A partir de abril, a Cemig enviar\u00e1 correspond\u00eancias na conta de luz para clientes regularizarem o cadastrado e n\u00e3o percam o direito \u00e0 Tarifa Social de Energia El\u00e9trica (TSEE). A iniciativa tem car\u00e1ter preventivo e busca orientar os beneficiados sobre a necessidade de manter os dados atualizados nos programas sociais do Governo Federal.&nbsp;<\/p>\n\n\n\n<p>As cartas ser\u00e3o entregues diretamente pelos leituristas, apenas para os consumidores contemplados com a TSEE, juntamente com a conta de energia, com comprova\u00e7\u00e3o de recebimento mediante assinatura do cliente. Para aqueles que possuem e-mail cadastrado, a companhia tamb\u00e9m far\u00e1 o envio digital da notifica\u00e7\u00e3o, com valida\u00e7\u00e3o de leitura.&nbsp;<\/p>\n\n\n\n<p>A a\u00e7\u00e3o refor\u00e7a o compromisso da Cemig em preservar o acesso ao benef\u00edcio por parte das fam\u00edlias de baixa renda em Minas Gerais. Atualmente, a Tarifa Social garante isen\u00e7\u00e3o total da tarifa de energia el\u00e9trica para consumidores com consumo mensal de at\u00e9 80 kWh, conforme&nbsp;determina a&nbsp;Lei 15.235\/2025, regulamentada pela Resolu\u00e7\u00e3o Aneel n.\u00ba 1.147\/2025. J\u00e1 os benefici\u00e1rios que ultrapassarem esse limite pagam apenas pelo consumo excedente, tornando a conta mais acess\u00edvel.&nbsp;<\/p>\n\n\n\n<p>De acordo com resolu\u00e7\u00e3o Aneel n.\u00ba 1.147\/2025,&nbsp;para manter o&nbsp;benef\u00edcio \u00e9&nbsp;necess\u00e1rio que&nbsp;a conta de&nbsp;luz&nbsp;esteja em nome de um dos integrantes do grupo&nbsp;familiar &nbsp;e&nbsp;o endere\u00e7o do CADUNICO ou do BPC esteja no mesmo munic\u00edpio da conta de luz.&nbsp;<\/p>\n\n\n\n<p>Quase&nbsp;300 mil&nbsp;clientes ser\u00e3o notificados pela Cemig&nbsp;<\/p>\n\n\n\n<p>Na \u00e1rea de concess\u00e3o da Cemig, cerca de 300&nbsp;mil fam\u00edlias correm o risco de perder o benef\u00edcio da TSEE devido \u00e0 falta de atualiza\u00e7\u00e3o cadastral junto \u00e0 companhia ou nos programas sociais do Governo Federal.&nbsp;Desse total, aproximadamente 190 mil clientes n\u00e3o possuem a conta de energia em nome de um integrante do n\u00facleo familiar, o que pode impedir a manuten\u00e7\u00e3o autom\u00e1tica do desconto&nbsp;e, cerca de&nbsp;110&nbsp;mil consumidores apresentam diverg\u00eancias de endere\u00e7o entre a fatura de energia e os registros do Cadastro \u00danico (Cad\u00danico) ou do Benef\u00edcio de Presta\u00e7\u00e3o Continuada (BPC). &nbsp;<\/p>\n\n\n\n<p>Al\u00e9m disso,&nbsp;outras 88 mil fam\u00edlias&nbsp;n\u00e3o atualizam seus dados junto ao Governo Federal h\u00e1 mais de dois anos, situa\u00e7\u00e3o que pode resultar na suspens\u00e3o do benef\u00edcio.&nbsp;<\/p>\n\n\n\n<p>Segundo o analista de Prote\u00e7\u00e3o da Receita da Cemig, Nilton Neves, a manuten\u00e7\u00e3o do benef\u00edcio depende principalmente da regularidade das informa\u00e7\u00f5es no Cadastro \u00danico (Cad\u00danico) ou no Benef\u00edcio de Presta\u00e7\u00e3o Continuada (BPC)&nbsp;e&nbsp;manter atualizado a titularidade da conta de luz.&nbsp;&nbsp;<\/p>\n\n\n\n<p>\u201cComo a atualiza\u00e7\u00e3o \u00e9 feita automaticamente com base nos dados repassados pelo Governo Federal, inconsist\u00eancias cadastrais podem resultar no cancelamento do desconto\u201d, explica.&nbsp;<\/p>\n\n\n\n<p>Mais de 1 milh\u00e3o de clientes beneficiados pela TSEE em MG&nbsp;<\/p>\n\n\n\n<p>Minas Gerais concentra uma das maiores bases de benefici\u00e1rios do programa no Sudeste. Hoje, mais de 1 milh\u00e3o de clientes da Cemig recebem descontos na conta de luz por meio da Tarifa Social, sendo que cerca de 330 mil fam\u00edlias t\u00eam direito \u00e0 gratuidade total na tarifa, arcando apenas com encargos como a contribui\u00e7\u00e3o de ilumina\u00e7\u00e3o p\u00fablica definida pelos munic\u00edpios.&nbsp;<\/p>\n\n\n\n<p>Al\u00e9m disso, a Cemig orienta que clientes comuniquem qualquer mudan\u00e7a de endere\u00e7o, j\u00e1 que o benef\u00edcio \u00e9 concedido a apenas uma unidade consumidora por fam\u00edlia e precisa ser transferido quando h\u00e1 altera\u00e7\u00e3o de resid\u00eancia.&nbsp;<\/p>\n\n\n\n<figure class=\"wp-block-video\"><video height=\"720\" style=\"aspect-ratio: 1280 \/ 720;\" width=\"1280\" controls src=\"https:\/\/lavras.tv\/site\/wp-content\/uploads\/2026\/04\/WhatsApp-Video-2026-04-06-at-13.53.23.mp4\"><\/video><\/figure>\n\n\n\n<p>Nilton Neves, analista de Prote\u00e7\u00e3o da Receita da Cemig<\/p>\n","protected":false},"excerpt":{"rendered":"<p>Iniciativa refor\u00e7a orienta\u00e7\u00e3o para manuten\u00e7\u00e3o do cadastro social e continuidade do acesso ao desconto na conta de luz A partir de abril, a Cemig enviar\u00e1 correspond\u00eancias na conta de luz para clientes regularizarem o cadastrado e n\u00e3o percam o direito \u00e0 Tarifa Social de Energia El\u00e9trica (TSEE). A iniciativa tem car\u00e1ter preventivo e busca orientar [&hellip;]<\/p>\n","protected":false},"author":5,"featured_media":169913,"comment_status":"closed","ping_status":"open","sticky":false,"template":"","format":"standard","meta":{"advgb_blocks_editor_width":"","advgb_blocks_columns_visual_guide":"","_exactmetrics_skip_tracking":false,"_exactmetrics_sitenote_active":false,"_exactmetrics_sitenote_note":"","_exactmetrics_sitenote_category":0,"footnotes":""},"categories":[17,1,2,5760],"tags":[],"class_list":["post-169912","post","type-post","status-publish","format-standard","has-post-thumbnail","hentry","category-jornal-cidade","category-sem-categoria","category-noticias","category-noticias-jornal-cidade"],"better_featured_image":{"id":169913,"alt_text":"","caption":"","description":"","media_type":"image","media_details":{"width":1280,"height":1033,"file":"2026\/04\/WhatsApp-Image-2026-04-06-at-13.53.22.png","filesize":1811790,"sizes":{"medium":{"file":"WhatsApp-Image-2026-04-06-at-13.53.22-372x300.png","width":372,"height":300,"mime-type":"image\/png","filesize":163151,"source_url":"https:\/\/lavras.tv\/site\/wp-content\/uploads\/2026\/04\/WhatsApp-Image-2026-04-06-at-13.53.22-372x300.png"},"large":{"file":"WhatsApp-Image-2026-04-06-at-13.53.22-970x783.png","width":970,"height":783,"mime-type":"image\/png","filesize":764517,"source_url":"https:\/\/lavras.tv\/site\/wp-content\/uploads\/2026\/04\/WhatsApp-Image-2026-04-06-at-13.53.22-970x783.png"},"thumbnail":{"file":"WhatsApp-Image-2026-04-06-at-13.53.22-170x137.png","width":170,"height":137,"mime-type":"image\/png","filesize":42225,"source_url":"https:\/\/lavras.tv\/site\/wp-content\/uploads\/2026\/04\/WhatsApp-Image-2026-04-06-at-13.53.22-170x137.png"},"alm-thumbnail":{"file":"WhatsApp-Image-2026-04-06-at-13.53.22-150x150.png","width":150,"height":150,"mime-type":"image\/png","filesize":40671,"source_url":"https:\/\/lavras.tv\/site\/wp-content\/uploads\/2026\/04\/WhatsApp-Image-2026-04-06-at-13.53.22-150x150.png"},"sow-carousel-default":{"file":"WhatsApp-Image-2026-04-06-at-13.53.22-272x182.png","width":272,"height":182,"mime-type":"image\/png","filesize":80822,"source_url":"https:\/\/lavras.tv\/site\/wp-content\/uploads\/2026\/04\/WhatsApp-Image-2026-04-06-at-13.53.22-272x182.png"}},"image_meta":{"aperture":"0","credit":"","camera":"","caption":"","created_timestamp":"0","copyright":"","focal_length":"0","iso":"0","shutter_speed":"0","title":"","orientation":"0","keywords":[]}},"post":169912,"source_url":"https:\/\/lavras.tv\/site\/wp-content\/uploads\/2026\/04\/WhatsApp-Image-2026-04-06-at-13.53.22.png"},"author_meta":{"display_name":"Vinicius Bustamante","author_link":"https:\/\/lavras.tv\/site\/author\/vinicius-bustamante\/"},"featured_img":"https:\/\/lavras.tv\/site\/wp-content\/uploads\/2026\/04\/WhatsApp-Image-2026-04-06-at-13.53.22-372x300.png","coauthors":[],"tax_additional":{"categories":{"linked":["<a href=\"https:\/\/lavras.tv\/site\/category\/sem-categoria\/jornal-cidade\/\" class=\"advgb-post-tax-term\">DESTAQUE PRINCIPAL<\/a>","<a href=\"https:\/\/lavras.tv\/site\/category\/sem-categoria\/\" class=\"advgb-post-tax-term\">JORNAL DA CIDADE<\/a>","<a href=\"https:\/\/lavras.tv\/site\/category\/noticias\/\" class=\"advgb-post-tax-term\">Not\u00edcias<\/a>","<a href=\"https:\/\/lavras.tv\/site\/category\/sem-categoria\/jornal-cidade\/noticias-jornal-cidade\/\" class=\"advgb-post-tax-term\">NOT\u00cdCIAS<\/a>"],"unlinked":["<span class=\"advgb-post-tax-term\">DESTAQUE PRINCIPAL<\/span>","<span class=\"advgb-post-tax-term\">JORNAL DA CIDADE<\/span>","<span class=\"advgb-post-tax-term\">Not\u00edcias<\/span>","<span class=\"advgb-post-tax-term\">NOT\u00cdCIAS<\/span>"]}},"comment_count":"0","relative_dates":{"created":"Publicado 4 semanas atr\u00e1s","modified":"Atualizado 4 semanas atr\u00e1s"},"absolute_dates":{"created":"Publicado em 6 de abril de 2026","modified":"Atualizado em 6 de abril de 2026"},"absolute_dates_time":{"created":"Publicado em 6 de abril de 2026 15:32","modified":"Atualizado em 6 de abril de 2026 15:32"},"featured_img_caption":"","series_order":"","_links":{"self":[{"href":"https:\/\/lavras.tv\/site\/wp-json\/wp\/v2\/posts\/169912","targetHints":{"allow":["GET"]}}],"collection":[{"href":"https:\/\/lavras.tv\/site\/wp-json\/wp\/v2\/posts"}],"about":[{"href":"https:\/\/lavras.tv\/site\/wp-json\/wp\/v2\/types\/post"}],"author":[{"embeddable":true,"href":"https:\/\/lavras.tv\/site\/wp-json\/wp\/v2\/users\/5"}],"replies":[{"embeddable":true,"href":"https:\/\/lavras.tv\/site\/wp-json\/wp\/v2\/comments?post=169912"}],"version-history":[{"count":1,"href":"https:\/\/lavras.tv\/site\/wp-json\/wp\/v2\/posts\/169912\/revisions"}],"predecessor-version":[{"id":169915,"href":"https:\/\/lavras.tv\/site\/wp-json\/wp\/v2\/posts\/169912\/revisions\/169915"}],"wp:featuredmedia":[{"embeddable":true,"href":"https:\/\/lavras.tv\/site\/wp-json\/wp\/v2\/media\/169913"}],"wp:attachment":[{"href":"https:\/\/lavras.tv\/site\/wp-json\/wp\/v2\/media?parent=169912"}],"wp:term":[{"taxonomy":"category","embeddable":true,"href":"https:\/\/lavras.tv\/site\/wp-json\/wp\/v2\/categories?post=169912"},{"taxonomy":"post_tag","embeddable":true,"href":"https:\/\/lavras.tv\/site\/wp-json\/wp\/v2\/tags?post=169912"}],"curies":[{"name":"wp","href":"https:\/\/api.w.org\/{rel}","templated":true}]}}