{"id":169986,"date":"2026-04-13T18:49:05","date_gmt":"2026-04-13T21:49:05","guid":{"rendered":"https:\/\/lavras.tv\/site\/?p=169986"},"modified":"2026-04-13T18:49:06","modified_gmt":"2026-04-13T21:49:06","slug":"pesquisadora-do-unilavras-publica-artigo-na-maior-revista-de-fisioterapia-do-mundo","status":"publish","type":"post","link":"https:\/\/lavras.tv\/site\/2026\/04\/13\/pesquisadora-do-unilavras-publica-artigo-na-maior-revista-de-fisioterapia-do-mundo\/","title":{"rendered":"Pesquisadora do Unilavras publica artigo na maior revista de Fisioterapia do mundo"},"content":{"rendered":"<div class=\"lavra-antes-do-conteudo_2\" id=\"lavra-3215902546\"><div id=\"lavra-slider-27\" class=\"custom-slider lavra-slider-1453172532 lavra-slider\"><ul><li><div style=\"margin-left: auto;margin-right: auto;text-align: center;\" id=\"lavra-2779141119\"><a href=\"https:\/\/sistemas.lavras.mg.gov.br\/portalcidadao\/#df1b1a7c7b2a290bcb31e32771e610784662739a88807c0dacac58ede5f391a7530e299dc302d611ee73cb143fc22eaf93592e53e7b5bdb01b00a0b8d28dae460c141dd2ff83412e4dc1c31b16b25f33144a9e5620ea73b13f5bc1c59411d98439ad226e8af03840603796067d87afe130812cf3de24982d0e306f9e61e764e5\" aria-label=\"Lavras-TV&#8211;720x104px (1) (1)\"><img src=\"https:\/\/lavras.tv\/site\/wp-content\/uploads\/2025\/01\/Lavras-TV-720x104px-1-1.png\" alt=\"\"  srcset=\"https:\/\/lavras.tv\/site\/wp-content\/uploads\/2025\/01\/Lavras-TV-720x104px-1-1.png 720w, https:\/\/lavras.tv\/site\/wp-content\/uploads\/2025\/01\/Lavras-TV-720x104px-1-1-470x68.png 470w, https:\/\/lavras.tv\/site\/wp-content\/uploads\/2025\/01\/Lavras-TV-720x104px-1-1-170x25.png 170w, https:\/\/lavras.tv\/site\/wp-content\/uploads\/2025\/01\/Lavras-TV-720x104px-1-1-200x29.png 200w\" sizes=\"(max-width: 720px) 100vw, 720px\" width=\"720\" height=\"104\"  style=\"display: inline-block;\" \/><\/a><\/div><\/li><li><a href=\"https:\/\/sistemas.lavras.mg.gov.br\/portalcidadao\/#df1b1a7c7b2a290bcb31e32771e610784662739a88807c0dacac58ede5f391a7530e299dc302d611ee73cb143fc22eaf93592e53e7b5bdb01b00a0b8d28dae460c141dd2ff83412e4dc1c31b16b25f33144a9e5620ea73b13f5bc1c59411d98439ad226e8af03840603796067d87afe130812cf3de24982d0e306f9e61e764e5\" aria-label=\"Banner_Emprego_PortallavrasTV\"><img src=\"https:\/\/lavras.tv\/site\/wp-content\/uploads\/2025\/03\/Banner_Emprego_PortallavrasTV.png\" alt=\"\"  srcset=\"https:\/\/lavras.tv\/site\/wp-content\/uploads\/2025\/03\/Banner_Emprego_PortallavrasTV.png 720w, https:\/\/lavras.tv\/site\/wp-content\/uploads\/2025\/03\/Banner_Emprego_PortallavrasTV-470x68.png 470w, https:\/\/lavras.tv\/site\/wp-content\/uploads\/2025\/03\/Banner_Emprego_PortallavrasTV-170x25.png 170w, https:\/\/lavras.tv\/site\/wp-content\/uploads\/2025\/03\/Banner_Emprego_PortallavrasTV-200x29.png 200w\" sizes=\"(max-width: 720px) 100vw, 720px\" width=\"720\" height=\"104\"   \/><\/a><\/li><li><a href=\"https:\/\/sistemas.lavras.mg.gov.br\/portalcidadao\/#df1b1a7c7b2a290bcb31e32771e610784662739a88807c0dacac58ede5f391a7530e299dc302d611ee73cb143fc22eaf93592e53e7b5bdb01b00a0b8d28dae460c141dd2ff83412e4dc1c31b16b25f33144a9e5620ea73b13f5bc1c59411d98439ad226e8af03840603796067d87afe130812cf3de24982d0e306f9e61e764e5\" aria-label=\"Banner_Obras_PortallavrasTV\"><img src=\"https:\/\/lavras.tv\/site\/wp-content\/uploads\/2025\/03\/Banner_Obras_PortallavrasTV.png\" alt=\"\"  srcset=\"https:\/\/lavras.tv\/site\/wp-content\/uploads\/2025\/03\/Banner_Obras_PortallavrasTV.png 720w, https:\/\/lavras.tv\/site\/wp-content\/uploads\/2025\/03\/Banner_Obras_PortallavrasTV-470x68.png 470w, https:\/\/lavras.tv\/site\/wp-content\/uploads\/2025\/03\/Banner_Obras_PortallavrasTV-170x25.png 170w, https:\/\/lavras.tv\/site\/wp-content\/uploads\/2025\/03\/Banner_Obras_PortallavrasTV-200x29.png 200w\" sizes=\"(max-width: 720px) 100vw, 720px\" width=\"720\" height=\"104\"   \/><\/a><\/li><li><div style=\"margin-left: auto;margin-right: auto;text-align: center;\" id=\"lavra-699800041\"><a href=\"https:\/\/sistemas.lavras.mg.gov.br\/portalcidadao\/#df1b1a7c7b2a290bcb31e32771e610784662739a88807c0dacac58ede5f391a7530e299dc302d611ee73cb143fc22eaf93592e53e7b5bdb01b00a0b8d28dae460c141dd2ff83412e4dc1c31b16b25f33144a9e5620ea73b13f5bc1c59411d98439ad226e8af03840603796067d87afe130812cf3de24982d0e306f9e61e764e5\" aria-label=\"Banner_Educa\u00e7\u00e3o_PortallavrasTV\"><img src=\"https:\/\/lavras.tv\/site\/wp-content\/uploads\/2025\/01\/Banner_Educacao_PortallavrasTV.png\" alt=\"\"  srcset=\"https:\/\/lavras.tv\/site\/wp-content\/uploads\/2025\/01\/Banner_Educacao_PortallavrasTV.png 720w, https:\/\/lavras.tv\/site\/wp-content\/uploads\/2025\/01\/Banner_Educacao_PortallavrasTV-470x68.png 470w, https:\/\/lavras.tv\/site\/wp-content\/uploads\/2025\/01\/Banner_Educacao_PortallavrasTV-170x25.png 170w, https:\/\/lavras.tv\/site\/wp-content\/uploads\/2025\/01\/Banner_Educacao_PortallavrasTV-200x29.png 200w\" sizes=\"(max-width: 720px) 100vw, 720px\" width=\"720\" height=\"104\"  style=\"display: inline-block;\" \/><\/a><\/div><\/li><li><a href=\"https:\/\/sistemas.lavras.mg.gov.br\/portalcidadao\/#df1b1a7c7b2a290bcb31e32771e610784662739a88807c0dacac58ede5f391a7530e299dc302d611ee73cb143fc22eaf93592e53e7b5bdb01b00a0b8d28dae460c141dd2ff83412e4dc1c31b16b25f33144a9e5620ea73b13f5bc1c59411d98439ad226e8af03840603796067d87afe130812cf3de24982d0e306f9e61e764e5\" aria-label=\"Banner_Sa\u00fade_PortallavrasTV\"><img src=\"https:\/\/lavras.tv\/site\/wp-content\/uploads\/2025\/03\/Banner_Saude_PortallavrasTV.png\" alt=\"\"  srcset=\"https:\/\/lavras.tv\/site\/wp-content\/uploads\/2025\/03\/Banner_Saude_PortallavrasTV.png 720w, https:\/\/lavras.tv\/site\/wp-content\/uploads\/2025\/03\/Banner_Saude_PortallavrasTV-470x68.png 470w, https:\/\/lavras.tv\/site\/wp-content\/uploads\/2025\/03\/Banner_Saude_PortallavrasTV-170x25.png 170w, https:\/\/lavras.tv\/site\/wp-content\/uploads\/2025\/03\/Banner_Saude_PortallavrasTV-200x29.png 200w\" sizes=\"(max-width: 720px) 100vw, 720px\" width=\"720\" height=\"104\"   \/><\/a><\/li><li><div id=\"lavra-2868832141\" style=\"width:720px;height:104px;background-color:#ddd;overflow:scroll;\">\n\t<strong>Sa\u00edda da depura\u00e7\u00e3o de an\u00fancios<\/strong>\n\t<br><br>\n\tO an\u00fancio n\u00e3o \u00e9 exibido na p\u00e1gina<br><br>post atual: Pesquisadora do Unilavras publica artigo na maior revista de Fisioterapia do mundo, ID: 169986<br><br><span style=\"color: red;\">O post atual n\u00e3o \u00e9 id\u00eantico ao post principal.<\/span><br><br>An\u00fancios: ROXO - TOPO INTERNA - ROTATIVO 2 (197)<br \/>Grupo de an\u00fancios: Princ_Meio01_720x104 (27)<br><br>Condi\u00e7\u00f5es de exibi\u00e7\u00e3o<div style=\"margin-bottom: 20px; white-space: pre-wrap; font-family: monospace; width: 100%; background: #ffe9e9;\"><strong>condi\u00e7\u00f5es gerais<\/strong><table border=\"1\"><thead><tr><th><\/th><th>An\u00fancios<\/th><th>wp_the_query<\/th><\/tr><\/thead><tr><td>is_main_query<\/td><td>1<\/td><td>1<\/td><\/tr><tr><td>is_rest_api<\/td><td>0<\/td><td>1<\/td><\/tr><tr><td>page<\/td><td>0<\/td><td>1<\/td><\/tr><tr><td>numpages<\/td><td>0<\/td><td>1<\/td><\/tr><tr><td>is_archive<\/td><td>1<\/td><td><\/td><\/tr><tr><td>is_search<\/td><td>1<\/td><td><\/td><\/tr><tr><td>is_home<\/td><td>1<\/td><td><\/td><\/tr><tr><td>is_404<\/td><td>1<\/td><td><\/td><\/tr><tr><td>is_attachment<\/td><td>1<\/td><td><\/td><\/tr><tr><td>is_singular<\/td><td>1<\/td><td><\/td><\/tr><tr><td>is_front_page<\/td><td>1<\/td><td><\/td><\/tr><tr><td>is_feed<\/td><td>1<\/td><td><\/td><\/tr><\/table><\/div><br><br><span style=\"color: red;\">Seu site usa HTTPS, mas o c\u00f3digo do an\u00fancio cont\u00e9m HTTP e pode n\u00e3o funcionar.<\/span>\t<br><br>\n\t<a style=\"color: green;\" href=\"https:\/\/wpadvancedads.com\/manual\/ad-debug-mode\/?utm_source=advanced-ads&utm_medium=link&utm_campaign=ad-debug-mode\" target=\"_blank\" rel=\"nofollow\">Encontre solu\u00e7\u00f5es no manual<\/a>\n<\/div>\n<\/li><\/ul><\/div><script>( window.advanced_ads_ready || jQuery( document ).ready ).call( null, function() {var $lavraslider1453172532 = jQuery( \".lavra-slider-1453172532\" );$lavraslider1453172532.on( \"unslider.ready\", function() { jQuery( \"div.custom-slider ul li\" ).css( \"display\", \"block\" ); });$lavraslider1453172532.unslider({ delay:4000, autoplay:true, nav:false, arrows:false, infinite:true });$lavraslider1453172532.on(\"mouseover\", function() {$lavraslider1453172532.unslider(\"stop\");}).on(\"mouseout\", function() {$lavraslider1453172532.unslider(\"start\");});});<\/script><\/div>\n<figure class=\"wp-block-image size-large\"><img fetchpriority=\"high\" decoding=\"async\" width=\"970\" height=\"546\" src=\"https:\/\/lavras.tv\/site\/wp-content\/uploads\/2026\/04\/artigo-luciana-lunkes-1-970x546.jpg\" alt=\"\" class=\"wp-image-169987\" srcset=\"https:\/\/lavras.tv\/site\/wp-content\/uploads\/2026\/04\/artigo-luciana-lunkes-1-970x546.jpg 970w, https:\/\/lavras.tv\/site\/wp-content\/uploads\/2026\/04\/artigo-luciana-lunkes-1-470x264.jpg 470w, https:\/\/lavras.tv\/site\/wp-content\/uploads\/2026\/04\/artigo-luciana-lunkes-1-170x96.jpg 170w, https:\/\/lavras.tv\/site\/wp-content\/uploads\/2026\/04\/artigo-luciana-lunkes-1.jpg 1200w\" sizes=\"(max-width: 970px) 100vw, 970px\" \/><\/figure>\n\n\n\n<p>Um estudo liderado pela professora e coordenadora do curso de Fisioterapia do Unilavras, Luciana Crepaldi Lunkes, acaba de ser publicado no Journal of Physiotherapy, considerada uma das mais relevantes revistas cient\u00edficas da \u00e1rea no mundo.<\/p>\n\n\n\n<p>O artigo \u00e9 fruto de uma pesquisa feita durante seu p\u00f3s-doutorado, realizado pelo Programa de P\u00f3s-Gradua\u00e7\u00e3o em Ci\u00eancias da Reabilita\u00e7\u00e3o da Unisuam (Centro Universit\u00e1rio Augusto Motta), no Rio de Janeiro, e contou com a colabora\u00e7\u00e3o dos fisioterapeutas Milton Apolin\u00e1rio Dias Neto, Lav\u00ednia Fernandes Barra, L\u00edvia Resende de Castro e Arthur de S\u00e1 Ferreira, al\u00e9m do professor supervisor Ney Meziat-Filho.<\/p>\n\n\n\n<p>A investiga\u00e7\u00e3o desafia um dos princ\u00edpios tradicionais do m\u00e9todo Pilates e abre novas perspectivas para o tratamento de pacientes com dor lombar cr\u00f4nica.<\/p>\n\n\n\n<p><strong>O que diz o estudo?<\/strong><\/p>\n\n\n\n<p>Tradicionalmente, a pr\u00e1tica do Pilates exige a ativa\u00e7\u00e3o e contra\u00e7\u00e3o constante dos m\u00fasculos do abd\u00f4men (o chamado core ou powerhouse) para garantir a estabilidade da coluna. Por\u00e9m, a pesquisa conduzida pela professora Luciana questionou essa necessidade em pacientes que sofrem de dor lombar cr\u00f4nica, partindo da premissa de que esses indiv\u00edduos j\u00e1 apresentam uma hiperativa\u00e7\u00e3o e rigidez excessiva nessa musculatura.<\/p>\n\n\n\n<p>&#8220;As evid\u00eancias j\u00e1 mostram que pessoas com dor lombar cr\u00f4nica, na verdade, apresentam essa musculatura hiperativada e n\u00e3o fraca, como se acreditava antigamente. Ent\u00e3o, ficava sempre aquela d\u00favida: ser\u00e1 que continuar incentivando a contra\u00e7\u00e3o do abd\u00f4men durante o Pilates faz sentido?&#8221;, explica Luciana.<\/p>\n\n\n\n<p>Durante 12 semanas, 152 pacientes foram divididos em dois grupos e tratados com duas sess\u00f5es semanais de Pilates de 60 minutos. Todos os participantes realizavam os mesmos exerc\u00edcios, origin\u00e1rios do m\u00e9todo Pilates no solo, com uma \u00fanica diferen\u00e7a: enquanto um grupo recebia orienta\u00e7\u00e3o para contrair o abd\u00f4men durante a pr\u00e1tica, o outro era instru\u00eddo a mant\u00ea-lo relaxado.<\/p>\n\n\n\n<p>Os resultados apontaram que instruir o relaxamento dos m\u00fasculos abdominais resultou em uma melhora levemente maior na incapacidade f\u00edsica dos pacientes quando comparado ao grupo que manteve a contra\u00e7\u00e3o.<br>Para outros fatores, como intensidade da dor e funcionalidade espec\u00edfica, manter o abd\u00f4men relaxado se mostrou t\u00e3o bom quanto, ou at\u00e9 sutilmente melhor, do que manter o abd\u00f4men contra\u00eddo. Essa descoberta sugere que o foco excessivo na contra\u00e7\u00e3o pode n\u00e3o ser necess\u00e1rio e que o relaxamento traz benef\u00edcios importantes no al\u00edvio de comportamentos de prote\u00e7\u00e3o muscular excessiva, o que tamb\u00e9m se aplica a outros tipos de exerc\u00edcios terap\u00eauticos no tratamento de pacientes com dor lombar cr\u00f4nica.<\/p>\n\n\n\n<p><\/p>\n\n\n\n<p><strong>Import\u00e2ncia da pesquisa na forma\u00e7\u00e3o dos alunos<\/strong><\/p>\n\n\n\n<p>Um dos grandes diferenciais da pesquisa foi a imers\u00e3o de estudantes do Unilavras no processo. Alunos de inicia\u00e7\u00e3o cient\u00edfica atuaram ativamente durante o ensaio cl\u00ednico. O envolvimento cont\u00ednuo desses estudantes exemplifica a miss\u00e3o do Unilavras em conectar ensino e pr\u00e1tica de alto n\u00edvel.<\/p>\n\n\n\n<p>Sobre o papel transformador da ci\u00eancia na gradua\u00e7\u00e3o, a professora Luciana \u00e9 categ\u00f3rica: &#8220;O aluno que passa pela inicia\u00e7\u00e3o cient\u00edfica e tem contato com pesquisa de verdade \u00e9 outro aluno. Ele se forma de uma maneira completamente diferente&#8221;. A coordenadora ressalta o orgulho em ver os futuros fisioterapeutas participando de publica\u00e7\u00f5es robustas e os incentiva constantemente a se envolverem nos editais de pesquisa da \u00e1rea.<\/p>\n\n\n\n<p>O artigo, intitulado &#8220;Keeping the abdomen relaxed versus contracted during Pilates improves disability slightly and may improve other outcomes in chronic non-specific low back pain: a randomised trial&#8221;, est\u00e1 publicado no volume 72 da Journal of Physiotherapy (2026), com acesso pelo DOI: <a href=\"https:\/\/doi.org\/10.1016\/j.jphys.2026.03.007\">https:\/\/doi.org\/10.1016\/j.jphys.2026.03.007<\/a>.<\/p>\n\n\n\n<p><\/p>\n","protected":false},"excerpt":{"rendered":"<p>Um estudo liderado pela professora e coordenadora do curso de Fisioterapia do Unilavras, Luciana Crepaldi Lunkes, acaba de ser publicado no Journal of Physiotherapy, considerada uma das mais relevantes revistas cient\u00edficas da \u00e1rea no mundo. O artigo \u00e9 fruto de uma pesquisa feita durante seu p\u00f3s-doutorado, realizado pelo Programa de P\u00f3s-Gradua\u00e7\u00e3o em Ci\u00eancias da Reabilita\u00e7\u00e3o [&hellip;]<\/p>\n","protected":false},"author":5,"featured_media":169987,"comment_status":"closed","ping_status":"open","sticky":false,"template":"","format":"standard","meta":{"advgb_blocks_editor_width":"","advgb_blocks_columns_visual_guide":"","_exactmetrics_skip_tracking":false,"_exactmetrics_sitenote_active":false,"_exactmetrics_sitenote_note":"","_exactmetrics_sitenote_category":0,"footnotes":""},"categories":[17,1,2,5760],"tags":[],"class_list":["post-169986","post","type-post","status-publish","format-standard","has-post-thumbnail","hentry","category-jornal-cidade","category-sem-categoria","category-noticias","category-noticias-jornal-cidade"],"better_featured_image":{"id":169987,"alt_text":"","caption":"","description":"","media_type":"image","media_details":{"width":1200,"height":675,"file":"2026\/04\/artigo-luciana-lunkes-1.jpg","filesize":465991,"sizes":{"medium":{"file":"artigo-luciana-lunkes-1-470x264.jpg","width":470,"height":264,"mime-type":"image\/jpeg","filesize":24596,"source_url":"https:\/\/lavras.tv\/site\/wp-content\/uploads\/2026\/04\/artigo-luciana-lunkes-1-470x264.jpg"},"large":{"file":"artigo-luciana-lunkes-1-970x546.jpg","width":970,"height":546,"mime-type":"image\/jpeg","filesize":67224,"source_url":"https:\/\/lavras.tv\/site\/wp-content\/uploads\/2026\/04\/artigo-luciana-lunkes-1-970x546.jpg"},"thumbnail":{"file":"artigo-luciana-lunkes-1-170x96.jpg","width":170,"height":96,"mime-type":"image\/jpeg","filesize":8507,"source_url":"https:\/\/lavras.tv\/site\/wp-content\/uploads\/2026\/04\/artigo-luciana-lunkes-1-170x96.jpg"},"alm-thumbnail":{"file":"artigo-luciana-lunkes-1-150x150.jpg","width":150,"height":150,"mime-type":"image\/jpeg","filesize":10076,"source_url":"https:\/\/lavras.tv\/site\/wp-content\/uploads\/2026\/04\/artigo-luciana-lunkes-1-150x150.jpg"},"sow-carousel-default":{"file":"artigo-luciana-lunkes-1-272x182.jpg","width":272,"height":182,"mime-type":"image\/jpeg","filesize":14586,"source_url":"https:\/\/lavras.tv\/site\/wp-content\/uploads\/2026\/04\/artigo-luciana-lunkes-1-272x182.jpg"}},"image_meta":{"aperture":"0","credit":"","camera":"","caption":"","created_timestamp":"0","copyright":"","focal_length":"0","iso":"0","shutter_speed":"0","title":"","orientation":"1","keywords":[]}},"post":169986,"source_url":"https:\/\/lavras.tv\/site\/wp-content\/uploads\/2026\/04\/artigo-luciana-lunkes-1.jpg"},"author_meta":{"display_name":"Vinicius Bustamante","author_link":"https:\/\/lavras.tv\/site\/author\/vinicius-bustamante\/"},"featured_img":"https:\/\/lavras.tv\/site\/wp-content\/uploads\/2026\/04\/artigo-luciana-lunkes-1-470x264.jpg","coauthors":[],"tax_additional":{"categories":{"linked":["<a href=\"https:\/\/lavras.tv\/site\/category\/sem-categoria\/jornal-cidade\/\" class=\"advgb-post-tax-term\">DESTAQUE PRINCIPAL<\/a>","<a href=\"https:\/\/lavras.tv\/site\/category\/sem-categoria\/\" class=\"advgb-post-tax-term\">JORNAL DA CIDADE<\/a>","<a href=\"https:\/\/lavras.tv\/site\/category\/noticias\/\" class=\"advgb-post-tax-term\">Not\u00edcias<\/a>","<a href=\"https:\/\/lavras.tv\/site\/category\/sem-categoria\/jornal-cidade\/noticias-jornal-cidade\/\" class=\"advgb-post-tax-term\">NOT\u00cdCIAS<\/a>"],"unlinked":["<span class=\"advgb-post-tax-term\">DESTAQUE PRINCIPAL<\/span>","<span class=\"advgb-post-tax-term\">JORNAL DA CIDADE<\/span>","<span class=\"advgb-post-tax-term\">Not\u00edcias<\/span>","<span class=\"advgb-post-tax-term\">NOT\u00cdCIAS<\/span>"]}},"comment_count":"0","relative_dates":{"created":"Publicado 3 semanas atr\u00e1s","modified":"Atualizado 3 semanas atr\u00e1s"},"absolute_dates":{"created":"Publicado em 13 de abril de 2026","modified":"Atualizado em 13 de abril de 2026"},"absolute_dates_time":{"created":"Publicado em 13 de abril de 2026 18:49","modified":"Atualizado em 13 de abril de 2026 18:49"},"featured_img_caption":"","series_order":"","_links":{"self":[{"href":"https:\/\/lavras.tv\/site\/wp-json\/wp\/v2\/posts\/169986","targetHints":{"allow":["GET"]}}],"collection":[{"href":"https:\/\/lavras.tv\/site\/wp-json\/wp\/v2\/posts"}],"about":[{"href":"https:\/\/lavras.tv\/site\/wp-json\/wp\/v2\/types\/post"}],"author":[{"embeddable":true,"href":"https:\/\/lavras.tv\/site\/wp-json\/wp\/v2\/users\/5"}],"replies":[{"embeddable":true,"href":"https:\/\/lavras.tv\/site\/wp-json\/wp\/v2\/comments?post=169986"}],"version-history":[{"count":1,"href":"https:\/\/lavras.tv\/site\/wp-json\/wp\/v2\/posts\/169986\/revisions"}],"predecessor-version":[{"id":169988,"href":"https:\/\/lavras.tv\/site\/wp-json\/wp\/v2\/posts\/169986\/revisions\/169988"}],"wp:featuredmedia":[{"embeddable":true,"href":"https:\/\/lavras.tv\/site\/wp-json\/wp\/v2\/media\/169987"}],"wp:attachment":[{"href":"https:\/\/lavras.tv\/site\/wp-json\/wp\/v2\/media?parent=169986"}],"wp:term":[{"taxonomy":"category","embeddable":true,"href":"https:\/\/lavras.tv\/site\/wp-json\/wp\/v2\/categories?post=169986"},{"taxonomy":"post_tag","embeddable":true,"href":"https:\/\/lavras.tv\/site\/wp-json\/wp\/v2\/tags?post=169986"}],"curies":[{"name":"wp","href":"https:\/\/api.w.org\/{rel}","templated":true}]}}