{"id":169991,"date":"2026-04-13T18:54:36","date_gmt":"2026-04-13T21:54:36","guid":{"rendered":"https:\/\/lavras.tv\/site\/?p=169991"},"modified":"2026-04-13T18:54:37","modified_gmt":"2026-04-13T21:54:37","slug":"minas-aplica-mais-de-150-mil-doses-no-dia-d-e-acelera-vacinacao-contra-gripe","status":"publish","type":"post","link":"https:\/\/lavras.tv\/site\/2026\/04\/13\/minas-aplica-mais-de-150-mil-doses-no-dia-d-e-acelera-vacinacao-contra-gripe\/","title":{"rendered":"Minas aplica mais de 150 mil doses no Dia D e acelera vacina\u00e7\u00e3o contra gripe"},"content":{"rendered":"<div class=\"lavra-antes-do-conteudo_2\" id=\"lavra-3225874128\"><div id=\"lavra-slider-27\" class=\"custom-slider lavra-slider-199035116 lavra-slider\"><ul><li><div style=\"margin-left: auto;margin-right: auto;text-align: center;\" id=\"lavra-779465931\"><a href=\"https:\/\/sistemas.lavras.mg.gov.br\/portalcidadao\/#df1b1a7c7b2a290bcb31e32771e610784662739a88807c0dacac58ede5f391a7530e299dc302d611ee73cb143fc22eaf93592e53e7b5bdb01b00a0b8d28dae460c141dd2ff83412e4dc1c31b16b25f33144a9e5620ea73b13f5bc1c59411d98439ad226e8af03840603796067d87afe130812cf3de24982d0e306f9e61e764e5\" aria-label=\"Lavras-TV&#8211;720x104px (1) (1)\"><img src=\"https:\/\/lavras.tv\/site\/wp-content\/uploads\/2025\/01\/Lavras-TV-720x104px-1-1.png\" alt=\"\"  srcset=\"https:\/\/lavras.tv\/site\/wp-content\/uploads\/2025\/01\/Lavras-TV-720x104px-1-1.png 720w, https:\/\/lavras.tv\/site\/wp-content\/uploads\/2025\/01\/Lavras-TV-720x104px-1-1-470x68.png 470w, https:\/\/lavras.tv\/site\/wp-content\/uploads\/2025\/01\/Lavras-TV-720x104px-1-1-170x25.png 170w, https:\/\/lavras.tv\/site\/wp-content\/uploads\/2025\/01\/Lavras-TV-720x104px-1-1-200x29.png 200w\" sizes=\"(max-width: 720px) 100vw, 720px\" width=\"720\" height=\"104\"  style=\"display: inline-block;\" \/><\/a><\/div><\/li><li><a href=\"https:\/\/sistemas.lavras.mg.gov.br\/portalcidadao\/#df1b1a7c7b2a290bcb31e32771e610784662739a88807c0dacac58ede5f391a7530e299dc302d611ee73cb143fc22eaf93592e53e7b5bdb01b00a0b8d28dae460c141dd2ff83412e4dc1c31b16b25f33144a9e5620ea73b13f5bc1c59411d98439ad226e8af03840603796067d87afe130812cf3de24982d0e306f9e61e764e5\" aria-label=\"Banner_Emprego_PortallavrasTV\"><img src=\"https:\/\/lavras.tv\/site\/wp-content\/uploads\/2025\/03\/Banner_Emprego_PortallavrasTV.png\" alt=\"\"  srcset=\"https:\/\/lavras.tv\/site\/wp-content\/uploads\/2025\/03\/Banner_Emprego_PortallavrasTV.png 720w, https:\/\/lavras.tv\/site\/wp-content\/uploads\/2025\/03\/Banner_Emprego_PortallavrasTV-470x68.png 470w, https:\/\/lavras.tv\/site\/wp-content\/uploads\/2025\/03\/Banner_Emprego_PortallavrasTV-170x25.png 170w, https:\/\/lavras.tv\/site\/wp-content\/uploads\/2025\/03\/Banner_Emprego_PortallavrasTV-200x29.png 200w\" sizes=\"(max-width: 720px) 100vw, 720px\" width=\"720\" height=\"104\"   \/><\/a><\/li><li><a href=\"https:\/\/sistemas.lavras.mg.gov.br\/portalcidadao\/#df1b1a7c7b2a290bcb31e32771e610784662739a88807c0dacac58ede5f391a7530e299dc302d611ee73cb143fc22eaf93592e53e7b5bdb01b00a0b8d28dae460c141dd2ff83412e4dc1c31b16b25f33144a9e5620ea73b13f5bc1c59411d98439ad226e8af03840603796067d87afe130812cf3de24982d0e306f9e61e764e5\" aria-label=\"Banner_Obras_PortallavrasTV\"><img src=\"https:\/\/lavras.tv\/site\/wp-content\/uploads\/2025\/03\/Banner_Obras_PortallavrasTV.png\" alt=\"\"  srcset=\"https:\/\/lavras.tv\/site\/wp-content\/uploads\/2025\/03\/Banner_Obras_PortallavrasTV.png 720w, https:\/\/lavras.tv\/site\/wp-content\/uploads\/2025\/03\/Banner_Obras_PortallavrasTV-470x68.png 470w, https:\/\/lavras.tv\/site\/wp-content\/uploads\/2025\/03\/Banner_Obras_PortallavrasTV-170x25.png 170w, https:\/\/lavras.tv\/site\/wp-content\/uploads\/2025\/03\/Banner_Obras_PortallavrasTV-200x29.png 200w\" sizes=\"(max-width: 720px) 100vw, 720px\" width=\"720\" height=\"104\"   \/><\/a><\/li><li><div style=\"margin-left: auto;margin-right: auto;text-align: center;\" id=\"lavra-2974930730\"><a href=\"https:\/\/sistemas.lavras.mg.gov.br\/portalcidadao\/#df1b1a7c7b2a290bcb31e32771e610784662739a88807c0dacac58ede5f391a7530e299dc302d611ee73cb143fc22eaf93592e53e7b5bdb01b00a0b8d28dae460c141dd2ff83412e4dc1c31b16b25f33144a9e5620ea73b13f5bc1c59411d98439ad226e8af03840603796067d87afe130812cf3de24982d0e306f9e61e764e5\" aria-label=\"Banner_Educa\u00e7\u00e3o_PortallavrasTV\"><img src=\"https:\/\/lavras.tv\/site\/wp-content\/uploads\/2025\/01\/Banner_Educacao_PortallavrasTV.png\" alt=\"\"  srcset=\"https:\/\/lavras.tv\/site\/wp-content\/uploads\/2025\/01\/Banner_Educacao_PortallavrasTV.png 720w, https:\/\/lavras.tv\/site\/wp-content\/uploads\/2025\/01\/Banner_Educacao_PortallavrasTV-470x68.png 470w, https:\/\/lavras.tv\/site\/wp-content\/uploads\/2025\/01\/Banner_Educacao_PortallavrasTV-170x25.png 170w, https:\/\/lavras.tv\/site\/wp-content\/uploads\/2025\/01\/Banner_Educacao_PortallavrasTV-200x29.png 200w\" sizes=\"(max-width: 720px) 100vw, 720px\" width=\"720\" height=\"104\"  style=\"display: inline-block;\" \/><\/a><\/div><\/li><li><a href=\"https:\/\/sistemas.lavras.mg.gov.br\/portalcidadao\/#df1b1a7c7b2a290bcb31e32771e610784662739a88807c0dacac58ede5f391a7530e299dc302d611ee73cb143fc22eaf93592e53e7b5bdb01b00a0b8d28dae460c141dd2ff83412e4dc1c31b16b25f33144a9e5620ea73b13f5bc1c59411d98439ad226e8af03840603796067d87afe130812cf3de24982d0e306f9e61e764e5\" aria-label=\"Banner_Sa\u00fade_PortallavrasTV\"><img src=\"https:\/\/lavras.tv\/site\/wp-content\/uploads\/2025\/03\/Banner_Saude_PortallavrasTV.png\" alt=\"\"  srcset=\"https:\/\/lavras.tv\/site\/wp-content\/uploads\/2025\/03\/Banner_Saude_PortallavrasTV.png 720w, https:\/\/lavras.tv\/site\/wp-content\/uploads\/2025\/03\/Banner_Saude_PortallavrasTV-470x68.png 470w, https:\/\/lavras.tv\/site\/wp-content\/uploads\/2025\/03\/Banner_Saude_PortallavrasTV-170x25.png 170w, https:\/\/lavras.tv\/site\/wp-content\/uploads\/2025\/03\/Banner_Saude_PortallavrasTV-200x29.png 200w\" sizes=\"(max-width: 720px) 100vw, 720px\" width=\"720\" height=\"104\"   \/><\/a><\/li><li><div id=\"lavra-912904411\" style=\"width:720px;height:104px;background-color:#ddd;overflow:scroll;\">\n\t<strong>Sa\u00edda da depura\u00e7\u00e3o de an\u00fancios<\/strong>\n\t<br><br>\n\tO an\u00fancio n\u00e3o \u00e9 exibido na p\u00e1gina<br><br>post atual: Minas aplica mais de 150 mil doses no Dia D e acelera vacina\u00e7\u00e3o contra gripe, ID: 169991<br><br><span style=\"color: red;\">O post atual n\u00e3o \u00e9 id\u00eantico ao post principal.<\/span><br><br>An\u00fancios: ROXO - TOPO INTERNA - ROTATIVO 2 (197)<br \/>Grupo de an\u00fancios: Princ_Meio01_720x104 (27)<br><br>Condi\u00e7\u00f5es de exibi\u00e7\u00e3o<div style=\"margin-bottom: 20px; white-space: pre-wrap; font-family: monospace; width: 100%; background: #ffe9e9;\"><strong>condi\u00e7\u00f5es gerais<\/strong><table border=\"1\"><thead><tr><th><\/th><th>An\u00fancios<\/th><th>wp_the_query<\/th><\/tr><\/thead><tr><td>is_main_query<\/td><td>1<\/td><td>1<\/td><\/tr><tr><td>is_rest_api<\/td><td>0<\/td><td>1<\/td><\/tr><tr><td>page<\/td><td>0<\/td><td>1<\/td><\/tr><tr><td>numpages<\/td><td>0<\/td><td>1<\/td><\/tr><tr><td>is_archive<\/td><td>1<\/td><td><\/td><\/tr><tr><td>is_search<\/td><td>1<\/td><td><\/td><\/tr><tr><td>is_home<\/td><td>1<\/td><td><\/td><\/tr><tr><td>is_404<\/td><td>1<\/td><td><\/td><\/tr><tr><td>is_attachment<\/td><td>1<\/td><td><\/td><\/tr><tr><td>is_singular<\/td><td>1<\/td><td><\/td><\/tr><tr><td>is_front_page<\/td><td>1<\/td><td><\/td><\/tr><tr><td>is_feed<\/td><td>1<\/td><td><\/td><\/tr><\/table><\/div><br><br><span style=\"color: red;\">Seu site usa HTTPS, mas o c\u00f3digo do an\u00fancio cont\u00e9m HTTP e pode n\u00e3o funcionar.<\/span>\t<br><br>\n\t<a style=\"color: green;\" href=\"https:\/\/wpadvancedads.com\/manual\/ad-debug-mode\/?utm_source=advanced-ads&utm_medium=link&utm_campaign=ad-debug-mode\" target=\"_blank\" rel=\"nofollow\">Encontre solu\u00e7\u00f5es no manual<\/a>\n<\/div>\n<\/li><\/ul><\/div><script>( window.advanced_ads_ready || jQuery( document ).ready ).call( null, function() {var $lavraslider199035116 = jQuery( \".lavra-slider-199035116\" );$lavraslider199035116.on( \"unslider.ready\", function() { jQuery( \"div.custom-slider ul li\" ).css( \"display\", \"block\" ); });$lavraslider199035116.unslider({ delay:4000, autoplay:true, nav:false, arrows:false, infinite:true });$lavraslider199035116.on(\"mouseover\", function() {$lavraslider199035116.unslider(\"stop\");}).on(\"mouseout\", function() {$lavraslider199035116.unslider(\"start\");});});<\/script><\/div>\n<h2 class=\"wp-block-heading\">Governo de Minas mobilizou 96% dos munic\u00edpios e se aproxima de 900 mil doses aplicadas em menos de um m\u00eas de campanha<\/h2>\n\n\n\n<figure class=\"wp-block-image\"><img decoding=\"async\" src=\"https:\/\/agenciaminas.mg.gov.br\/system\/news\/images\/000\/129\/666\/large\/20260411_092700.jpg_%281%29abbb.jpg?1776105184\" alt=\"imagem de destaque\"\/><\/figure>\n\n\n\n<p>Minas Gerais aplicou mais de 150 mil doses de vacina contra a influenza no Dia D, realizado no \u00faltimo s\u00e1bado (11\/4). A mobiliza\u00e7\u00e3o, coordenada pelo&nbsp;<a href=\"https:\/\/www.mg.gov.br\/\" target=\"_blank\" rel=\"noreferrer noopener\">Governo de Minas<\/a>, por meio da&nbsp;<a href=\"https:\/\/www.saude.mg.gov.br\/\" target=\"_blank\" rel=\"noreferrer noopener\">Secretaria de Estado de Sa\u00fade (SES-MG)<\/a>, envolveu mais de 820 munic\u00edpios, o equivalente a 96% das cidades do estado, com a\u00e7\u00f5es extramuros e amplia\u00e7\u00e3o do hor\u00e1rio de atendimento nas unidades de sa\u00fade.<\/p>\n\n\n\n<p>O n\u00famero ainda pode crescer nos pr\u00f3ximos dias, com a consolida\u00e7\u00e3o dos dados das a\u00e7\u00f5es extramuros realizadas pelos munic\u00edpios durante a mobiliza\u00e7\u00e3o. O resultado refor\u00e7a o ritmo da campanha, que desde o in\u00edcio da vacina\u00e7\u00e3o, em 23\/3, Minas j\u00e1 aplicou quase 900 mil doses em menos de um m\u00eas.<\/p>\n\n\n\n<p>Em Belo Horizonte, o subsecret\u00e1rio de Vigil\u00e2ncia em Sa\u00fade, Eduardo&nbsp;Prosdocimi, acompanhou a mobiliza\u00e7\u00e3o no Parque Municipal Am\u00e9rico&nbsp;Renn\u00e9&nbsp;Giannetti.<\/p>\n\n\n\n<p>\u201cA mobiliza\u00e7\u00e3o deste s\u00e1bado mostra a for\u00e7a da vacina\u00e7\u00e3o em Minas. Estamos conseguindo ampliar o alcance e facilitar o acesso da popula\u00e7\u00e3o. A vacina \u00e9 a principal forma de evitar casos graves e interna\u00e7\u00f5es, especialmente neste per\u00edodo de maior circula\u00e7\u00e3o de v\u00edrus respirat\u00f3rios\u201d, afirmou.<\/p>\n\n\n\n<p>At\u00e9 o momento, o estado j\u00e1 recebeu cerca de 3,2 milh\u00f5es de doses, distribu\u00eddas para todos os munic\u00edpios. A meta do Programa Nacional de Imuniza\u00e7\u00f5es (PNI) \u00e9 alcan\u00e7ar 90% de cobertura vacinal do p\u00fablico-alvo.<\/p>\n\n\n\n<p><strong>Campanha segue em todo o estado<\/strong><\/p>\n\n\n\n<p>A vacina\u00e7\u00e3o continua em Minas Gerais ao longo dos pr\u00f3ximos meses, com foco na prote\u00e7\u00e3o dos grupos mais vulner\u00e1veis. A orienta\u00e7\u00e3o da Secretaria \u00e9 que a popula\u00e7\u00e3o procure a Unidade B\u00e1sica de Sa\u00fade mais pr\u00f3xima ou os pontos de vacina\u00e7\u00e3o itinerantes.<\/p>\n\n\n\n<p>O p\u00fablico priorit\u00e1rio inclui crian\u00e7as de 6 meses a menores de 6 anos, gestantes, idosos com 60 anos ou mais, povos ind\u00edgenas e quilombolas, pessoas em situa\u00e7\u00e3o de rua, trabalhadores da sa\u00fade e da educa\u00e7\u00e3o, profissionais das for\u00e7as de seguran\u00e7a, pessoas com defici\u00eancia e pessoas com doen\u00e7as cr\u00f4nicas ou condi\u00e7\u00f5es cl\u00ednicas especiais, entre outros.<\/p>\n\n\n\n<p><strong>Vacina\u00e7\u00e3o \u00e9 essencial para reduzir interna\u00e7\u00f5es<\/strong><\/p>\n\n\n\n<p>A campanha ocorre em paralelo ao aumento sazonal das doen\u00e7as respirat\u00f3rias.<strong>&nbsp;<\/strong>Em 2026, Minas j\u00e1&nbsp;registrou&nbsp;mais de6 mil casos de S\u00edndrome Respirat\u00f3ria Aguda Grave (SRAG).<\/p>\n\n\n\n<p>A vacina contra a influenza \u00e9 gratuita, segura e protege contra os principais v\u00edrus em circula\u00e7\u00e3o, incluindo os tipos A (H1N1 e H3N2) e B.<\/p>\n\n\n\n<p>Para fortalecer a resposta assistencial, o Governo de Minas mant\u00e9m ativa a Sala de Monitoramento de V\u00edrus Respirat\u00f3rios, que acompanha em tempo real os dados de casos, interna\u00e7\u00f5es e ocupa\u00e7\u00e3o de leitos em todo o estado, permitindo decis\u00f5es mais r\u00e1pidas na rede de sa\u00fade.<\/p>\n\n\n\n<p><strong>Investimentos ampliam acesso \u00e0 vacina\u00e7\u00e3o<\/strong><\/p>\n\n\n\n<p>Desde 2023, o Governo de Minas j\u00e1 investiu mais de R$ 530 milh\u00f5es em a\u00e7\u00f5es de vacina\u00e7\u00e3o, incluindo aquisi\u00e7\u00e3o de insumos, apoio \u00e0s campanhas e fortalecimento da estrutura dos munic\u00edpios.<\/p>\n\n\n\n<p>Desse total, cerca de R$ 165 milh\u00f5es foram destinados \u00e0 operacionaliza\u00e7\u00e3o das campanhas, com compra de seringas, log\u00edstica e distribui\u00e7\u00e3o de vacinas em todo o territ\u00f3rio.<\/p>\n\n\n\n<p>O estado tamb\u00e9m investiu mais de R$ 100 milh\u00f5es na aquisi\u00e7\u00e3o de&nbsp;vacim\u00f3veis, vans adaptadas que levam a vacina\u00e7\u00e3o para mais perto da popula\u00e7\u00e3o. At\u00e9 o momento, 249 ve\u00edculos j\u00e1 foram entregues.<\/p>\n\n\n\n<p>O impacto da estrat\u00e9gia j\u00e1 aparece nos resultados: em 2024, foram aplicadas pouco mais de 5 mil doses nesses equipamentos. Em 2025, o n\u00famero saltou para cerca de 320 mil aplica\u00e7\u00f5es, um crescimento de mais de 60 vezes.<\/p>\n","protected":false},"excerpt":{"rendered":"<p>Governo de Minas mobilizou 96% dos munic\u00edpios e se aproxima de 900 mil doses aplicadas em menos de um m\u00eas de campanha Minas Gerais aplicou mais de 150 mil doses de vacina contra a influenza no Dia D, realizado no \u00faltimo s\u00e1bado (11\/4). A mobiliza\u00e7\u00e3o, coordenada pelo&nbsp;Governo de Minas, por meio da&nbsp;Secretaria de Estado de [&hellip;]<\/p>\n","protected":false},"author":5,"featured_media":169992,"comment_status":"closed","ping_status":"open","sticky":false,"template":"","format":"standard","meta":{"advgb_blocks_editor_width":"","advgb_blocks_columns_visual_guide":"","_exactmetrics_skip_tracking":false,"_exactmetrics_sitenote_active":false,"_exactmetrics_sitenote_note":"","_exactmetrics_sitenote_category":0,"footnotes":""},"categories":[7,2,5749],"tags":[],"class_list":["post-169991","post","type-post","status-publish","format-standard","has-post-thumbnail","hentry","category-destaques","category-noticias","category-saude"],"better_featured_image":{"id":169992,"alt_text":"","caption":"","description":"","media_type":"image","media_details":{"width":940,"height":350,"file":"2026\/04\/20260411_092700.jpg_1abbb.jpg","filesize":474625,"sizes":{"medium":{"file":"20260411_092700.jpg_1abbb-470x175.jpg","width":470,"height":175,"mime-type":"image\/jpeg","filesize":30991,"source_url":"https:\/\/lavras.tv\/site\/wp-content\/uploads\/2026\/04\/20260411_092700.jpg_1abbb-470x175.jpg"},"thumbnail":{"file":"20260411_092700.jpg_1abbb-170x63.jpg","width":170,"height":63,"mime-type":"image\/jpeg","filesize":7687,"source_url":"https:\/\/lavras.tv\/site\/wp-content\/uploads\/2026\/04\/20260411_092700.jpg_1abbb-170x63.jpg"},"alm-thumbnail":{"file":"20260411_092700.jpg_1abbb-150x150.jpg","width":150,"height":150,"mime-type":"image\/jpeg","filesize":10796,"source_url":"https:\/\/lavras.tv\/site\/wp-content\/uploads\/2026\/04\/20260411_092700.jpg_1abbb-150x150.jpg"},"sow-carousel-default":{"file":"20260411_092700.jpg_1abbb-272x182.jpg","width":272,"height":182,"mime-type":"image\/jpeg","filesize":19191,"source_url":"https:\/\/lavras.tv\/site\/wp-content\/uploads\/2026\/04\/20260411_092700.jpg_1abbb-272x182.jpg"}},"image_meta":{"aperture":"1.8","credit":"","camera":"Galaxy S24 FE","caption":"","created_timestamp":"0","copyright":"","focal_length":"5.4","iso":"25","shutter_speed":"0.001937","title":"","orientation":"0","keywords":[]}},"post":169991,"source_url":"https:\/\/lavras.tv\/site\/wp-content\/uploads\/2026\/04\/20260411_092700.jpg_1abbb.jpg"},"author_meta":{"display_name":"Vinicius Bustamante","author_link":"https:\/\/lavras.tv\/site\/author\/vinicius-bustamante\/"},"featured_img":"https:\/\/lavras.tv\/site\/wp-content\/uploads\/2026\/04\/20260411_092700.jpg_1abbb-470x175.jpg","coauthors":[],"tax_additional":{"categories":{"linked":["<a href=\"https:\/\/lavras.tv\/site\/category\/destaques\/\" class=\"advgb-post-tax-term\">Destaques<\/a>","<a href=\"https:\/\/lavras.tv\/site\/category\/noticias\/\" class=\"advgb-post-tax-term\">Not\u00edcias<\/a>","<a href=\"https:\/\/lavras.tv\/site\/category\/saude\/\" class=\"advgb-post-tax-term\">Sa\u00fade<\/a>"],"unlinked":["<span class=\"advgb-post-tax-term\">Destaques<\/span>","<span class=\"advgb-post-tax-term\">Not\u00edcias<\/span>","<span class=\"advgb-post-tax-term\">Sa\u00fade<\/span>"]}},"comment_count":"0","relative_dates":{"created":"Publicado 3 semanas atr\u00e1s","modified":"Atualizado 3 semanas atr\u00e1s"},"absolute_dates":{"created":"Publicado em 13 de abril de 2026","modified":"Atualizado em 13 de abril de 2026"},"absolute_dates_time":{"created":"Publicado em 13 de abril de 2026 18:54","modified":"Atualizado em 13 de abril de 2026 18:54"},"featured_img_caption":"","series_order":"","_links":{"self":[{"href":"https:\/\/lavras.tv\/site\/wp-json\/wp\/v2\/posts\/169991","targetHints":{"allow":["GET"]}}],"collection":[{"href":"https:\/\/lavras.tv\/site\/wp-json\/wp\/v2\/posts"}],"about":[{"href":"https:\/\/lavras.tv\/site\/wp-json\/wp\/v2\/types\/post"}],"author":[{"embeddable":true,"href":"https:\/\/lavras.tv\/site\/wp-json\/wp\/v2\/users\/5"}],"replies":[{"embeddable":true,"href":"https:\/\/lavras.tv\/site\/wp-json\/wp\/v2\/comments?post=169991"}],"version-history":[{"count":1,"href":"https:\/\/lavras.tv\/site\/wp-json\/wp\/v2\/posts\/169991\/revisions"}],"predecessor-version":[{"id":169993,"href":"https:\/\/lavras.tv\/site\/wp-json\/wp\/v2\/posts\/169991\/revisions\/169993"}],"wp:featuredmedia":[{"embeddable":true,"href":"https:\/\/lavras.tv\/site\/wp-json\/wp\/v2\/media\/169992"}],"wp:attachment":[{"href":"https:\/\/lavras.tv\/site\/wp-json\/wp\/v2\/media?parent=169991"}],"wp:term":[{"taxonomy":"category","embeddable":true,"href":"https:\/\/lavras.tv\/site\/wp-json\/wp\/v2\/categories?post=169991"},{"taxonomy":"post_tag","embeddable":true,"href":"https:\/\/lavras.tv\/site\/wp-json\/wp\/v2\/tags?post=169991"}],"curies":[{"name":"wp","href":"https:\/\/api.w.org\/{rel}","templated":true}]}}