{"id":170008,"date":"2026-04-15T18:08:48","date_gmt":"2026-04-15T21:08:48","guid":{"rendered":"https:\/\/lavras.tv\/site\/?p=170008"},"modified":"2026-04-16T14:42:37","modified_gmt":"2026-04-16T17:42:37","slug":"tarcisio-de-freitas-sera-homenageado-com-o-grande-colar-da-medalha-da-inconfidencia-em-minas-gerais","status":"publish","type":"post","link":"https:\/\/lavras.tv\/site\/2026\/04\/15\/tarcisio-de-freitas-sera-homenageado-com-o-grande-colar-da-medalha-da-inconfidencia-em-minas-gerais\/","title":{"rendered":"Tarc\u00edsio de Freitas ser\u00e1 homenageado com o Grande Colar da Medalha da Inconfid\u00eancia em Minas Gerais"},"content":{"rendered":"<div class=\"lavra-antes-do-conteudo_2\" id=\"lavra-219823224\"><div id=\"lavra-slider-27\" class=\"custom-slider lavra-slider-33459478 lavra-slider\"><ul><li><div style=\"margin-left: auto;margin-right: auto;text-align: center;\" id=\"lavra-274658056\"><a href=\"https:\/\/sistemas.lavras.mg.gov.br\/portalcidadao\/#df1b1a7c7b2a290bcb31e32771e610784662739a88807c0dacac58ede5f391a7530e299dc302d611ee73cb143fc22eaf93592e53e7b5bdb01b00a0b8d28dae460c141dd2ff83412e4dc1c31b16b25f33144a9e5620ea73b13f5bc1c59411d98439ad226e8af03840603796067d87afe130812cf3de24982d0e306f9e61e764e5\" aria-label=\"Lavras-TV&#8211;720x104px (1) (1)\"><img src=\"https:\/\/lavras.tv\/site\/wp-content\/uploads\/2025\/01\/Lavras-TV-720x104px-1-1.png\" alt=\"\"  srcset=\"https:\/\/lavras.tv\/site\/wp-content\/uploads\/2025\/01\/Lavras-TV-720x104px-1-1.png 720w, https:\/\/lavras.tv\/site\/wp-content\/uploads\/2025\/01\/Lavras-TV-720x104px-1-1-470x68.png 470w, https:\/\/lavras.tv\/site\/wp-content\/uploads\/2025\/01\/Lavras-TV-720x104px-1-1-170x25.png 170w, https:\/\/lavras.tv\/site\/wp-content\/uploads\/2025\/01\/Lavras-TV-720x104px-1-1-200x29.png 200w\" sizes=\"(max-width: 720px) 100vw, 720px\" width=\"720\" height=\"104\"  style=\"display: inline-block;\" \/><\/a><\/div><\/li><li><a href=\"https:\/\/sistemas.lavras.mg.gov.br\/portalcidadao\/#df1b1a7c7b2a290bcb31e32771e610784662739a88807c0dacac58ede5f391a7530e299dc302d611ee73cb143fc22eaf93592e53e7b5bdb01b00a0b8d28dae460c141dd2ff83412e4dc1c31b16b25f33144a9e5620ea73b13f5bc1c59411d98439ad226e8af03840603796067d87afe130812cf3de24982d0e306f9e61e764e5\" aria-label=\"Banner_Emprego_PortallavrasTV\"><img src=\"https:\/\/lavras.tv\/site\/wp-content\/uploads\/2025\/03\/Banner_Emprego_PortallavrasTV.png\" alt=\"\"  srcset=\"https:\/\/lavras.tv\/site\/wp-content\/uploads\/2025\/03\/Banner_Emprego_PortallavrasTV.png 720w, https:\/\/lavras.tv\/site\/wp-content\/uploads\/2025\/03\/Banner_Emprego_PortallavrasTV-470x68.png 470w, https:\/\/lavras.tv\/site\/wp-content\/uploads\/2025\/03\/Banner_Emprego_PortallavrasTV-170x25.png 170w, https:\/\/lavras.tv\/site\/wp-content\/uploads\/2025\/03\/Banner_Emprego_PortallavrasTV-200x29.png 200w\" sizes=\"(max-width: 720px) 100vw, 720px\" width=\"720\" height=\"104\"   \/><\/a><\/li><li><a href=\"https:\/\/sistemas.lavras.mg.gov.br\/portalcidadao\/#df1b1a7c7b2a290bcb31e32771e610784662739a88807c0dacac58ede5f391a7530e299dc302d611ee73cb143fc22eaf93592e53e7b5bdb01b00a0b8d28dae460c141dd2ff83412e4dc1c31b16b25f33144a9e5620ea73b13f5bc1c59411d98439ad226e8af03840603796067d87afe130812cf3de24982d0e306f9e61e764e5\" aria-label=\"Banner_Obras_PortallavrasTV\"><img src=\"https:\/\/lavras.tv\/site\/wp-content\/uploads\/2025\/03\/Banner_Obras_PortallavrasTV.png\" alt=\"\"  srcset=\"https:\/\/lavras.tv\/site\/wp-content\/uploads\/2025\/03\/Banner_Obras_PortallavrasTV.png 720w, https:\/\/lavras.tv\/site\/wp-content\/uploads\/2025\/03\/Banner_Obras_PortallavrasTV-470x68.png 470w, https:\/\/lavras.tv\/site\/wp-content\/uploads\/2025\/03\/Banner_Obras_PortallavrasTV-170x25.png 170w, https:\/\/lavras.tv\/site\/wp-content\/uploads\/2025\/03\/Banner_Obras_PortallavrasTV-200x29.png 200w\" sizes=\"(max-width: 720px) 100vw, 720px\" width=\"720\" height=\"104\"   \/><\/a><\/li><li><div style=\"margin-left: auto;margin-right: auto;text-align: center;\" id=\"lavra-1202947659\"><a href=\"https:\/\/sistemas.lavras.mg.gov.br\/portalcidadao\/#df1b1a7c7b2a290bcb31e32771e610784662739a88807c0dacac58ede5f391a7530e299dc302d611ee73cb143fc22eaf93592e53e7b5bdb01b00a0b8d28dae460c141dd2ff83412e4dc1c31b16b25f33144a9e5620ea73b13f5bc1c59411d98439ad226e8af03840603796067d87afe130812cf3de24982d0e306f9e61e764e5\" aria-label=\"Banner_Educa\u00e7\u00e3o_PortallavrasTV\"><img src=\"https:\/\/lavras.tv\/site\/wp-content\/uploads\/2025\/01\/Banner_Educacao_PortallavrasTV.png\" alt=\"\"  srcset=\"https:\/\/lavras.tv\/site\/wp-content\/uploads\/2025\/01\/Banner_Educacao_PortallavrasTV.png 720w, https:\/\/lavras.tv\/site\/wp-content\/uploads\/2025\/01\/Banner_Educacao_PortallavrasTV-470x68.png 470w, https:\/\/lavras.tv\/site\/wp-content\/uploads\/2025\/01\/Banner_Educacao_PortallavrasTV-170x25.png 170w, https:\/\/lavras.tv\/site\/wp-content\/uploads\/2025\/01\/Banner_Educacao_PortallavrasTV-200x29.png 200w\" sizes=\"(max-width: 720px) 100vw, 720px\" width=\"720\" height=\"104\"  style=\"display: inline-block;\" \/><\/a><\/div><\/li><li><a href=\"https:\/\/sistemas.lavras.mg.gov.br\/portalcidadao\/#df1b1a7c7b2a290bcb31e32771e610784662739a88807c0dacac58ede5f391a7530e299dc302d611ee73cb143fc22eaf93592e53e7b5bdb01b00a0b8d28dae460c141dd2ff83412e4dc1c31b16b25f33144a9e5620ea73b13f5bc1c59411d98439ad226e8af03840603796067d87afe130812cf3de24982d0e306f9e61e764e5\" aria-label=\"Banner_Sa\u00fade_PortallavrasTV\"><img src=\"https:\/\/lavras.tv\/site\/wp-content\/uploads\/2025\/03\/Banner_Saude_PortallavrasTV.png\" alt=\"\"  srcset=\"https:\/\/lavras.tv\/site\/wp-content\/uploads\/2025\/03\/Banner_Saude_PortallavrasTV.png 720w, https:\/\/lavras.tv\/site\/wp-content\/uploads\/2025\/03\/Banner_Saude_PortallavrasTV-470x68.png 470w, https:\/\/lavras.tv\/site\/wp-content\/uploads\/2025\/03\/Banner_Saude_PortallavrasTV-170x25.png 170w, https:\/\/lavras.tv\/site\/wp-content\/uploads\/2025\/03\/Banner_Saude_PortallavrasTV-200x29.png 200w\" sizes=\"(max-width: 720px) 100vw, 720px\" width=\"720\" height=\"104\"   \/><\/a><\/li><li><div id=\"lavra-527919475\" style=\"width:720px;height:104px;background-color:#ddd;overflow:scroll;\">\n\t<strong>Sa\u00edda da depura\u00e7\u00e3o de an\u00fancios<\/strong>\n\t<br><br>\n\tO an\u00fancio n\u00e3o \u00e9 exibido na p\u00e1gina<br><br>post atual: Tarc\u00edsio de Freitas ser\u00e1 homenageado com o Grande Colar da Medalha da Inconfid\u00eancia em Minas Gerais, ID: 170008<br><br><span style=\"color: red;\">O post atual n\u00e3o \u00e9 id\u00eantico ao post principal.<\/span><br><br>An\u00fancios: ROXO - TOPO INTERNA - ROTATIVO 2 (197)<br \/>Grupo de an\u00fancios: Princ_Meio01_720x104 (27)<br><br>Condi\u00e7\u00f5es de exibi\u00e7\u00e3o<div style=\"margin-bottom: 20px; white-space: pre-wrap; font-family: monospace; width: 100%; background: #ffe9e9;\"><strong>condi\u00e7\u00f5es gerais<\/strong><table border=\"1\"><thead><tr><th><\/th><th>An\u00fancios<\/th><th>wp_the_query<\/th><\/tr><\/thead><tr><td>is_main_query<\/td><td>1<\/td><td>1<\/td><\/tr><tr><td>is_rest_api<\/td><td>0<\/td><td>1<\/td><\/tr><tr><td>page<\/td><td>0<\/td><td>1<\/td><\/tr><tr><td>numpages<\/td><td>0<\/td><td>1<\/td><\/tr><tr><td>is_archive<\/td><td>1<\/td><td><\/td><\/tr><tr><td>is_search<\/td><td>1<\/td><td><\/td><\/tr><tr><td>is_home<\/td><td>1<\/td><td><\/td><\/tr><tr><td>is_404<\/td><td>1<\/td><td><\/td><\/tr><tr><td>is_attachment<\/td><td>1<\/td><td><\/td><\/tr><tr><td>is_singular<\/td><td>1<\/td><td><\/td><\/tr><tr><td>is_front_page<\/td><td>1<\/td><td><\/td><\/tr><tr><td>is_feed<\/td><td>1<\/td><td><\/td><\/tr><\/table><\/div><br><br><span style=\"color: red;\">Seu site usa HTTPS, mas o c\u00f3digo do an\u00fancio cont\u00e9m HTTP e pode n\u00e3o funcionar.<\/span>\t<br><br>\n\t<a style=\"color: green;\" href=\"https:\/\/wpadvancedads.com\/manual\/ad-debug-mode\/?utm_source=advanced-ads&utm_medium=link&utm_campaign=ad-debug-mode\" target=\"_blank\" rel=\"nofollow\">Encontre solu\u00e7\u00f5es no manual<\/a>\n<\/div>\n<\/li><\/ul><\/div><script>( window.advanced_ads_ready || jQuery( document ).ready ).call( null, function() {var $lavraslider33459478 = jQuery( \".lavra-slider-33459478\" );$lavraslider33459478.on( \"unslider.ready\", function() { jQuery( \"div.custom-slider ul li\" ).css( \"display\", \"block\" ); });$lavraslider33459478.unslider({ delay:4000, autoplay:true, nav:false, arrows:false, infinite:true });$lavraslider33459478.on(\"mouseover\", function() {$lavraslider33459478.unslider(\"stop\");}).on(\"mouseout\", function() {$lavraslider33459478.unslider(\"start\");});});<\/script><\/div>\n<p>Na ocasi\u00e3o, ele receber\u00e1 o Grande Colar da Medalha da Inconfid\u00eancia, a mais alta honraria concedida pelo Estado de Minas Gerais<\/p>\n\n\n<div class=\"wp-block-image\">\n<figure class=\"aligncenter size-full is-resized\"><img decoding=\"async\" src=\"http:\/\/lavras.tv\/site\/wp-content\/uploads\/2026\/04\/content_tarcisio.jpg\" alt=\"\" class=\"wp-image-170009\" style=\"width:360px;height:auto\"\/><figcaption class=\"wp-element-caption\"><sub>Cr\u00e9dito: Ciete Silv\u00e9rio \/ Governo do Estado de SP<\/sub><\/figcaption><\/figure>\n<\/div>\n\n\n<p>O governador de S\u00e3o Paulo, Tarc\u00edsio de Freitas, ser\u00e1 o principal homenageado na cerim\u00f4nia do Dia da Inconfid\u00eancia Mineira, que ser\u00e1 realizada no dia 21 de abril, em Ouro Preto. A condecora\u00e7\u00e3o ser\u00e1 entregue pelo governador Mateus Sim\u00f5es e \u00e9 destinada exclusivamente a chefes de Estado e representantes dos demais Poderes, reconhecendo personalidades de destaque.<\/p>\n\n\n\n<p>Engenheiro civil de forma\u00e7\u00e3o, Tarc\u00edsio de Freitas construiu carreira no Ex\u00e9rcito Brasileiro, onde atuou por 17 anos. Posteriormente, ocupou cargos importantes na administra\u00e7\u00e3o p\u00fablica, como ministro da Infraestrutura entre 2019 e 2022, al\u00e9m de fun\u00e7\u00f5es ligadas a projetos de concess\u00f5es e investimentos no governo federal.<\/p>\n\n\n\n<p>Ele tamb\u00e9m j\u00e1 atuou no Departamento Nacional de Infraestrutura de Transportes (DNIT), na Controladoria-Geral da Uni\u00e3o (CGU) e como consultor legislativo da C\u00e2mara dos Deputados. Em 2023, assumiu o governo do estado de S\u00e3o Paulo em seu primeiro mandato.<\/p>\n\n\n\n<p>A Medalha da Inconfid\u00eancia foi criada em 1952, durante o governo de Juscelino Kubitschek, e \u00e9 tradicionalmente entregue no dia 21 de abril, em homenagem a Tiradentes, s\u00edmbolo da luta pela liberdade no Brasil.<\/p>\n\n\n\n<p>Al\u00e9m do Grande Colar, a honraria tamb\u00e9m conta com outras categorias: Grande Medalha, Medalha de Honra e Medalha da Inconfid\u00eancia.<\/p>\n","protected":false},"excerpt":{"rendered":"<p>Na ocasi\u00e3o, ele receber\u00e1 o Grande Colar da Medalha da Inconfid\u00eancia, a mais alta honraria concedida pelo Estado de Minas Gerais O governador de S\u00e3o Paulo, Tarc\u00edsio de Freitas, ser\u00e1 o principal homenageado na cerim\u00f4nia do Dia da Inconfid\u00eancia Mineira, que ser\u00e1 realizada no dia 21 de abril, em Ouro Preto. A condecora\u00e7\u00e3o ser\u00e1 entregue [&hellip;]<\/p>\n","protected":false},"author":6,"featured_media":170009,"comment_status":"closed","ping_status":"open","sticky":false,"template":"","format":"standard","meta":{"advgb_blocks_editor_width":"","advgb_blocks_columns_visual_guide":"","_exactmetrics_skip_tracking":false,"_exactmetrics_sitenote_active":false,"_exactmetrics_sitenote_note":"","_exactmetrics_sitenote_category":0,"footnotes":""},"categories":[7,1,2],"tags":[],"class_list":["post-170008","post","type-post","status-publish","format-standard","has-post-thumbnail","hentry","category-destaques","category-sem-categoria","category-noticias"],"better_featured_image":{"id":170009,"alt_text":"","caption":"Cr\u00e9dito: Ciete Silv\u00e9rio \/ Governo do Estado de SP","description":"","media_type":"image","media_details":{"width":505,"height":528,"file":"2026\/04\/content_tarcisio-e1776361352573.jpg","filesize":59384,"sizes":{"medium":{"file":"content_tarcisio-e1776361352573-287x300.jpg","width":287,"height":300,"mime-type":"image\/jpeg","filesize":22474,"source_url":"https:\/\/lavras.tv\/site\/wp-content\/uploads\/2026\/04\/content_tarcisio-e1776361352573-287x300.jpg"},"thumbnail":{"file":"content_tarcisio-e1776361352573-143x150.jpg","width":143,"height":150,"mime-type":"image\/jpeg","filesize":9956,"source_url":"https:\/\/lavras.tv\/site\/wp-content\/uploads\/2026\/04\/content_tarcisio-e1776361352573-143x150.jpg"},"alm-thumbnail":{"file":"content_tarcisio-e1776361352573-150x150.jpg","width":150,"height":150,"mime-type":"image\/jpeg","filesize":10261,"source_url":"https:\/\/lavras.tv\/site\/wp-content\/uploads\/2026\/04\/content_tarcisio-e1776361352573-150x150.jpg"},"sow-carousel-default":{"file":"content_tarcisio-e1776361352573-272x182.jpg","width":272,"height":182,"mime-type":"image\/jpeg","filesize":15244,"source_url":"https:\/\/lavras.tv\/site\/wp-content\/uploads\/2026\/04\/content_tarcisio-e1776361352573-272x182.jpg"}},"image_meta":{"aperture":"0","credit":"","camera":"","caption":"","created_timestamp":"0","copyright":"","focal_length":"0","iso":"0","shutter_speed":"0","title":"","orientation":"0","keywords":[]}},"post":170008,"source_url":"https:\/\/lavras.tv\/site\/wp-content\/uploads\/2026\/04\/content_tarcisio-e1776361352573.jpg"},"author_meta":{"display_name":"Dani","author_link":"https:\/\/lavras.tv\/site\/author\/dani\/"},"featured_img":"https:\/\/lavras.tv\/site\/wp-content\/uploads\/2026\/04\/content_tarcisio-e1776361352573-287x300.jpg","coauthors":[],"tax_additional":{"categories":{"linked":["<a href=\"https:\/\/lavras.tv\/site\/category\/destaques\/\" class=\"advgb-post-tax-term\">Destaques<\/a>","<a href=\"https:\/\/lavras.tv\/site\/category\/sem-categoria\/\" class=\"advgb-post-tax-term\">JORNAL DA CIDADE<\/a>","<a href=\"https:\/\/lavras.tv\/site\/category\/noticias\/\" class=\"advgb-post-tax-term\">Not\u00edcias<\/a>"],"unlinked":["<span class=\"advgb-post-tax-term\">Destaques<\/span>","<span class=\"advgb-post-tax-term\">JORNAL DA CIDADE<\/span>","<span class=\"advgb-post-tax-term\">Not\u00edcias<\/span>"]}},"comment_count":"0","relative_dates":{"created":"Publicado 2 semanas atr\u00e1s","modified":"Atualizado 2 semanas atr\u00e1s"},"absolute_dates":{"created":"Publicado em 15 de abril de 2026","modified":"Atualizado em 16 de abril de 2026"},"absolute_dates_time":{"created":"Publicado em 15 de abril de 2026 18:08","modified":"Atualizado em 16 de abril de 2026 14:42"},"featured_img_caption":"Cr\u00e9dito: Ciete Silv\u00e9rio \/ Governo do Estado de SP","series_order":"","_links":{"self":[{"href":"https:\/\/lavras.tv\/site\/wp-json\/wp\/v2\/posts\/170008","targetHints":{"allow":["GET"]}}],"collection":[{"href":"https:\/\/lavras.tv\/site\/wp-json\/wp\/v2\/posts"}],"about":[{"href":"https:\/\/lavras.tv\/site\/wp-json\/wp\/v2\/types\/post"}],"author":[{"embeddable":true,"href":"https:\/\/lavras.tv\/site\/wp-json\/wp\/v2\/users\/6"}],"replies":[{"embeddable":true,"href":"https:\/\/lavras.tv\/site\/wp-json\/wp\/v2\/comments?post=170008"}],"version-history":[{"count":1,"href":"https:\/\/lavras.tv\/site\/wp-json\/wp\/v2\/posts\/170008\/revisions"}],"predecessor-version":[{"id":170010,"href":"https:\/\/lavras.tv\/site\/wp-json\/wp\/v2\/posts\/170008\/revisions\/170010"}],"wp:featuredmedia":[{"embeddable":true,"href":"https:\/\/lavras.tv\/site\/wp-json\/wp\/v2\/media\/170009"}],"wp:attachment":[{"href":"https:\/\/lavras.tv\/site\/wp-json\/wp\/v2\/media?parent=170008"}],"wp:term":[{"taxonomy":"category","embeddable":true,"href":"https:\/\/lavras.tv\/site\/wp-json\/wp\/v2\/categories?post=170008"},{"taxonomy":"post_tag","embeddable":true,"href":"https:\/\/lavras.tv\/site\/wp-json\/wp\/v2\/tags?post=170008"}],"curies":[{"name":"wp","href":"https:\/\/api.w.org\/{rel}","templated":true}]}}