{"id":170011,"date":"2026-04-16T13:07:08","date_gmt":"2026-04-16T16:07:08","guid":{"rendered":"https:\/\/lavras.tv\/site\/?p=170011"},"modified":"2026-04-16T13:07:08","modified_gmt":"2026-04-16T16:07:08","slug":"policia-militar-atende-ocorrencia-de-acidente-de-trabalho-com-vitima-fatal","status":"publish","type":"post","link":"https:\/\/lavras.tv\/site\/2026\/04\/16\/policia-militar-atende-ocorrencia-de-acidente-de-trabalho-com-vitima-fatal\/","title":{"rendered":"POL\u00cdCIA MILITAR ATENDE OCORR\u00caNCIA DE ACIDENTE DE TRABALHO COM V\u00cdTIMA FATAL"},"content":{"rendered":"<div class=\"lavra-antes-do-conteudo_2\" id=\"lavra-1575289109\"><div id=\"lavra-slider-27\" class=\"custom-slider lavra-slider-3680580807 lavra-slider\"><ul><li><div style=\"margin-left: auto;margin-right: auto;text-align: center;\" id=\"lavra-2503380763\"><a href=\"https:\/\/sistemas.lavras.mg.gov.br\/portalcidadao\/#df1b1a7c7b2a290bcb31e32771e610784662739a88807c0dacac58ede5f391a7530e299dc302d611ee73cb143fc22eaf93592e53e7b5bdb01b00a0b8d28dae460c141dd2ff83412e4dc1c31b16b25f33144a9e5620ea73b13f5bc1c59411d98439ad226e8af03840603796067d87afe130812cf3de24982d0e306f9e61e764e5\" aria-label=\"Lavras-TV&#8211;720x104px (1) (1)\"><img src=\"https:\/\/lavras.tv\/site\/wp-content\/uploads\/2025\/01\/Lavras-TV-720x104px-1-1.png\" alt=\"\"  srcset=\"https:\/\/lavras.tv\/site\/wp-content\/uploads\/2025\/01\/Lavras-TV-720x104px-1-1.png 720w, https:\/\/lavras.tv\/site\/wp-content\/uploads\/2025\/01\/Lavras-TV-720x104px-1-1-470x68.png 470w, https:\/\/lavras.tv\/site\/wp-content\/uploads\/2025\/01\/Lavras-TV-720x104px-1-1-170x25.png 170w, https:\/\/lavras.tv\/site\/wp-content\/uploads\/2025\/01\/Lavras-TV-720x104px-1-1-200x29.png 200w\" sizes=\"(max-width: 720px) 100vw, 720px\" width=\"720\" height=\"104\"  style=\"display: inline-block;\" \/><\/a><\/div><\/li><li><a href=\"https:\/\/sistemas.lavras.mg.gov.br\/portalcidadao\/#df1b1a7c7b2a290bcb31e32771e610784662739a88807c0dacac58ede5f391a7530e299dc302d611ee73cb143fc22eaf93592e53e7b5bdb01b00a0b8d28dae460c141dd2ff83412e4dc1c31b16b25f33144a9e5620ea73b13f5bc1c59411d98439ad226e8af03840603796067d87afe130812cf3de24982d0e306f9e61e764e5\" aria-label=\"Banner_Emprego_PortallavrasTV\"><img src=\"https:\/\/lavras.tv\/site\/wp-content\/uploads\/2025\/03\/Banner_Emprego_PortallavrasTV.png\" alt=\"\"  srcset=\"https:\/\/lavras.tv\/site\/wp-content\/uploads\/2025\/03\/Banner_Emprego_PortallavrasTV.png 720w, https:\/\/lavras.tv\/site\/wp-content\/uploads\/2025\/03\/Banner_Emprego_PortallavrasTV-470x68.png 470w, https:\/\/lavras.tv\/site\/wp-content\/uploads\/2025\/03\/Banner_Emprego_PortallavrasTV-170x25.png 170w, https:\/\/lavras.tv\/site\/wp-content\/uploads\/2025\/03\/Banner_Emprego_PortallavrasTV-200x29.png 200w\" sizes=\"(max-width: 720px) 100vw, 720px\" width=\"720\" height=\"104\"   \/><\/a><\/li><li><a href=\"https:\/\/sistemas.lavras.mg.gov.br\/portalcidadao\/#df1b1a7c7b2a290bcb31e32771e610784662739a88807c0dacac58ede5f391a7530e299dc302d611ee73cb143fc22eaf93592e53e7b5bdb01b00a0b8d28dae460c141dd2ff83412e4dc1c31b16b25f33144a9e5620ea73b13f5bc1c59411d98439ad226e8af03840603796067d87afe130812cf3de24982d0e306f9e61e764e5\" aria-label=\"Banner_Obras_PortallavrasTV\"><img src=\"https:\/\/lavras.tv\/site\/wp-content\/uploads\/2025\/03\/Banner_Obras_PortallavrasTV.png\" alt=\"\"  srcset=\"https:\/\/lavras.tv\/site\/wp-content\/uploads\/2025\/03\/Banner_Obras_PortallavrasTV.png 720w, https:\/\/lavras.tv\/site\/wp-content\/uploads\/2025\/03\/Banner_Obras_PortallavrasTV-470x68.png 470w, https:\/\/lavras.tv\/site\/wp-content\/uploads\/2025\/03\/Banner_Obras_PortallavrasTV-170x25.png 170w, https:\/\/lavras.tv\/site\/wp-content\/uploads\/2025\/03\/Banner_Obras_PortallavrasTV-200x29.png 200w\" sizes=\"(max-width: 720px) 100vw, 720px\" width=\"720\" height=\"104\"   \/><\/a><\/li><li><div style=\"margin-left: auto;margin-right: auto;text-align: center;\" id=\"lavra-4071339301\"><a href=\"https:\/\/sistemas.lavras.mg.gov.br\/portalcidadao\/#df1b1a7c7b2a290bcb31e32771e610784662739a88807c0dacac58ede5f391a7530e299dc302d611ee73cb143fc22eaf93592e53e7b5bdb01b00a0b8d28dae460c141dd2ff83412e4dc1c31b16b25f33144a9e5620ea73b13f5bc1c59411d98439ad226e8af03840603796067d87afe130812cf3de24982d0e306f9e61e764e5\" aria-label=\"Banner_Educa\u00e7\u00e3o_PortallavrasTV\"><img src=\"https:\/\/lavras.tv\/site\/wp-content\/uploads\/2025\/01\/Banner_Educacao_PortallavrasTV.png\" alt=\"\"  srcset=\"https:\/\/lavras.tv\/site\/wp-content\/uploads\/2025\/01\/Banner_Educacao_PortallavrasTV.png 720w, https:\/\/lavras.tv\/site\/wp-content\/uploads\/2025\/01\/Banner_Educacao_PortallavrasTV-470x68.png 470w, https:\/\/lavras.tv\/site\/wp-content\/uploads\/2025\/01\/Banner_Educacao_PortallavrasTV-170x25.png 170w, https:\/\/lavras.tv\/site\/wp-content\/uploads\/2025\/01\/Banner_Educacao_PortallavrasTV-200x29.png 200w\" sizes=\"(max-width: 720px) 100vw, 720px\" width=\"720\" height=\"104\"  style=\"display: inline-block;\" \/><\/a><\/div><\/li><li><a href=\"https:\/\/sistemas.lavras.mg.gov.br\/portalcidadao\/#df1b1a7c7b2a290bcb31e32771e610784662739a88807c0dacac58ede5f391a7530e299dc302d611ee73cb143fc22eaf93592e53e7b5bdb01b00a0b8d28dae460c141dd2ff83412e4dc1c31b16b25f33144a9e5620ea73b13f5bc1c59411d98439ad226e8af03840603796067d87afe130812cf3de24982d0e306f9e61e764e5\" aria-label=\"Banner_Sa\u00fade_PortallavrasTV\"><img src=\"https:\/\/lavras.tv\/site\/wp-content\/uploads\/2025\/03\/Banner_Saude_PortallavrasTV.png\" alt=\"\"  srcset=\"https:\/\/lavras.tv\/site\/wp-content\/uploads\/2025\/03\/Banner_Saude_PortallavrasTV.png 720w, https:\/\/lavras.tv\/site\/wp-content\/uploads\/2025\/03\/Banner_Saude_PortallavrasTV-470x68.png 470w, https:\/\/lavras.tv\/site\/wp-content\/uploads\/2025\/03\/Banner_Saude_PortallavrasTV-170x25.png 170w, https:\/\/lavras.tv\/site\/wp-content\/uploads\/2025\/03\/Banner_Saude_PortallavrasTV-200x29.png 200w\" sizes=\"(max-width: 720px) 100vw, 720px\" width=\"720\" height=\"104\"   \/><\/a><\/li><li><div id=\"lavra-1153510783\" style=\"width:720px;height:104px;background-color:#ddd;overflow:scroll;\">\n\t<strong>Sa\u00edda da depura\u00e7\u00e3o de an\u00fancios<\/strong>\n\t<br><br>\n\tO an\u00fancio n\u00e3o \u00e9 exibido na p\u00e1gina<br><br>post atual: POL\u00cdCIA MILITAR ATENDE OCORR\u00caNCIA DE ACIDENTE DE TRABALHO COM V\u00cdTIMA FATAL, ID: 170011<br><br><span style=\"color: red;\">O post atual n\u00e3o \u00e9 id\u00eantico ao post principal.<\/span><br><br>An\u00fancios: ROXO - TOPO INTERNA - ROTATIVO 2 (197)<br \/>Grupo de an\u00fancios: Princ_Meio01_720x104 (27)<br><br>Condi\u00e7\u00f5es de exibi\u00e7\u00e3o<div style=\"margin-bottom: 20px; white-space: pre-wrap; font-family: monospace; width: 100%; background: #ffe9e9;\"><strong>condi\u00e7\u00f5es gerais<\/strong><table border=\"1\"><thead><tr><th><\/th><th>An\u00fancios<\/th><th>wp_the_query<\/th><\/tr><\/thead><tr><td>is_main_query<\/td><td>1<\/td><td>1<\/td><\/tr><tr><td>is_rest_api<\/td><td>0<\/td><td>1<\/td><\/tr><tr><td>page<\/td><td>0<\/td><td>1<\/td><\/tr><tr><td>numpages<\/td><td>0<\/td><td>1<\/td><\/tr><tr><td>is_archive<\/td><td>1<\/td><td><\/td><\/tr><tr><td>is_search<\/td><td>1<\/td><td><\/td><\/tr><tr><td>is_home<\/td><td>1<\/td><td><\/td><\/tr><tr><td>is_404<\/td><td>1<\/td><td><\/td><\/tr><tr><td>is_attachment<\/td><td>1<\/td><td><\/td><\/tr><tr><td>is_singular<\/td><td>1<\/td><td><\/td><\/tr><tr><td>is_front_page<\/td><td>1<\/td><td><\/td><\/tr><tr><td>is_feed<\/td><td>1<\/td><td><\/td><\/tr><\/table><\/div><br><br><span style=\"color: red;\">Seu site usa HTTPS, mas o c\u00f3digo do an\u00fancio cont\u00e9m HTTP e pode n\u00e3o funcionar.<\/span>\t<br><br>\n\t<a style=\"color: green;\" href=\"https:\/\/wpadvancedads.com\/manual\/ad-debug-mode\/?utm_source=advanced-ads&utm_medium=link&utm_campaign=ad-debug-mode\" target=\"_blank\" rel=\"nofollow\">Encontre solu\u00e7\u00f5es no manual<\/a>\n<\/div>\n<\/li><\/ul><\/div><script>( window.advanced_ads_ready || jQuery( document ).ready ).call( null, function() {var $lavraslider3680580807 = jQuery( \".lavra-slider-3680580807\" );$lavraslider3680580807.on( \"unslider.ready\", function() { jQuery( \"div.custom-slider ul li\" ).css( \"display\", \"block\" ); });$lavraslider3680580807.unslider({ delay:4000, autoplay:true, nav:false, arrows:false, infinite:true });$lavraslider3680580807.on(\"mouseover\", function() {$lavraslider3680580807.unslider(\"stop\");}).on(\"mouseout\", function() {$lavraslider3680580807.unslider(\"start\");});});<\/script><\/div>\n<figure class=\"wp-block-image size-full\"><img fetchpriority=\"high\" decoding=\"async\" width=\"650\" height=\"457\" src=\"http:\/\/lavras.tv\/site\/wp-content\/uploads\/2026\/04\/2571e761eb48c6b48e5f0835fb82efed-1-e1776355606987.jpg\" alt=\"\" class=\"wp-image-170012\" srcset=\"https:\/\/lavras.tv\/site\/wp-content\/uploads\/2026\/04\/2571e761eb48c6b48e5f0835fb82efed-1-e1776355606987.jpg 650w, https:\/\/lavras.tv\/site\/wp-content\/uploads\/2026\/04\/2571e761eb48c6b48e5f0835fb82efed-1-e1776355606987-427x300.jpg 427w, https:\/\/lavras.tv\/site\/wp-content\/uploads\/2026\/04\/2571e761eb48c6b48e5f0835fb82efed-1-e1776355606987-170x120.jpg 170w\" sizes=\"(max-width: 650px) 100vw, 650px\" \/><\/figure>\n\n\n\n<p>Ibituruna\/MG \u2013 14 de abril de 2026<\/p>\n\n\n\n<p>A Pol\u00edcia Militar de Minas Gerais atendeu, nesta ter\u00e7a-feira (14), a uma ocorr\u00eancia envolvendo acidente de trabalho com resultado fatal, em estabelecimento localizado no munic\u00edpio de Ibituruna.<\/p>\n\n\n\n<p>Segundo informa\u00e7\u00f5es apuradas no local, a v\u00edtima exercia atividade laboral quando sofreu uma descarga el\u00e9trica, vindo a cair ao solo. Populares que se encontravam nas proximidades prestaram os primeiros socorros, encaminhando-a imediatamente para atendimento m\u00e9dico.<\/p>\n\n\n\n<p>A v\u00edtima, de 45 anos, foi levada ao pronto atendimento, onde recebeu assist\u00eancia m\u00e9dica, sendo constatado o \u00f3bito pela equipe de sa\u00fade.<\/p>\n\n\n\n<p>A Pol\u00edcia Militar realizou o registro da ocorr\u00eancia e adotou as provid\u00eancias cab\u00edveis, deixando os fatos \u00e0 disposi\u00e7\u00e3o das autoridades competentes para apura\u00e7\u00e3o das circunst\u00e2ncias do ocorrido.<\/p>\n\n\n\n<p>A institui\u00e7\u00e3o refor\u00e7a seu compromisso com o atendimento \u00e0s ocorr\u00eancias e a pronta resposta \u00e0s demandas da popula\u00e7\u00e3o, atuando de forma t\u00e9cnica e respons\u00e1vel em situa\u00e7\u00f5es que envolvem risco \u00e0 vida.<\/p>\n\n\n\n<p>Pol\u00edcia Militar de Minas Gerais \u2013 A for\u00e7a do povo mineiro. Presen\u00e7a que protege.<\/p>\n\n\n\n<p>ALCO 8\u00ba BPM<\/p>\n","protected":false},"excerpt":{"rendered":"<p>Ibituruna\/MG \u2013 14 de abril de 2026 A Pol\u00edcia Militar de Minas Gerais atendeu, nesta ter\u00e7a-feira (14), a uma ocorr\u00eancia envolvendo acidente de trabalho com resultado fatal, em estabelecimento localizado no munic\u00edpio de Ibituruna. Segundo informa\u00e7\u00f5es apuradas no local, a v\u00edtima exercia atividade laboral quando sofreu uma descarga el\u00e9trica, vindo a cair ao solo. Populares [&hellip;]<\/p>\n","protected":false},"author":5,"featured_media":170012,"comment_status":"closed","ping_status":"open","sticky":false,"template":"","format":"standard","meta":{"advgb_blocks_editor_width":"","advgb_blocks_columns_visual_guide":"","_exactmetrics_skip_tracking":false,"_exactmetrics_sitenote_active":false,"_exactmetrics_sitenote_note":"","_exactmetrics_sitenote_category":0,"footnotes":""},"categories":[7,2],"tags":[],"class_list":["post-170011","post","type-post","status-publish","format-standard","has-post-thumbnail","hentry","category-destaques","category-noticias"],"better_featured_image":{"id":170012,"alt_text":"","caption":"","description":"","media_type":"image","media_details":{"width":650,"height":457,"file":"2026\/04\/2571e761eb48c6b48e5f0835fb82efed-1-e1776355606987.jpg","filesize":72988,"sizes":{"medium":{"file":"2571e761eb48c6b48e5f0835fb82efed-1-e1776355606987-427x300.jpg","width":427,"height":300,"mime-type":"image\/jpeg","filesize":51303,"source_url":"https:\/\/lavras.tv\/site\/wp-content\/uploads\/2026\/04\/2571e761eb48c6b48e5f0835fb82efed-1-e1776355606987-427x300.jpg"},"thumbnail":{"file":"2571e761eb48c6b48e5f0835fb82efed-1-e1776355606987-170x120.jpg","width":170,"height":120,"mime-type":"image\/jpeg","filesize":22397,"source_url":"https:\/\/lavras.tv\/site\/wp-content\/uploads\/2026\/04\/2571e761eb48c6b48e5f0835fb82efed-1-e1776355606987-170x120.jpg"},"alm-thumbnail":{"file":"2571e761eb48c6b48e5f0835fb82efed-1-e1776355606987-150x150.jpg","width":150,"height":150,"mime-type":"image\/jpeg","filesize":22873,"source_url":"https:\/\/lavras.tv\/site\/wp-content\/uploads\/2026\/04\/2571e761eb48c6b48e5f0835fb82efed-1-e1776355606987-150x150.jpg"},"sow-carousel-default":{"file":"2571e761eb48c6b48e5f0835fb82efed-1-e1776355606987-272x182.jpg","width":272,"height":182,"mime-type":"image\/jpeg","filesize":31547,"source_url":"https:\/\/lavras.tv\/site\/wp-content\/uploads\/2026\/04\/2571e761eb48c6b48e5f0835fb82efed-1-e1776355606987-272x182.jpg"}},"image_meta":{"aperture":"0","credit":"","camera":"","caption":"","created_timestamp":"0","copyright":"","focal_length":"0","iso":"0","shutter_speed":"0","title":"","orientation":"0","keywords":[]}},"post":170011,"source_url":"https:\/\/lavras.tv\/site\/wp-content\/uploads\/2026\/04\/2571e761eb48c6b48e5f0835fb82efed-1-e1776355606987.jpg"},"author_meta":{"display_name":"Vinicius Bustamante","author_link":"https:\/\/lavras.tv\/site\/author\/vinicius-bustamante\/"},"featured_img":"https:\/\/lavras.tv\/site\/wp-content\/uploads\/2026\/04\/2571e761eb48c6b48e5f0835fb82efed-1-e1776355606987-427x300.jpg","coauthors":[],"tax_additional":{"categories":{"linked":["<a href=\"https:\/\/lavras.tv\/site\/category\/destaques\/\" class=\"advgb-post-tax-term\">Destaques<\/a>","<a href=\"https:\/\/lavras.tv\/site\/category\/noticias\/\" class=\"advgb-post-tax-term\">Not\u00edcias<\/a>"],"unlinked":["<span class=\"advgb-post-tax-term\">Destaques<\/span>","<span class=\"advgb-post-tax-term\">Not\u00edcias<\/span>"]}},"comment_count":"0","relative_dates":{"created":"Publicado 2 semanas atr\u00e1s","modified":"Atualizado 2 semanas atr\u00e1s"},"absolute_dates":{"created":"Publicado em 16 de abril de 2026","modified":"Atualizado em 16 de abril de 2026"},"absolute_dates_time":{"created":"Publicado em 16 de abril de 2026 13:07","modified":"Atualizado em 16 de abril de 2026 13:07"},"featured_img_caption":"","series_order":"","_links":{"self":[{"href":"https:\/\/lavras.tv\/site\/wp-json\/wp\/v2\/posts\/170011","targetHints":{"allow":["GET"]}}],"collection":[{"href":"https:\/\/lavras.tv\/site\/wp-json\/wp\/v2\/posts"}],"about":[{"href":"https:\/\/lavras.tv\/site\/wp-json\/wp\/v2\/types\/post"}],"author":[{"embeddable":true,"href":"https:\/\/lavras.tv\/site\/wp-json\/wp\/v2\/users\/5"}],"replies":[{"embeddable":true,"href":"https:\/\/lavras.tv\/site\/wp-json\/wp\/v2\/comments?post=170011"}],"version-history":[{"count":1,"href":"https:\/\/lavras.tv\/site\/wp-json\/wp\/v2\/posts\/170011\/revisions"}],"predecessor-version":[{"id":170013,"href":"https:\/\/lavras.tv\/site\/wp-json\/wp\/v2\/posts\/170011\/revisions\/170013"}],"wp:featuredmedia":[{"embeddable":true,"href":"https:\/\/lavras.tv\/site\/wp-json\/wp\/v2\/media\/170012"}],"wp:attachment":[{"href":"https:\/\/lavras.tv\/site\/wp-json\/wp\/v2\/media?parent=170011"}],"wp:term":[{"taxonomy":"category","embeddable":true,"href":"https:\/\/lavras.tv\/site\/wp-json\/wp\/v2\/categories?post=170011"},{"taxonomy":"post_tag","embeddable":true,"href":"https:\/\/lavras.tv\/site\/wp-json\/wp\/v2\/tags?post=170011"}],"curies":[{"name":"wp","href":"https:\/\/api.w.org\/{rel}","templated":true}]}}