{"id":170014,"date":"2026-04-16T13:17:22","date_gmt":"2026-04-16T16:17:22","guid":{"rendered":"https:\/\/lavras.tv\/site\/?p=170014"},"modified":"2026-04-16T13:17:23","modified_gmt":"2026-04-16T16:17:23","slug":"policia-militar-esclarece-abordagem-em-ocorrencia-de-drogas-em-lavras","status":"publish","type":"post","link":"https:\/\/lavras.tv\/site\/2026\/04\/16\/policia-militar-esclarece-abordagem-em-ocorrencia-de-drogas-em-lavras\/","title":{"rendered":"POL\u00cdCIA MILITAR ESCLARECE ABORDAGEM EM OCORR\u00caNCIA DE DROGAS EM LAVRAS"},"content":{"rendered":"<div class=\"lavra-antes-do-conteudo_2\" id=\"lavra-497894457\"><div id=\"lavra-slider-27\" class=\"custom-slider lavra-slider-5376345 lavra-slider\"><ul><li><div style=\"margin-left: auto;margin-right: auto;text-align: center;\" id=\"lavra-248953807\"><a href=\"https:\/\/sistemas.lavras.mg.gov.br\/portalcidadao\/#df1b1a7c7b2a290bcb31e32771e610784662739a88807c0dacac58ede5f391a7530e299dc302d611ee73cb143fc22eaf93592e53e7b5bdb01b00a0b8d28dae460c141dd2ff83412e4dc1c31b16b25f33144a9e5620ea73b13f5bc1c59411d98439ad226e8af03840603796067d87afe130812cf3de24982d0e306f9e61e764e5\" aria-label=\"Lavras-TV&#8211;720x104px (1) (1)\"><img src=\"https:\/\/lavras.tv\/site\/wp-content\/uploads\/2025\/01\/Lavras-TV-720x104px-1-1.png\" alt=\"\"  srcset=\"https:\/\/lavras.tv\/site\/wp-content\/uploads\/2025\/01\/Lavras-TV-720x104px-1-1.png 720w, https:\/\/lavras.tv\/site\/wp-content\/uploads\/2025\/01\/Lavras-TV-720x104px-1-1-470x68.png 470w, https:\/\/lavras.tv\/site\/wp-content\/uploads\/2025\/01\/Lavras-TV-720x104px-1-1-170x25.png 170w, https:\/\/lavras.tv\/site\/wp-content\/uploads\/2025\/01\/Lavras-TV-720x104px-1-1-200x29.png 200w\" sizes=\"(max-width: 720px) 100vw, 720px\" width=\"720\" height=\"104\"  style=\"display: inline-block;\" \/><\/a><\/div><\/li><li><a href=\"https:\/\/sistemas.lavras.mg.gov.br\/portalcidadao\/#df1b1a7c7b2a290bcb31e32771e610784662739a88807c0dacac58ede5f391a7530e299dc302d611ee73cb143fc22eaf93592e53e7b5bdb01b00a0b8d28dae460c141dd2ff83412e4dc1c31b16b25f33144a9e5620ea73b13f5bc1c59411d98439ad226e8af03840603796067d87afe130812cf3de24982d0e306f9e61e764e5\" aria-label=\"Banner_Emprego_PortallavrasTV\"><img src=\"https:\/\/lavras.tv\/site\/wp-content\/uploads\/2025\/03\/Banner_Emprego_PortallavrasTV.png\" alt=\"\"  srcset=\"https:\/\/lavras.tv\/site\/wp-content\/uploads\/2025\/03\/Banner_Emprego_PortallavrasTV.png 720w, https:\/\/lavras.tv\/site\/wp-content\/uploads\/2025\/03\/Banner_Emprego_PortallavrasTV-470x68.png 470w, https:\/\/lavras.tv\/site\/wp-content\/uploads\/2025\/03\/Banner_Emprego_PortallavrasTV-170x25.png 170w, https:\/\/lavras.tv\/site\/wp-content\/uploads\/2025\/03\/Banner_Emprego_PortallavrasTV-200x29.png 200w\" sizes=\"(max-width: 720px) 100vw, 720px\" width=\"720\" height=\"104\"   \/><\/a><\/li><li><a href=\"https:\/\/sistemas.lavras.mg.gov.br\/portalcidadao\/#df1b1a7c7b2a290bcb31e32771e610784662739a88807c0dacac58ede5f391a7530e299dc302d611ee73cb143fc22eaf93592e53e7b5bdb01b00a0b8d28dae460c141dd2ff83412e4dc1c31b16b25f33144a9e5620ea73b13f5bc1c59411d98439ad226e8af03840603796067d87afe130812cf3de24982d0e306f9e61e764e5\" aria-label=\"Banner_Obras_PortallavrasTV\"><img src=\"https:\/\/lavras.tv\/site\/wp-content\/uploads\/2025\/03\/Banner_Obras_PortallavrasTV.png\" alt=\"\"  srcset=\"https:\/\/lavras.tv\/site\/wp-content\/uploads\/2025\/03\/Banner_Obras_PortallavrasTV.png 720w, https:\/\/lavras.tv\/site\/wp-content\/uploads\/2025\/03\/Banner_Obras_PortallavrasTV-470x68.png 470w, https:\/\/lavras.tv\/site\/wp-content\/uploads\/2025\/03\/Banner_Obras_PortallavrasTV-170x25.png 170w, https:\/\/lavras.tv\/site\/wp-content\/uploads\/2025\/03\/Banner_Obras_PortallavrasTV-200x29.png 200w\" sizes=\"(max-width: 720px) 100vw, 720px\" width=\"720\" height=\"104\"   \/><\/a><\/li><li><div style=\"margin-left: auto;margin-right: auto;text-align: center;\" id=\"lavra-2073133429\"><a href=\"https:\/\/sistemas.lavras.mg.gov.br\/portalcidadao\/#df1b1a7c7b2a290bcb31e32771e610784662739a88807c0dacac58ede5f391a7530e299dc302d611ee73cb143fc22eaf93592e53e7b5bdb01b00a0b8d28dae460c141dd2ff83412e4dc1c31b16b25f33144a9e5620ea73b13f5bc1c59411d98439ad226e8af03840603796067d87afe130812cf3de24982d0e306f9e61e764e5\" aria-label=\"Banner_Educa\u00e7\u00e3o_PortallavrasTV\"><img src=\"https:\/\/lavras.tv\/site\/wp-content\/uploads\/2025\/01\/Banner_Educacao_PortallavrasTV.png\" alt=\"\"  srcset=\"https:\/\/lavras.tv\/site\/wp-content\/uploads\/2025\/01\/Banner_Educacao_PortallavrasTV.png 720w, https:\/\/lavras.tv\/site\/wp-content\/uploads\/2025\/01\/Banner_Educacao_PortallavrasTV-470x68.png 470w, https:\/\/lavras.tv\/site\/wp-content\/uploads\/2025\/01\/Banner_Educacao_PortallavrasTV-170x25.png 170w, https:\/\/lavras.tv\/site\/wp-content\/uploads\/2025\/01\/Banner_Educacao_PortallavrasTV-200x29.png 200w\" sizes=\"(max-width: 720px) 100vw, 720px\" width=\"720\" height=\"104\"  style=\"display: inline-block;\" \/><\/a><\/div><\/li><li><a href=\"https:\/\/sistemas.lavras.mg.gov.br\/portalcidadao\/#df1b1a7c7b2a290bcb31e32771e610784662739a88807c0dacac58ede5f391a7530e299dc302d611ee73cb143fc22eaf93592e53e7b5bdb01b00a0b8d28dae460c141dd2ff83412e4dc1c31b16b25f33144a9e5620ea73b13f5bc1c59411d98439ad226e8af03840603796067d87afe130812cf3de24982d0e306f9e61e764e5\" aria-label=\"Banner_Sa\u00fade_PortallavrasTV\"><img src=\"https:\/\/lavras.tv\/site\/wp-content\/uploads\/2025\/03\/Banner_Saude_PortallavrasTV.png\" alt=\"\"  srcset=\"https:\/\/lavras.tv\/site\/wp-content\/uploads\/2025\/03\/Banner_Saude_PortallavrasTV.png 720w, https:\/\/lavras.tv\/site\/wp-content\/uploads\/2025\/03\/Banner_Saude_PortallavrasTV-470x68.png 470w, https:\/\/lavras.tv\/site\/wp-content\/uploads\/2025\/03\/Banner_Saude_PortallavrasTV-170x25.png 170w, https:\/\/lavras.tv\/site\/wp-content\/uploads\/2025\/03\/Banner_Saude_PortallavrasTV-200x29.png 200w\" sizes=\"(max-width: 720px) 100vw, 720px\" width=\"720\" height=\"104\"   \/><\/a><\/li><li><div id=\"lavra-1900511884\" style=\"width:720px;height:104px;background-color:#ddd;overflow:scroll;\">\n\t<strong>Sa\u00edda da depura\u00e7\u00e3o de an\u00fancios<\/strong>\n\t<br><br>\n\tO an\u00fancio n\u00e3o \u00e9 exibido na p\u00e1gina<br><br>post atual: POL\u00cdCIA MILITAR ESCLARECE ABORDAGEM EM OCORR\u00caNCIA DE DROGAS EM LAVRAS, ID: 170014<br><br><span style=\"color: red;\">O post atual n\u00e3o \u00e9 id\u00eantico ao post principal.<\/span><br><br>An\u00fancios: ROXO - TOPO INTERNA - ROTATIVO 2 (197)<br \/>Grupo de an\u00fancios: Princ_Meio01_720x104 (27)<br><br>Condi\u00e7\u00f5es de exibi\u00e7\u00e3o<div style=\"margin-bottom: 20px; white-space: pre-wrap; font-family: monospace; width: 100%; background: #ffe9e9;\"><strong>condi\u00e7\u00f5es gerais<\/strong><table border=\"1\"><thead><tr><th><\/th><th>An\u00fancios<\/th><th>wp_the_query<\/th><\/tr><\/thead><tr><td>is_main_query<\/td><td>1<\/td><td>1<\/td><\/tr><tr><td>is_rest_api<\/td><td>0<\/td><td>1<\/td><\/tr><tr><td>page<\/td><td>0<\/td><td>1<\/td><\/tr><tr><td>numpages<\/td><td>0<\/td><td>1<\/td><\/tr><tr><td>is_archive<\/td><td>1<\/td><td><\/td><\/tr><tr><td>is_search<\/td><td>1<\/td><td><\/td><\/tr><tr><td>is_home<\/td><td>1<\/td><td><\/td><\/tr><tr><td>is_404<\/td><td>1<\/td><td><\/td><\/tr><tr><td>is_attachment<\/td><td>1<\/td><td><\/td><\/tr><tr><td>is_singular<\/td><td>1<\/td><td><\/td><\/tr><tr><td>is_front_page<\/td><td>1<\/td><td><\/td><\/tr><tr><td>is_feed<\/td><td>1<\/td><td><\/td><\/tr><\/table><\/div><br><br><span style=\"color: red;\">Seu site usa HTTPS, mas o c\u00f3digo do an\u00fancio cont\u00e9m HTTP e pode n\u00e3o funcionar.<\/span>\t<br><br>\n\t<a style=\"color: green;\" href=\"https:\/\/wpadvancedads.com\/manual\/ad-debug-mode\/?utm_source=advanced-ads&utm_medium=link&utm_campaign=ad-debug-mode\" target=\"_blank\" rel=\"nofollow\">Encontre solu\u00e7\u00f5es no manual<\/a>\n<\/div>\n<\/li><\/ul><\/div><script>( window.advanced_ads_ready || jQuery( document ).ready ).call( null, function() {var $lavraslider5376345 = jQuery( \".lavra-slider-5376345\" );$lavraslider5376345.on( \"unslider.ready\", function() { jQuery( \"div.custom-slider ul li\" ).css( \"display\", \"block\" ); });$lavraslider5376345.unslider({ delay:4000, autoplay:true, nav:false, arrows:false, infinite:true });$lavraslider5376345.on(\"mouseover\", function() {$lavraslider5376345.unslider(\"stop\");}).on(\"mouseout\", function() {$lavraslider5376345.unslider(\"start\");});});<\/script><\/div>\n<figure class=\"wp-block-image size-large\"><img fetchpriority=\"high\" decoding=\"async\" width=\"970\" height=\"546\" src=\"http:\/\/lavras.tv\/site\/wp-content\/uploads\/2026\/04\/pm-ibirite-970x546.webp\" alt=\"\" class=\"wp-image-169967\" srcset=\"https:\/\/lavras.tv\/site\/wp-content\/uploads\/2026\/04\/pm-ibirite-970x546.webp 970w, https:\/\/lavras.tv\/site\/wp-content\/uploads\/2026\/04\/pm-ibirite-470x265.webp 470w, https:\/\/lavras.tv\/site\/wp-content\/uploads\/2026\/04\/pm-ibirite-170x96.webp 170w, https:\/\/lavras.tv\/site\/wp-content\/uploads\/2026\/04\/pm-ibirite.webp 984w\" sizes=\"(max-width: 970px) 100vw, 970px\" \/><\/figure>\n\n\n\n<p>Em raz\u00e3o de v\u00eddeo que circula nas redes sociais, a Pol\u00edcia Militar de Minas Gerais esclarece os fatos relacionados \u00e0 atua\u00e7\u00e3o policial ocorrida nas proximidades de um estabelecimento comercial no munic\u00edpio de Lavras.<\/p>\n\n\n\n<p>Durante opera\u00e7\u00e3o antidrogas, ap\u00f3s solicita\u00e7\u00e3o via COPOM dando conta de poss\u00edvel pr\u00e1tica de tr\u00e1fico de drogas no local, envolvendo diversos indiv\u00edduos, a equipe policial deslocou-se at\u00e9 a regi\u00e3o, onde procedeu \u00e0 abordagem de um dos suspeitos.<\/p>\n\n\n\n<p>Durante a busca pessoal, foram localizadas em posse do abordado tr\u00eas por\u00e7\u00f5es de subst\u00e2ncia esbranqui\u00e7ada, com caracter\u00edsticas semelhantes \u00e0 coca\u00edna, acondicionadas em seu bolso. O indiv\u00edduo relatou tratar-se de subst\u00e2ncia para consumo pr\u00f3prio.<\/p>\n\n\n\n<p>Diante da situa\u00e7\u00e3o, foram adotadas as provid\u00eancias legais cab\u00edveis, sendo lavrado o Termo Circunstanciado de Ocorr\u00eancia (TCO), com o compromisso do autor de comparecimento em ju\u00edzo, conforme previsto na legisla\u00e7\u00e3o vigente para infra\u00e7\u00f5es de menor potencial ofensivo. O material apreendido foi devidamente recolhido e permanece \u00e0 disposi\u00e7\u00e3o da Justi\u00e7a.<\/p>\n\n\n\n<p>A Pol\u00edcia Militar ressalta que a atua\u00e7\u00e3o ocorreu dentro dos par\u00e2metros legais e t\u00e9cnicos, destacando que locais de acesso p\u00fablico, como \u00e1reas de atendimento de estabelecimentos comerciais, est\u00e3o sujeitos \u00e0 fiscaliza\u00e7\u00e3o policial, especialmente quando h\u00e1 fundada suspeita da pr\u00e1tica de il\u00edcitos.<\/p>\n\n\n\n<p>A institui\u00e7\u00e3o reafirma seu compromisso com a legalidade, a transpar\u00eancia e a seguran\u00e7a da popula\u00e7\u00e3o, atuando de forma t\u00e9cnica e respons\u00e1vel no combate \u00e0 criminalidade.<\/p>\n\n\n\n<p>Pol\u00edcia Militar de Minas Gerais \u2013 A for\u00e7a do povo mineiro. Presen\u00e7a que protege.<\/p>\n\n\n\n<p>ALCO 8\u00ba BPM<\/p>\n","protected":false},"excerpt":{"rendered":"<p>Em raz\u00e3o de v\u00eddeo que circula nas redes sociais, a Pol\u00edcia Militar de Minas Gerais esclarece os fatos relacionados \u00e0 atua\u00e7\u00e3o policial ocorrida nas proximidades de um estabelecimento comercial no munic\u00edpio de Lavras. Durante opera\u00e7\u00e3o antidrogas, ap\u00f3s solicita\u00e7\u00e3o via COPOM dando conta de poss\u00edvel pr\u00e1tica de tr\u00e1fico de drogas no local, envolvendo diversos indiv\u00edduos, a [&hellip;]<\/p>\n","protected":false},"author":5,"featured_media":169967,"comment_status":"closed","ping_status":"open","sticky":false,"template":"","format":"standard","meta":{"advgb_blocks_editor_width":"","advgb_blocks_columns_visual_guide":"","_exactmetrics_skip_tracking":false,"_exactmetrics_sitenote_active":false,"_exactmetrics_sitenote_note":"","_exactmetrics_sitenote_category":0,"footnotes":""},"categories":[7,2],"tags":[],"class_list":["post-170014","post","type-post","status-publish","format-standard","has-post-thumbnail","hentry","category-destaques","category-noticias"],"better_featured_image":{"id":169967,"alt_text":"","caption":"","description":"","media_type":"image","media_details":{"width":984,"height":554,"file":"2026\/04\/pm-ibirite.webp","filesize":67416,"sizes":{"medium":{"file":"pm-ibirite-470x265.webp","width":470,"height":265,"mime-type":"image\/webp","filesize":19356,"source_url":"https:\/\/lavras.tv\/site\/wp-content\/uploads\/2026\/04\/pm-ibirite-470x265.webp"},"large":{"file":"pm-ibirite-970x546.webp","width":970,"height":546,"mime-type":"image\/webp","filesize":61558,"source_url":"https:\/\/lavras.tv\/site\/wp-content\/uploads\/2026\/04\/pm-ibirite-970x546.webp"},"thumbnail":{"file":"pm-ibirite-170x96.webp","width":170,"height":96,"mime-type":"image\/webp","filesize":3642,"source_url":"https:\/\/lavras.tv\/site\/wp-content\/uploads\/2026\/04\/pm-ibirite-170x96.webp"},"alm-thumbnail":{"file":"pm-ibirite-150x150.webp","width":150,"height":150,"mime-type":"image\/webp","filesize":4784,"source_url":"https:\/\/lavras.tv\/site\/wp-content\/uploads\/2026\/04\/pm-ibirite-150x150.webp"},"sow-carousel-default":{"file":"pm-ibirite-272x182.webp","width":272,"height":182,"mime-type":"image\/webp","filesize":9110,"source_url":"https:\/\/lavras.tv\/site\/wp-content\/uploads\/2026\/04\/pm-ibirite-272x182.webp"}},"image_meta":{"aperture":"0","credit":"","camera":"","caption":"","created_timestamp":"0","copyright":"","focal_length":"0","iso":"0","shutter_speed":"0","title":"","orientation":"0","keywords":[]}},"post":169965,"source_url":"https:\/\/lavras.tv\/site\/wp-content\/uploads\/2026\/04\/pm-ibirite.webp"},"author_meta":{"display_name":"Vinicius Bustamante","author_link":"https:\/\/lavras.tv\/site\/author\/vinicius-bustamante\/"},"featured_img":"https:\/\/lavras.tv\/site\/wp-content\/uploads\/2026\/04\/pm-ibirite-470x265.webp","coauthors":[],"tax_additional":{"categories":{"linked":["<a href=\"https:\/\/lavras.tv\/site\/category\/destaques\/\" class=\"advgb-post-tax-term\">Destaques<\/a>","<a href=\"https:\/\/lavras.tv\/site\/category\/noticias\/\" class=\"advgb-post-tax-term\">Not\u00edcias<\/a>"],"unlinked":["<span class=\"advgb-post-tax-term\">Destaques<\/span>","<span class=\"advgb-post-tax-term\">Not\u00edcias<\/span>"]}},"comment_count":"0","relative_dates":{"created":"Publicado 2 semanas atr\u00e1s","modified":"Atualizado 2 semanas atr\u00e1s"},"absolute_dates":{"created":"Publicado em 16 de abril de 2026","modified":"Atualizado em 16 de abril de 2026"},"absolute_dates_time":{"created":"Publicado em 16 de abril de 2026 13:17","modified":"Atualizado em 16 de abril de 2026 13:17"},"featured_img_caption":"","series_order":"","_links":{"self":[{"href":"https:\/\/lavras.tv\/site\/wp-json\/wp\/v2\/posts\/170014","targetHints":{"allow":["GET"]}}],"collection":[{"href":"https:\/\/lavras.tv\/site\/wp-json\/wp\/v2\/posts"}],"about":[{"href":"https:\/\/lavras.tv\/site\/wp-json\/wp\/v2\/types\/post"}],"author":[{"embeddable":true,"href":"https:\/\/lavras.tv\/site\/wp-json\/wp\/v2\/users\/5"}],"replies":[{"embeddable":true,"href":"https:\/\/lavras.tv\/site\/wp-json\/wp\/v2\/comments?post=170014"}],"version-history":[{"count":1,"href":"https:\/\/lavras.tv\/site\/wp-json\/wp\/v2\/posts\/170014\/revisions"}],"predecessor-version":[{"id":170015,"href":"https:\/\/lavras.tv\/site\/wp-json\/wp\/v2\/posts\/170014\/revisions\/170015"}],"wp:featuredmedia":[{"embeddable":true,"href":"https:\/\/lavras.tv\/site\/wp-json\/wp\/v2\/media\/169967"}],"wp:attachment":[{"href":"https:\/\/lavras.tv\/site\/wp-json\/wp\/v2\/media?parent=170014"}],"wp:term":[{"taxonomy":"category","embeddable":true,"href":"https:\/\/lavras.tv\/site\/wp-json\/wp\/v2\/categories?post=170014"},{"taxonomy":"post_tag","embeddable":true,"href":"https:\/\/lavras.tv\/site\/wp-json\/wp\/v2\/tags?post=170014"}],"curies":[{"name":"wp","href":"https:\/\/api.w.org\/{rel}","templated":true}]}}