{"id":170022,"date":"2026-04-16T15:01:57","date_gmt":"2026-04-16T18:01:57","guid":{"rendered":"https:\/\/lavras.tv\/site\/?p=170022"},"modified":"2026-04-16T16:40:43","modified_gmt":"2026-04-16T19:40:43","slug":"estudantes-ja-podem-solicitar-isencao-da-taxa-de-inscricao-do-enem-2026-em-minas-gerais","status":"publish","type":"post","link":"https:\/\/lavras.tv\/site\/2026\/04\/16\/estudantes-ja-podem-solicitar-isencao-da-taxa-de-inscricao-do-enem-2026-em-minas-gerais\/","title":{"rendered":"Estudantes j\u00e1 podem solicitar isen\u00e7\u00e3o da taxa de inscri\u00e7\u00e3o do Enem 2026 em Minas Gerais"},"content":{"rendered":"<div class=\"lavra-antes-do-conteudo_2\" id=\"lavra-3392991274\"><div id=\"lavra-slider-27\" class=\"custom-slider lavra-slider-108512240 lavra-slider\"><ul><li><div style=\"margin-left: auto;margin-right: auto;text-align: center;\" id=\"lavra-1194859422\"><a href=\"https:\/\/sistemas.lavras.mg.gov.br\/portalcidadao\/#df1b1a7c7b2a290bcb31e32771e610784662739a88807c0dacac58ede5f391a7530e299dc302d611ee73cb143fc22eaf93592e53e7b5bdb01b00a0b8d28dae460c141dd2ff83412e4dc1c31b16b25f33144a9e5620ea73b13f5bc1c59411d98439ad226e8af03840603796067d87afe130812cf3de24982d0e306f9e61e764e5\" aria-label=\"Lavras-TV&#8211;720x104px (1) (1)\"><img src=\"https:\/\/lavras.tv\/site\/wp-content\/uploads\/2025\/01\/Lavras-TV-720x104px-1-1.png\" alt=\"\"  srcset=\"https:\/\/lavras.tv\/site\/wp-content\/uploads\/2025\/01\/Lavras-TV-720x104px-1-1.png 720w, https:\/\/lavras.tv\/site\/wp-content\/uploads\/2025\/01\/Lavras-TV-720x104px-1-1-470x68.png 470w, https:\/\/lavras.tv\/site\/wp-content\/uploads\/2025\/01\/Lavras-TV-720x104px-1-1-170x25.png 170w, https:\/\/lavras.tv\/site\/wp-content\/uploads\/2025\/01\/Lavras-TV-720x104px-1-1-200x29.png 200w\" sizes=\"(max-width: 720px) 100vw, 720px\" width=\"720\" height=\"104\"  style=\"display: inline-block;\" \/><\/a><\/div><\/li><li><a href=\"https:\/\/sistemas.lavras.mg.gov.br\/portalcidadao\/#df1b1a7c7b2a290bcb31e32771e610784662739a88807c0dacac58ede5f391a7530e299dc302d611ee73cb143fc22eaf93592e53e7b5bdb01b00a0b8d28dae460c141dd2ff83412e4dc1c31b16b25f33144a9e5620ea73b13f5bc1c59411d98439ad226e8af03840603796067d87afe130812cf3de24982d0e306f9e61e764e5\" aria-label=\"Banner_Emprego_PortallavrasTV\"><img src=\"https:\/\/lavras.tv\/site\/wp-content\/uploads\/2025\/03\/Banner_Emprego_PortallavrasTV.png\" alt=\"\"  srcset=\"https:\/\/lavras.tv\/site\/wp-content\/uploads\/2025\/03\/Banner_Emprego_PortallavrasTV.png 720w, https:\/\/lavras.tv\/site\/wp-content\/uploads\/2025\/03\/Banner_Emprego_PortallavrasTV-470x68.png 470w, https:\/\/lavras.tv\/site\/wp-content\/uploads\/2025\/03\/Banner_Emprego_PortallavrasTV-170x25.png 170w, https:\/\/lavras.tv\/site\/wp-content\/uploads\/2025\/03\/Banner_Emprego_PortallavrasTV-200x29.png 200w\" sizes=\"(max-width: 720px) 100vw, 720px\" width=\"720\" height=\"104\"   \/><\/a><\/li><li><a href=\"https:\/\/sistemas.lavras.mg.gov.br\/portalcidadao\/#df1b1a7c7b2a290bcb31e32771e610784662739a88807c0dacac58ede5f391a7530e299dc302d611ee73cb143fc22eaf93592e53e7b5bdb01b00a0b8d28dae460c141dd2ff83412e4dc1c31b16b25f33144a9e5620ea73b13f5bc1c59411d98439ad226e8af03840603796067d87afe130812cf3de24982d0e306f9e61e764e5\" aria-label=\"Banner_Obras_PortallavrasTV\"><img src=\"https:\/\/lavras.tv\/site\/wp-content\/uploads\/2025\/03\/Banner_Obras_PortallavrasTV.png\" alt=\"\"  srcset=\"https:\/\/lavras.tv\/site\/wp-content\/uploads\/2025\/03\/Banner_Obras_PortallavrasTV.png 720w, https:\/\/lavras.tv\/site\/wp-content\/uploads\/2025\/03\/Banner_Obras_PortallavrasTV-470x68.png 470w, https:\/\/lavras.tv\/site\/wp-content\/uploads\/2025\/03\/Banner_Obras_PortallavrasTV-170x25.png 170w, https:\/\/lavras.tv\/site\/wp-content\/uploads\/2025\/03\/Banner_Obras_PortallavrasTV-200x29.png 200w\" sizes=\"(max-width: 720px) 100vw, 720px\" width=\"720\" height=\"104\"   \/><\/a><\/li><li><div style=\"margin-left: auto;margin-right: auto;text-align: center;\" id=\"lavra-2409237643\"><a href=\"https:\/\/sistemas.lavras.mg.gov.br\/portalcidadao\/#df1b1a7c7b2a290bcb31e32771e610784662739a88807c0dacac58ede5f391a7530e299dc302d611ee73cb143fc22eaf93592e53e7b5bdb01b00a0b8d28dae460c141dd2ff83412e4dc1c31b16b25f33144a9e5620ea73b13f5bc1c59411d98439ad226e8af03840603796067d87afe130812cf3de24982d0e306f9e61e764e5\" aria-label=\"Banner_Educa\u00e7\u00e3o_PortallavrasTV\"><img src=\"https:\/\/lavras.tv\/site\/wp-content\/uploads\/2025\/01\/Banner_Educacao_PortallavrasTV.png\" alt=\"\"  srcset=\"https:\/\/lavras.tv\/site\/wp-content\/uploads\/2025\/01\/Banner_Educacao_PortallavrasTV.png 720w, https:\/\/lavras.tv\/site\/wp-content\/uploads\/2025\/01\/Banner_Educacao_PortallavrasTV-470x68.png 470w, https:\/\/lavras.tv\/site\/wp-content\/uploads\/2025\/01\/Banner_Educacao_PortallavrasTV-170x25.png 170w, https:\/\/lavras.tv\/site\/wp-content\/uploads\/2025\/01\/Banner_Educacao_PortallavrasTV-200x29.png 200w\" sizes=\"(max-width: 720px) 100vw, 720px\" width=\"720\" height=\"104\"  style=\"display: inline-block;\" \/><\/a><\/div><\/li><li><a href=\"https:\/\/sistemas.lavras.mg.gov.br\/portalcidadao\/#df1b1a7c7b2a290bcb31e32771e610784662739a88807c0dacac58ede5f391a7530e299dc302d611ee73cb143fc22eaf93592e53e7b5bdb01b00a0b8d28dae460c141dd2ff83412e4dc1c31b16b25f33144a9e5620ea73b13f5bc1c59411d98439ad226e8af03840603796067d87afe130812cf3de24982d0e306f9e61e764e5\" aria-label=\"Banner_Sa\u00fade_PortallavrasTV\"><img src=\"https:\/\/lavras.tv\/site\/wp-content\/uploads\/2025\/03\/Banner_Saude_PortallavrasTV.png\" alt=\"\"  srcset=\"https:\/\/lavras.tv\/site\/wp-content\/uploads\/2025\/03\/Banner_Saude_PortallavrasTV.png 720w, https:\/\/lavras.tv\/site\/wp-content\/uploads\/2025\/03\/Banner_Saude_PortallavrasTV-470x68.png 470w, https:\/\/lavras.tv\/site\/wp-content\/uploads\/2025\/03\/Banner_Saude_PortallavrasTV-170x25.png 170w, https:\/\/lavras.tv\/site\/wp-content\/uploads\/2025\/03\/Banner_Saude_PortallavrasTV-200x29.png 200w\" sizes=\"(max-width: 720px) 100vw, 720px\" width=\"720\" height=\"104\"   \/><\/a><\/li><li><div id=\"lavra-2895509439\" style=\"width:720px;height:104px;background-color:#ddd;overflow:scroll;\">\n\t<strong>Sa\u00edda da depura\u00e7\u00e3o de an\u00fancios<\/strong>\n\t<br><br>\n\tO an\u00fancio n\u00e3o \u00e9 exibido na p\u00e1gina<br><br>post atual: Estudantes j\u00e1 podem solicitar isen\u00e7\u00e3o da taxa de inscri\u00e7\u00e3o do Enem 2026 em Minas Gerais, ID: 170022<br><br><span style=\"color: red;\">O post atual n\u00e3o \u00e9 id\u00eantico ao post principal.<\/span><br><br>An\u00fancios: ROXO - TOPO INTERNA - ROTATIVO 2 (197)<br \/>Grupo de an\u00fancios: Princ_Meio01_720x104 (27)<br><br>Condi\u00e7\u00f5es de exibi\u00e7\u00e3o<div style=\"margin-bottom: 20px; white-space: pre-wrap; font-family: monospace; width: 100%; background: #ffe9e9;\"><strong>condi\u00e7\u00f5es gerais<\/strong><table border=\"1\"><thead><tr><th><\/th><th>An\u00fancios<\/th><th>wp_the_query<\/th><\/tr><\/thead><tr><td>is_main_query<\/td><td>1<\/td><td>1<\/td><\/tr><tr><td>is_rest_api<\/td><td>0<\/td><td>1<\/td><\/tr><tr><td>page<\/td><td>0<\/td><td>1<\/td><\/tr><tr><td>numpages<\/td><td>0<\/td><td>1<\/td><\/tr><tr><td>is_archive<\/td><td>1<\/td><td><\/td><\/tr><tr><td>is_search<\/td><td>1<\/td><td><\/td><\/tr><tr><td>is_home<\/td><td>1<\/td><td><\/td><\/tr><tr><td>is_404<\/td><td>1<\/td><td><\/td><\/tr><tr><td>is_attachment<\/td><td>1<\/td><td><\/td><\/tr><tr><td>is_singular<\/td><td>1<\/td><td><\/td><\/tr><tr><td>is_front_page<\/td><td>1<\/td><td><\/td><\/tr><tr><td>is_feed<\/td><td>1<\/td><td><\/td><\/tr><\/table><\/div><br><br><span style=\"color: red;\">Seu site usa HTTPS, mas o c\u00f3digo do an\u00fancio cont\u00e9m HTTP e pode n\u00e3o funcionar.<\/span>\t<br><br>\n\t<a style=\"color: green;\" href=\"https:\/\/wpadvancedads.com\/manual\/ad-debug-mode\/?utm_source=advanced-ads&utm_medium=link&utm_campaign=ad-debug-mode\" target=\"_blank\" rel=\"nofollow\">Encontre solu\u00e7\u00f5es no manual<\/a>\n<\/div>\n<\/li><\/ul><\/div><script>( window.advanced_ads_ready || jQuery( document ).ready ).call( null, function() {var $lavraslider108512240 = jQuery( \".lavra-slider-108512240\" );$lavraslider108512240.on( \"unslider.ready\", function() { jQuery( \"div.custom-slider ul li\" ).css( \"display\", \"block\" ); });$lavraslider108512240.unslider({ delay:4000, autoplay:true, nav:false, arrows:false, infinite:true });$lavraslider108512240.on(\"mouseover\", function() {$lavraslider108512240.unslider(\"stop\");}).on(\"mouseout\", function() {$lavraslider108512240.unslider(\"start\");});});<\/script><\/div>\n<p>Prazo vai at\u00e9 24 de abril e pedido deve ser feito pela P\u00e1gina do Participante<\/p>\n\n\n\n<figure class=\"wp-block-image size-full\"><img fetchpriority=\"high\" decoding=\"async\" width=\"768\" height=\"354\" src=\"http:\/\/lavras.tv\/site\/wp-content\/uploads\/2026\/04\/ff2bc291-2612-45ef-b6e6-d08bc1f936db.png\" alt=\"\" class=\"wp-image-170023\" srcset=\"https:\/\/lavras.tv\/site\/wp-content\/uploads\/2026\/04\/ff2bc291-2612-45ef-b6e6-d08bc1f936db.png 768w, https:\/\/lavras.tv\/site\/wp-content\/uploads\/2026\/04\/ff2bc291-2612-45ef-b6e6-d08bc1f936db-470x217.png 470w, https:\/\/lavras.tv\/site\/wp-content\/uploads\/2026\/04\/ff2bc291-2612-45ef-b6e6-d08bc1f936db-170x78.png 170w\" sizes=\"(max-width: 768px) 100vw, 768px\" \/><\/figure>\n\n\n\n<p>Estudantes da rede p\u00fablica de Minas Gerais j\u00e1 podem solicitar a isen\u00e7\u00e3o da taxa de inscri\u00e7\u00e3o do Exame Nacional do Ensino M\u00e9dio (Enem) 2026. O prazo come\u00e7ou no dia 13 de abril e segue at\u00e9 o dia 24, conforme orienta\u00e7\u00f5es do Instituto Nacional de Estudos e Pesquisas Educacionais An\u00edsio Teixeira (Inep).<\/p>\n\n\n\n<p>O pedido deve ser realizado exclusivamente pela P\u00e1gina do Participante, utilizando o login da plataforma Gov.br. No mesmo per\u00edodo, candidatos que n\u00e3o compareceram aos dois dias de prova do Enem 2025 devem justificar a aus\u00eancia para garantir a gratuidade na edi\u00e7\u00e3o deste ano.<\/p>\n\n\n\n<p>De acordo com o edital, t\u00eam direito \u00e0 isen\u00e7\u00e3o estudantes matriculados no 3\u00ba ano do ensino m\u00e9dio em escolas p\u00fablicas em 2026. Tamb\u00e9m podem solicitar o benef\u00edcio aqueles que cursaram todo o ensino m\u00e9dio em escola p\u00fablica ou como bolsistas integrais em institui\u00e7\u00f5es privadas, desde que possuam renda familiar de at\u00e9 um sal\u00e1rio m\u00ednimo e meio.<\/p>\n\n\n\n<p>O benef\u00edcio ainda contempla pessoas em situa\u00e7\u00e3o de vulnerabilidade inscritas no Cadastro \u00danico para Programas Sociais do Governo Federal (Cad\u00danico) e estudantes participantes do programa P\u00e9-de-Meia.<\/p>\n\n\n\n<p>Uma das novidades desta edi\u00e7\u00e3o \u00e9 a possibilidade de solicitar o uso do nome social j\u00e1 no momento do pedido de isen\u00e7\u00e3o, desde que o dado esteja atualizado na Receita Federal.<\/p>\n\n\n\n<p>O resultado das solicita\u00e7\u00f5es ser\u00e1 divulgado no dia 8 de maio. O per\u00edodo de recursos vai de 11 a 15 de maio, com resultado final previsto para o dia 22.<\/p>\n\n\n\n<p>A Secretaria de Estado de Educa\u00e7\u00e3o de Minas Gerais informou que escolas da rede estadual est\u00e3o oferecendo apoio aos estudantes, com acesso a laborat\u00f3rios de inform\u00e1tica e orienta\u00e7\u00e3o durante o processo.<\/p>\n\n\n\n<p>\u00c9 importante destacar que a isen\u00e7\u00e3o da taxa n\u00e3o garante a inscri\u00e7\u00e3o autom\u00e1tica no Enem 2026, que dever\u00e1 ser realizada posteriormente em data a ser divulgada pelo MEC.<\/p>\n","protected":false},"excerpt":{"rendered":"<p>Prazo vai at\u00e9 24 de abril e pedido deve ser feito pela P\u00e1gina do Participante Estudantes da rede p\u00fablica de Minas Gerais j\u00e1 podem solicitar a isen\u00e7\u00e3o da taxa de inscri\u00e7\u00e3o do Exame Nacional do Ensino M\u00e9dio (Enem) 2026. O prazo come\u00e7ou no dia 13 de abril e segue at\u00e9 o dia 24, conforme orienta\u00e7\u00f5es [&hellip;]<\/p>\n","protected":false},"author":6,"featured_media":170023,"comment_status":"closed","ping_status":"open","sticky":false,"template":"","format":"standard","meta":{"advgb_blocks_editor_width":"","advgb_blocks_columns_visual_guide":"","_exactmetrics_skip_tracking":false,"_exactmetrics_sitenote_active":false,"_exactmetrics_sitenote_note":"","_exactmetrics_sitenote_category":0,"footnotes":""},"categories":[17,1,2,5760],"tags":[],"class_list":["post-170022","post","type-post","status-publish","format-standard","has-post-thumbnail","hentry","category-jornal-cidade","category-sem-categoria","category-noticias","category-noticias-jornal-cidade"],"better_featured_image":{"id":170023,"alt_text":"","caption":"","description":"","media_type":"image","media_details":{"width":768,"height":354,"file":"2026\/04\/ff2bc291-2612-45ef-b6e6-d08bc1f936db.png","filesize":586421,"sizes":{"medium":{"file":"ff2bc291-2612-45ef-b6e6-d08bc1f936db-470x217.png","width":470,"height":217,"mime-type":"image\/png","filesize":194789,"source_url":"https:\/\/lavras.tv\/site\/wp-content\/uploads\/2026\/04\/ff2bc291-2612-45ef-b6e6-d08bc1f936db-470x217.png"},"thumbnail":{"file":"ff2bc291-2612-45ef-b6e6-d08bc1f936db-170x78.png","width":170,"height":78,"mime-type":"image\/png","filesize":24851,"source_url":"https:\/\/lavras.tv\/site\/wp-content\/uploads\/2026\/04\/ff2bc291-2612-45ef-b6e6-d08bc1f936db-170x78.png"},"alm-thumbnail":{"file":"ff2bc291-2612-45ef-b6e6-d08bc1f936db-150x150.png","width":150,"height":150,"mime-type":"image\/png","filesize":45758,"source_url":"https:\/\/lavras.tv\/site\/wp-content\/uploads\/2026\/04\/ff2bc291-2612-45ef-b6e6-d08bc1f936db-150x150.png"},"sow-carousel-default":{"file":"ff2bc291-2612-45ef-b6e6-d08bc1f936db-272x182.png","width":272,"height":182,"mime-type":"image\/png","filesize":97363,"source_url":"https:\/\/lavras.tv\/site\/wp-content\/uploads\/2026\/04\/ff2bc291-2612-45ef-b6e6-d08bc1f936db-272x182.png"}},"image_meta":{"aperture":"0","credit":"","camera":"","caption":"","created_timestamp":"0","copyright":"","focal_length":"0","iso":"0","shutter_speed":"0","title":"","orientation":"0","keywords":[]}},"post":170022,"source_url":"https:\/\/lavras.tv\/site\/wp-content\/uploads\/2026\/04\/ff2bc291-2612-45ef-b6e6-d08bc1f936db.png"},"author_meta":{"display_name":"Dani","author_link":"https:\/\/lavras.tv\/site\/author\/dani\/"},"featured_img":"https:\/\/lavras.tv\/site\/wp-content\/uploads\/2026\/04\/ff2bc291-2612-45ef-b6e6-d08bc1f936db-470x217.png","coauthors":[],"tax_additional":{"categories":{"linked":["<a href=\"https:\/\/lavras.tv\/site\/category\/sem-categoria\/jornal-cidade\/\" class=\"advgb-post-tax-term\">DESTAQUE PRINCIPAL<\/a>","<a href=\"https:\/\/lavras.tv\/site\/category\/sem-categoria\/\" class=\"advgb-post-tax-term\">JORNAL DA CIDADE<\/a>","<a href=\"https:\/\/lavras.tv\/site\/category\/noticias\/\" class=\"advgb-post-tax-term\">Not\u00edcias<\/a>","<a href=\"https:\/\/lavras.tv\/site\/category\/sem-categoria\/jornal-cidade\/noticias-jornal-cidade\/\" class=\"advgb-post-tax-term\">NOT\u00cdCIAS<\/a>"],"unlinked":["<span class=\"advgb-post-tax-term\">DESTAQUE PRINCIPAL<\/span>","<span class=\"advgb-post-tax-term\">JORNAL DA CIDADE<\/span>","<span class=\"advgb-post-tax-term\">Not\u00edcias<\/span>","<span class=\"advgb-post-tax-term\">NOT\u00cdCIAS<\/span>"]}},"comment_count":"0","relative_dates":{"created":"Publicado 2 semanas atr\u00e1s","modified":"Atualizado 2 semanas atr\u00e1s"},"absolute_dates":{"created":"Publicado em 16 de abril de 2026","modified":"Atualizado em 16 de abril de 2026"},"absolute_dates_time":{"created":"Publicado em 16 de abril de 2026 15:01","modified":"Atualizado em 16 de abril de 2026 16:40"},"featured_img_caption":"","series_order":"","_links":{"self":[{"href":"https:\/\/lavras.tv\/site\/wp-json\/wp\/v2\/posts\/170022","targetHints":{"allow":["GET"]}}],"collection":[{"href":"https:\/\/lavras.tv\/site\/wp-json\/wp\/v2\/posts"}],"about":[{"href":"https:\/\/lavras.tv\/site\/wp-json\/wp\/v2\/types\/post"}],"author":[{"embeddable":true,"href":"https:\/\/lavras.tv\/site\/wp-json\/wp\/v2\/users\/6"}],"replies":[{"embeddable":true,"href":"https:\/\/lavras.tv\/site\/wp-json\/wp\/v2\/comments?post=170022"}],"version-history":[{"count":1,"href":"https:\/\/lavras.tv\/site\/wp-json\/wp\/v2\/posts\/170022\/revisions"}],"predecessor-version":[{"id":170024,"href":"https:\/\/lavras.tv\/site\/wp-json\/wp\/v2\/posts\/170022\/revisions\/170024"}],"wp:featuredmedia":[{"embeddable":true,"href":"https:\/\/lavras.tv\/site\/wp-json\/wp\/v2\/media\/170023"}],"wp:attachment":[{"href":"https:\/\/lavras.tv\/site\/wp-json\/wp\/v2\/media?parent=170022"}],"wp:term":[{"taxonomy":"category","embeddable":true,"href":"https:\/\/lavras.tv\/site\/wp-json\/wp\/v2\/categories?post=170022"},{"taxonomy":"post_tag","embeddable":true,"href":"https:\/\/lavras.tv\/site\/wp-json\/wp\/v2\/tags?post=170022"}],"curies":[{"name":"wp","href":"https:\/\/api.w.org\/{rel}","templated":true}]}}