{"id":170034,"date":"2026-04-17T12:47:20","date_gmt":"2026-04-17T15:47:20","guid":{"rendered":"https:\/\/lavras.tv\/site\/?p=170034"},"modified":"2026-04-17T13:13:19","modified_gmt":"2026-04-17T16:13:19","slug":"lavras-lanca-editais-culturais-com-mais-de-r-600-mil-em-investimentos","status":"publish","type":"post","link":"https:\/\/lavras.tv\/site\/2026\/04\/17\/lavras-lanca-editais-culturais-com-mais-de-r-600-mil-em-investimentos\/","title":{"rendered":"Lavras lan\u00e7a editais culturais com mais de R$ 600 mil em investimentos"},"content":{"rendered":"<div class=\"lavra-antes-do-conteudo_2\" id=\"lavra-1296186192\"><div id=\"lavra-slider-27\" class=\"custom-slider lavra-slider-3873903672 lavra-slider\"><ul><li><div style=\"margin-left: auto;margin-right: auto;text-align: center;\" id=\"lavra-57385446\"><a href=\"https:\/\/sistemas.lavras.mg.gov.br\/portalcidadao\/#df1b1a7c7b2a290bcb31e32771e610784662739a88807c0dacac58ede5f391a7530e299dc302d611ee73cb143fc22eaf93592e53e7b5bdb01b00a0b8d28dae460c141dd2ff83412e4dc1c31b16b25f33144a9e5620ea73b13f5bc1c59411d98439ad226e8af03840603796067d87afe130812cf3de24982d0e306f9e61e764e5\" aria-label=\"Lavras-TV&#8211;720x104px (1) (1)\"><img src=\"https:\/\/lavras.tv\/site\/wp-content\/uploads\/2025\/01\/Lavras-TV-720x104px-1-1.png\" alt=\"\"  srcset=\"https:\/\/lavras.tv\/site\/wp-content\/uploads\/2025\/01\/Lavras-TV-720x104px-1-1.png 720w, https:\/\/lavras.tv\/site\/wp-content\/uploads\/2025\/01\/Lavras-TV-720x104px-1-1-470x68.png 470w, https:\/\/lavras.tv\/site\/wp-content\/uploads\/2025\/01\/Lavras-TV-720x104px-1-1-170x25.png 170w, https:\/\/lavras.tv\/site\/wp-content\/uploads\/2025\/01\/Lavras-TV-720x104px-1-1-200x29.png 200w\" sizes=\"(max-width: 720px) 100vw, 720px\" width=\"720\" height=\"104\"  style=\"display: inline-block;\" \/><\/a><\/div><\/li><li><a href=\"https:\/\/sistemas.lavras.mg.gov.br\/portalcidadao\/#df1b1a7c7b2a290bcb31e32771e610784662739a88807c0dacac58ede5f391a7530e299dc302d611ee73cb143fc22eaf93592e53e7b5bdb01b00a0b8d28dae460c141dd2ff83412e4dc1c31b16b25f33144a9e5620ea73b13f5bc1c59411d98439ad226e8af03840603796067d87afe130812cf3de24982d0e306f9e61e764e5\" aria-label=\"Banner_Emprego_PortallavrasTV\"><img src=\"https:\/\/lavras.tv\/site\/wp-content\/uploads\/2025\/03\/Banner_Emprego_PortallavrasTV.png\" alt=\"\"  srcset=\"https:\/\/lavras.tv\/site\/wp-content\/uploads\/2025\/03\/Banner_Emprego_PortallavrasTV.png 720w, https:\/\/lavras.tv\/site\/wp-content\/uploads\/2025\/03\/Banner_Emprego_PortallavrasTV-470x68.png 470w, https:\/\/lavras.tv\/site\/wp-content\/uploads\/2025\/03\/Banner_Emprego_PortallavrasTV-170x25.png 170w, https:\/\/lavras.tv\/site\/wp-content\/uploads\/2025\/03\/Banner_Emprego_PortallavrasTV-200x29.png 200w\" sizes=\"(max-width: 720px) 100vw, 720px\" width=\"720\" height=\"104\"   \/><\/a><\/li><li><a href=\"https:\/\/sistemas.lavras.mg.gov.br\/portalcidadao\/#df1b1a7c7b2a290bcb31e32771e610784662739a88807c0dacac58ede5f391a7530e299dc302d611ee73cb143fc22eaf93592e53e7b5bdb01b00a0b8d28dae460c141dd2ff83412e4dc1c31b16b25f33144a9e5620ea73b13f5bc1c59411d98439ad226e8af03840603796067d87afe130812cf3de24982d0e306f9e61e764e5\" aria-label=\"Banner_Obras_PortallavrasTV\"><img src=\"https:\/\/lavras.tv\/site\/wp-content\/uploads\/2025\/03\/Banner_Obras_PortallavrasTV.png\" alt=\"\"  srcset=\"https:\/\/lavras.tv\/site\/wp-content\/uploads\/2025\/03\/Banner_Obras_PortallavrasTV.png 720w, https:\/\/lavras.tv\/site\/wp-content\/uploads\/2025\/03\/Banner_Obras_PortallavrasTV-470x68.png 470w, https:\/\/lavras.tv\/site\/wp-content\/uploads\/2025\/03\/Banner_Obras_PortallavrasTV-170x25.png 170w, https:\/\/lavras.tv\/site\/wp-content\/uploads\/2025\/03\/Banner_Obras_PortallavrasTV-200x29.png 200w\" sizes=\"(max-width: 720px) 100vw, 720px\" width=\"720\" height=\"104\"   \/><\/a><\/li><li><div style=\"margin-left: auto;margin-right: auto;text-align: center;\" id=\"lavra-1241094973\"><a href=\"https:\/\/sistemas.lavras.mg.gov.br\/portalcidadao\/#df1b1a7c7b2a290bcb31e32771e610784662739a88807c0dacac58ede5f391a7530e299dc302d611ee73cb143fc22eaf93592e53e7b5bdb01b00a0b8d28dae460c141dd2ff83412e4dc1c31b16b25f33144a9e5620ea73b13f5bc1c59411d98439ad226e8af03840603796067d87afe130812cf3de24982d0e306f9e61e764e5\" aria-label=\"Banner_Educa\u00e7\u00e3o_PortallavrasTV\"><img src=\"https:\/\/lavras.tv\/site\/wp-content\/uploads\/2025\/01\/Banner_Educacao_PortallavrasTV.png\" alt=\"\"  srcset=\"https:\/\/lavras.tv\/site\/wp-content\/uploads\/2025\/01\/Banner_Educacao_PortallavrasTV.png 720w, https:\/\/lavras.tv\/site\/wp-content\/uploads\/2025\/01\/Banner_Educacao_PortallavrasTV-470x68.png 470w, https:\/\/lavras.tv\/site\/wp-content\/uploads\/2025\/01\/Banner_Educacao_PortallavrasTV-170x25.png 170w, https:\/\/lavras.tv\/site\/wp-content\/uploads\/2025\/01\/Banner_Educacao_PortallavrasTV-200x29.png 200w\" sizes=\"(max-width: 720px) 100vw, 720px\" width=\"720\" height=\"104\"  style=\"display: inline-block;\" \/><\/a><\/div><\/li><li><a href=\"https:\/\/sistemas.lavras.mg.gov.br\/portalcidadao\/#df1b1a7c7b2a290bcb31e32771e610784662739a88807c0dacac58ede5f391a7530e299dc302d611ee73cb143fc22eaf93592e53e7b5bdb01b00a0b8d28dae460c141dd2ff83412e4dc1c31b16b25f33144a9e5620ea73b13f5bc1c59411d98439ad226e8af03840603796067d87afe130812cf3de24982d0e306f9e61e764e5\" aria-label=\"Banner_Sa\u00fade_PortallavrasTV\"><img src=\"https:\/\/lavras.tv\/site\/wp-content\/uploads\/2025\/03\/Banner_Saude_PortallavrasTV.png\" alt=\"\"  srcset=\"https:\/\/lavras.tv\/site\/wp-content\/uploads\/2025\/03\/Banner_Saude_PortallavrasTV.png 720w, https:\/\/lavras.tv\/site\/wp-content\/uploads\/2025\/03\/Banner_Saude_PortallavrasTV-470x68.png 470w, https:\/\/lavras.tv\/site\/wp-content\/uploads\/2025\/03\/Banner_Saude_PortallavrasTV-170x25.png 170w, https:\/\/lavras.tv\/site\/wp-content\/uploads\/2025\/03\/Banner_Saude_PortallavrasTV-200x29.png 200w\" sizes=\"(max-width: 720px) 100vw, 720px\" width=\"720\" height=\"104\"   \/><\/a><\/li><li><div id=\"lavra-2461857771\" style=\"width:720px;height:104px;background-color:#ddd;overflow:scroll;\">\n\t<strong>Sa\u00edda da depura\u00e7\u00e3o de an\u00fancios<\/strong>\n\t<br><br>\n\tO an\u00fancio n\u00e3o \u00e9 exibido na p\u00e1gina<br><br>post atual: Lavras lan\u00e7a editais culturais com mais de R$ 600 mil em investimentos, ID: 170034<br><br><span style=\"color: red;\">O post atual n\u00e3o \u00e9 id\u00eantico ao post principal.<\/span><br><br>An\u00fancios: ROXO - TOPO INTERNA - ROTATIVO 2 (197)<br \/>Grupo de an\u00fancios: Princ_Meio01_720x104 (27)<br><br>Condi\u00e7\u00f5es de exibi\u00e7\u00e3o<div style=\"margin-bottom: 20px; white-space: pre-wrap; font-family: monospace; width: 100%; background: #ffe9e9;\"><strong>condi\u00e7\u00f5es gerais<\/strong><table border=\"1\"><thead><tr><th><\/th><th>An\u00fancios<\/th><th>wp_the_query<\/th><\/tr><\/thead><tr><td>is_main_query<\/td><td>1<\/td><td>1<\/td><\/tr><tr><td>is_rest_api<\/td><td>0<\/td><td>1<\/td><\/tr><tr><td>page<\/td><td>0<\/td><td>1<\/td><\/tr><tr><td>numpages<\/td><td>0<\/td><td>1<\/td><\/tr><tr><td>is_archive<\/td><td>1<\/td><td><\/td><\/tr><tr><td>is_search<\/td><td>1<\/td><td><\/td><\/tr><tr><td>is_home<\/td><td>1<\/td><td><\/td><\/tr><tr><td>is_404<\/td><td>1<\/td><td><\/td><\/tr><tr><td>is_attachment<\/td><td>1<\/td><td><\/td><\/tr><tr><td>is_singular<\/td><td>1<\/td><td><\/td><\/tr><tr><td>is_front_page<\/td><td>1<\/td><td><\/td><\/tr><tr><td>is_feed<\/td><td>1<\/td><td><\/td><\/tr><\/table><\/div><br><br><span style=\"color: red;\">Seu site usa HTTPS, mas o c\u00f3digo do an\u00fancio cont\u00e9m HTTP e pode n\u00e3o funcionar.<\/span>\t<br><br>\n\t<a style=\"color: green;\" href=\"https:\/\/wpadvancedads.com\/manual\/ad-debug-mode\/?utm_source=advanced-ads&utm_medium=link&utm_campaign=ad-debug-mode\" target=\"_blank\" rel=\"nofollow\">Encontre solu\u00e7\u00f5es no manual<\/a>\n<\/div>\n<\/li><\/ul><\/div><script>( window.advanced_ads_ready || jQuery( document ).ready ).call( null, function() {var $lavraslider3873903672 = jQuery( \".lavra-slider-3873903672\" );$lavraslider3873903672.on( \"unslider.ready\", function() { jQuery( \"div.custom-slider ul li\" ).css( \"display\", \"block\" ); });$lavraslider3873903672.unslider({ delay:4000, autoplay:true, nav:false, arrows:false, infinite:true });$lavraslider3873903672.on(\"mouseover\", function() {$lavraslider3873903672.unslider(\"stop\");}).on(\"mouseout\", function() {$lavraslider3873903672.unslider(\"start\");});});<\/script><\/div>\n<p>Recursos ser\u00e3o destinados a artistas, projetos e espa\u00e7os culturais por meio da Pol\u00edtica Nacional Aldir Blanc<\/p>\n\n\n\n<figure class=\"wp-block-image size-large\"><img fetchpriority=\"high\" decoding=\"async\" width=\"970\" height=\"673\" src=\"https:\/\/lavras.tv\/site\/wp-content\/uploads\/2026\/04\/WhatsApp-Image-2026-04-17-at-12.41.04-970x673.jpeg\" alt=\"\" class=\"wp-image-170035\" srcset=\"https:\/\/lavras.tv\/site\/wp-content\/uploads\/2026\/04\/WhatsApp-Image-2026-04-17-at-12.41.04-970x673.jpeg 970w, https:\/\/lavras.tv\/site\/wp-content\/uploads\/2026\/04\/WhatsApp-Image-2026-04-17-at-12.41.04-432x300.jpeg 432w, https:\/\/lavras.tv\/site\/wp-content\/uploads\/2026\/04\/WhatsApp-Image-2026-04-17-at-12.41.04-170x118.jpeg 170w, https:\/\/lavras.tv\/site\/wp-content\/uploads\/2026\/04\/WhatsApp-Image-2026-04-17-at-12.41.04-1536x1066.jpeg 1536w, https:\/\/lavras.tv\/site\/wp-content\/uploads\/2026\/04\/WhatsApp-Image-2026-04-17-at-12.41.04.jpeg 1600w\" sizes=\"(max-width: 970px) 100vw, 970px\" \/><\/figure>\n\n\n\n<p>A Prefeitura de Lavras publicou novos editais voltados ao setor cultural, com investimento superior a R$ 600 mil. Os recursos fazem parte da Pol\u00edtica Nacional Aldir Blanc (PNAB) e t\u00eam como objetivo fortalecer a produ\u00e7\u00e3o art\u00edstica no munic\u00edpio.<\/p>\n\n\n\n<p>Os editais contemplam tr\u00eas frentes principais: premia\u00e7\u00e3o de agentes culturais, sele\u00e7\u00e3o de projetos e concess\u00e3o de subs\u00eddios para manuten\u00e7\u00e3o de espa\u00e7os e iniciativas culturais.<\/p>\n\n\n<div class=\"wp-block-image\">\n<figure class=\"aligncenter size-large is-resized\"><img decoding=\"async\" width=\"970\" height=\"728\" src=\"http:\/\/lavras.tv\/site\/wp-content\/uploads\/2026\/04\/WhatsApp-Image-2026-04-17-at-12.45.50-970x728.jpeg\" alt=\"\" class=\"wp-image-170036\" style=\"aspect-ratio:1.332441073685776;width:464px;height:auto\" srcset=\"https:\/\/lavras.tv\/site\/wp-content\/uploads\/2026\/04\/WhatsApp-Image-2026-04-17-at-12.45.50-970x728.jpeg 970w, https:\/\/lavras.tv\/site\/wp-content\/uploads\/2026\/04\/WhatsApp-Image-2026-04-17-at-12.45.50-400x300.jpeg 400w, https:\/\/lavras.tv\/site\/wp-content\/uploads\/2026\/04\/WhatsApp-Image-2026-04-17-at-12.45.50-170x128.jpeg 170w, https:\/\/lavras.tv\/site\/wp-content\/uploads\/2026\/04\/WhatsApp-Image-2026-04-17-at-12.45.50.jpeg 1536w\" sizes=\"(max-width: 970px) 100vw, 970px\" \/><figcaption class=\"wp-element-caption\"><sub>Exposi\u00e7\u00e3o \u201cEntre a Arte, o Artista e o Autismo\u201d<\/sub><\/figcaption><\/figure>\n<\/div>\n\n\n<p>As inscri\u00e7\u00f5es estar\u00e3o abertas entre os dias 22 de abril e 21 de maio. A expectativa \u00e9 de que os recursos impulsionem a economia criativa local e ampliem o acesso da popula\u00e7\u00e3o a atividades culturais.<\/p>\n\n\n\n<p>Entre as oportunidades, est\u00e3o previstas premia\u00e7\u00f5es individuais para artistas e coletivos, al\u00e9m de apoio financeiro para projetos em diferentes \u00e1reas culturais. Tamb\u00e9m h\u00e1 categorias espec\u00edficas voltadas para regi\u00f5es perif\u00e9ricas, buscando descentralizar os investimentos.<\/p>\n\n\n\n<p>Outro ponto de destaque \u00e9 o subs\u00eddio para espa\u00e7os culturais e iniciativas art\u00edstico-culturais, com repasses mensais por per\u00edodo determinado, contribuindo para a manuten\u00e7\u00e3o dessas atividades.<\/p>\n\n\n\n<p>Com a iniciativa, Lavras passa a integrar o grupo de munic\u00edpios que j\u00e1 iniciaram a execu\u00e7\u00e3o do novo ciclo da PNAB, refor\u00e7ando pol\u00edticas p\u00fablicas voltadas \u00e0 cultura e ao incentivo de produ\u00e7\u00f5es locais.<\/p>\n\n\n\n<p><\/p>\n","protected":false},"excerpt":{"rendered":"<p>Recursos ser\u00e3o destinados a artistas, projetos e espa\u00e7os culturais por meio da Pol\u00edtica Nacional Aldir Blanc A Prefeitura de Lavras publicou novos editais voltados ao setor cultural, com investimento superior a R$ 600 mil. Os recursos fazem parte da Pol\u00edtica Nacional Aldir Blanc (PNAB) e t\u00eam como objetivo fortalecer a produ\u00e7\u00e3o art\u00edstica no munic\u00edpio. Os [&hellip;]<\/p>\n","protected":false},"author":6,"featured_media":170035,"comment_status":"closed","ping_status":"open","sticky":false,"template":"","format":"standard","meta":{"advgb_blocks_editor_width":"","advgb_blocks_columns_visual_guide":"","_exactmetrics_skip_tracking":false,"_exactmetrics_sitenote_active":false,"_exactmetrics_sitenote_note":"","_exactmetrics_sitenote_category":0,"footnotes":""},"categories":[17,5719,1,2,5760],"tags":[],"class_list":["post-170034","post","type-post","status-publish","format-standard","has-post-thumbnail","hentry","category-jornal-cidade","category-educacao","category-sem-categoria","category-noticias","category-noticias-jornal-cidade"],"better_featured_image":{"id":170035,"alt_text":"","caption":"","description":"","media_type":"image","media_details":{"width":1600,"height":1110,"file":"2026\/04\/WhatsApp-Image-2026-04-17-at-12.41.04.jpeg","filesize":264167,"sizes":{"medium":{"file":"WhatsApp-Image-2026-04-17-at-12.41.04-432x300.jpeg","width":432,"height":300,"mime-type":"image\/jpeg","filesize":30218,"source_url":"https:\/\/lavras.tv\/site\/wp-content\/uploads\/2026\/04\/WhatsApp-Image-2026-04-17-at-12.41.04-432x300.jpeg"},"large":{"file":"WhatsApp-Image-2026-04-17-at-12.41.04-970x673.jpeg","width":970,"height":673,"mime-type":"image\/jpeg","filesize":117913,"source_url":"https:\/\/lavras.tv\/site\/wp-content\/uploads\/2026\/04\/WhatsApp-Image-2026-04-17-at-12.41.04-970x673.jpeg"},"thumbnail":{"file":"WhatsApp-Image-2026-04-17-at-12.41.04-170x118.jpeg","width":170,"height":118,"mime-type":"image\/jpeg","filesize":6315,"source_url":"https:\/\/lavras.tv\/site\/wp-content\/uploads\/2026\/04\/WhatsApp-Image-2026-04-17-at-12.41.04-170x118.jpeg"},"1536x1536":{"file":"WhatsApp-Image-2026-04-17-at-12.41.04-1536x1066.jpeg","width":1536,"height":1066,"mime-type":"image\/jpeg","filesize":248692,"source_url":"https:\/\/lavras.tv\/site\/wp-content\/uploads\/2026\/04\/WhatsApp-Image-2026-04-17-at-12.41.04-1536x1066.jpeg"},"alm-thumbnail":{"file":"WhatsApp-Image-2026-04-17-at-12.41.04-150x150.jpeg","width":150,"height":150,"mime-type":"image\/jpeg","filesize":6941,"source_url":"https:\/\/lavras.tv\/site\/wp-content\/uploads\/2026\/04\/WhatsApp-Image-2026-04-17-at-12.41.04-150x150.jpeg"},"sow-carousel-default":{"file":"WhatsApp-Image-2026-04-17-at-12.41.04-272x182.jpeg","width":272,"height":182,"mime-type":"image\/jpeg","filesize":13357,"source_url":"https:\/\/lavras.tv\/site\/wp-content\/uploads\/2026\/04\/WhatsApp-Image-2026-04-17-at-12.41.04-272x182.jpeg"}},"image_meta":{"aperture":"0","credit":"","camera":"","caption":"","created_timestamp":"0","copyright":"","focal_length":"0","iso":"0","shutter_speed":"0","title":"","orientation":"0","keywords":[]}},"post":170034,"source_url":"https:\/\/lavras.tv\/site\/wp-content\/uploads\/2026\/04\/WhatsApp-Image-2026-04-17-at-12.41.04.jpeg"},"author_meta":{"display_name":"Dani","author_link":"https:\/\/lavras.tv\/site\/author\/dani\/"},"featured_img":"https:\/\/lavras.tv\/site\/wp-content\/uploads\/2026\/04\/WhatsApp-Image-2026-04-17-at-12.41.04-432x300.jpeg","coauthors":[],"tax_additional":{"categories":{"linked":["<a href=\"https:\/\/lavras.tv\/site\/category\/sem-categoria\/jornal-cidade\/\" class=\"advgb-post-tax-term\">DESTAQUE PRINCIPAL<\/a>","<a href=\"https:\/\/lavras.tv\/site\/category\/educacao\/\" class=\"advgb-post-tax-term\">Educa\u00e7\u00e3o<\/a>","<a href=\"https:\/\/lavras.tv\/site\/category\/sem-categoria\/\" class=\"advgb-post-tax-term\">JORNAL DA CIDADE<\/a>","<a href=\"https:\/\/lavras.tv\/site\/category\/noticias\/\" class=\"advgb-post-tax-term\">Not\u00edcias<\/a>","<a href=\"https:\/\/lavras.tv\/site\/category\/sem-categoria\/jornal-cidade\/noticias-jornal-cidade\/\" class=\"advgb-post-tax-term\">NOT\u00cdCIAS<\/a>"],"unlinked":["<span class=\"advgb-post-tax-term\">DESTAQUE PRINCIPAL<\/span>","<span class=\"advgb-post-tax-term\">Educa\u00e7\u00e3o<\/span>","<span class=\"advgb-post-tax-term\">JORNAL DA CIDADE<\/span>","<span class=\"advgb-post-tax-term\">Not\u00edcias<\/span>","<span class=\"advgb-post-tax-term\">NOT\u00cdCIAS<\/span>"]}},"comment_count":"0","relative_dates":{"created":"Publicado 2 semanas atr\u00e1s","modified":"Atualizado 2 semanas atr\u00e1s"},"absolute_dates":{"created":"Publicado em 17 de abril de 2026","modified":"Atualizado em 17 de abril de 2026"},"absolute_dates_time":{"created":"Publicado em 17 de abril de 2026 12:47","modified":"Atualizado em 17 de abril de 2026 13:13"},"featured_img_caption":"","series_order":"","_links":{"self":[{"href":"https:\/\/lavras.tv\/site\/wp-json\/wp\/v2\/posts\/170034","targetHints":{"allow":["GET"]}}],"collection":[{"href":"https:\/\/lavras.tv\/site\/wp-json\/wp\/v2\/posts"}],"about":[{"href":"https:\/\/lavras.tv\/site\/wp-json\/wp\/v2\/types\/post"}],"author":[{"embeddable":true,"href":"https:\/\/lavras.tv\/site\/wp-json\/wp\/v2\/users\/6"}],"replies":[{"embeddable":true,"href":"https:\/\/lavras.tv\/site\/wp-json\/wp\/v2\/comments?post=170034"}],"version-history":[{"count":1,"href":"https:\/\/lavras.tv\/site\/wp-json\/wp\/v2\/posts\/170034\/revisions"}],"predecessor-version":[{"id":170037,"href":"https:\/\/lavras.tv\/site\/wp-json\/wp\/v2\/posts\/170034\/revisions\/170037"}],"wp:featuredmedia":[{"embeddable":true,"href":"https:\/\/lavras.tv\/site\/wp-json\/wp\/v2\/media\/170035"}],"wp:attachment":[{"href":"https:\/\/lavras.tv\/site\/wp-json\/wp\/v2\/media?parent=170034"}],"wp:term":[{"taxonomy":"category","embeddable":true,"href":"https:\/\/lavras.tv\/site\/wp-json\/wp\/v2\/categories?post=170034"},{"taxonomy":"post_tag","embeddable":true,"href":"https:\/\/lavras.tv\/site\/wp-json\/wp\/v2\/tags?post=170034"}],"curies":[{"name":"wp","href":"https:\/\/api.w.org\/{rel}","templated":true}]}}