{"id":170041,"date":"2026-04-17T17:18:21","date_gmt":"2026-04-17T20:18:21","guid":{"rendered":"https:\/\/lavras.tv\/site\/?p=170041"},"modified":"2026-04-17T17:18:22","modified_gmt":"2026-04-17T20:18:22","slug":"morre-oscar-schmidt-icone-do-basquete-aos-68-anos","status":"publish","type":"post","link":"https:\/\/lavras.tv\/site\/2026\/04\/17\/morre-oscar-schmidt-icone-do-basquete-aos-68-anos\/","title":{"rendered":"Morre Oscar Schmidt, \u00edcone do basquete, aos 68 anos"},"content":{"rendered":"<div class=\"lavra-antes-do-conteudo_2\" id=\"lavra-823344777\"><div id=\"lavra-slider-27\" class=\"custom-slider lavra-slider-122226168 lavra-slider\"><ul><li><div style=\"margin-left: auto;margin-right: auto;text-align: center;\" id=\"lavra-2140483659\"><a href=\"https:\/\/sistemas.lavras.mg.gov.br\/portalcidadao\/#df1b1a7c7b2a290bcb31e32771e610784662739a88807c0dacac58ede5f391a7530e299dc302d611ee73cb143fc22eaf93592e53e7b5bdb01b00a0b8d28dae460c141dd2ff83412e4dc1c31b16b25f33144a9e5620ea73b13f5bc1c59411d98439ad226e8af03840603796067d87afe130812cf3de24982d0e306f9e61e764e5\" aria-label=\"Lavras-TV&#8211;720x104px (1) (1)\"><img src=\"https:\/\/lavras.tv\/site\/wp-content\/uploads\/2025\/01\/Lavras-TV-720x104px-1-1.png\" alt=\"\"  srcset=\"https:\/\/lavras.tv\/site\/wp-content\/uploads\/2025\/01\/Lavras-TV-720x104px-1-1.png 720w, https:\/\/lavras.tv\/site\/wp-content\/uploads\/2025\/01\/Lavras-TV-720x104px-1-1-470x68.png 470w, https:\/\/lavras.tv\/site\/wp-content\/uploads\/2025\/01\/Lavras-TV-720x104px-1-1-170x25.png 170w, https:\/\/lavras.tv\/site\/wp-content\/uploads\/2025\/01\/Lavras-TV-720x104px-1-1-200x29.png 200w\" sizes=\"(max-width: 720px) 100vw, 720px\" width=\"720\" height=\"104\"  style=\"display: inline-block;\" \/><\/a><\/div><\/li><li><a href=\"https:\/\/sistemas.lavras.mg.gov.br\/portalcidadao\/#df1b1a7c7b2a290bcb31e32771e610784662739a88807c0dacac58ede5f391a7530e299dc302d611ee73cb143fc22eaf93592e53e7b5bdb01b00a0b8d28dae460c141dd2ff83412e4dc1c31b16b25f33144a9e5620ea73b13f5bc1c59411d98439ad226e8af03840603796067d87afe130812cf3de24982d0e306f9e61e764e5\" aria-label=\"Banner_Emprego_PortallavrasTV\"><img src=\"https:\/\/lavras.tv\/site\/wp-content\/uploads\/2025\/03\/Banner_Emprego_PortallavrasTV.png\" alt=\"\"  srcset=\"https:\/\/lavras.tv\/site\/wp-content\/uploads\/2025\/03\/Banner_Emprego_PortallavrasTV.png 720w, https:\/\/lavras.tv\/site\/wp-content\/uploads\/2025\/03\/Banner_Emprego_PortallavrasTV-470x68.png 470w, https:\/\/lavras.tv\/site\/wp-content\/uploads\/2025\/03\/Banner_Emprego_PortallavrasTV-170x25.png 170w, https:\/\/lavras.tv\/site\/wp-content\/uploads\/2025\/03\/Banner_Emprego_PortallavrasTV-200x29.png 200w\" sizes=\"(max-width: 720px) 100vw, 720px\" width=\"720\" height=\"104\"   \/><\/a><\/li><li><a href=\"https:\/\/sistemas.lavras.mg.gov.br\/portalcidadao\/#df1b1a7c7b2a290bcb31e32771e610784662739a88807c0dacac58ede5f391a7530e299dc302d611ee73cb143fc22eaf93592e53e7b5bdb01b00a0b8d28dae460c141dd2ff83412e4dc1c31b16b25f33144a9e5620ea73b13f5bc1c59411d98439ad226e8af03840603796067d87afe130812cf3de24982d0e306f9e61e764e5\" aria-label=\"Banner_Obras_PortallavrasTV\"><img src=\"https:\/\/lavras.tv\/site\/wp-content\/uploads\/2025\/03\/Banner_Obras_PortallavrasTV.png\" alt=\"\"  srcset=\"https:\/\/lavras.tv\/site\/wp-content\/uploads\/2025\/03\/Banner_Obras_PortallavrasTV.png 720w, https:\/\/lavras.tv\/site\/wp-content\/uploads\/2025\/03\/Banner_Obras_PortallavrasTV-470x68.png 470w, https:\/\/lavras.tv\/site\/wp-content\/uploads\/2025\/03\/Banner_Obras_PortallavrasTV-170x25.png 170w, https:\/\/lavras.tv\/site\/wp-content\/uploads\/2025\/03\/Banner_Obras_PortallavrasTV-200x29.png 200w\" sizes=\"(max-width: 720px) 100vw, 720px\" width=\"720\" height=\"104\"   \/><\/a><\/li><li><div style=\"margin-left: auto;margin-right: auto;text-align: center;\" id=\"lavra-517032334\"><a href=\"https:\/\/sistemas.lavras.mg.gov.br\/portalcidadao\/#df1b1a7c7b2a290bcb31e32771e610784662739a88807c0dacac58ede5f391a7530e299dc302d611ee73cb143fc22eaf93592e53e7b5bdb01b00a0b8d28dae460c141dd2ff83412e4dc1c31b16b25f33144a9e5620ea73b13f5bc1c59411d98439ad226e8af03840603796067d87afe130812cf3de24982d0e306f9e61e764e5\" aria-label=\"Banner_Educa\u00e7\u00e3o_PortallavrasTV\"><img src=\"https:\/\/lavras.tv\/site\/wp-content\/uploads\/2025\/01\/Banner_Educacao_PortallavrasTV.png\" alt=\"\"  srcset=\"https:\/\/lavras.tv\/site\/wp-content\/uploads\/2025\/01\/Banner_Educacao_PortallavrasTV.png 720w, https:\/\/lavras.tv\/site\/wp-content\/uploads\/2025\/01\/Banner_Educacao_PortallavrasTV-470x68.png 470w, https:\/\/lavras.tv\/site\/wp-content\/uploads\/2025\/01\/Banner_Educacao_PortallavrasTV-170x25.png 170w, https:\/\/lavras.tv\/site\/wp-content\/uploads\/2025\/01\/Banner_Educacao_PortallavrasTV-200x29.png 200w\" sizes=\"(max-width: 720px) 100vw, 720px\" width=\"720\" height=\"104\"  style=\"display: inline-block;\" \/><\/a><\/div><\/li><li><a href=\"https:\/\/sistemas.lavras.mg.gov.br\/portalcidadao\/#df1b1a7c7b2a290bcb31e32771e610784662739a88807c0dacac58ede5f391a7530e299dc302d611ee73cb143fc22eaf93592e53e7b5bdb01b00a0b8d28dae460c141dd2ff83412e4dc1c31b16b25f33144a9e5620ea73b13f5bc1c59411d98439ad226e8af03840603796067d87afe130812cf3de24982d0e306f9e61e764e5\" aria-label=\"Banner_Sa\u00fade_PortallavrasTV\"><img src=\"https:\/\/lavras.tv\/site\/wp-content\/uploads\/2025\/03\/Banner_Saude_PortallavrasTV.png\" alt=\"\"  srcset=\"https:\/\/lavras.tv\/site\/wp-content\/uploads\/2025\/03\/Banner_Saude_PortallavrasTV.png 720w, https:\/\/lavras.tv\/site\/wp-content\/uploads\/2025\/03\/Banner_Saude_PortallavrasTV-470x68.png 470w, https:\/\/lavras.tv\/site\/wp-content\/uploads\/2025\/03\/Banner_Saude_PortallavrasTV-170x25.png 170w, https:\/\/lavras.tv\/site\/wp-content\/uploads\/2025\/03\/Banner_Saude_PortallavrasTV-200x29.png 200w\" sizes=\"(max-width: 720px) 100vw, 720px\" width=\"720\" height=\"104\"   \/><\/a><\/li><li><div id=\"lavra-3925998424\" style=\"width:720px;height:104px;background-color:#ddd;overflow:scroll;\">\n\t<strong>Sa\u00edda da depura\u00e7\u00e3o de an\u00fancios<\/strong>\n\t<br><br>\n\tO an\u00fancio n\u00e3o \u00e9 exibido na p\u00e1gina<br><br>post atual: Morre Oscar Schmidt, \u00edcone do basquete, aos 68 anos, ID: 170041<br><br><span style=\"color: red;\">O post atual n\u00e3o \u00e9 id\u00eantico ao post principal.<\/span><br><br>An\u00fancios: ROXO - TOPO INTERNA - ROTATIVO 2 (197)<br \/>Grupo de an\u00fancios: Princ_Meio01_720x104 (27)<br><br>Condi\u00e7\u00f5es de exibi\u00e7\u00e3o<div style=\"margin-bottom: 20px; white-space: pre-wrap; font-family: monospace; width: 100%; background: #ffe9e9;\"><strong>condi\u00e7\u00f5es gerais<\/strong><table border=\"1\"><thead><tr><th><\/th><th>An\u00fancios<\/th><th>wp_the_query<\/th><\/tr><\/thead><tr><td>is_main_query<\/td><td>1<\/td><td>1<\/td><\/tr><tr><td>is_rest_api<\/td><td>0<\/td><td>1<\/td><\/tr><tr><td>page<\/td><td>0<\/td><td>1<\/td><\/tr><tr><td>numpages<\/td><td>0<\/td><td>1<\/td><\/tr><tr><td>is_archive<\/td><td>1<\/td><td><\/td><\/tr><tr><td>is_search<\/td><td>1<\/td><td><\/td><\/tr><tr><td>is_home<\/td><td>1<\/td><td><\/td><\/tr><tr><td>is_404<\/td><td>1<\/td><td><\/td><\/tr><tr><td>is_attachment<\/td><td>1<\/td><td><\/td><\/tr><tr><td>is_singular<\/td><td>1<\/td><td><\/td><\/tr><tr><td>is_front_page<\/td><td>1<\/td><td><\/td><\/tr><tr><td>is_feed<\/td><td>1<\/td><td><\/td><\/tr><\/table><\/div><br><br><span style=\"color: red;\">Seu site usa HTTPS, mas o c\u00f3digo do an\u00fancio cont\u00e9m HTTP e pode n\u00e3o funcionar.<\/span>\t<br><br>\n\t<a style=\"color: green;\" href=\"https:\/\/wpadvancedads.com\/manual\/ad-debug-mode\/?utm_source=advanced-ads&utm_medium=link&utm_campaign=ad-debug-mode\" target=\"_blank\" rel=\"nofollow\">Encontre solu\u00e7\u00f5es no manual<\/a>\n<\/div>\n<\/li><\/ul><\/div><script>( window.advanced_ads_ready || jQuery( document ).ready ).call( null, function() {var $lavraslider122226168 = jQuery( \".lavra-slider-122226168\" );$lavraslider122226168.on( \"unslider.ready\", function() { jQuery( \"div.custom-slider ul li\" ).css( \"display\", \"block\" ); });$lavraslider122226168.unslider({ delay:4000, autoplay:true, nav:false, arrows:false, infinite:true });$lavraslider122226168.on(\"mouseover\", function() {$lavraslider122226168.unslider(\"stop\");}).on(\"mouseout\", function() {$lavraslider122226168.unslider(\"start\");});});<\/script><\/div>\n<h2 class=\"wp-block-heading\">Fam\u00edlia confirmou morte de ex-jogador, um dos maiores nomes da hist\u00f3ria do esporte, nesta sexta-feira (17)<\/h2>\n\n\n\n<figure class=\"wp-block-image\"><img decoding=\"async\" src=\"https:\/\/s2-quem.glbimg.com\/3CUyZ-f4uAG_npsx_CvEcOPTFLY=\/0x0:1400x950\/888x0\/smart\/filters:strip_icc()\/i.s3.glbimg.com\/v1\/AUTH_b0f0e84207c948ab8b8777be5a6a4395\/internal_photos\/bs\/2026\/m\/G\/O7hWP3T0yEeWHpcLu3zw\/555.png\" alt=\"Oscar Schmidt\"\/><\/figure>\n\n\n\n<p>Oscar Schmidt \u2014 Foto: Divulga\u00e7\u00e3o\/ Tv Globo<\/p>\n\n\n\n<p>A lenda do basquete&nbsp;<strong>Oscar Schmidt&nbsp;<\/strong>morreu aos 68 anos nesta sexta-feira (17). A morte do ex-atleta foi confirmada em um comunicado da fam\u00edlia. O<a class=\"\" href=\"https:\/\/revistaquem.globo.com\/QUEM-News\/noticia\/2022\/10\/oscar-schmidt-sobre-fim-de-sessoes-de-quimioterapia-contra-cancer-eu-mesmo-decidi-parar.html\">&nbsp;irm\u00e3o de Tadeu Schmidt&nbsp;<\/a>passou mal em casa, na cidade de Santana de Parna\u00edba, no interior de S\u00e3o Paulo, ap\u00f3s sofrer uma parada card\u00edaca.<\/p>\n\n\n\n<p>O Corpo de Bombeiros de Santana do Parna\u00edba informou \u00e0 reportagem da&nbsp;<strong>Quem<\/strong>&nbsp;que recebeu um chamado para atendimento, por volta das 13h &#8211; o ex-atleta, que jogou pela Sele\u00e7\u00e3o Brasileira de Basquete e em times como Flamengo e Palmeiras, foi levado ao Hospital Municipal Santa Ana.<\/p>\n\n\n\n<p>Segundo a nota, o vel\u00f3rio de Oscar ser\u00e1 reservado aos familiares &#8220;em respeito ao desejo da fam\u00edlia por um momento \u00edntimo de recolhimento&#8221;.<\/p>\n\n\n\n<h2 class=\"wp-block-heading\">Comunicado da fam\u00edlia<\/h2>\n\n\n\n<p><em>&#8220;\u00c9 com profundo pesar que comunicamos o falecimento de Oscar Schmidt, um dos maiores nomes da hist\u00f3ria do basquete mundial e uma figura de imenso significado humano e esportivo. Ao longo de mais de 15 anos, Oscar enfrentou com coragem, dignidade e resili\u00eancia a sua batalha contra um tumor cerebral, mantendo-se como exemplo de determina\u00e7\u00e3o, generosidade e amor \u00e0 vida&#8221;, disse a nota.<\/em><\/p>\n\n\n\n<p><em>&#8220;Reconhecido por sua trajet\u00f3ria brilhante dentro das quadras e por sua personalidade marcante fora delas, Oscar deixa um legado que transcende o esporte e inspira gera\u00e7\u00f5es de atletas e admiradores no Brasil e no mundo. A despedida se dar\u00e1 de forma reservada, restrita aos familiares, em respeito ao desejo da fam\u00edlia por um momento \u00edntimo de recolhimento&#8221;, apontou.<\/em><\/p>\n\n\n\n<p><em>&#8220;Os familiares agradecem, sensibilizados, todas as manifesta\u00e7\u00f5es de carinho, respeito e solidariedade recebidas, e solicitam a compreens\u00e3o de todos quanto \u00e0 necessidade de privacidade neste momento de luto. Seu legado permanecer\u00e1 vivo na mem\u00f3ria coletiva e na hist\u00f3ria do esporte, assim como no cora\u00e7\u00e3o de todos que foram tocados por sua trajet\u00f3ria&#8221;.<\/em><\/p>\n\n\n\n<p>Oscar foi diagnosticado com um tumor cerebral em 2011 e o tratou at\u00e9 2022,\u00a0<a href=\"https:\/\/revistaquem.globo.com\/QUEM-News\/noticia\/2022\/10\/oscar-schmidt-nega-que-tenha-parado-por-conta-propria-quimioterapia-recebi-alta-do-meu-medico.html\" class=\"\">quando terminou o tratamento com respaldo m\u00e9dico<\/a>. &#8220;Parei (com o tratamento) esse ano, eu mesmo decidi parar. Morria de medo de morrer. Fechar o olho e n\u00e3o acordar mais, para mim, era um terror. E, gra\u00e7as ao tumor, perdi esse medo. N\u00e3o quero ser o melhor palestrante ou o melhor jogador. Quero ser um marido e pai melhor&#8221;, disse em entrevista para a\u00a0<em>Rede TV<\/em>.<\/p>\n\n\n\n<p>&#8220;Meu m\u00e9dico, Dr. Olavo Ferreira, ao ver os meus \u00faltimos exames, falou: &#8216;Oscar, voc\u00ea est\u00e1 bem, vamos parar com a quimioterapia&#8217;. Depois dessa declara\u00e7\u00e3o que eu dei, virou uma confus\u00e3o danada. N\u00e3o estou desistindo do meu tratamento. Recebi alta do meu m\u00e9dico. Estou seguindo o conselho do meu m\u00e9dico, que acha que eu estou curado. E estou mesmo! Eu venci essa batalha!&#8221;, disse ele alguns dias depois.<\/p>\n\n\n\n<h2 class=\"wp-block-heading\">Carreira estrelada<\/h2>\n\n\n\n<p>Considerado um dos maiores nomes da hist\u00f3ria do basquete mundial, Oscar iniciou sua trajet\u00f3ria ainda jovem. Aos 16 anos, mudou-se para S\u00e3o Paulo para atuar nas categorias de base do Palmeiras, onde rapidamente se destacou e passou a integrar a sele\u00e7\u00e3o brasileira. Em 1979, j\u00e1 defendendo o S\u00edrio, conquistou o mundial interclubes e, no ano seguinte, disputou sua primeira Olimp\u00edada, em Moscou.<\/p>\n\n\n\n<p>Ao longo da carreira, brilhou tamb\u00e9m no exterior, com destaque para mais de uma d\u00e9cada pelo basquete italiano, onde se consolidou como um dos principais cestinhas da Europa. De volta ao Brasil nos anos 1990, vestiu camisas como a do Corinthians e do Flamengo, clube pelo qual atingiu uma de suas marcas mais emblem\u00e1ticas: tornou-se o maior pontuador da hist\u00f3ria do basquete, com 49.737 pontos.<\/p>\n\n\n\n<figure class=\"wp-block-image\"><img decoding=\"async\" src=\"https:\/\/s2-quem.glbimg.com\/egXVt_nys5uSt8JAgGGltgAJOCo=\/0x0:1152x2048\/984x0\/smart\/filters:strip_icc()\/i.s3.glbimg.com\/v1\/AUTH_b0f0e84207c948ab8b8777be5a6a4395\/internal_photos\/bs\/2026\/g\/B\/6VnJtDSuWqV6bI7J7yLA\/629238745-18423662764143805-2854325555969561608-n.jpg\" alt=\"Oscar Schmidt \u2014 Foto: Reprodu\u00e7\u00e3o\/Instagram\"\/><figcaption class=\"wp-element-caption\">Oscar Schmidt \u2014 Foto: Reprodu\u00e7\u00e3o\/Instagram<\/figcaption><\/figure>\n\n\n\n<p>Pela sele\u00e7\u00e3o brasileira, disputou cinco Olimp\u00edadas e se tornou o maior cestinha da hist\u00f3ria dos Jogos Ol\u00edmpicos, com 1.093 pontos. Ele j\u00e1 enfrentou at\u00e9 a Sele\u00e7\u00e3o dos EUA na \u00e9poca do Dream Team &#8211; com&nbsp;<strong>Michael Jordan<\/strong>,&nbsp;<strong>Magic Johnson<\/strong>&nbsp;e&nbsp;<strong>Larry Bird<\/strong>&nbsp;&#8211; em 1992, marcando 24 pontos, um recorde naquele jogo.<\/p>\n\n\n\n<figure class=\"wp-block-image\"><img decoding=\"async\" src=\"https:\/\/s2-quem.glbimg.com\/nbiZeNElP7MrkcFwsRO-5tVCiNM=\/0x0:1127x1502\/984x0\/smart\/filters:strip_icc()\/i.s3.glbimg.com\/v1\/AUTH_b0f0e84207c948ab8b8777be5a6a4395\/internal_photos\/bs\/2026\/V\/s\/5rLilRRbqn16AknYD8FQ\/639737811-18583373053040635-2967977703555032769-n.jpg\" alt=\"Oscar Schmidt \u2014 Foto: Reprodu\u00e7\u00e3o\/Instagram\"\/><\/figure>\n\n\n\n<p>Oscar Schmidt \u2014 Foto: Reprodu\u00e7\u00e3o\/Instagram<\/p>\n\n\n\n<h2 class=\"wp-block-heading\">\u00cddolo tamb\u00e9m em casa<\/h2>\n\n\n\n<p>Conhecido como &#8220;M\u00e3o Santa&#8221;, o atleta aposentou-se do basquete profissional em 14 de maio de 2003, aos 45 anos de idade. Sua \u00faltima partida oficial foi pelo Flamengo contra o Minas T\u00eanis Clube, em Belo Horizonte, marcando o fim de uma carreira de 30 anos e o recorde de maior pontuador da hist\u00f3ria.<\/p>\n\n\n\n<p>Fora das quadras, tamb\u00e9m se destacou como palestrante. Oscar era casado desde 1981 com<strong>&nbsp;Maria Cristina Victorino<\/strong>&nbsp;&#8211; os dois fariam 50 anos juntos em maio deste ano. No ano passado, publicou uma homenagem carinhosa \u00e0 amada. &#8220;49 anos de uma parceira linda, 44 deles casados. Obrigado por uma vida de alegrias!&#8221;, escreveu.<\/p>\n\n\n\n<p>Ele deixa os filhos&nbsp;<strong>Felipe&nbsp;<\/strong>e<strong>&nbsp;Stephanie<\/strong>, al\u00e9m dos irm\u00e3os&nbsp;<strong>Lu\u00eds Felipe Schmidt<\/strong>&nbsp;e&nbsp;<strong>Tadeu Schmidt<\/strong>. Em fevereiro, quando Oscar completou 68 anos de vida, ganhou uma declara\u00e7\u00e3o do primog\u00eanito. &#8220;68 anos de vida, de caminhada, de exemplos e de luta, de conquistas. Um pai que sempre esteve presente, nos momentos bons, nos dif\u00edceis e em todos os aprendizados que realmente importam&#8221;, disse.<\/p>\n\n\n\n<p>&#8220;Muito do que eu sou veio do que aprendi dentro de casa: trabalhar com seriedade, respeitar as pessoas, manter a humildade e seguir firme, dentro e fora do esporte. Obrigado por cada conselho, cada pux\u00e3o de orelha, cada incentivo e por mostrar, na pr\u00e1tica, o que \u00e9 ser um homem \u00edntegro. Hoje a comemora\u00e7\u00e3o \u00e9 sua e a gratid\u00e3o \u00e9 minha&#8221;, apontou.<\/p>\n\n\n\n<figure class=\"wp-block-image\"><img decoding=\"async\" src=\"https:\/\/s2-quem.glbimg.com\/MdYnRt_r7TXdmkQVg5Flr_eAnp4=\/0x0:579x452\/984x0\/smart\/filters:strip_icc()\/i.s3.glbimg.com\/v1\/AUTH_b0f0e84207c948ab8b8777be5a6a4395\/internal_photos\/bs\/2026\/b\/5\/AsuGZyTG23cX8dQLEGvA\/oscar.jpg\" alt=\"Oscar Schimdt, a esposa e os filhos \u2014 Foto: Reprodu\u00e7\u00e3o\/Instagram\"\/><figcaption class=\"wp-element-caption\">Oscar Schimdt, a esposa e os filhos \u2014 Foto: Reprodu\u00e7\u00e3o\/Instagram<\/figcaption><\/figure>\n\n\n\n<figure class=\"wp-block-image\"><img decoding=\"async\" src=\"https:\/\/s2-quem.glbimg.com\/7TxRO1deKdgd6rpEjwBhuqSs4_Q=\/0x0:1080x1440\/984x0\/smart\/filters:strip_icc()\/i.s3.glbimg.com\/v1\/AUTH_b0f0e84207c948ab8b8777be5a6a4395\/internal_photos\/bs\/2026\/v\/N\/rHbuXaSOqBOyedB6gyWA\/snapinsta-ai-3861420373468325667.jpg\" alt=\"Felipe Schmidt e o pai, Oscar Schmidt \u2014 Foto: Reprodu\u00e7\u00e3o\/Instagram\"\/><figcaption class=\"wp-element-caption\">Felipe Schmidt e o pai, Oscar Schmidt \u2014 Foto: Reprodu\u00e7\u00e3o\/Instagram<\/figcaption><\/figure>\n\n\n\n<figure class=\"wp-block-image\"><img decoding=\"async\" src=\"https:\/\/s2-quem.glbimg.com\/5i7YUlt7EpYobiWAvvy7qHC6POw=\/0x0:976x550\/984x0\/smart\/filters:strip_icc()\/i.s3.glbimg.com\/v1\/AUTH_b0f0e84207c948ab8b8777be5a6a4395\/internal_photos\/bs\/2026\/h\/H\/CGBrrZSsaflHok633YkQ\/tadeu.jpg\" alt=\"Tadeu Schmidt e o irm\u00e3o, Oscar Schmidt \u2014 Foto: Reprodu\u00e7\u00e3o\/Instagram\"\/><figcaption class=\"wp-element-caption\">Tadeu Schmidt e o irm\u00e3o, Oscar Schmidt \u2014 Foto: Reprodu\u00e7\u00e3o\/Instagram<\/figcaption><\/figure>\n\n\n\n<figure class=\"wp-block-image\"><img decoding=\"async\" src=\"https:\/\/s2-quem.glbimg.com\/txDx7kjq5tfdKSDjlx8JCPoVr5s=\/0x0:1285x1608\/984x0\/smart\/filters:strip_icc()\/i.s3.glbimg.com\/v1\/AUTH_b0f0e84207c948ab8b8777be5a6a4395\/internal_photos\/bs\/2026\/d\/p\/ZhQmxzQ2aXtAj3rfXLPA\/609154249-18547265062053002-4246389222519160712-n.jpg\" alt=\"Oscar Schmidt \u2014 Foto: Reprodu\u00e7\u00e3o\/Instagram\"\/><figcaption class=\"wp-element-caption\">Oscar Schmidt \u2014 Foto: Reprodu\u00e7\u00e3o\/Instagram<\/figcaption><\/figure>\n\n\n\n<figure class=\"wp-block-image\"><img decoding=\"async\" src=\"https:\/\/s2-quem.glbimg.com\/AHPDdvScL3NAxHXmjBOYQ6EWviQ=\/0x0:1400x950\/984x0\/smart\/filters:strip_icc()\/i.s3.glbimg.com\/v1\/AUTH_b0f0e84207c948ab8b8777be5a6a4395\/internal_photos\/bs\/2026\/X\/H\/pApElKSl6XZPnjP2VEQA\/design-sem-nome-3.png\" alt=\"Oscar Schmidt e MIchael Jordan \u2014 Foto: Reprodu\u00e7\u00e3o\/Instagram\"\/><figcaption class=\"wp-element-caption\">Oscar Schmidt e MIchael Jordan \u2014 Foto: Reprodu\u00e7\u00e3o\/Instagram<\/figcaption><\/figure>\n","protected":false},"excerpt":{"rendered":"<p>Fam\u00edlia confirmou morte de ex-jogador, um dos maiores nomes da hist\u00f3ria do esporte, nesta sexta-feira (17) Oscar Schmidt \u2014 Foto: Divulga\u00e7\u00e3o\/ Tv Globo A lenda do basquete&nbsp;Oscar Schmidt&nbsp;morreu aos 68 anos nesta sexta-feira (17). A morte do ex-atleta foi confirmada em um comunicado da fam\u00edlia. O&nbsp;irm\u00e3o de Tadeu Schmidt&nbsp;passou mal em casa, na cidade de [&hellip;]<\/p>\n","protected":false},"author":5,"featured_media":170042,"comment_status":"closed","ping_status":"open","sticky":false,"template":"","format":"standard","meta":{"advgb_blocks_editor_width":"","advgb_blocks_columns_visual_guide":"","_exactmetrics_skip_tracking":false,"_exactmetrics_sitenote_active":false,"_exactmetrics_sitenote_note":"","_exactmetrics_sitenote_category":0,"footnotes":""},"categories":[17,1,2,5760],"tags":[],"class_list":["post-170041","post","type-post","status-publish","format-standard","has-post-thumbnail","hentry","category-jornal-cidade","category-sem-categoria","category-noticias","category-noticias-jornal-cidade"],"better_featured_image":{"id":170042,"alt_text":"","caption":"","description":"","media_type":"image","media_details":{"width":888,"height":603,"file":"2026\/04\/555.avif_snapshot_2026.04.17_17.08.53.png","filesize":629501,"sizes":{"medium":{"file":"555.avif_snapshot_2026.04.17_17.08.53-442x300.png","width":442,"height":300,"mime-type":"image\/png","filesize":75834,"source_url":"https:\/\/lavras.tv\/site\/wp-content\/uploads\/2026\/04\/555.avif_snapshot_2026.04.17_17.08.53-442x300.png"},"thumbnail":{"file":"555.avif_snapshot_2026.04.17_17.08.53-170x115.png","width":170,"height":115,"mime-type":"image\/png","filesize":14104,"source_url":"https:\/\/lavras.tv\/site\/wp-content\/uploads\/2026\/04\/555.avif_snapshot_2026.04.17_17.08.53-170x115.png"},"alm-thumbnail":{"file":"555.avif_snapshot_2026.04.17_17.08.53-150x150.png","width":150,"height":150,"mime-type":"image\/png","filesize":15110,"source_url":"https:\/\/lavras.tv\/site\/wp-content\/uploads\/2026\/04\/555.avif_snapshot_2026.04.17_17.08.53-150x150.png"},"sow-carousel-default":{"file":"555.avif_snapshot_2026.04.17_17.08.53-272x182.png","width":272,"height":182,"mime-type":"image\/png","filesize":32160,"source_url":"https:\/\/lavras.tv\/site\/wp-content\/uploads\/2026\/04\/555.avif_snapshot_2026.04.17_17.08.53-272x182.png"}},"image_meta":{"aperture":"0","credit":"","camera":"","caption":"","created_timestamp":"0","copyright":"","focal_length":"0","iso":"0","shutter_speed":"0","title":"","orientation":"0","keywords":[]}},"post":170041,"source_url":"https:\/\/lavras.tv\/site\/wp-content\/uploads\/2026\/04\/555.avif_snapshot_2026.04.17_17.08.53.png"},"author_meta":{"display_name":"Vinicius Bustamante","author_link":"https:\/\/lavras.tv\/site\/author\/vinicius-bustamante\/"},"featured_img":"https:\/\/lavras.tv\/site\/wp-content\/uploads\/2026\/04\/555.avif_snapshot_2026.04.17_17.08.53-442x300.png","coauthors":[],"tax_additional":{"categories":{"linked":["<a href=\"https:\/\/lavras.tv\/site\/category\/sem-categoria\/jornal-cidade\/\" class=\"advgb-post-tax-term\">DESTAQUE PRINCIPAL<\/a>","<a href=\"https:\/\/lavras.tv\/site\/category\/sem-categoria\/\" class=\"advgb-post-tax-term\">JORNAL DA CIDADE<\/a>","<a href=\"https:\/\/lavras.tv\/site\/category\/noticias\/\" class=\"advgb-post-tax-term\">Not\u00edcias<\/a>","<a href=\"https:\/\/lavras.tv\/site\/category\/sem-categoria\/jornal-cidade\/noticias-jornal-cidade\/\" class=\"advgb-post-tax-term\">NOT\u00cdCIAS<\/a>"],"unlinked":["<span class=\"advgb-post-tax-term\">DESTAQUE PRINCIPAL<\/span>","<span class=\"advgb-post-tax-term\">JORNAL DA CIDADE<\/span>","<span class=\"advgb-post-tax-term\">Not\u00edcias<\/span>","<span class=\"advgb-post-tax-term\">NOT\u00cdCIAS<\/span>"]}},"comment_count":"0","relative_dates":{"created":"Publicado 2 semanas atr\u00e1s","modified":"Atualizado 2 semanas atr\u00e1s"},"absolute_dates":{"created":"Publicado em 17 de abril de 2026","modified":"Atualizado em 17 de abril de 2026"},"absolute_dates_time":{"created":"Publicado em 17 de abril de 2026 17:18","modified":"Atualizado em 17 de abril de 2026 17:18"},"featured_img_caption":"","series_order":"","_links":{"self":[{"href":"https:\/\/lavras.tv\/site\/wp-json\/wp\/v2\/posts\/170041","targetHints":{"allow":["GET"]}}],"collection":[{"href":"https:\/\/lavras.tv\/site\/wp-json\/wp\/v2\/posts"}],"about":[{"href":"https:\/\/lavras.tv\/site\/wp-json\/wp\/v2\/types\/post"}],"author":[{"embeddable":true,"href":"https:\/\/lavras.tv\/site\/wp-json\/wp\/v2\/users\/5"}],"replies":[{"embeddable":true,"href":"https:\/\/lavras.tv\/site\/wp-json\/wp\/v2\/comments?post=170041"}],"version-history":[{"count":1,"href":"https:\/\/lavras.tv\/site\/wp-json\/wp\/v2\/posts\/170041\/revisions"}],"predecessor-version":[{"id":170043,"href":"https:\/\/lavras.tv\/site\/wp-json\/wp\/v2\/posts\/170041\/revisions\/170043"}],"wp:featuredmedia":[{"embeddable":true,"href":"https:\/\/lavras.tv\/site\/wp-json\/wp\/v2\/media\/170042"}],"wp:attachment":[{"href":"https:\/\/lavras.tv\/site\/wp-json\/wp\/v2\/media?parent=170041"}],"wp:term":[{"taxonomy":"category","embeddable":true,"href":"https:\/\/lavras.tv\/site\/wp-json\/wp\/v2\/categories?post=170041"},{"taxonomy":"post_tag","embeddable":true,"href":"https:\/\/lavras.tv\/site\/wp-json\/wp\/v2\/tags?post=170041"}],"curies":[{"name":"wp","href":"https:\/\/api.w.org\/{rel}","templated":true}]}}