{"id":170044,"date":"2026-04-17T18:00:04","date_gmt":"2026-04-17T21:00:04","guid":{"rendered":"https:\/\/lavras.tv\/site\/?p=170044"},"modified":"2026-04-17T18:00:04","modified_gmt":"2026-04-17T21:00:04","slug":"policia-militar-atende-ocorrencia-de-acidente-de-transito-sem-vitimas-em-lavras","status":"publish","type":"post","link":"https:\/\/lavras.tv\/site\/2026\/04\/17\/policia-militar-atende-ocorrencia-de-acidente-de-transito-sem-vitimas-em-lavras\/","title":{"rendered":"POL\u00cdCIA MILITAR ATENDE OCORR\u00caNCIA DE ACIDENTE DE TR\u00c2NSITO SEM V\u00cdTIMAS EM LAVRAS"},"content":{"rendered":"<div class=\"lavra-antes-do-conteudo_2\" id=\"lavra-1781478863\"><div id=\"lavra-slider-27\" class=\"custom-slider lavra-slider-2958812900 lavra-slider\"><ul><li><div style=\"margin-left: auto;margin-right: auto;text-align: center;\" id=\"lavra-334135058\"><a href=\"https:\/\/sistemas.lavras.mg.gov.br\/portalcidadao\/#df1b1a7c7b2a290bcb31e32771e610784662739a88807c0dacac58ede5f391a7530e299dc302d611ee73cb143fc22eaf93592e53e7b5bdb01b00a0b8d28dae460c141dd2ff83412e4dc1c31b16b25f33144a9e5620ea73b13f5bc1c59411d98439ad226e8af03840603796067d87afe130812cf3de24982d0e306f9e61e764e5\" aria-label=\"Lavras-TV&#8211;720x104px (1) (1)\"><img src=\"https:\/\/lavras.tv\/site\/wp-content\/uploads\/2025\/01\/Lavras-TV-720x104px-1-1.png\" alt=\"\"  srcset=\"https:\/\/lavras.tv\/site\/wp-content\/uploads\/2025\/01\/Lavras-TV-720x104px-1-1.png 720w, https:\/\/lavras.tv\/site\/wp-content\/uploads\/2025\/01\/Lavras-TV-720x104px-1-1-470x68.png 470w, https:\/\/lavras.tv\/site\/wp-content\/uploads\/2025\/01\/Lavras-TV-720x104px-1-1-170x25.png 170w, https:\/\/lavras.tv\/site\/wp-content\/uploads\/2025\/01\/Lavras-TV-720x104px-1-1-200x29.png 200w\" sizes=\"(max-width: 720px) 100vw, 720px\" width=\"720\" height=\"104\"  style=\"display: inline-block;\" \/><\/a><\/div><\/li><li><a href=\"https:\/\/sistemas.lavras.mg.gov.br\/portalcidadao\/#df1b1a7c7b2a290bcb31e32771e610784662739a88807c0dacac58ede5f391a7530e299dc302d611ee73cb143fc22eaf93592e53e7b5bdb01b00a0b8d28dae460c141dd2ff83412e4dc1c31b16b25f33144a9e5620ea73b13f5bc1c59411d98439ad226e8af03840603796067d87afe130812cf3de24982d0e306f9e61e764e5\" aria-label=\"Banner_Emprego_PortallavrasTV\"><img src=\"https:\/\/lavras.tv\/site\/wp-content\/uploads\/2025\/03\/Banner_Emprego_PortallavrasTV.png\" alt=\"\"  srcset=\"https:\/\/lavras.tv\/site\/wp-content\/uploads\/2025\/03\/Banner_Emprego_PortallavrasTV.png 720w, https:\/\/lavras.tv\/site\/wp-content\/uploads\/2025\/03\/Banner_Emprego_PortallavrasTV-470x68.png 470w, https:\/\/lavras.tv\/site\/wp-content\/uploads\/2025\/03\/Banner_Emprego_PortallavrasTV-170x25.png 170w, https:\/\/lavras.tv\/site\/wp-content\/uploads\/2025\/03\/Banner_Emprego_PortallavrasTV-200x29.png 200w\" sizes=\"(max-width: 720px) 100vw, 720px\" width=\"720\" height=\"104\"   \/><\/a><\/li><li><a href=\"https:\/\/sistemas.lavras.mg.gov.br\/portalcidadao\/#df1b1a7c7b2a290bcb31e32771e610784662739a88807c0dacac58ede5f391a7530e299dc302d611ee73cb143fc22eaf93592e53e7b5bdb01b00a0b8d28dae460c141dd2ff83412e4dc1c31b16b25f33144a9e5620ea73b13f5bc1c59411d98439ad226e8af03840603796067d87afe130812cf3de24982d0e306f9e61e764e5\" aria-label=\"Banner_Obras_PortallavrasTV\"><img src=\"https:\/\/lavras.tv\/site\/wp-content\/uploads\/2025\/03\/Banner_Obras_PortallavrasTV.png\" alt=\"\"  srcset=\"https:\/\/lavras.tv\/site\/wp-content\/uploads\/2025\/03\/Banner_Obras_PortallavrasTV.png 720w, https:\/\/lavras.tv\/site\/wp-content\/uploads\/2025\/03\/Banner_Obras_PortallavrasTV-470x68.png 470w, https:\/\/lavras.tv\/site\/wp-content\/uploads\/2025\/03\/Banner_Obras_PortallavrasTV-170x25.png 170w, https:\/\/lavras.tv\/site\/wp-content\/uploads\/2025\/03\/Banner_Obras_PortallavrasTV-200x29.png 200w\" sizes=\"(max-width: 720px) 100vw, 720px\" width=\"720\" height=\"104\"   \/><\/a><\/li><li><div style=\"margin-left: auto;margin-right: auto;text-align: center;\" id=\"lavra-3423792635\"><a href=\"https:\/\/sistemas.lavras.mg.gov.br\/portalcidadao\/#df1b1a7c7b2a290bcb31e32771e610784662739a88807c0dacac58ede5f391a7530e299dc302d611ee73cb143fc22eaf93592e53e7b5bdb01b00a0b8d28dae460c141dd2ff83412e4dc1c31b16b25f33144a9e5620ea73b13f5bc1c59411d98439ad226e8af03840603796067d87afe130812cf3de24982d0e306f9e61e764e5\" aria-label=\"Banner_Educa\u00e7\u00e3o_PortallavrasTV\"><img src=\"https:\/\/lavras.tv\/site\/wp-content\/uploads\/2025\/01\/Banner_Educacao_PortallavrasTV.png\" alt=\"\"  srcset=\"https:\/\/lavras.tv\/site\/wp-content\/uploads\/2025\/01\/Banner_Educacao_PortallavrasTV.png 720w, https:\/\/lavras.tv\/site\/wp-content\/uploads\/2025\/01\/Banner_Educacao_PortallavrasTV-470x68.png 470w, https:\/\/lavras.tv\/site\/wp-content\/uploads\/2025\/01\/Banner_Educacao_PortallavrasTV-170x25.png 170w, https:\/\/lavras.tv\/site\/wp-content\/uploads\/2025\/01\/Banner_Educacao_PortallavrasTV-200x29.png 200w\" sizes=\"(max-width: 720px) 100vw, 720px\" width=\"720\" height=\"104\"  style=\"display: inline-block;\" \/><\/a><\/div><\/li><li><a href=\"https:\/\/sistemas.lavras.mg.gov.br\/portalcidadao\/#df1b1a7c7b2a290bcb31e32771e610784662739a88807c0dacac58ede5f391a7530e299dc302d611ee73cb143fc22eaf93592e53e7b5bdb01b00a0b8d28dae460c141dd2ff83412e4dc1c31b16b25f33144a9e5620ea73b13f5bc1c59411d98439ad226e8af03840603796067d87afe130812cf3de24982d0e306f9e61e764e5\" aria-label=\"Banner_Sa\u00fade_PortallavrasTV\"><img src=\"https:\/\/lavras.tv\/site\/wp-content\/uploads\/2025\/03\/Banner_Saude_PortallavrasTV.png\" alt=\"\"  srcset=\"https:\/\/lavras.tv\/site\/wp-content\/uploads\/2025\/03\/Banner_Saude_PortallavrasTV.png 720w, https:\/\/lavras.tv\/site\/wp-content\/uploads\/2025\/03\/Banner_Saude_PortallavrasTV-470x68.png 470w, https:\/\/lavras.tv\/site\/wp-content\/uploads\/2025\/03\/Banner_Saude_PortallavrasTV-170x25.png 170w, https:\/\/lavras.tv\/site\/wp-content\/uploads\/2025\/03\/Banner_Saude_PortallavrasTV-200x29.png 200w\" sizes=\"(max-width: 720px) 100vw, 720px\" width=\"720\" height=\"104\"   \/><\/a><\/li><li><div id=\"lavra-3491868991\" style=\"width:720px;height:104px;background-color:#ddd;overflow:scroll;\">\n\t<strong>Sa\u00edda da depura\u00e7\u00e3o de an\u00fancios<\/strong>\n\t<br><br>\n\tO an\u00fancio n\u00e3o \u00e9 exibido na p\u00e1gina<br><br>post atual: POL\u00cdCIA MILITAR ATENDE OCORR\u00caNCIA DE ACIDENTE DE TR\u00c2NSITO SEM V\u00cdTIMAS EM LAVRAS, ID: 170044<br><br><span style=\"color: red;\">O post atual n\u00e3o \u00e9 id\u00eantico ao post principal.<\/span><br><br>An\u00fancios: ROXO - TOPO INTERNA - ROTATIVO 2 (197)<br \/>Grupo de an\u00fancios: Princ_Meio01_720x104 (27)<br><br>Condi\u00e7\u00f5es de exibi\u00e7\u00e3o<div style=\"margin-bottom: 20px; white-space: pre-wrap; font-family: monospace; width: 100%; background: #ffe9e9;\"><strong>condi\u00e7\u00f5es gerais<\/strong><table border=\"1\"><thead><tr><th><\/th><th>An\u00fancios<\/th><th>wp_the_query<\/th><\/tr><\/thead><tr><td>is_main_query<\/td><td>1<\/td><td>1<\/td><\/tr><tr><td>is_rest_api<\/td><td>0<\/td><td>1<\/td><\/tr><tr><td>page<\/td><td>0<\/td><td>1<\/td><\/tr><tr><td>numpages<\/td><td>0<\/td><td>1<\/td><\/tr><tr><td>is_archive<\/td><td>1<\/td><td><\/td><\/tr><tr><td>is_search<\/td><td>1<\/td><td><\/td><\/tr><tr><td>is_home<\/td><td>1<\/td><td><\/td><\/tr><tr><td>is_404<\/td><td>1<\/td><td><\/td><\/tr><tr><td>is_attachment<\/td><td>1<\/td><td><\/td><\/tr><tr><td>is_singular<\/td><td>1<\/td><td><\/td><\/tr><tr><td>is_front_page<\/td><td>1<\/td><td><\/td><\/tr><tr><td>is_feed<\/td><td>1<\/td><td><\/td><\/tr><\/table><\/div><br><br><span style=\"color: red;\">Seu site usa HTTPS, mas o c\u00f3digo do an\u00fancio cont\u00e9m HTTP e pode n\u00e3o funcionar.<\/span>\t<br><br>\n\t<a style=\"color: green;\" href=\"https:\/\/wpadvancedads.com\/manual\/ad-debug-mode\/?utm_source=advanced-ads&utm_medium=link&utm_campaign=ad-debug-mode\" target=\"_blank\" rel=\"nofollow\">Encontre solu\u00e7\u00f5es no manual<\/a>\n<\/div>\n<\/li><\/ul><\/div><script>( window.advanced_ads_ready || jQuery( document ).ready ).call( null, function() {var $lavraslider2958812900 = jQuery( \".lavra-slider-2958812900\" );$lavraslider2958812900.on( \"unslider.ready\", function() { jQuery( \"div.custom-slider ul li\" ).css( \"display\", \"block\" ); });$lavraslider2958812900.unslider({ delay:4000, autoplay:true, nav:false, arrows:false, infinite:true });$lavraslider2958812900.on(\"mouseover\", function() {$lavraslider2958812900.unslider(\"stop\");}).on(\"mouseout\", function() {$lavraslider2958812900.unslider(\"start\");});});<\/script><\/div>\n<figure class=\"wp-block-image size-full\"><img fetchpriority=\"high\" decoding=\"async\" width=\"790\" height=\"474\" src=\"https:\/\/lavras.tv\/site\/wp-content\/uploads\/2026\/04\/1_1_viatura_da_pm_em_bh_32619721-33994650.png\" alt=\"\" class=\"wp-image-170045\" srcset=\"https:\/\/lavras.tv\/site\/wp-content\/uploads\/2026\/04\/1_1_viatura_da_pm_em_bh_32619721-33994650.png 790w, https:\/\/lavras.tv\/site\/wp-content\/uploads\/2026\/04\/1_1_viatura_da_pm_em_bh_32619721-33994650-470x282.png 470w, https:\/\/lavras.tv\/site\/wp-content\/uploads\/2026\/04\/1_1_viatura_da_pm_em_bh_32619721-33994650-170x102.png 170w\" sizes=\"(max-width: 790px) 100vw, 790px\" \/><\/figure>\n\n\n\n<p>A Pol\u00edcia Militar de Minas Gerais atendeu a uma ocorr\u00eancia de acidente de tr\u00e2nsito sem v\u00edtimas no munic\u00edpio de Lavras, ap\u00f3s acionamento via COPOM.<\/p>\n\n\n\n<p>No local, os militares constataram que os ve\u00edculos envolvidos j\u00e1 n\u00e3o se encontravam com seus condutores, sendo realizadas dilig\u00eancias para identifica\u00e7\u00e3o dos envolvidos. Com base em novas informa\u00e7\u00f5es, as equipes lograram \u00eaxito em localizar o condutor de um dos ve\u00edculos, que confirmou sua participa\u00e7\u00e3o no acidente.<\/p>\n\n\n\n<p>Segundo relato, o sinistro ocorreu ap\u00f3s momento de desaten\u00e7\u00e3o na condu\u00e7\u00e3o, resultando na colis\u00e3o com um ve\u00edculo que se encontrava estacionado. O condutor informou ainda ter deixado o local inicialmente por n\u00e3o haver v\u00edtimas e pela aus\u00eancia do respons\u00e1vel pelo outro ve\u00edculo no momento do fato.<\/p>\n\n\n\n<p>Durante a atua\u00e7\u00e3o policial, foi verificada a regularidade da documenta\u00e7\u00e3o dos ve\u00edculos e do condutor. Ao ser convidado a realizar o teste de etil\u00f4metro, o motorista recusou-se, sendo adotadas as medidas administrativas cab\u00edveis, conforme a legisla\u00e7\u00e3o de tr\u00e2nsito vigente.<\/p>\n\n\n\n<p>O ve\u00edculo conduzido pelo autor foi removido ao p\u00e1tio credenciado, tendo em vista que n\u00e3o havia condutor habilitado no local para assumir a dire\u00e7\u00e3o. J\u00e1 o outro ve\u00edculo envolvido, cujo propriet\u00e1rio n\u00e3o foi localizado, tamb\u00e9m foi removido, uma vez que, ap\u00f3s a colis\u00e3o, encontrava-se sobre a cal\u00e7ada, sendo adotadas as medidas legais cab\u00edveis.<\/p>\n\n\n\n<p>A Pol\u00edcia Militar realizou todas as provid\u00eancias legais pertinentes, incluindo registro da ocorr\u00eancia e encaminhamento das medidas cab\u00edveis \u00e0 autoridade competente.<\/p>\n\n\n\n<p>A atua\u00e7\u00e3o demonstra o compromisso da Pol\u00edcia Militar de Minas Gerais com a fiscaliza\u00e7\u00e3o de tr\u00e2nsito e a seguran\u00e7a vi\u00e1ria, garantindo a adequada apura\u00e7\u00e3o dos fatos e o cumprimento da legisla\u00e7\u00e3o.<\/p>\n\n\n\n<p>Pol\u00edcia Militar de Minas Gerais \u2013 A for\u00e7a do povo mineiro. Presen\u00e7a que protege.<\/p>\n\n\n\n<p>ALCO 8\u00ba BPM<\/p>\n","protected":false},"excerpt":{"rendered":"<p>A Pol\u00edcia Militar de Minas Gerais atendeu a uma ocorr\u00eancia de acidente de tr\u00e2nsito sem v\u00edtimas no munic\u00edpio de Lavras, ap\u00f3s acionamento via COPOM. No local, os militares constataram que os ve\u00edculos envolvidos j\u00e1 n\u00e3o se encontravam com seus condutores, sendo realizadas dilig\u00eancias para identifica\u00e7\u00e3o dos envolvidos. Com base em novas informa\u00e7\u00f5es, as equipes lograram [&hellip;]<\/p>\n","protected":false},"author":5,"featured_media":170045,"comment_status":"closed","ping_status":"open","sticky":false,"template":"","format":"standard","meta":{"advgb_blocks_editor_width":"","advgb_blocks_columns_visual_guide":"","_exactmetrics_skip_tracking":false,"_exactmetrics_sitenote_active":false,"_exactmetrics_sitenote_note":"","_exactmetrics_sitenote_category":0,"footnotes":""},"categories":[7,2],"tags":[],"class_list":["post-170044","post","type-post","status-publish","format-standard","has-post-thumbnail","hentry","category-destaques","category-noticias"],"better_featured_image":{"id":170045,"alt_text":"","caption":"","description":"","media_type":"image","media_details":{"width":790,"height":474,"file":"2026\/04\/1_1_viatura_da_pm_em_bh_32619721-33994650.png","filesize":531867,"sizes":{"medium":{"file":"1_1_viatura_da_pm_em_bh_32619721-33994650-470x282.png","width":470,"height":282,"mime-type":"image\/png","filesize":182510,"source_url":"https:\/\/lavras.tv\/site\/wp-content\/uploads\/2026\/04\/1_1_viatura_da_pm_em_bh_32619721-33994650-470x282.png"},"thumbnail":{"file":"1_1_viatura_da_pm_em_bh_32619721-33994650-170x102.png","width":170,"height":102,"mime-type":"image\/png","filesize":34078,"source_url":"https:\/\/lavras.tv\/site\/wp-content\/uploads\/2026\/04\/1_1_viatura_da_pm_em_bh_32619721-33994650-170x102.png"},"alm-thumbnail":{"file":"1_1_viatura_da_pm_em_bh_32619721-33994650-150x150.png","width":150,"height":150,"mime-type":"image\/png","filesize":42572,"source_url":"https:\/\/lavras.tv\/site\/wp-content\/uploads\/2026\/04\/1_1_viatura_da_pm_em_bh_32619721-33994650-150x150.png"},"sow-carousel-default":{"file":"1_1_viatura_da_pm_em_bh_32619721-33994650-272x182.png","width":272,"height":182,"mime-type":"image\/png","filesize":83048,"source_url":"https:\/\/lavras.tv\/site\/wp-content\/uploads\/2026\/04\/1_1_viatura_da_pm_em_bh_32619721-33994650-272x182.png"}},"image_meta":{"aperture":"0","credit":"","camera":"","caption":"","created_timestamp":"0","copyright":"","focal_length":"0","iso":"0","shutter_speed":"0","title":"","orientation":"0","keywords":[]}},"post":170044,"source_url":"https:\/\/lavras.tv\/site\/wp-content\/uploads\/2026\/04\/1_1_viatura_da_pm_em_bh_32619721-33994650.png"},"author_meta":{"display_name":"Vinicius Bustamante","author_link":"https:\/\/lavras.tv\/site\/author\/vinicius-bustamante\/"},"featured_img":"https:\/\/lavras.tv\/site\/wp-content\/uploads\/2026\/04\/1_1_viatura_da_pm_em_bh_32619721-33994650-470x282.png","coauthors":[],"tax_additional":{"categories":{"linked":["<a href=\"https:\/\/lavras.tv\/site\/category\/destaques\/\" class=\"advgb-post-tax-term\">Destaques<\/a>","<a href=\"https:\/\/lavras.tv\/site\/category\/noticias\/\" class=\"advgb-post-tax-term\">Not\u00edcias<\/a>"],"unlinked":["<span class=\"advgb-post-tax-term\">Destaques<\/span>","<span class=\"advgb-post-tax-term\">Not\u00edcias<\/span>"]}},"comment_count":"0","relative_dates":{"created":"Publicado 2 semanas atr\u00e1s","modified":"Atualizado 2 semanas atr\u00e1s"},"absolute_dates":{"created":"Publicado em 17 de abril de 2026","modified":"Atualizado em 17 de abril de 2026"},"absolute_dates_time":{"created":"Publicado em 17 de abril de 2026 18:00","modified":"Atualizado em 17 de abril de 2026 18:00"},"featured_img_caption":"","series_order":"","_links":{"self":[{"href":"https:\/\/lavras.tv\/site\/wp-json\/wp\/v2\/posts\/170044","targetHints":{"allow":["GET"]}}],"collection":[{"href":"https:\/\/lavras.tv\/site\/wp-json\/wp\/v2\/posts"}],"about":[{"href":"https:\/\/lavras.tv\/site\/wp-json\/wp\/v2\/types\/post"}],"author":[{"embeddable":true,"href":"https:\/\/lavras.tv\/site\/wp-json\/wp\/v2\/users\/5"}],"replies":[{"embeddable":true,"href":"https:\/\/lavras.tv\/site\/wp-json\/wp\/v2\/comments?post=170044"}],"version-history":[{"count":1,"href":"https:\/\/lavras.tv\/site\/wp-json\/wp\/v2\/posts\/170044\/revisions"}],"predecessor-version":[{"id":170046,"href":"https:\/\/lavras.tv\/site\/wp-json\/wp\/v2\/posts\/170044\/revisions\/170046"}],"wp:featuredmedia":[{"embeddable":true,"href":"https:\/\/lavras.tv\/site\/wp-json\/wp\/v2\/media\/170045"}],"wp:attachment":[{"href":"https:\/\/lavras.tv\/site\/wp-json\/wp\/v2\/media?parent=170044"}],"wp:term":[{"taxonomy":"category","embeddable":true,"href":"https:\/\/lavras.tv\/site\/wp-json\/wp\/v2\/categories?post=170044"},{"taxonomy":"post_tag","embeddable":true,"href":"https:\/\/lavras.tv\/site\/wp-json\/wp\/v2\/tags?post=170044"}],"curies":[{"name":"wp","href":"https:\/\/api.w.org\/{rel}","templated":true}]}}