{"id":170047,"date":"2026-04-19T08:48:50","date_gmt":"2026-04-19T11:48:50","guid":{"rendered":"https:\/\/lavras.tv\/site\/?p=170047"},"modified":"2026-04-19T08:48:51","modified_gmt":"2026-04-19T11:48:51","slug":"cruzeiro-vence-o-gremio-no-mineirao-deixa-a-zona-de-rebaixamento-e-chega-aos-13-pontos","status":"publish","type":"post","link":"https:\/\/lavras.tv\/site\/2026\/04\/19\/cruzeiro-vence-o-gremio-no-mineirao-deixa-a-zona-de-rebaixamento-e-chega-aos-13-pontos\/","title":{"rendered":"Cruzeiro vence o Gr\u00eamio no Mineir\u00e3o, deixa a zona de rebaixamento e chega aos 13 pontos"},"content":{"rendered":"<div class=\"lavra-antes-do-conteudo_2\" id=\"lavra-3940883748\"><div id=\"lavra-slider-27\" class=\"custom-slider lavra-slider-54482852 lavra-slider\"><ul><li><div style=\"margin-left: auto;margin-right: auto;text-align: center;\" id=\"lavra-231517972\"><a href=\"https:\/\/sistemas.lavras.mg.gov.br\/portalcidadao\/#df1b1a7c7b2a290bcb31e32771e610784662739a88807c0dacac58ede5f391a7530e299dc302d611ee73cb143fc22eaf93592e53e7b5bdb01b00a0b8d28dae460c141dd2ff83412e4dc1c31b16b25f33144a9e5620ea73b13f5bc1c59411d98439ad226e8af03840603796067d87afe130812cf3de24982d0e306f9e61e764e5\" aria-label=\"Lavras-TV&#8211;720x104px (1) (1)\"><img src=\"https:\/\/lavras.tv\/site\/wp-content\/uploads\/2025\/01\/Lavras-TV-720x104px-1-1.png\" alt=\"\"  srcset=\"https:\/\/lavras.tv\/site\/wp-content\/uploads\/2025\/01\/Lavras-TV-720x104px-1-1.png 720w, https:\/\/lavras.tv\/site\/wp-content\/uploads\/2025\/01\/Lavras-TV-720x104px-1-1-470x68.png 470w, https:\/\/lavras.tv\/site\/wp-content\/uploads\/2025\/01\/Lavras-TV-720x104px-1-1-170x25.png 170w, https:\/\/lavras.tv\/site\/wp-content\/uploads\/2025\/01\/Lavras-TV-720x104px-1-1-200x29.png 200w\" sizes=\"(max-width: 720px) 100vw, 720px\" width=\"720\" height=\"104\"  style=\"display: inline-block;\" \/><\/a><\/div><\/li><li><a href=\"https:\/\/sistemas.lavras.mg.gov.br\/portalcidadao\/#df1b1a7c7b2a290bcb31e32771e610784662739a88807c0dacac58ede5f391a7530e299dc302d611ee73cb143fc22eaf93592e53e7b5bdb01b00a0b8d28dae460c141dd2ff83412e4dc1c31b16b25f33144a9e5620ea73b13f5bc1c59411d98439ad226e8af03840603796067d87afe130812cf3de24982d0e306f9e61e764e5\" aria-label=\"Banner_Emprego_PortallavrasTV\"><img src=\"https:\/\/lavras.tv\/site\/wp-content\/uploads\/2025\/03\/Banner_Emprego_PortallavrasTV.png\" alt=\"\"  srcset=\"https:\/\/lavras.tv\/site\/wp-content\/uploads\/2025\/03\/Banner_Emprego_PortallavrasTV.png 720w, https:\/\/lavras.tv\/site\/wp-content\/uploads\/2025\/03\/Banner_Emprego_PortallavrasTV-470x68.png 470w, https:\/\/lavras.tv\/site\/wp-content\/uploads\/2025\/03\/Banner_Emprego_PortallavrasTV-170x25.png 170w, https:\/\/lavras.tv\/site\/wp-content\/uploads\/2025\/03\/Banner_Emprego_PortallavrasTV-200x29.png 200w\" sizes=\"(max-width: 720px) 100vw, 720px\" width=\"720\" height=\"104\"   \/><\/a><\/li><li><a href=\"https:\/\/sistemas.lavras.mg.gov.br\/portalcidadao\/#df1b1a7c7b2a290bcb31e32771e610784662739a88807c0dacac58ede5f391a7530e299dc302d611ee73cb143fc22eaf93592e53e7b5bdb01b00a0b8d28dae460c141dd2ff83412e4dc1c31b16b25f33144a9e5620ea73b13f5bc1c59411d98439ad226e8af03840603796067d87afe130812cf3de24982d0e306f9e61e764e5\" aria-label=\"Banner_Obras_PortallavrasTV\"><img src=\"https:\/\/lavras.tv\/site\/wp-content\/uploads\/2025\/03\/Banner_Obras_PortallavrasTV.png\" alt=\"\"  srcset=\"https:\/\/lavras.tv\/site\/wp-content\/uploads\/2025\/03\/Banner_Obras_PortallavrasTV.png 720w, https:\/\/lavras.tv\/site\/wp-content\/uploads\/2025\/03\/Banner_Obras_PortallavrasTV-470x68.png 470w, https:\/\/lavras.tv\/site\/wp-content\/uploads\/2025\/03\/Banner_Obras_PortallavrasTV-170x25.png 170w, https:\/\/lavras.tv\/site\/wp-content\/uploads\/2025\/03\/Banner_Obras_PortallavrasTV-200x29.png 200w\" sizes=\"(max-width: 720px) 100vw, 720px\" width=\"720\" height=\"104\"   \/><\/a><\/li><li><div style=\"margin-left: auto;margin-right: auto;text-align: center;\" id=\"lavra-68169439\"><a href=\"https:\/\/sistemas.lavras.mg.gov.br\/portalcidadao\/#df1b1a7c7b2a290bcb31e32771e610784662739a88807c0dacac58ede5f391a7530e299dc302d611ee73cb143fc22eaf93592e53e7b5bdb01b00a0b8d28dae460c141dd2ff83412e4dc1c31b16b25f33144a9e5620ea73b13f5bc1c59411d98439ad226e8af03840603796067d87afe130812cf3de24982d0e306f9e61e764e5\" aria-label=\"Banner_Educa\u00e7\u00e3o_PortallavrasTV\"><img src=\"https:\/\/lavras.tv\/site\/wp-content\/uploads\/2025\/01\/Banner_Educacao_PortallavrasTV.png\" alt=\"\"  srcset=\"https:\/\/lavras.tv\/site\/wp-content\/uploads\/2025\/01\/Banner_Educacao_PortallavrasTV.png 720w, https:\/\/lavras.tv\/site\/wp-content\/uploads\/2025\/01\/Banner_Educacao_PortallavrasTV-470x68.png 470w, https:\/\/lavras.tv\/site\/wp-content\/uploads\/2025\/01\/Banner_Educacao_PortallavrasTV-170x25.png 170w, https:\/\/lavras.tv\/site\/wp-content\/uploads\/2025\/01\/Banner_Educacao_PortallavrasTV-200x29.png 200w\" sizes=\"(max-width: 720px) 100vw, 720px\" width=\"720\" height=\"104\"  style=\"display: inline-block;\" \/><\/a><\/div><\/li><li><a href=\"https:\/\/sistemas.lavras.mg.gov.br\/portalcidadao\/#df1b1a7c7b2a290bcb31e32771e610784662739a88807c0dacac58ede5f391a7530e299dc302d611ee73cb143fc22eaf93592e53e7b5bdb01b00a0b8d28dae460c141dd2ff83412e4dc1c31b16b25f33144a9e5620ea73b13f5bc1c59411d98439ad226e8af03840603796067d87afe130812cf3de24982d0e306f9e61e764e5\" aria-label=\"Banner_Sa\u00fade_PortallavrasTV\"><img src=\"https:\/\/lavras.tv\/site\/wp-content\/uploads\/2025\/03\/Banner_Saude_PortallavrasTV.png\" alt=\"\"  srcset=\"https:\/\/lavras.tv\/site\/wp-content\/uploads\/2025\/03\/Banner_Saude_PortallavrasTV.png 720w, https:\/\/lavras.tv\/site\/wp-content\/uploads\/2025\/03\/Banner_Saude_PortallavrasTV-470x68.png 470w, https:\/\/lavras.tv\/site\/wp-content\/uploads\/2025\/03\/Banner_Saude_PortallavrasTV-170x25.png 170w, https:\/\/lavras.tv\/site\/wp-content\/uploads\/2025\/03\/Banner_Saude_PortallavrasTV-200x29.png 200w\" sizes=\"(max-width: 720px) 100vw, 720px\" width=\"720\" height=\"104\"   \/><\/a><\/li><li><div id=\"lavra-2937949286\" style=\"width:720px;height:104px;background-color:#ddd;overflow:scroll;\">\n\t<strong>Sa\u00edda da depura\u00e7\u00e3o de an\u00fancios<\/strong>\n\t<br><br>\n\tO an\u00fancio n\u00e3o \u00e9 exibido na p\u00e1gina<br><br>post atual: Cruzeiro vence o Gr\u00eamio no Mineir\u00e3o, deixa a zona de rebaixamento e chega aos 13 pontos, ID: 170047<br><br><span style=\"color: red;\">O post atual n\u00e3o \u00e9 id\u00eantico ao post principal.<\/span><br><br>An\u00fancios: ROXO - TOPO INTERNA - ROTATIVO 2 (197)<br \/>Grupo de an\u00fancios: Princ_Meio01_720x104 (27)<br><br>Condi\u00e7\u00f5es de exibi\u00e7\u00e3o<div style=\"margin-bottom: 20px; white-space: pre-wrap; font-family: monospace; width: 100%; background: #ffe9e9;\"><strong>condi\u00e7\u00f5es gerais<\/strong><table border=\"1\"><thead><tr><th><\/th><th>An\u00fancios<\/th><th>wp_the_query<\/th><\/tr><\/thead><tr><td>is_main_query<\/td><td>1<\/td><td>1<\/td><\/tr><tr><td>is_rest_api<\/td><td>0<\/td><td>1<\/td><\/tr><tr><td>page<\/td><td>0<\/td><td>1<\/td><\/tr><tr><td>numpages<\/td><td>0<\/td><td>1<\/td><\/tr><tr><td>is_archive<\/td><td>1<\/td><td><\/td><\/tr><tr><td>is_search<\/td><td>1<\/td><td><\/td><\/tr><tr><td>is_home<\/td><td>1<\/td><td><\/td><\/tr><tr><td>is_404<\/td><td>1<\/td><td><\/td><\/tr><tr><td>is_attachment<\/td><td>1<\/td><td><\/td><\/tr><tr><td>is_singular<\/td><td>1<\/td><td><\/td><\/tr><tr><td>is_front_page<\/td><td>1<\/td><td><\/td><\/tr><tr><td>is_feed<\/td><td>1<\/td><td><\/td><\/tr><\/table><\/div><br><br><span style=\"color: red;\">Seu site usa HTTPS, mas o c\u00f3digo do an\u00fancio cont\u00e9m HTTP e pode n\u00e3o funcionar.<\/span>\t<br><br>\n\t<a style=\"color: green;\" href=\"https:\/\/wpadvancedads.com\/manual\/ad-debug-mode\/?utm_source=advanced-ads&utm_medium=link&utm_campaign=ad-debug-mode\" target=\"_blank\" rel=\"nofollow\">Encontre solu\u00e7\u00f5es no manual<\/a>\n<\/div>\n<\/li><\/ul><\/div><script>( window.advanced_ads_ready || jQuery( document ).ready ).call( null, function() {var $lavraslider54482852 = jQuery( \".lavra-slider-54482852\" );$lavraslider54482852.on( \"unslider.ready\", function() { jQuery( \"div.custom-slider ul li\" ).css( \"display\", \"block\" ); });$lavraslider54482852.unslider({ delay:4000, autoplay:true, nav:false, arrows:false, infinite:true });$lavraslider54482852.on(\"mouseover\", function() {$lavraslider54482852.unslider(\"stop\");}).on(\"mouseout\", function() {$lavraslider54482852.unslider(\"start\");});});<\/script><\/div>\n<p>Equipe celeste domina a partida, chega aos 13 pontos e ganha f\u00f4lego na competi\u00e7\u00e3o<\/p>\n\n\n<div class=\"wp-block-image\">\n<figure class=\"aligncenter size-large\"><img fetchpriority=\"high\" decoding=\"async\" width=\"970\" height=\"545\" src=\"http:\/\/lavras.tv\/site\/wp-content\/uploads\/2026\/04\/i-970x545.jpg\" alt=\"\" class=\"wp-image-170048\" srcset=\"https:\/\/lavras.tv\/site\/wp-content\/uploads\/2026\/04\/i-970x545.jpg 970w, https:\/\/lavras.tv\/site\/wp-content\/uploads\/2026\/04\/i-470x264.jpg 470w, https:\/\/lavras.tv\/site\/wp-content\/uploads\/2026\/04\/i-170x96.jpg 170w, https:\/\/lavras.tv\/site\/wp-content\/uploads\/2026\/04\/i.jpg 1140w\" sizes=\"(max-width: 970px) 100vw, 970px\" \/><figcaption class=\"wp-element-caption\"><sub>Comemora\u00e7\u00e3o do gol de Romero contra o Gr\u00eamio. Foto: Gustavo Aleixo\/Cruzeiro<\/sub><\/figcaption><\/figure>\n<\/div>\n\n\n<p>O Cruzeiro venceu o Gr\u00eamio por 2 a 0 na noite do \u00faltimo s\u00e1bado (18\/04), no Mineir\u00e3o, pela 12\u00aa rodada do Campeonato Brasileiro. Com o resultado, a equipe mineira chegou aos 13 pontos e deixou a zona de rebaixamento, assumindo a 16\u00aa coloca\u00e7\u00e3o.<\/p>\n\n\n\n<p>A vit\u00f3ria representa um al\u00edvio para a torcida celeste, que viu o time apresentar um desempenho consistente dentro de casa. Com a derrota, o Gr\u00eamio tamb\u00e9m permanece com 13 pontos, mas vive um momento delicado e j\u00e1 soma cinco partidas sem vencer na competi\u00e7\u00e3o.<\/p>\n\n\n\n<h3 class=\"wp-block-heading\">Resumo do jogo<\/h3>\n\n\n\n<p>Empurrado pela torcida, o Cruzeiro iniciou a partida pressionando o advers\u00e1rio e criando as primeiras oportunidades. Arroyo cruzou na \u00e1rea, mas Kaio Jorge e Matheus Pereira n\u00e3o conseguiram concluir. Na sequ\u00eancia, o goleiro Weverton fez boa defesa em finaliza\u00e7\u00e3o do camisa 10 celeste.<\/p>\n\n\n\n<p>O Gr\u00eamio respondeu aos 26 minutos, quando Enamorado recebeu um lan\u00e7amento e acertou a trave. Apesar das investidas das duas equipes, o primeiro tempo terminou sem gols, muito por conta das interven\u00e7\u00f5es do goleiro gremista.<\/p>\n\n\n\n<p>Na segunda etapa, o Cruzeiro voltou mais eficiente. Logo aos cinco minutos, Gerson encontrou Christian, que finalizou sem chances para abrir o placar.<\/p>\n\n\n\n<p>A equipe mineira seguiu melhor e ampliou aos 21 minutos, com Lucas Romero, que arriscou de fora da \u00e1rea e contou com falha de Weverton para marcar o segundo gol.<\/p>\n\n\n\n<h3 class=\"wp-block-heading\">Pr\u00f3ximos compromissos<\/h3>\n\n\n\n<p>O Cruzeiro volta a campo no dia 22, \u00e0s 19h, contra o Goi\u00e1s, fora de casa, pela Copa do Brasil. Na sequ\u00eancia, enfrenta o Remo pelo Campeonato Brasileiro, no dia 25\/04.<\/p>\n\n\n\n<p>Pela Libertadores, o time celeste tem um confronto importante contra o Boca Juniors no dia 28\/04, \u00e0s 21h30.<\/p>\n","protected":false},"excerpt":{"rendered":"<p>Equipe celeste domina a partida, chega aos 13 pontos e ganha f\u00f4lego na competi\u00e7\u00e3o O Cruzeiro venceu o Gr\u00eamio por 2 a 0 na noite do \u00faltimo s\u00e1bado (18\/04), no Mineir\u00e3o, pela 12\u00aa rodada do Campeonato Brasileiro. Com o resultado, a equipe mineira chegou aos 13 pontos e deixou a zona de rebaixamento, assumindo a [&hellip;]<\/p>\n","protected":false},"author":6,"featured_media":170048,"comment_status":"closed","ping_status":"open","sticky":false,"template":"","format":"standard","meta":{"advgb_blocks_editor_width":"","advgb_blocks_columns_visual_guide":"","_exactmetrics_skip_tracking":false,"_exactmetrics_sitenote_active":false,"_exactmetrics_sitenote_note":"","_exactmetrics_sitenote_category":0,"footnotes":""},"categories":[17,7,3,1,5760,2],"tags":[],"class_list":["post-170047","post","type-post","status-publish","format-standard","has-post-thumbnail","hentry","category-jornal-cidade","category-destaques","category-esportes","category-sem-categoria","category-noticias-jornal-cidade","category-noticias"],"better_featured_image":{"id":170048,"alt_text":"","caption":"Comemora\u00e7\u00e3o do gol de Romero contra o Gr\u00eamio. Foto: Gustavo Aleixo\/Cruzeiro","description":"","media_type":"image","media_details":{"width":1140,"height":641,"file":"2026\/04\/i.jpg","filesize":64347,"sizes":{"medium":{"file":"i-470x264.jpg","width":470,"height":264,"mime-type":"image\/jpeg","filesize":33177,"source_url":"https:\/\/lavras.tv\/site\/wp-content\/uploads\/2026\/04\/i-470x264.jpg"},"large":{"file":"i-970x545.jpg","width":970,"height":545,"mime-type":"image\/jpeg","filesize":96218,"source_url":"https:\/\/lavras.tv\/site\/wp-content\/uploads\/2026\/04\/i-970x545.jpg"},"thumbnail":{"file":"i-170x96.jpg","width":170,"height":96,"mime-type":"image\/jpeg","filesize":6724,"source_url":"https:\/\/lavras.tv\/site\/wp-content\/uploads\/2026\/04\/i-170x96.jpg"},"alm-thumbnail":{"file":"i-150x150.jpg","width":150,"height":150,"mime-type":"image\/jpeg","filesize":7920,"source_url":"https:\/\/lavras.tv\/site\/wp-content\/uploads\/2026\/04\/i-150x150.jpg"},"sow-carousel-default":{"file":"i-272x182.jpg","width":272,"height":182,"mime-type":"image\/jpeg","filesize":15720,"source_url":"https:\/\/lavras.tv\/site\/wp-content\/uploads\/2026\/04\/i-272x182.jpg"}},"image_meta":{"aperture":"0","credit":"","camera":"","caption":"","created_timestamp":"0","copyright":"","focal_length":"0","iso":"0","shutter_speed":"0","title":"","orientation":"0","keywords":[]}},"post":170047,"source_url":"https:\/\/lavras.tv\/site\/wp-content\/uploads\/2026\/04\/i.jpg"},"author_meta":{"display_name":"Dani","author_link":"https:\/\/lavras.tv\/site\/author\/dani\/"},"featured_img":"https:\/\/lavras.tv\/site\/wp-content\/uploads\/2026\/04\/i-470x264.jpg","coauthors":[],"tax_additional":{"categories":{"linked":["<a href=\"https:\/\/lavras.tv\/site\/category\/sem-categoria\/jornal-cidade\/\" class=\"advgb-post-tax-term\">DESTAQUE PRINCIPAL<\/a>","<a href=\"https:\/\/lavras.tv\/site\/category\/destaques\/\" class=\"advgb-post-tax-term\">Destaques<\/a>","<a href=\"https:\/\/lavras.tv\/site\/category\/esportes\/\" class=\"advgb-post-tax-term\">Esportes<\/a>","<a href=\"https:\/\/lavras.tv\/site\/category\/sem-categoria\/\" class=\"advgb-post-tax-term\">JORNAL DA CIDADE<\/a>","<a href=\"https:\/\/lavras.tv\/site\/category\/sem-categoria\/jornal-cidade\/noticias-jornal-cidade\/\" class=\"advgb-post-tax-term\">NOT\u00cdCIAS<\/a>","<a href=\"https:\/\/lavras.tv\/site\/category\/noticias\/\" class=\"advgb-post-tax-term\">Not\u00edcias<\/a>"],"unlinked":["<span class=\"advgb-post-tax-term\">DESTAQUE PRINCIPAL<\/span>","<span class=\"advgb-post-tax-term\">Destaques<\/span>","<span class=\"advgb-post-tax-term\">Esportes<\/span>","<span class=\"advgb-post-tax-term\">JORNAL DA CIDADE<\/span>","<span class=\"advgb-post-tax-term\">NOT\u00cdCIAS<\/span>","<span class=\"advgb-post-tax-term\">Not\u00edcias<\/span>"]}},"comment_count":"0","relative_dates":{"created":"Publicado 2 semanas atr\u00e1s","modified":"Atualizado 2 semanas atr\u00e1s"},"absolute_dates":{"created":"Publicado em 19 de abril de 2026","modified":"Atualizado em 19 de abril de 2026"},"absolute_dates_time":{"created":"Publicado em 19 de abril de 2026 08:48","modified":"Atualizado em 19 de abril de 2026 08:48"},"featured_img_caption":"Comemora\u00e7\u00e3o do gol de Romero contra o Gr\u00eamio. Foto: Gustavo Aleixo\/Cruzeiro","series_order":"","_links":{"self":[{"href":"https:\/\/lavras.tv\/site\/wp-json\/wp\/v2\/posts\/170047","targetHints":{"allow":["GET"]}}],"collection":[{"href":"https:\/\/lavras.tv\/site\/wp-json\/wp\/v2\/posts"}],"about":[{"href":"https:\/\/lavras.tv\/site\/wp-json\/wp\/v2\/types\/post"}],"author":[{"embeddable":true,"href":"https:\/\/lavras.tv\/site\/wp-json\/wp\/v2\/users\/6"}],"replies":[{"embeddable":true,"href":"https:\/\/lavras.tv\/site\/wp-json\/wp\/v2\/comments?post=170047"}],"version-history":[{"count":1,"href":"https:\/\/lavras.tv\/site\/wp-json\/wp\/v2\/posts\/170047\/revisions"}],"predecessor-version":[{"id":170049,"href":"https:\/\/lavras.tv\/site\/wp-json\/wp\/v2\/posts\/170047\/revisions\/170049"}],"wp:featuredmedia":[{"embeddable":true,"href":"https:\/\/lavras.tv\/site\/wp-json\/wp\/v2\/media\/170048"}],"wp:attachment":[{"href":"https:\/\/lavras.tv\/site\/wp-json\/wp\/v2\/media?parent=170047"}],"wp:term":[{"taxonomy":"category","embeddable":true,"href":"https:\/\/lavras.tv\/site\/wp-json\/wp\/v2\/categories?post=170047"},{"taxonomy":"post_tag","embeddable":true,"href":"https:\/\/lavras.tv\/site\/wp-json\/wp\/v2\/tags?post=170047"}],"curies":[{"name":"wp","href":"https:\/\/api.w.org\/{rel}","templated":true}]}}