{"id":170101,"date":"2026-04-28T11:13:00","date_gmt":"2026-04-28T14:13:00","guid":{"rendered":"https:\/\/lavras.tv\/site\/?p=170101"},"modified":"2026-04-28T11:13:00","modified_gmt":"2026-04-28T14:13:00","slug":"npj-do-unilavras-promove-atendimento-juridico-gratuito-em-lavras","status":"publish","type":"post","link":"https:\/\/lavras.tv\/site\/2026\/04\/28\/npj-do-unilavras-promove-atendimento-juridico-gratuito-em-lavras\/","title":{"rendered":"NPJ do Unilavras promove atendimento jur\u00eddico gratuito em Lavras"},"content":{"rendered":"<div class=\"lavra-antes-do-conteudo_2\" id=\"lavra-4272942371\"><div id=\"lavra-slider-27\" class=\"custom-slider lavra-slider-855318832 lavra-slider\"><ul><li><div style=\"margin-left: auto;margin-right: auto;text-align: center;\" id=\"lavra-4111939641\"><a href=\"https:\/\/sistemas.lavras.mg.gov.br\/portalcidadao\/#df1b1a7c7b2a290bcb31e32771e610784662739a88807c0dacac58ede5f391a7530e299dc302d611ee73cb143fc22eaf93592e53e7b5bdb01b00a0b8d28dae460c141dd2ff83412e4dc1c31b16b25f33144a9e5620ea73b13f5bc1c59411d98439ad226e8af03840603796067d87afe130812cf3de24982d0e306f9e61e764e5\" aria-label=\"Lavras-TV&#8211;720x104px (1) (1)\"><img src=\"https:\/\/lavras.tv\/site\/wp-content\/uploads\/2025\/01\/Lavras-TV-720x104px-1-1.png\" alt=\"\"  srcset=\"https:\/\/lavras.tv\/site\/wp-content\/uploads\/2025\/01\/Lavras-TV-720x104px-1-1.png 720w, https:\/\/lavras.tv\/site\/wp-content\/uploads\/2025\/01\/Lavras-TV-720x104px-1-1-470x68.png 470w, https:\/\/lavras.tv\/site\/wp-content\/uploads\/2025\/01\/Lavras-TV-720x104px-1-1-170x25.png 170w, https:\/\/lavras.tv\/site\/wp-content\/uploads\/2025\/01\/Lavras-TV-720x104px-1-1-200x29.png 200w\" sizes=\"(max-width: 720px) 100vw, 720px\" width=\"720\" height=\"104\"  style=\"display: inline-block;\" \/><\/a><\/div><\/li><li><a href=\"https:\/\/sistemas.lavras.mg.gov.br\/portalcidadao\/#df1b1a7c7b2a290bcb31e32771e610784662739a88807c0dacac58ede5f391a7530e299dc302d611ee73cb143fc22eaf93592e53e7b5bdb01b00a0b8d28dae460c141dd2ff83412e4dc1c31b16b25f33144a9e5620ea73b13f5bc1c59411d98439ad226e8af03840603796067d87afe130812cf3de24982d0e306f9e61e764e5\" aria-label=\"Banner_Emprego_PortallavrasTV\"><img src=\"https:\/\/lavras.tv\/site\/wp-content\/uploads\/2025\/03\/Banner_Emprego_PortallavrasTV.png\" alt=\"\"  srcset=\"https:\/\/lavras.tv\/site\/wp-content\/uploads\/2025\/03\/Banner_Emprego_PortallavrasTV.png 720w, https:\/\/lavras.tv\/site\/wp-content\/uploads\/2025\/03\/Banner_Emprego_PortallavrasTV-470x68.png 470w, https:\/\/lavras.tv\/site\/wp-content\/uploads\/2025\/03\/Banner_Emprego_PortallavrasTV-170x25.png 170w, https:\/\/lavras.tv\/site\/wp-content\/uploads\/2025\/03\/Banner_Emprego_PortallavrasTV-200x29.png 200w\" sizes=\"(max-width: 720px) 100vw, 720px\" width=\"720\" height=\"104\"   \/><\/a><\/li><li><a href=\"https:\/\/sistemas.lavras.mg.gov.br\/portalcidadao\/#df1b1a7c7b2a290bcb31e32771e610784662739a88807c0dacac58ede5f391a7530e299dc302d611ee73cb143fc22eaf93592e53e7b5bdb01b00a0b8d28dae460c141dd2ff83412e4dc1c31b16b25f33144a9e5620ea73b13f5bc1c59411d98439ad226e8af03840603796067d87afe130812cf3de24982d0e306f9e61e764e5\" aria-label=\"Banner_Obras_PortallavrasTV\"><img src=\"https:\/\/lavras.tv\/site\/wp-content\/uploads\/2025\/03\/Banner_Obras_PortallavrasTV.png\" alt=\"\"  srcset=\"https:\/\/lavras.tv\/site\/wp-content\/uploads\/2025\/03\/Banner_Obras_PortallavrasTV.png 720w, https:\/\/lavras.tv\/site\/wp-content\/uploads\/2025\/03\/Banner_Obras_PortallavrasTV-470x68.png 470w, https:\/\/lavras.tv\/site\/wp-content\/uploads\/2025\/03\/Banner_Obras_PortallavrasTV-170x25.png 170w, https:\/\/lavras.tv\/site\/wp-content\/uploads\/2025\/03\/Banner_Obras_PortallavrasTV-200x29.png 200w\" sizes=\"(max-width: 720px) 100vw, 720px\" width=\"720\" height=\"104\"   \/><\/a><\/li><li><div style=\"margin-left: auto;margin-right: auto;text-align: center;\" id=\"lavra-97381997\"><a href=\"https:\/\/sistemas.lavras.mg.gov.br\/portalcidadao\/#df1b1a7c7b2a290bcb31e32771e610784662739a88807c0dacac58ede5f391a7530e299dc302d611ee73cb143fc22eaf93592e53e7b5bdb01b00a0b8d28dae460c141dd2ff83412e4dc1c31b16b25f33144a9e5620ea73b13f5bc1c59411d98439ad226e8af03840603796067d87afe130812cf3de24982d0e306f9e61e764e5\" aria-label=\"Banner_Educa\u00e7\u00e3o_PortallavrasTV\"><img src=\"https:\/\/lavras.tv\/site\/wp-content\/uploads\/2025\/01\/Banner_Educacao_PortallavrasTV.png\" alt=\"\"  srcset=\"https:\/\/lavras.tv\/site\/wp-content\/uploads\/2025\/01\/Banner_Educacao_PortallavrasTV.png 720w, https:\/\/lavras.tv\/site\/wp-content\/uploads\/2025\/01\/Banner_Educacao_PortallavrasTV-470x68.png 470w, https:\/\/lavras.tv\/site\/wp-content\/uploads\/2025\/01\/Banner_Educacao_PortallavrasTV-170x25.png 170w, https:\/\/lavras.tv\/site\/wp-content\/uploads\/2025\/01\/Banner_Educacao_PortallavrasTV-200x29.png 200w\" sizes=\"(max-width: 720px) 100vw, 720px\" width=\"720\" height=\"104\"  style=\"display: inline-block;\" \/><\/a><\/div><\/li><li><a href=\"https:\/\/sistemas.lavras.mg.gov.br\/portalcidadao\/#df1b1a7c7b2a290bcb31e32771e610784662739a88807c0dacac58ede5f391a7530e299dc302d611ee73cb143fc22eaf93592e53e7b5bdb01b00a0b8d28dae460c141dd2ff83412e4dc1c31b16b25f33144a9e5620ea73b13f5bc1c59411d98439ad226e8af03840603796067d87afe130812cf3de24982d0e306f9e61e764e5\" aria-label=\"Banner_Sa\u00fade_PortallavrasTV\"><img src=\"https:\/\/lavras.tv\/site\/wp-content\/uploads\/2025\/03\/Banner_Saude_PortallavrasTV.png\" alt=\"\"  srcset=\"https:\/\/lavras.tv\/site\/wp-content\/uploads\/2025\/03\/Banner_Saude_PortallavrasTV.png 720w, https:\/\/lavras.tv\/site\/wp-content\/uploads\/2025\/03\/Banner_Saude_PortallavrasTV-470x68.png 470w, https:\/\/lavras.tv\/site\/wp-content\/uploads\/2025\/03\/Banner_Saude_PortallavrasTV-170x25.png 170w, https:\/\/lavras.tv\/site\/wp-content\/uploads\/2025\/03\/Banner_Saude_PortallavrasTV-200x29.png 200w\" sizes=\"(max-width: 720px) 100vw, 720px\" width=\"720\" height=\"104\"   \/><\/a><\/li><li><div id=\"lavra-4029769870\" style=\"width:720px;height:104px;background-color:#ddd;overflow:scroll;\">\n\t<strong>Sa\u00edda da depura\u00e7\u00e3o de an\u00fancios<\/strong>\n\t<br><br>\n\tO an\u00fancio n\u00e3o \u00e9 exibido na p\u00e1gina<br><br>post atual: NPJ do Unilavras promove atendimento jur\u00eddico gratuito em Lavras, ID: 170101<br><br><span style=\"color: red;\">O post atual n\u00e3o \u00e9 id\u00eantico ao post principal.<\/span><br><br>An\u00fancios: ROXO - TOPO INTERNA - ROTATIVO 2 (197)<br \/>Grupo de an\u00fancios: Princ_Meio01_720x104 (27)<br><br>Condi\u00e7\u00f5es de exibi\u00e7\u00e3o<div style=\"margin-bottom: 20px; white-space: pre-wrap; font-family: monospace; width: 100%; background: #ffe9e9;\"><strong>condi\u00e7\u00f5es gerais<\/strong><table border=\"1\"><thead><tr><th><\/th><th>An\u00fancios<\/th><th>wp_the_query<\/th><\/tr><\/thead><tr><td>is_main_query<\/td><td>1<\/td><td>1<\/td><\/tr><tr><td>is_rest_api<\/td><td>0<\/td><td>1<\/td><\/tr><tr><td>page<\/td><td>0<\/td><td>1<\/td><\/tr><tr><td>numpages<\/td><td>0<\/td><td>1<\/td><\/tr><tr><td>is_archive<\/td><td>1<\/td><td><\/td><\/tr><tr><td>is_search<\/td><td>1<\/td><td><\/td><\/tr><tr><td>is_home<\/td><td>1<\/td><td><\/td><\/tr><tr><td>is_404<\/td><td>1<\/td><td><\/td><\/tr><tr><td>is_attachment<\/td><td>1<\/td><td><\/td><\/tr><tr><td>is_singular<\/td><td>1<\/td><td><\/td><\/tr><tr><td>is_front_page<\/td><td>1<\/td><td><\/td><\/tr><tr><td>is_feed<\/td><td>1<\/td><td><\/td><\/tr><\/table><\/div><br><br><span style=\"color: red;\">Seu site usa HTTPS, mas o c\u00f3digo do an\u00fancio cont\u00e9m HTTP e pode n\u00e3o funcionar.<\/span>\t<br><br>\n\t<a style=\"color: green;\" href=\"https:\/\/wpadvancedads.com\/manual\/ad-debug-mode\/?utm_source=advanced-ads&utm_medium=link&utm_campaign=ad-debug-mode\" target=\"_blank\" rel=\"nofollow\">Encontre solu\u00e7\u00f5es no manual<\/a>\n<\/div>\n<\/li><\/ul><\/div><script>( window.advanced_ads_ready || jQuery( document ).ready ).call( null, function() {var $lavraslider855318832 = jQuery( \".lavra-slider-855318832\" );$lavraslider855318832.on( \"unslider.ready\", function() { jQuery( \"div.custom-slider ul li\" ).css( \"display\", \"block\" ); });$lavraslider855318832.unslider({ delay:4000, autoplay:true, nav:false, arrows:false, infinite:true });$lavraslider855318832.on(\"mouseover\", function() {$lavraslider855318832.unslider(\"stop\");}).on(\"mouseout\", function() {$lavraslider855318832.unslider(\"start\");});});<\/script><\/div>\n<p>A\u00e7\u00e3o ser\u00e1 realizada no dia 29 de abril, na Pra\u00e7a Dr. Augusto Silva, com orienta\u00e7\u00f5es abertas \u00e0 popula\u00e7\u00e3o em diferentes \u00e1reas do Direito<\/p>\n\n\n<div class=\"wp-block-image\">\n<figure class=\"aligncenter size-large is-resized\"><img fetchpriority=\"high\" decoding=\"async\" width=\"819\" height=\"1024\" src=\"http:\/\/lavras.tv\/site\/wp-content\/uploads\/2026\/04\/77618-Post-819x1024.png\" alt=\"\" class=\"wp-image-170102\" style=\"aspect-ratio:0.799808741387929;width:475px;height:auto\" srcset=\"https:\/\/lavras.tv\/site\/wp-content\/uploads\/2026\/04\/77618-Post-819x1024.png 819w, https:\/\/lavras.tv\/site\/wp-content\/uploads\/2026\/04\/77618-Post-240x300.png 240w, https:\/\/lavras.tv\/site\/wp-content\/uploads\/2026\/04\/77618-Post-120x150.png 120w, https:\/\/lavras.tv\/site\/wp-content\/uploads\/2026\/04\/77618-Post.png 1080w\" sizes=\"(max-width: 819px) 100vw, 819px\" \/><\/figure>\n<\/div>\n\n\n<p>A popula\u00e7\u00e3o de Lavras ter\u00e1 acesso a atendimento jur\u00eddico gratuito na pr\u00f3xima ter\u00e7a-feira (29\/04). A a\u00e7\u00e3o ser\u00e1 realizada pelo N\u00facleo de Pr\u00e1tica Jur\u00eddica (NPJ) do Unilavras, das 8h \u00e0s 12h, na Pra\u00e7a Dr. Augusto Silva.<\/p>\n\n\n\n<p>A iniciativa faz parte das atividades de extens\u00e3o do curso de Direito e tem como objetivo ampliar o acesso da comunidade \u00e0 orienta\u00e7\u00e3o jur\u00eddica. Durante o per\u00edodo, ser\u00e3o oferecidos esclarecimentos sobre temas como Direito de Fam\u00edlia, Direito do Consumidor, Direitos Sociais, entre outras demandas apresentadas pela popula\u00e7\u00e3o.<\/p>\n\n\n\n<p>Os atendimentos ser\u00e3o conduzidos por alunos e colaboradores do NPJ, com supervis\u00e3o direta de professores, promovendo a integra\u00e7\u00e3o entre a forma\u00e7\u00e3o pr\u00e1tica dos estudantes e o atendimento \u00e0 comunidade.<\/p>\n\n\n\n<p>A proposta \u00e9 aproximar a popula\u00e7\u00e3o do acesso \u00e0 justi\u00e7a, oferecendo suporte inicial e orienta\u00e7\u00e3o em quest\u00f5es jur\u00eddicas do dia a dia.<\/p>\n\n\n\n<p>D\u00favidas podem ser enviadas pelo WhatsApp: (35) 98821-0971 ou pelo Instagram: @direitounilavras.<\/p>\n\n\n\n<p><\/p>\n","protected":false},"excerpt":{"rendered":"<p>A\u00e7\u00e3o ser\u00e1 realizada no dia 29 de abril, na Pra\u00e7a Dr. Augusto Silva, com orienta\u00e7\u00f5es abertas \u00e0 popula\u00e7\u00e3o em diferentes \u00e1reas do Direito A popula\u00e7\u00e3o de Lavras ter\u00e1 acesso a atendimento jur\u00eddico gratuito na pr\u00f3xima ter\u00e7a-feira (29\/04). A a\u00e7\u00e3o ser\u00e1 realizada pelo N\u00facleo de Pr\u00e1tica Jur\u00eddica (NPJ) do Unilavras, das 8h \u00e0s 12h, na Pra\u00e7a [&hellip;]<\/p>\n","protected":false},"author":6,"featured_media":170102,"comment_status":"closed","ping_status":"open","sticky":false,"template":"","format":"standard","meta":{"advgb_blocks_editor_width":"","advgb_blocks_columns_visual_guide":"","_exactmetrics_skip_tracking":false,"_exactmetrics_sitenote_active":false,"_exactmetrics_sitenote_note":"","_exactmetrics_sitenote_category":0,"footnotes":""},"categories":[17,7,5719,1,5760,2],"tags":[],"class_list":["post-170101","post","type-post","status-publish","format-standard","has-post-thumbnail","hentry","category-jornal-cidade","category-destaques","category-educacao","category-sem-categoria","category-noticias-jornal-cidade","category-noticias"],"better_featured_image":{"id":170102,"alt_text":"","caption":"","description":"","media_type":"image","media_details":{"width":1080,"height":1350,"file":"2026\/04\/77618-Post.png","filesize":1519883,"sizes":{"medium":{"file":"77618-Post-240x300.png","width":240,"height":300,"mime-type":"image\/png","filesize":77959,"source_url":"https:\/\/lavras.tv\/site\/wp-content\/uploads\/2026\/04\/77618-Post-240x300.png"},"large":{"file":"77618-Post-819x1024.png","width":819,"height":1024,"mime-type":"image\/png","filesize":783804,"source_url":"https:\/\/lavras.tv\/site\/wp-content\/uploads\/2026\/04\/77618-Post-819x1024.png"},"thumbnail":{"file":"77618-Post-120x150.png","width":120,"height":150,"mime-type":"image\/png","filesize":23379,"source_url":"https:\/\/lavras.tv\/site\/wp-content\/uploads\/2026\/04\/77618-Post-120x150.png"},"alm-thumbnail":{"file":"77618-Post-150x150.png","width":150,"height":150,"mime-type":"image\/png","filesize":28360,"source_url":"https:\/\/lavras.tv\/site\/wp-content\/uploads\/2026\/04\/77618-Post-150x150.png"},"sow-carousel-default":{"file":"77618-Post-272x182.png","width":272,"height":182,"mime-type":"image\/png","filesize":55714,"source_url":"https:\/\/lavras.tv\/site\/wp-content\/uploads\/2026\/04\/77618-Post-272x182.png"}},"image_meta":{"aperture":"0","credit":"","camera":"","caption":"","created_timestamp":"0","copyright":"","focal_length":"0","iso":"0","shutter_speed":"0","title":"","orientation":"0","keywords":[]}},"post":170101,"source_url":"https:\/\/lavras.tv\/site\/wp-content\/uploads\/2026\/04\/77618-Post.png"},"author_meta":{"display_name":"Dani","author_link":"https:\/\/lavras.tv\/site\/author\/dani\/"},"featured_img":"https:\/\/lavras.tv\/site\/wp-content\/uploads\/2026\/04\/77618-Post-240x300.png","coauthors":[],"tax_additional":{"categories":{"linked":["<a href=\"https:\/\/lavras.tv\/site\/category\/sem-categoria\/jornal-cidade\/\" class=\"advgb-post-tax-term\">DESTAQUE PRINCIPAL<\/a>","<a href=\"https:\/\/lavras.tv\/site\/category\/destaques\/\" class=\"advgb-post-tax-term\">Destaques<\/a>","<a href=\"https:\/\/lavras.tv\/site\/category\/educacao\/\" class=\"advgb-post-tax-term\">Educa\u00e7\u00e3o<\/a>","<a href=\"https:\/\/lavras.tv\/site\/category\/sem-categoria\/\" class=\"advgb-post-tax-term\">JORNAL DA CIDADE<\/a>","<a href=\"https:\/\/lavras.tv\/site\/category\/sem-categoria\/jornal-cidade\/noticias-jornal-cidade\/\" class=\"advgb-post-tax-term\">NOT\u00cdCIAS<\/a>","<a href=\"https:\/\/lavras.tv\/site\/category\/noticias\/\" class=\"advgb-post-tax-term\">Not\u00edcias<\/a>"],"unlinked":["<span class=\"advgb-post-tax-term\">DESTAQUE PRINCIPAL<\/span>","<span class=\"advgb-post-tax-term\">Destaques<\/span>","<span class=\"advgb-post-tax-term\">Educa\u00e7\u00e3o<\/span>","<span class=\"advgb-post-tax-term\">JORNAL DA CIDADE<\/span>","<span class=\"advgb-post-tax-term\">NOT\u00cdCIAS<\/span>","<span class=\"advgb-post-tax-term\">Not\u00edcias<\/span>"]}},"comment_count":"0","relative_dates":{"created":"Publicado 3 dias atr\u00e1s","modified":"Atualizado 3 dias atr\u00e1s"},"absolute_dates":{"created":"Publicado em 28 de abril de 2026","modified":"Atualizado em 28 de abril de 2026"},"absolute_dates_time":{"created":"Publicado em 28 de abril de 2026 11:13","modified":"Atualizado em 28 de abril de 2026 11:13"},"featured_img_caption":"","series_order":"","_links":{"self":[{"href":"https:\/\/lavras.tv\/site\/wp-json\/wp\/v2\/posts\/170101","targetHints":{"allow":["GET"]}}],"collection":[{"href":"https:\/\/lavras.tv\/site\/wp-json\/wp\/v2\/posts"}],"about":[{"href":"https:\/\/lavras.tv\/site\/wp-json\/wp\/v2\/types\/post"}],"author":[{"embeddable":true,"href":"https:\/\/lavras.tv\/site\/wp-json\/wp\/v2\/users\/6"}],"replies":[{"embeddable":true,"href":"https:\/\/lavras.tv\/site\/wp-json\/wp\/v2\/comments?post=170101"}],"version-history":[{"count":1,"href":"https:\/\/lavras.tv\/site\/wp-json\/wp\/v2\/posts\/170101\/revisions"}],"predecessor-version":[{"id":170103,"href":"https:\/\/lavras.tv\/site\/wp-json\/wp\/v2\/posts\/170101\/revisions\/170103"}],"wp:featuredmedia":[{"embeddable":true,"href":"https:\/\/lavras.tv\/site\/wp-json\/wp\/v2\/media\/170102"}],"wp:attachment":[{"href":"https:\/\/lavras.tv\/site\/wp-json\/wp\/v2\/media?parent=170101"}],"wp:term":[{"taxonomy":"category","embeddable":true,"href":"https:\/\/lavras.tv\/site\/wp-json\/wp\/v2\/categories?post=170101"},{"taxonomy":"post_tag","embeddable":true,"href":"https:\/\/lavras.tv\/site\/wp-json\/wp\/v2\/tags?post=170101"}],"curies":[{"name":"wp","href":"https:\/\/api.w.org\/{rel}","templated":true}]}}