{"id":170105,"date":"2026-04-28T11:17:32","date_gmt":"2026-04-28T14:17:32","guid":{"rendered":"https:\/\/lavras.tv\/site\/?p=170105"},"modified":"2026-04-28T11:17:33","modified_gmt":"2026-04-28T14:17:33","slug":"exportacoes-do-agro-mineiro-somam-us-393-bilhoes-no-primeiro-trimestre-de-2026","status":"publish","type":"post","link":"https:\/\/lavras.tv\/site\/2026\/04\/28\/exportacoes-do-agro-mineiro-somam-us-393-bilhoes-no-primeiro-trimestre-de-2026\/","title":{"rendered":"Exporta\u00e7\u00f5es do agro mineiro somam US$ 3,93 bilh\u00f5es no primeiro trimestre de 2026"},"content":{"rendered":"<div class=\"lavra-antes-do-conteudo_2\" id=\"lavra-2251049810\"><div id=\"lavra-slider-27\" class=\"custom-slider lavra-slider-1903677602 lavra-slider\"><ul><li><div style=\"margin-left: auto;margin-right: auto;text-align: center;\" id=\"lavra-899605353\"><a href=\"https:\/\/sistemas.lavras.mg.gov.br\/portalcidadao\/#df1b1a7c7b2a290bcb31e32771e610784662739a88807c0dacac58ede5f391a7530e299dc302d611ee73cb143fc22eaf93592e53e7b5bdb01b00a0b8d28dae460c141dd2ff83412e4dc1c31b16b25f33144a9e5620ea73b13f5bc1c59411d98439ad226e8af03840603796067d87afe130812cf3de24982d0e306f9e61e764e5\" aria-label=\"Lavras-TV&#8211;720x104px (1) (1)\"><img src=\"https:\/\/lavras.tv\/site\/wp-content\/uploads\/2025\/01\/Lavras-TV-720x104px-1-1.png\" alt=\"\"  srcset=\"https:\/\/lavras.tv\/site\/wp-content\/uploads\/2025\/01\/Lavras-TV-720x104px-1-1.png 720w, https:\/\/lavras.tv\/site\/wp-content\/uploads\/2025\/01\/Lavras-TV-720x104px-1-1-470x68.png 470w, https:\/\/lavras.tv\/site\/wp-content\/uploads\/2025\/01\/Lavras-TV-720x104px-1-1-170x25.png 170w, https:\/\/lavras.tv\/site\/wp-content\/uploads\/2025\/01\/Lavras-TV-720x104px-1-1-200x29.png 200w\" sizes=\"(max-width: 720px) 100vw, 720px\" width=\"720\" height=\"104\"  style=\"display: inline-block;\" \/><\/a><\/div><\/li><li><a href=\"https:\/\/sistemas.lavras.mg.gov.br\/portalcidadao\/#df1b1a7c7b2a290bcb31e32771e610784662739a88807c0dacac58ede5f391a7530e299dc302d611ee73cb143fc22eaf93592e53e7b5bdb01b00a0b8d28dae460c141dd2ff83412e4dc1c31b16b25f33144a9e5620ea73b13f5bc1c59411d98439ad226e8af03840603796067d87afe130812cf3de24982d0e306f9e61e764e5\" aria-label=\"Banner_Emprego_PortallavrasTV\"><img src=\"https:\/\/lavras.tv\/site\/wp-content\/uploads\/2025\/03\/Banner_Emprego_PortallavrasTV.png\" alt=\"\"  srcset=\"https:\/\/lavras.tv\/site\/wp-content\/uploads\/2025\/03\/Banner_Emprego_PortallavrasTV.png 720w, https:\/\/lavras.tv\/site\/wp-content\/uploads\/2025\/03\/Banner_Emprego_PortallavrasTV-470x68.png 470w, https:\/\/lavras.tv\/site\/wp-content\/uploads\/2025\/03\/Banner_Emprego_PortallavrasTV-170x25.png 170w, https:\/\/lavras.tv\/site\/wp-content\/uploads\/2025\/03\/Banner_Emprego_PortallavrasTV-200x29.png 200w\" sizes=\"(max-width: 720px) 100vw, 720px\" width=\"720\" height=\"104\"   \/><\/a><\/li><li><a href=\"https:\/\/sistemas.lavras.mg.gov.br\/portalcidadao\/#df1b1a7c7b2a290bcb31e32771e610784662739a88807c0dacac58ede5f391a7530e299dc302d611ee73cb143fc22eaf93592e53e7b5bdb01b00a0b8d28dae460c141dd2ff83412e4dc1c31b16b25f33144a9e5620ea73b13f5bc1c59411d98439ad226e8af03840603796067d87afe130812cf3de24982d0e306f9e61e764e5\" aria-label=\"Banner_Obras_PortallavrasTV\"><img src=\"https:\/\/lavras.tv\/site\/wp-content\/uploads\/2025\/03\/Banner_Obras_PortallavrasTV.png\" alt=\"\"  srcset=\"https:\/\/lavras.tv\/site\/wp-content\/uploads\/2025\/03\/Banner_Obras_PortallavrasTV.png 720w, https:\/\/lavras.tv\/site\/wp-content\/uploads\/2025\/03\/Banner_Obras_PortallavrasTV-470x68.png 470w, https:\/\/lavras.tv\/site\/wp-content\/uploads\/2025\/03\/Banner_Obras_PortallavrasTV-170x25.png 170w, https:\/\/lavras.tv\/site\/wp-content\/uploads\/2025\/03\/Banner_Obras_PortallavrasTV-200x29.png 200w\" sizes=\"(max-width: 720px) 100vw, 720px\" width=\"720\" height=\"104\"   \/><\/a><\/li><li><div style=\"margin-left: auto;margin-right: auto;text-align: center;\" id=\"lavra-4233314947\"><a href=\"https:\/\/sistemas.lavras.mg.gov.br\/portalcidadao\/#df1b1a7c7b2a290bcb31e32771e610784662739a88807c0dacac58ede5f391a7530e299dc302d611ee73cb143fc22eaf93592e53e7b5bdb01b00a0b8d28dae460c141dd2ff83412e4dc1c31b16b25f33144a9e5620ea73b13f5bc1c59411d98439ad226e8af03840603796067d87afe130812cf3de24982d0e306f9e61e764e5\" aria-label=\"Banner_Educa\u00e7\u00e3o_PortallavrasTV\"><img src=\"https:\/\/lavras.tv\/site\/wp-content\/uploads\/2025\/01\/Banner_Educacao_PortallavrasTV.png\" alt=\"\"  srcset=\"https:\/\/lavras.tv\/site\/wp-content\/uploads\/2025\/01\/Banner_Educacao_PortallavrasTV.png 720w, https:\/\/lavras.tv\/site\/wp-content\/uploads\/2025\/01\/Banner_Educacao_PortallavrasTV-470x68.png 470w, https:\/\/lavras.tv\/site\/wp-content\/uploads\/2025\/01\/Banner_Educacao_PortallavrasTV-170x25.png 170w, https:\/\/lavras.tv\/site\/wp-content\/uploads\/2025\/01\/Banner_Educacao_PortallavrasTV-200x29.png 200w\" sizes=\"(max-width: 720px) 100vw, 720px\" width=\"720\" height=\"104\"  style=\"display: inline-block;\" \/><\/a><\/div><\/li><li><a href=\"https:\/\/sistemas.lavras.mg.gov.br\/portalcidadao\/#df1b1a7c7b2a290bcb31e32771e610784662739a88807c0dacac58ede5f391a7530e299dc302d611ee73cb143fc22eaf93592e53e7b5bdb01b00a0b8d28dae460c141dd2ff83412e4dc1c31b16b25f33144a9e5620ea73b13f5bc1c59411d98439ad226e8af03840603796067d87afe130812cf3de24982d0e306f9e61e764e5\" aria-label=\"Banner_Sa\u00fade_PortallavrasTV\"><img src=\"https:\/\/lavras.tv\/site\/wp-content\/uploads\/2025\/03\/Banner_Saude_PortallavrasTV.png\" alt=\"\"  srcset=\"https:\/\/lavras.tv\/site\/wp-content\/uploads\/2025\/03\/Banner_Saude_PortallavrasTV.png 720w, https:\/\/lavras.tv\/site\/wp-content\/uploads\/2025\/03\/Banner_Saude_PortallavrasTV-470x68.png 470w, https:\/\/lavras.tv\/site\/wp-content\/uploads\/2025\/03\/Banner_Saude_PortallavrasTV-170x25.png 170w, https:\/\/lavras.tv\/site\/wp-content\/uploads\/2025\/03\/Banner_Saude_PortallavrasTV-200x29.png 200w\" sizes=\"(max-width: 720px) 100vw, 720px\" width=\"720\" height=\"104\"   \/><\/a><\/li><li><div id=\"lavra-1755955210\" style=\"width:720px;height:104px;background-color:#ddd;overflow:scroll;\">\n\t<strong>Sa\u00edda da depura\u00e7\u00e3o de an\u00fancios<\/strong>\n\t<br><br>\n\tO an\u00fancio n\u00e3o \u00e9 exibido na p\u00e1gina<br><br>post atual: Exporta\u00e7\u00f5es do agro mineiro somam US$ 3,93 bilh\u00f5es no primeiro trimestre de 2026, ID: 170105<br><br><span style=\"color: red;\">O post atual n\u00e3o \u00e9 id\u00eantico ao post principal.<\/span><br><br>An\u00fancios: ROXO - TOPO INTERNA - ROTATIVO 2 (197)<br \/>Grupo de an\u00fancios: Princ_Meio01_720x104 (27)<br><br>Condi\u00e7\u00f5es de exibi\u00e7\u00e3o<div style=\"margin-bottom: 20px; white-space: pre-wrap; font-family: monospace; width: 100%; background: #ffe9e9;\"><strong>condi\u00e7\u00f5es gerais<\/strong><table border=\"1\"><thead><tr><th><\/th><th>An\u00fancios<\/th><th>wp_the_query<\/th><\/tr><\/thead><tr><td>is_main_query<\/td><td>1<\/td><td>1<\/td><\/tr><tr><td>is_rest_api<\/td><td>0<\/td><td>1<\/td><\/tr><tr><td>page<\/td><td>0<\/td><td>1<\/td><\/tr><tr><td>numpages<\/td><td>0<\/td><td>1<\/td><\/tr><tr><td>is_archive<\/td><td>1<\/td><td><\/td><\/tr><tr><td>is_search<\/td><td>1<\/td><td><\/td><\/tr><tr><td>is_home<\/td><td>1<\/td><td><\/td><\/tr><tr><td>is_404<\/td><td>1<\/td><td><\/td><\/tr><tr><td>is_attachment<\/td><td>1<\/td><td><\/td><\/tr><tr><td>is_singular<\/td><td>1<\/td><td><\/td><\/tr><tr><td>is_front_page<\/td><td>1<\/td><td><\/td><\/tr><tr><td>is_feed<\/td><td>1<\/td><td><\/td><\/tr><\/table><\/div><br><br><span style=\"color: red;\">Seu site usa HTTPS, mas o c\u00f3digo do an\u00fancio cont\u00e9m HTTP e pode n\u00e3o funcionar.<\/span>\t<br><br>\n\t<a style=\"color: green;\" href=\"https:\/\/wpadvancedads.com\/manual\/ad-debug-mode\/?utm_source=advanced-ads&utm_medium=link&utm_campaign=ad-debug-mode\" target=\"_blank\" rel=\"nofollow\">Encontre solu\u00e7\u00f5es no manual<\/a>\n<\/div>\n<\/li><\/ul><\/div><script>( window.advanced_ads_ready || jQuery( document ).ready ).call( null, function() {var $lavraslider1903677602 = jQuery( \".lavra-slider-1903677602\" );$lavraslider1903677602.on( \"unslider.ready\", function() { jQuery( \"div.custom-slider ul li\" ).css( \"display\", \"block\" ); });$lavraslider1903677602.unslider({ delay:4000, autoplay:true, nav:false, arrows:false, infinite:true });$lavraslider1903677602.on(\"mouseover\", function() {$lavraslider1903677602.unslider(\"stop\");}).on(\"mouseout\", function() {$lavraslider1903677602.unslider(\"start\");});});<\/script><\/div>\n<p>Setor mant\u00e9m protagonismo na economia do estado, com destaque para o caf\u00e9 e crescimento nas exporta\u00e7\u00f5es de carnes; mercados do Oriente M\u00e9dio ampliam participa\u00e7\u00e3o<\/p>\n\n\n<div class=\"wp-block-image\">\n<figure class=\"aligncenter size-large is-resized\"><img fetchpriority=\"high\" decoding=\"async\" width=\"970\" height=\"728\" src=\"http:\/\/lavras.tv\/site\/wp-content\/uploads\/2026\/04\/Cafe-970x728.jpeg\" alt=\"\" class=\"wp-image-170106\" style=\"aspect-ratio:1.332441073685776;width:620px;height:auto\" srcset=\"https:\/\/lavras.tv\/site\/wp-content\/uploads\/2026\/04\/Cafe-970x728.jpeg 970w, https:\/\/lavras.tv\/site\/wp-content\/uploads\/2026\/04\/Cafe-400x300.jpeg 400w, https:\/\/lavras.tv\/site\/wp-content\/uploads\/2026\/04\/Cafe-170x128.jpeg 170w, https:\/\/lavras.tv\/site\/wp-content\/uploads\/2026\/04\/Cafe-1536x1152.jpeg 1536w, https:\/\/lavras.tv\/site\/wp-content\/uploads\/2026\/04\/Cafe.jpeg 1600w\" sizes=\"(max-width: 970px) 100vw, 970px\" \/><figcaption class=\"wp-element-caption\"><sub>Diego Vargas \/ Seapa-MG<\/sub><\/figcaption><\/figure>\n<\/div>\n\n\n<p>As exporta\u00e7\u00f5es do agroneg\u00f3cio de Minas Gerais somaram US$ 3,93 bilh\u00f5es entre janeiro e mar\u00e7o de 2026, representando 38,5% da receita total do estado. O setor segue como o principal da pauta exportadora mineira no per\u00edodo.<\/p>\n\n\n\n<p>De acordo com a Secretaria de Agricultura, Pecu\u00e1ria e Abastecimento (Seapa-MG), o desempenho do trimestre reflete a combina\u00e7\u00e3o entre oferta, pre\u00e7os internacionais e a composi\u00e7\u00e3o dos produtos exportados. Apesar do resultado positivo em valor, o volume exportado apresentou queda de 11,2%, totalizando 2,84 milh\u00f5es de toneladas.<\/p>\n\n\n\n<p>Segundo a assessora t\u00e9cnica da Seapa-MG, Manoela Teixeira, a diferen\u00e7a entre receita e volume ajuda a explicar o cen\u00e1rio. No caso do caf\u00e9, por exemplo, houve redu\u00e7\u00e3o no volume exportado, mas com manuten\u00e7\u00e3o de pre\u00e7os m\u00e9dios elevados. J\u00e1 no setor sucroalcooleiro, o movimento foi inverso, com aumento no volume e queda na receita, indicando redu\u00e7\u00e3o nos pre\u00e7os.<\/p>\n\n\n\n<p>No per\u00edodo, os produtos do agro mineiro foram exportados para 155 pa\u00edses. Os principais destinos foram China (US$ 713,1 milh\u00f5es), Estados Unidos (US$ 387,8 milh\u00f5es), Alemanha (US$ 384,1 milh\u00f5es), It\u00e1lia (US$ 307,8 milh\u00f5es) e Jap\u00e3o (US$ 193,8 milh\u00f5es). Al\u00e9m disso, pa\u00edses do Oriente M\u00e9dio ampliaram sua presen\u00e7a entre os mercados importadores, somando US$ 219,1 milh\u00f5es \u2014 o equivalente a 5,6% do total exportado.<\/p>\n\n\n\n<p>Entre os segmentos, o destaque de crescimento foi o de carnes, que registrou recorde nas exporta\u00e7\u00f5es de carne bovina para o per\u00edodo. O grupo movimentou US$ 419 milh\u00f5es e 117,6 mil toneladas, com alta de 8,7% em valor e 2% em volume em rela\u00e7\u00e3o ao mesmo per\u00edodo de 2025.<\/p>\n\n\n\n<p>Principal produto do estado, o caf\u00e9 alcan\u00e7ou US$ 2,4 bilh\u00f5es em exporta\u00e7\u00f5es, com volume de 5,4 milh\u00f5es de sacas. Apesar de seguir na lideran\u00e7a, o setor apresentou queda de 18,5% na receita e 31,5% no volume em compara\u00e7\u00e3o ao ano anterior.<\/p>\n\n\n\n<p>O complexo soja aparece na segunda posi\u00e7\u00e3o, com US$ 510,4 milh\u00f5es e 1,2 milh\u00e3o de toneladas exportadas, registrando recuos tanto em valor quanto em volume. J\u00e1 o setor de produtos florestais movimentou US$ 240,7 milh\u00f5es, com leve queda na receita, mas aumento no volume exportado.<\/p>\n\n\n\n<p>Al\u00e9m das grandes commodities, Minas Gerais tamb\u00e9m se destacou na exporta\u00e7\u00e3o de produtos como milho para semeadura, mel natural, batatas processadas, leite condensado e doce de leite. Segundo a Seapa-MG, esses itens refor\u00e7am a diversifica\u00e7\u00e3o da pauta exportadora, com presen\u00e7a em nichos de maior valor agregado.<\/p>\n","protected":false},"excerpt":{"rendered":"<p>Setor mant\u00e9m protagonismo na economia do estado, com destaque para o caf\u00e9 e crescimento nas exporta\u00e7\u00f5es de carnes; mercados do Oriente M\u00e9dio ampliam participa\u00e7\u00e3o As exporta\u00e7\u00f5es do agroneg\u00f3cio de Minas Gerais somaram US$ 3,93 bilh\u00f5es entre janeiro e mar\u00e7o de 2026, representando 38,5% da receita total do estado. O setor segue como o principal da [&hellip;]<\/p>\n","protected":false},"author":6,"featured_media":170106,"comment_status":"closed","ping_status":"open","sticky":false,"template":"","format":"standard","meta":{"advgb_blocks_editor_width":"","advgb_blocks_columns_visual_guide":"","_exactmetrics_skip_tracking":false,"_exactmetrics_sitenote_active":false,"_exactmetrics_sitenote_note":"","_exactmetrics_sitenote_category":0,"footnotes":""},"categories":[17,7,5717,1,5722,5760,2],"tags":[],"class_list":["post-170105","post","type-post","status-publish","format-standard","has-post-thumbnail","hentry","category-jornal-cidade","category-destaques","category-economia","category-sem-categoria","category-natureza","category-noticias-jornal-cidade","category-noticias"],"better_featured_image":{"id":170106,"alt_text":"","caption":"Diego Vargas \/ Seapa-MG","description":"","media_type":"image","media_details":{"width":1600,"height":1200,"file":"2026\/04\/Cafe.jpeg","filesize":397257,"sizes":{"medium":{"file":"Cafe-400x300.jpeg","width":400,"height":300,"mime-type":"image\/jpeg","filesize":29489,"source_url":"https:\/\/lavras.tv\/site\/wp-content\/uploads\/2026\/04\/Cafe-400x300.jpeg"},"large":{"file":"Cafe-970x728.jpeg","width":970,"height":728,"mime-type":"image\/jpeg","filesize":109107,"source_url":"https:\/\/lavras.tv\/site\/wp-content\/uploads\/2026\/04\/Cafe-970x728.jpeg"},"thumbnail":{"file":"Cafe-170x128.jpeg","width":170,"height":128,"mime-type":"image\/jpeg","filesize":8595,"source_url":"https:\/\/lavras.tv\/site\/wp-content\/uploads\/2026\/04\/Cafe-170x128.jpeg"},"1536x1536":{"file":"Cafe-1536x1152.jpeg","width":1536,"height":1152,"mime-type":"image\/jpeg","filesize":219741,"source_url":"https:\/\/lavras.tv\/site\/wp-content\/uploads\/2026\/04\/Cafe-1536x1152.jpeg"},"alm-thumbnail":{"file":"Cafe-150x150.jpeg","width":150,"height":150,"mime-type":"image\/jpeg","filesize":8519,"source_url":"https:\/\/lavras.tv\/site\/wp-content\/uploads\/2026\/04\/Cafe-150x150.jpeg"},"sow-carousel-default":{"file":"Cafe-272x182.jpeg","width":272,"height":182,"mime-type":"image\/jpeg","filesize":15222,"source_url":"https:\/\/lavras.tv\/site\/wp-content\/uploads\/2026\/04\/Cafe-272x182.jpeg"}},"image_meta":{"aperture":"0","credit":"","camera":"","caption":"","created_timestamp":"0","copyright":"","focal_length":"0","iso":"0","shutter_speed":"0","title":"","orientation":"0","keywords":[]}},"post":170105,"source_url":"https:\/\/lavras.tv\/site\/wp-content\/uploads\/2026\/04\/Cafe.jpeg"},"author_meta":{"display_name":"Dani","author_link":"https:\/\/lavras.tv\/site\/author\/dani\/"},"featured_img":"https:\/\/lavras.tv\/site\/wp-content\/uploads\/2026\/04\/Cafe-400x300.jpeg","coauthors":[],"tax_additional":{"categories":{"linked":["<a href=\"https:\/\/lavras.tv\/site\/category\/sem-categoria\/jornal-cidade\/\" class=\"advgb-post-tax-term\">DESTAQUE PRINCIPAL<\/a>","<a href=\"https:\/\/lavras.tv\/site\/category\/destaques\/\" class=\"advgb-post-tax-term\">Destaques<\/a>","<a href=\"https:\/\/lavras.tv\/site\/category\/economia\/\" class=\"advgb-post-tax-term\">Economia<\/a>","<a href=\"https:\/\/lavras.tv\/site\/category\/sem-categoria\/\" class=\"advgb-post-tax-term\">JORNAL DA CIDADE<\/a>","<a href=\"https:\/\/lavras.tv\/site\/category\/natureza\/\" class=\"advgb-post-tax-term\">Natureza<\/a>","<a href=\"https:\/\/lavras.tv\/site\/category\/sem-categoria\/jornal-cidade\/noticias-jornal-cidade\/\" class=\"advgb-post-tax-term\">NOT\u00cdCIAS<\/a>","<a href=\"https:\/\/lavras.tv\/site\/category\/noticias\/\" class=\"advgb-post-tax-term\">Not\u00edcias<\/a>"],"unlinked":["<span class=\"advgb-post-tax-term\">DESTAQUE PRINCIPAL<\/span>","<span class=\"advgb-post-tax-term\">Destaques<\/span>","<span class=\"advgb-post-tax-term\">Economia<\/span>","<span class=\"advgb-post-tax-term\">JORNAL DA CIDADE<\/span>","<span class=\"advgb-post-tax-term\">Natureza<\/span>","<span class=\"advgb-post-tax-term\">NOT\u00cdCIAS<\/span>","<span class=\"advgb-post-tax-term\">Not\u00edcias<\/span>"]}},"comment_count":"0","relative_dates":{"created":"Publicado 3 dias atr\u00e1s","modified":"Atualizado 3 dias atr\u00e1s"},"absolute_dates":{"created":"Publicado em 28 de abril de 2026","modified":"Atualizado em 28 de abril de 2026"},"absolute_dates_time":{"created":"Publicado em 28 de abril de 2026 11:17","modified":"Atualizado em 28 de abril de 2026 11:17"},"featured_img_caption":"Diego Vargas \/ Seapa-MG","series_order":"","_links":{"self":[{"href":"https:\/\/lavras.tv\/site\/wp-json\/wp\/v2\/posts\/170105","targetHints":{"allow":["GET"]}}],"collection":[{"href":"https:\/\/lavras.tv\/site\/wp-json\/wp\/v2\/posts"}],"about":[{"href":"https:\/\/lavras.tv\/site\/wp-json\/wp\/v2\/types\/post"}],"author":[{"embeddable":true,"href":"https:\/\/lavras.tv\/site\/wp-json\/wp\/v2\/users\/6"}],"replies":[{"embeddable":true,"href":"https:\/\/lavras.tv\/site\/wp-json\/wp\/v2\/comments?post=170105"}],"version-history":[{"count":1,"href":"https:\/\/lavras.tv\/site\/wp-json\/wp\/v2\/posts\/170105\/revisions"}],"predecessor-version":[{"id":170107,"href":"https:\/\/lavras.tv\/site\/wp-json\/wp\/v2\/posts\/170105\/revisions\/170107"}],"wp:featuredmedia":[{"embeddable":true,"href":"https:\/\/lavras.tv\/site\/wp-json\/wp\/v2\/media\/170106"}],"wp:attachment":[{"href":"https:\/\/lavras.tv\/site\/wp-json\/wp\/v2\/media?parent=170105"}],"wp:term":[{"taxonomy":"category","embeddable":true,"href":"https:\/\/lavras.tv\/site\/wp-json\/wp\/v2\/categories?post=170105"},{"taxonomy":"post_tag","embeddable":true,"href":"https:\/\/lavras.tv\/site\/wp-json\/wp\/v2\/tags?post=170105"}],"curies":[{"name":"wp","href":"https:\/\/api.w.org\/{rel}","templated":true}]}}