{"id":170109,"date":"2026-04-28T11:20:18","date_gmt":"2026-04-28T14:20:18","guid":{"rendered":"https:\/\/lavras.tv\/site\/?p=170109"},"modified":"2026-04-28T11:20:18","modified_gmt":"2026-04-28T14:20:18","slug":"inscricoes-abertas-para-encontro-integrado-de-farmacia-e-biomedicina-no-unilavras","status":"publish","type":"post","link":"https:\/\/lavras.tv\/site\/2026\/04\/28\/inscricoes-abertas-para-encontro-integrado-de-farmacia-e-biomedicina-no-unilavras\/","title":{"rendered":"Inscri\u00e7\u00f5es abertas para Encontro Integrado de Farm\u00e1cia e Biomedicina no Unilavras"},"content":{"rendered":"<div class=\"lavra-antes-do-conteudo_2\" id=\"lavra-3744745127\"><div id=\"lavra-slider-27\" class=\"custom-slider lavra-slider-3831183024 lavra-slider\"><ul><li><div style=\"margin-left: auto;margin-right: auto;text-align: center;\" id=\"lavra-3023845497\"><a href=\"https:\/\/sistemas.lavras.mg.gov.br\/portalcidadao\/#df1b1a7c7b2a290bcb31e32771e610784662739a88807c0dacac58ede5f391a7530e299dc302d611ee73cb143fc22eaf93592e53e7b5bdb01b00a0b8d28dae460c141dd2ff83412e4dc1c31b16b25f33144a9e5620ea73b13f5bc1c59411d98439ad226e8af03840603796067d87afe130812cf3de24982d0e306f9e61e764e5\" aria-label=\"Lavras-TV&#8211;720x104px (1) (1)\"><img src=\"https:\/\/lavras.tv\/site\/wp-content\/uploads\/2025\/01\/Lavras-TV-720x104px-1-1.png\" alt=\"\"  srcset=\"https:\/\/lavras.tv\/site\/wp-content\/uploads\/2025\/01\/Lavras-TV-720x104px-1-1.png 720w, https:\/\/lavras.tv\/site\/wp-content\/uploads\/2025\/01\/Lavras-TV-720x104px-1-1-470x68.png 470w, https:\/\/lavras.tv\/site\/wp-content\/uploads\/2025\/01\/Lavras-TV-720x104px-1-1-170x25.png 170w, https:\/\/lavras.tv\/site\/wp-content\/uploads\/2025\/01\/Lavras-TV-720x104px-1-1-200x29.png 200w\" sizes=\"(max-width: 720px) 100vw, 720px\" width=\"720\" height=\"104\"  style=\"display: inline-block;\" \/><\/a><\/div><\/li><li><a href=\"https:\/\/sistemas.lavras.mg.gov.br\/portalcidadao\/#df1b1a7c7b2a290bcb31e32771e610784662739a88807c0dacac58ede5f391a7530e299dc302d611ee73cb143fc22eaf93592e53e7b5bdb01b00a0b8d28dae460c141dd2ff83412e4dc1c31b16b25f33144a9e5620ea73b13f5bc1c59411d98439ad226e8af03840603796067d87afe130812cf3de24982d0e306f9e61e764e5\" aria-label=\"Banner_Emprego_PortallavrasTV\"><img src=\"https:\/\/lavras.tv\/site\/wp-content\/uploads\/2025\/03\/Banner_Emprego_PortallavrasTV.png\" alt=\"\"  srcset=\"https:\/\/lavras.tv\/site\/wp-content\/uploads\/2025\/03\/Banner_Emprego_PortallavrasTV.png 720w, https:\/\/lavras.tv\/site\/wp-content\/uploads\/2025\/03\/Banner_Emprego_PortallavrasTV-470x68.png 470w, https:\/\/lavras.tv\/site\/wp-content\/uploads\/2025\/03\/Banner_Emprego_PortallavrasTV-170x25.png 170w, https:\/\/lavras.tv\/site\/wp-content\/uploads\/2025\/03\/Banner_Emprego_PortallavrasTV-200x29.png 200w\" sizes=\"(max-width: 720px) 100vw, 720px\" width=\"720\" height=\"104\"   \/><\/a><\/li><li><a href=\"https:\/\/sistemas.lavras.mg.gov.br\/portalcidadao\/#df1b1a7c7b2a290bcb31e32771e610784662739a88807c0dacac58ede5f391a7530e299dc302d611ee73cb143fc22eaf93592e53e7b5bdb01b00a0b8d28dae460c141dd2ff83412e4dc1c31b16b25f33144a9e5620ea73b13f5bc1c59411d98439ad226e8af03840603796067d87afe130812cf3de24982d0e306f9e61e764e5\" aria-label=\"Banner_Obras_PortallavrasTV\"><img src=\"https:\/\/lavras.tv\/site\/wp-content\/uploads\/2025\/03\/Banner_Obras_PortallavrasTV.png\" alt=\"\"  srcset=\"https:\/\/lavras.tv\/site\/wp-content\/uploads\/2025\/03\/Banner_Obras_PortallavrasTV.png 720w, https:\/\/lavras.tv\/site\/wp-content\/uploads\/2025\/03\/Banner_Obras_PortallavrasTV-470x68.png 470w, https:\/\/lavras.tv\/site\/wp-content\/uploads\/2025\/03\/Banner_Obras_PortallavrasTV-170x25.png 170w, https:\/\/lavras.tv\/site\/wp-content\/uploads\/2025\/03\/Banner_Obras_PortallavrasTV-200x29.png 200w\" sizes=\"(max-width: 720px) 100vw, 720px\" width=\"720\" height=\"104\"   \/><\/a><\/li><li><div style=\"margin-left: auto;margin-right: auto;text-align: center;\" id=\"lavra-2323905280\"><a href=\"https:\/\/sistemas.lavras.mg.gov.br\/portalcidadao\/#df1b1a7c7b2a290bcb31e32771e610784662739a88807c0dacac58ede5f391a7530e299dc302d611ee73cb143fc22eaf93592e53e7b5bdb01b00a0b8d28dae460c141dd2ff83412e4dc1c31b16b25f33144a9e5620ea73b13f5bc1c59411d98439ad226e8af03840603796067d87afe130812cf3de24982d0e306f9e61e764e5\" aria-label=\"Banner_Educa\u00e7\u00e3o_PortallavrasTV\"><img src=\"https:\/\/lavras.tv\/site\/wp-content\/uploads\/2025\/01\/Banner_Educacao_PortallavrasTV.png\" alt=\"\"  srcset=\"https:\/\/lavras.tv\/site\/wp-content\/uploads\/2025\/01\/Banner_Educacao_PortallavrasTV.png 720w, https:\/\/lavras.tv\/site\/wp-content\/uploads\/2025\/01\/Banner_Educacao_PortallavrasTV-470x68.png 470w, https:\/\/lavras.tv\/site\/wp-content\/uploads\/2025\/01\/Banner_Educacao_PortallavrasTV-170x25.png 170w, https:\/\/lavras.tv\/site\/wp-content\/uploads\/2025\/01\/Banner_Educacao_PortallavrasTV-200x29.png 200w\" sizes=\"(max-width: 720px) 100vw, 720px\" width=\"720\" height=\"104\"  style=\"display: inline-block;\" \/><\/a><\/div><\/li><li><a href=\"https:\/\/sistemas.lavras.mg.gov.br\/portalcidadao\/#df1b1a7c7b2a290bcb31e32771e610784662739a88807c0dacac58ede5f391a7530e299dc302d611ee73cb143fc22eaf93592e53e7b5bdb01b00a0b8d28dae460c141dd2ff83412e4dc1c31b16b25f33144a9e5620ea73b13f5bc1c59411d98439ad226e8af03840603796067d87afe130812cf3de24982d0e306f9e61e764e5\" aria-label=\"Banner_Sa\u00fade_PortallavrasTV\"><img src=\"https:\/\/lavras.tv\/site\/wp-content\/uploads\/2025\/03\/Banner_Saude_PortallavrasTV.png\" alt=\"\"  srcset=\"https:\/\/lavras.tv\/site\/wp-content\/uploads\/2025\/03\/Banner_Saude_PortallavrasTV.png 720w, https:\/\/lavras.tv\/site\/wp-content\/uploads\/2025\/03\/Banner_Saude_PortallavrasTV-470x68.png 470w, https:\/\/lavras.tv\/site\/wp-content\/uploads\/2025\/03\/Banner_Saude_PortallavrasTV-170x25.png 170w, https:\/\/lavras.tv\/site\/wp-content\/uploads\/2025\/03\/Banner_Saude_PortallavrasTV-200x29.png 200w\" sizes=\"(max-width: 720px) 100vw, 720px\" width=\"720\" height=\"104\"   \/><\/a><\/li><li><div id=\"lavra-1028635926\" style=\"width:720px;height:104px;background-color:#ddd;overflow:scroll;\">\n\t<strong>Sa\u00edda da depura\u00e7\u00e3o de an\u00fancios<\/strong>\n\t<br><br>\n\tO an\u00fancio n\u00e3o \u00e9 exibido na p\u00e1gina<br><br>post atual: Inscri\u00e7\u00f5es abertas para Encontro Integrado de Farm\u00e1cia e Biomedicina no Unilavras, ID: 170109<br><br><span style=\"color: red;\">O post atual n\u00e3o \u00e9 id\u00eantico ao post principal.<\/span><br><br>An\u00fancios: ROXO - TOPO INTERNA - ROTATIVO 2 (197)<br \/>Grupo de an\u00fancios: Princ_Meio01_720x104 (27)<br><br>Condi\u00e7\u00f5es de exibi\u00e7\u00e3o<div style=\"margin-bottom: 20px; white-space: pre-wrap; font-family: monospace; width: 100%; background: #ffe9e9;\"><strong>condi\u00e7\u00f5es gerais<\/strong><table border=\"1\"><thead><tr><th><\/th><th>An\u00fancios<\/th><th>wp_the_query<\/th><\/tr><\/thead><tr><td>is_main_query<\/td><td>1<\/td><td>1<\/td><\/tr><tr><td>is_rest_api<\/td><td>0<\/td><td>1<\/td><\/tr><tr><td>page<\/td><td>0<\/td><td>1<\/td><\/tr><tr><td>numpages<\/td><td>0<\/td><td>1<\/td><\/tr><tr><td>is_archive<\/td><td>1<\/td><td><\/td><\/tr><tr><td>is_search<\/td><td>1<\/td><td><\/td><\/tr><tr><td>is_home<\/td><td>1<\/td><td><\/td><\/tr><tr><td>is_404<\/td><td>1<\/td><td><\/td><\/tr><tr><td>is_attachment<\/td><td>1<\/td><td><\/td><\/tr><tr><td>is_singular<\/td><td>1<\/td><td><\/td><\/tr><tr><td>is_front_page<\/td><td>1<\/td><td><\/td><\/tr><tr><td>is_feed<\/td><td>1<\/td><td><\/td><\/tr><\/table><\/div><br><br><span style=\"color: red;\">Seu site usa HTTPS, mas o c\u00f3digo do an\u00fancio cont\u00e9m HTTP e pode n\u00e3o funcionar.<\/span>\t<br><br>\n\t<a style=\"color: green;\" href=\"https:\/\/wpadvancedads.com\/manual\/ad-debug-mode\/?utm_source=advanced-ads&utm_medium=link&utm_campaign=ad-debug-mode\" target=\"_blank\" rel=\"nofollow\">Encontre solu\u00e7\u00f5es no manual<\/a>\n<\/div>\n<\/li><\/ul><\/div><script>( window.advanced_ads_ready || jQuery( document ).ready ).call( null, function() {var $lavraslider3831183024 = jQuery( \".lavra-slider-3831183024\" );$lavraslider3831183024.on( \"unslider.ready\", function() { jQuery( \"div.custom-slider ul li\" ).css( \"display\", \"block\" ); });$lavraslider3831183024.unslider({ delay:4000, autoplay:true, nav:false, arrows:false, infinite:true });$lavraslider3831183024.on(\"mouseover\", function() {$lavraslider3831183024.unslider(\"stop\");}).on(\"mouseout\", function() {$lavraslider3831183024.unslider(\"start\");});});<\/script><\/div>\n<p>Evento gratuito ser\u00e1 realizado no dia 29 de abril, com palestras sobre harmoniza\u00e7\u00e3o facial e atua\u00e7\u00e3o na per\u00edcia criminal<\/p>\n\n\n<div class=\"wp-block-image\">\n<figure class=\"aligncenter size-large is-resized\"><img fetchpriority=\"high\" decoding=\"async\" width=\"768\" height=\"1024\" src=\"http:\/\/lavras.tv\/site\/wp-content\/uploads\/2026\/04\/Encontro-integrado-768x1024.png\" alt=\"\" class=\"wp-image-170110\" style=\"width:470px;height:auto\" srcset=\"https:\/\/lavras.tv\/site\/wp-content\/uploads\/2026\/04\/Encontro-integrado-768x1024.png 768w, https:\/\/lavras.tv\/site\/wp-content\/uploads\/2026\/04\/Encontro-integrado-225x300.png 225w, https:\/\/lavras.tv\/site\/wp-content\/uploads\/2026\/04\/Encontro-integrado-113x150.png 113w, https:\/\/lavras.tv\/site\/wp-content\/uploads\/2026\/04\/Encontro-integrado.png 1080w\" sizes=\"(max-width: 768px) 100vw, 768px\" \/><\/figure>\n<\/div>\n\n\n<p>O Centro Universit\u00e1rio de Lavras (Unilavras) promove, nesta quarta-feira (29\/04), o Encontro Integrado de Profiss\u00f5es: Farm\u00e1cia e Biomedicina. O evento \u00e9 gratuito, aberto \u00e0 comunidade e acontece a partir das 19h, no audit\u00f3rio da institui\u00e7\u00e3o.<\/p>\n\n\n\n<p>A proposta \u00e9 reunir estudantes, profissionais e interessados nas \u00e1reas da sa\u00fade para discutir possibilidades de atua\u00e7\u00e3o e tend\u00eancias do mercado. A programa\u00e7\u00e3o come\u00e7a com a palestra do biom\u00e9dico Dr. Mateus Engel Ayer Botrel, especialista em harmoniza\u00e7\u00e3o facial e \u00edntima.<\/p>\n\n\n\n<p>Com o tema \u201cHarmoniza\u00e7\u00e3o Facial: o que \u00e9? E por que fazer?\u201d, o palestrante vai abordar as aplica\u00e7\u00f5es est\u00e9ticas e cl\u00ednicas da \u00e1rea, destacando o papel da Biomedicina em um segmento que tem apresentado crescimento nos \u00faltimos anos.<\/p>\n\n\n\n<p>O encerramento est\u00e1 previsto para as 21h, com a participa\u00e7\u00e3o de Isabela Carla da Silva Ferreira, perita criminal da Pol\u00edcia Civil de Minas Gerais. Na palestra \u201cDo Laborat\u00f3rio \u00e0 Cena do Crime: onde Farm\u00e1cia e Biomedicina entram na Per\u00edcia Criminal\u201d, ela vai explicar como essas profiss\u00f5es contribuem diretamente para investiga\u00e7\u00f5es e an\u00e1lises forenses.<\/p>\n\n\n\n<p>Vale lembrar que as inscri\u00e7\u00f5es podem ser feitas pelo site: eventos.unilavras.edu.br<\/p>\n","protected":false},"excerpt":{"rendered":"<p>Evento gratuito ser\u00e1 realizado no dia 29 de abril, com palestras sobre harmoniza\u00e7\u00e3o facial e atua\u00e7\u00e3o na per\u00edcia criminal O Centro Universit\u00e1rio de Lavras (Unilavras) promove, nesta quarta-feira (29\/04), o Encontro Integrado de Profiss\u00f5es: Farm\u00e1cia e Biomedicina. O evento \u00e9 gratuito, aberto \u00e0 comunidade e acontece a partir das 19h, no audit\u00f3rio da institui\u00e7\u00e3o. A [&hellip;]<\/p>\n","protected":false},"author":6,"featured_media":170110,"comment_status":"closed","ping_status":"open","sticky":false,"template":"","format":"standard","meta":{"advgb_blocks_editor_width":"","advgb_blocks_columns_visual_guide":"","_exactmetrics_skip_tracking":false,"_exactmetrics_sitenote_active":false,"_exactmetrics_sitenote_note":"","_exactmetrics_sitenote_category":0,"footnotes":""},"categories":[17,5719,1,5760,2,5749],"tags":[],"class_list":["post-170109","post","type-post","status-publish","format-standard","has-post-thumbnail","hentry","category-jornal-cidade","category-educacao","category-sem-categoria","category-noticias-jornal-cidade","category-noticias","category-saude"],"better_featured_image":{"id":170110,"alt_text":"","caption":"","description":"","media_type":"image","media_details":{"width":1080,"height":1440,"file":"2026\/04\/Encontro-integrado.png","filesize":1221784,"sizes":{"medium":{"file":"Encontro-integrado-225x300.png","width":225,"height":300,"mime-type":"image\/png","filesize":84747,"source_url":"https:\/\/lavras.tv\/site\/wp-content\/uploads\/2026\/04\/Encontro-integrado-225x300.png"},"large":{"file":"Encontro-integrado-768x1024.png","width":768,"height":1024,"mime-type":"image\/png","filesize":687309,"source_url":"https:\/\/lavras.tv\/site\/wp-content\/uploads\/2026\/04\/Encontro-integrado-768x1024.png"},"thumbnail":{"file":"Encontro-integrado-113x150.png","width":113,"height":150,"mime-type":"image\/png","filesize":26011,"source_url":"https:\/\/lavras.tv\/site\/wp-content\/uploads\/2026\/04\/Encontro-integrado-113x150.png"},"alm-thumbnail":{"file":"Encontro-integrado-150x150.png","width":150,"height":150,"mime-type":"image\/png","filesize":37746,"source_url":"https:\/\/lavras.tv\/site\/wp-content\/uploads\/2026\/04\/Encontro-integrado-150x150.png"},"sow-carousel-default":{"file":"Encontro-integrado-272x182.png","width":272,"height":182,"mime-type":"image\/png","filesize":69733,"source_url":"https:\/\/lavras.tv\/site\/wp-content\/uploads\/2026\/04\/Encontro-integrado-272x182.png"}},"image_meta":{"aperture":"0","credit":"","camera":"","caption":"","created_timestamp":"0","copyright":"","focal_length":"0","iso":"0","shutter_speed":"0","title":"","orientation":"0","keywords":[]}},"post":170109,"source_url":"https:\/\/lavras.tv\/site\/wp-content\/uploads\/2026\/04\/Encontro-integrado.png"},"author_meta":{"display_name":"Dani","author_link":"https:\/\/lavras.tv\/site\/author\/dani\/"},"featured_img":"https:\/\/lavras.tv\/site\/wp-content\/uploads\/2026\/04\/Encontro-integrado-225x300.png","coauthors":[],"tax_additional":{"categories":{"linked":["<a href=\"https:\/\/lavras.tv\/site\/category\/sem-categoria\/jornal-cidade\/\" class=\"advgb-post-tax-term\">DESTAQUE PRINCIPAL<\/a>","<a href=\"https:\/\/lavras.tv\/site\/category\/educacao\/\" class=\"advgb-post-tax-term\">Educa\u00e7\u00e3o<\/a>","<a href=\"https:\/\/lavras.tv\/site\/category\/sem-categoria\/\" class=\"advgb-post-tax-term\">JORNAL DA CIDADE<\/a>","<a href=\"https:\/\/lavras.tv\/site\/category\/sem-categoria\/jornal-cidade\/noticias-jornal-cidade\/\" class=\"advgb-post-tax-term\">NOT\u00cdCIAS<\/a>","<a href=\"https:\/\/lavras.tv\/site\/category\/noticias\/\" class=\"advgb-post-tax-term\">Not\u00edcias<\/a>","<a href=\"https:\/\/lavras.tv\/site\/category\/saude\/\" class=\"advgb-post-tax-term\">Sa\u00fade<\/a>"],"unlinked":["<span class=\"advgb-post-tax-term\">DESTAQUE PRINCIPAL<\/span>","<span class=\"advgb-post-tax-term\">Educa\u00e7\u00e3o<\/span>","<span class=\"advgb-post-tax-term\">JORNAL DA CIDADE<\/span>","<span class=\"advgb-post-tax-term\">NOT\u00cdCIAS<\/span>","<span class=\"advgb-post-tax-term\">Not\u00edcias<\/span>","<span class=\"advgb-post-tax-term\">Sa\u00fade<\/span>"]}},"comment_count":"0","relative_dates":{"created":"Publicado 3 dias atr\u00e1s","modified":"Atualizado 3 dias atr\u00e1s"},"absolute_dates":{"created":"Publicado em 28 de abril de 2026","modified":"Atualizado em 28 de abril de 2026"},"absolute_dates_time":{"created":"Publicado em 28 de abril de 2026 11:20","modified":"Atualizado em 28 de abril de 2026 11:20"},"featured_img_caption":"","series_order":"","_links":{"self":[{"href":"https:\/\/lavras.tv\/site\/wp-json\/wp\/v2\/posts\/170109","targetHints":{"allow":["GET"]}}],"collection":[{"href":"https:\/\/lavras.tv\/site\/wp-json\/wp\/v2\/posts"}],"about":[{"href":"https:\/\/lavras.tv\/site\/wp-json\/wp\/v2\/types\/post"}],"author":[{"embeddable":true,"href":"https:\/\/lavras.tv\/site\/wp-json\/wp\/v2\/users\/6"}],"replies":[{"embeddable":true,"href":"https:\/\/lavras.tv\/site\/wp-json\/wp\/v2\/comments?post=170109"}],"version-history":[{"count":1,"href":"https:\/\/lavras.tv\/site\/wp-json\/wp\/v2\/posts\/170109\/revisions"}],"predecessor-version":[{"id":170111,"href":"https:\/\/lavras.tv\/site\/wp-json\/wp\/v2\/posts\/170109\/revisions\/170111"}],"wp:featuredmedia":[{"embeddable":true,"href":"https:\/\/lavras.tv\/site\/wp-json\/wp\/v2\/media\/170110"}],"wp:attachment":[{"href":"https:\/\/lavras.tv\/site\/wp-json\/wp\/v2\/media?parent=170109"}],"wp:term":[{"taxonomy":"category","embeddable":true,"href":"https:\/\/lavras.tv\/site\/wp-json\/wp\/v2\/categories?post=170109"},{"taxonomy":"post_tag","embeddable":true,"href":"https:\/\/lavras.tv\/site\/wp-json\/wp\/v2\/tags?post=170109"}],"curies":[{"name":"wp","href":"https:\/\/api.w.org\/{rel}","templated":true}]}}