{"id":17097,"date":"2018-07-18T09:17:34","date_gmt":"2018-07-18T12:17:34","guid":{"rendered":"http:\/\/lavras.tv\/site\/?p=17097"},"modified":"2018-07-18T09:17:34","modified_gmt":"2018-07-18T12:17:34","slug":"pec-que-fixa-salario-minimo-para-educador-em-mg-sera-votada-em-2o-turno-semana-que-vem","status":"publish","type":"post","link":"https:\/\/lavras.tv\/site\/2018\/07\/18\/pec-que-fixa-salario-minimo-para-educador-em-mg-sera-votada-em-2o-turno-semana-que-vem\/","title":{"rendered":"PEC que fixa sal\u00e1rio m\u00ednimo para educador em MG ser\u00e1 votada em 2\u00ba turno semana que vem"},"content":{"rendered":"<div class=\"lavra-antes-do-conteudo_2\" id=\"lavra-720192711\"><div id=\"lavra-slider-27\" class=\"custom-slider lavra-slider-1999657706 lavra-slider\"><ul><li><div style=\"margin-left: auto;margin-right: auto;text-align: center;\" id=\"lavra-1896995652\"><a href=\"https:\/\/sistemas.lavras.mg.gov.br\/portalcidadao\/#df1b1a7c7b2a290bcb31e32771e610784662739a88807c0dacac58ede5f391a7530e299dc302d611ee73cb143fc22eaf93592e53e7b5bdb01b00a0b8d28dae460c141dd2ff83412e4dc1c31b16b25f33144a9e5620ea73b13f5bc1c59411d98439ad226e8af03840603796067d87afe130812cf3de24982d0e306f9e61e764e5\" aria-label=\"Lavras-TV&#8211;720x104px (1) (1)\"><img src=\"https:\/\/lavras.tv\/site\/wp-content\/uploads\/2025\/01\/Lavras-TV-720x104px-1-1.png\" alt=\"\"  srcset=\"https:\/\/lavras.tv\/site\/wp-content\/uploads\/2025\/01\/Lavras-TV-720x104px-1-1.png 720w, https:\/\/lavras.tv\/site\/wp-content\/uploads\/2025\/01\/Lavras-TV-720x104px-1-1-470x68.png 470w, https:\/\/lavras.tv\/site\/wp-content\/uploads\/2025\/01\/Lavras-TV-720x104px-1-1-170x25.png 170w, https:\/\/lavras.tv\/site\/wp-content\/uploads\/2025\/01\/Lavras-TV-720x104px-1-1-200x29.png 200w\" sizes=\"(max-width: 720px) 100vw, 720px\" width=\"720\" height=\"104\"  style=\"display: inline-block;\" \/><\/a><\/div><\/li><li><a href=\"https:\/\/sistemas.lavras.mg.gov.br\/portalcidadao\/#df1b1a7c7b2a290bcb31e32771e610784662739a88807c0dacac58ede5f391a7530e299dc302d611ee73cb143fc22eaf93592e53e7b5bdb01b00a0b8d28dae460c141dd2ff83412e4dc1c31b16b25f33144a9e5620ea73b13f5bc1c59411d98439ad226e8af03840603796067d87afe130812cf3de24982d0e306f9e61e764e5\" aria-label=\"Banner_Emprego_PortallavrasTV\"><img src=\"https:\/\/lavras.tv\/site\/wp-content\/uploads\/2025\/03\/Banner_Emprego_PortallavrasTV.png\" alt=\"\"  srcset=\"https:\/\/lavras.tv\/site\/wp-content\/uploads\/2025\/03\/Banner_Emprego_PortallavrasTV.png 720w, https:\/\/lavras.tv\/site\/wp-content\/uploads\/2025\/03\/Banner_Emprego_PortallavrasTV-470x68.png 470w, https:\/\/lavras.tv\/site\/wp-content\/uploads\/2025\/03\/Banner_Emprego_PortallavrasTV-170x25.png 170w, https:\/\/lavras.tv\/site\/wp-content\/uploads\/2025\/03\/Banner_Emprego_PortallavrasTV-200x29.png 200w\" sizes=\"(max-width: 720px) 100vw, 720px\" width=\"720\" height=\"104\"   \/><\/a><\/li><li><a href=\"https:\/\/sistemas.lavras.mg.gov.br\/portalcidadao\/#df1b1a7c7b2a290bcb31e32771e610784662739a88807c0dacac58ede5f391a7530e299dc302d611ee73cb143fc22eaf93592e53e7b5bdb01b00a0b8d28dae460c141dd2ff83412e4dc1c31b16b25f33144a9e5620ea73b13f5bc1c59411d98439ad226e8af03840603796067d87afe130812cf3de24982d0e306f9e61e764e5\" aria-label=\"Banner_Obras_PortallavrasTV\"><img src=\"https:\/\/lavras.tv\/site\/wp-content\/uploads\/2025\/03\/Banner_Obras_PortallavrasTV.png\" alt=\"\"  srcset=\"https:\/\/lavras.tv\/site\/wp-content\/uploads\/2025\/03\/Banner_Obras_PortallavrasTV.png 720w, https:\/\/lavras.tv\/site\/wp-content\/uploads\/2025\/03\/Banner_Obras_PortallavrasTV-470x68.png 470w, https:\/\/lavras.tv\/site\/wp-content\/uploads\/2025\/03\/Banner_Obras_PortallavrasTV-170x25.png 170w, https:\/\/lavras.tv\/site\/wp-content\/uploads\/2025\/03\/Banner_Obras_PortallavrasTV-200x29.png 200w\" sizes=\"(max-width: 720px) 100vw, 720px\" width=\"720\" height=\"104\"   \/><\/a><\/li><li><div style=\"margin-left: auto;margin-right: auto;text-align: center;\" id=\"lavra-3107853990\"><a href=\"https:\/\/sistemas.lavras.mg.gov.br\/portalcidadao\/#df1b1a7c7b2a290bcb31e32771e610784662739a88807c0dacac58ede5f391a7530e299dc302d611ee73cb143fc22eaf93592e53e7b5bdb01b00a0b8d28dae460c141dd2ff83412e4dc1c31b16b25f33144a9e5620ea73b13f5bc1c59411d98439ad226e8af03840603796067d87afe130812cf3de24982d0e306f9e61e764e5\" aria-label=\"Banner_Educa\u00e7\u00e3o_PortallavrasTV\"><img src=\"https:\/\/lavras.tv\/site\/wp-content\/uploads\/2025\/01\/Banner_Educacao_PortallavrasTV.png\" alt=\"\"  srcset=\"https:\/\/lavras.tv\/site\/wp-content\/uploads\/2025\/01\/Banner_Educacao_PortallavrasTV.png 720w, https:\/\/lavras.tv\/site\/wp-content\/uploads\/2025\/01\/Banner_Educacao_PortallavrasTV-470x68.png 470w, https:\/\/lavras.tv\/site\/wp-content\/uploads\/2025\/01\/Banner_Educacao_PortallavrasTV-170x25.png 170w, https:\/\/lavras.tv\/site\/wp-content\/uploads\/2025\/01\/Banner_Educacao_PortallavrasTV-200x29.png 200w\" sizes=\"(max-width: 720px) 100vw, 720px\" width=\"720\" height=\"104\"  style=\"display: inline-block;\" \/><\/a><\/div><\/li><li><a href=\"https:\/\/sistemas.lavras.mg.gov.br\/portalcidadao\/#df1b1a7c7b2a290bcb31e32771e610784662739a88807c0dacac58ede5f391a7530e299dc302d611ee73cb143fc22eaf93592e53e7b5bdb01b00a0b8d28dae460c141dd2ff83412e4dc1c31b16b25f33144a9e5620ea73b13f5bc1c59411d98439ad226e8af03840603796067d87afe130812cf3de24982d0e306f9e61e764e5\" aria-label=\"Banner_Sa\u00fade_PortallavrasTV\"><img src=\"https:\/\/lavras.tv\/site\/wp-content\/uploads\/2025\/03\/Banner_Saude_PortallavrasTV.png\" alt=\"\"  srcset=\"https:\/\/lavras.tv\/site\/wp-content\/uploads\/2025\/03\/Banner_Saude_PortallavrasTV.png 720w, https:\/\/lavras.tv\/site\/wp-content\/uploads\/2025\/03\/Banner_Saude_PortallavrasTV-470x68.png 470w, https:\/\/lavras.tv\/site\/wp-content\/uploads\/2025\/03\/Banner_Saude_PortallavrasTV-170x25.png 170w, https:\/\/lavras.tv\/site\/wp-content\/uploads\/2025\/03\/Banner_Saude_PortallavrasTV-200x29.png 200w\" sizes=\"(max-width: 720px) 100vw, 720px\" width=\"720\" height=\"104\"   \/><\/a><\/li><li><div id=\"lavra-2742772358\" style=\"width:720px;height:104px;background-color:#ddd;overflow:scroll;\">\n\t<strong>Sa\u00edda da depura\u00e7\u00e3o de an\u00fancios<\/strong>\n\t<br><br>\n\tO an\u00fancio n\u00e3o \u00e9 exibido na p\u00e1gina<br><br>post atual: PEC que fixa sal\u00e1rio m\u00ednimo para educador em MG ser\u00e1 votada em 2\u00ba turno semana que vem, ID: 17097<br><br><span style=\"color: red;\">O post atual n\u00e3o \u00e9 id\u00eantico ao post principal.<\/span><br><br>An\u00fancios: ROXO - TOPO INTERNA - ROTATIVO 2 (197)<br \/>Grupo de an\u00fancios: Princ_Meio01_720x104 (27)<br><br>Condi\u00e7\u00f5es de exibi\u00e7\u00e3o<div style=\"margin-bottom: 20px; white-space: pre-wrap; font-family: monospace; width: 100%; background: #ffe9e9;\"><strong>condi\u00e7\u00f5es gerais<\/strong><table border=\"1\"><thead><tr><th><\/th><th>An\u00fancios<\/th><th>wp_the_query<\/th><\/tr><\/thead><tr><td>is_main_query<\/td><td>1<\/td><td>1<\/td><\/tr><tr><td>is_rest_api<\/td><td>0<\/td><td>1<\/td><\/tr><tr><td>page<\/td><td>0<\/td><td>1<\/td><\/tr><tr><td>numpages<\/td><td>0<\/td><td>1<\/td><\/tr><tr><td>is_archive<\/td><td>1<\/td><td><\/td><\/tr><tr><td>is_search<\/td><td>1<\/td><td><\/td><\/tr><tr><td>is_home<\/td><td>1<\/td><td><\/td><\/tr><tr><td>is_404<\/td><td>1<\/td><td><\/td><\/tr><tr><td>is_attachment<\/td><td>1<\/td><td><\/td><\/tr><tr><td>is_singular<\/td><td>1<\/td><td><\/td><\/tr><tr><td>is_front_page<\/td><td>1<\/td><td><\/td><\/tr><tr><td>is_feed<\/td><td>1<\/td><td><\/td><\/tr><\/table><\/div><br><br><span style=\"color: red;\">Seu site usa HTTPS, mas o c\u00f3digo do an\u00fancio cont\u00e9m HTTP e pode n\u00e3o funcionar.<\/span>\t<br><br>\n\t<a style=\"color: green;\" href=\"https:\/\/wpadvancedads.com\/manual\/ad-debug-mode\/?utm_source=advanced-ads&utm_medium=link&utm_campaign=ad-debug-mode\" target=\"_blank\" rel=\"nofollow\">Encontre solu\u00e7\u00f5es no manual<\/a>\n<\/div>\n<\/li><\/ul><\/div><script>( window.advanced_ads_ready || jQuery( document ).ready ).call( null, function() {var $lavraslider1999657706 = jQuery( \".lavra-slider-1999657706\" );$lavraslider1999657706.on( \"unslider.ready\", function() { jQuery( \"div.custom-slider ul li\" ).css( \"display\", \"block\" ); });$lavraslider1999657706.unslider({ delay:4000, autoplay:true, nav:false, arrows:false, infinite:true });$lavraslider1999657706.on(\"mouseover\", function() {$lavraslider1999657706.unslider(\"stop\");}).on(\"mouseout\", function() {$lavraslider1999657706.unslider(\"start\");});});<\/script><\/div><p>Um acordo firmado ontem entre os deputados estaduais de Minas deixou o piso dos professores mais perto da aprova\u00e7\u00e3o. A PEC 49, que obriga o Estado a pagar o piso nacional da educa\u00e7\u00e3o para os servidores da \u00e1rea, foi aprovada por unanimidade pelos 71 parlamentares presentes no plen\u00e1rio da Assembleia Legislativa e ser\u00e1 votada em segundo turno na pr\u00f3xima quarta-feira. O parecer favor\u00e1vel da oposi\u00e7\u00e3o se deu ap\u00f3s negocia\u00e7\u00e3o entre as partes que garantiu a retirada do projeto de cis\u00e3o da Codemig da pauta.<\/p>\n<p><img fetchpriority=\"high\" decoding=\"async\" class=\"alignnone size-full wp-image-17098 aligncenter\" src=\"http:\/\/lavras.tv\/site\/wp-content\/uploads\/2018\/07\/almg.jpg\" alt=\"almg\" width=\"300\" height=\"201\" srcset=\"https:\/\/lavras.tv\/site\/wp-content\/uploads\/2018\/07\/almg.jpg 300w, https:\/\/lavras.tv\/site\/wp-content\/uploads\/2018\/07\/almg-150x101.jpg 150w, https:\/\/lavras.tv\/site\/wp-content\/uploads\/2018\/07\/almg-272x182.jpg 272w\" sizes=\"(max-width: 300px) 100vw, 300px\" \/><\/p>\n<p>O objetivo da Proposta de Emenda \u00e9 inserir na Constitui\u00e7\u00e3o Estadual um artigo para garantir que o vencimento inicial das carreiras da educa\u00e7\u00e3o b\u00e1sica n\u00e3o seja inferior ao valor que \u00e9 pago no \u00e2mbito nacional \u2013 R$ 2.455,35, para jornada de 40 horas semanais, de acordo com o Minist\u00e9rio da Educa\u00e7\u00e3o.<\/p>\n<p>\u201cIsso significa que se algum governador assumir posteriormente e quiser retirar direitos dos servidores da educa\u00e7\u00e3o, ele precisar\u00e1 alterar a Constitui\u00e7\u00e3o\u201d, afirma o deputado Rog\u00e9rio Correia (PT), autor da PEC.<\/p>\n<p>Al\u00e9m disso, o projeto determina que os reajustes estaduais sigam os mesmos percentuais e periodicidade do que definir a lei federal para a categoria. A equipara\u00e7\u00e3o j\u00e1 \u00e9 prevista pela legisla\u00e7\u00e3o atual, mas somente mediante a edi\u00e7\u00e3o de leis espec\u00edficas e n\u00e3o de forma autom\u00e1tica, como proposto pela PEC 49.<\/p>\n<p>A aprova\u00e7\u00e3o da PEC 49 \u00e9 uma das reivindica\u00e7\u00f5es dos professores estaduais, que est\u00e3o em greve desde 9 de julho. Para Paulo Henrique Santos Fonseca, diretor estadual do Sind-UTE\/MG, a aprova\u00e7\u00e3o em primeiro turno j\u00e1 pode ser considerada uma vit\u00f3ria e a expectativa \u00e9 a de que a aprova\u00e7\u00e3o seja conclu\u00edda na pr\u00f3xima semana.<\/p>\n<p>\u201cJ\u00e1 estamos muito satisfeitos por termos chegado at\u00e9 aqui, ap\u00f3s uma constru\u00e7\u00e3o conjunta dos servidores com a Assembleia para garantir que tenhamos as corre\u00e7\u00f5es do piso pelos pr\u00f3ximos anos, respeitando os valores e a jornada de trabalho vigente. Vamos acompanhar a vota\u00e7\u00e3o na semana que vem e contamos que haja a aprova\u00e7\u00e3o definitiva, como nos assegurou o presidente da mesa, Adalclever Lopes, e o deputado Rog\u00e9rio Correia\u201d, afirmou.<\/p>\n<p>Se aprovada, a mudan\u00e7a beneficiar\u00e1 200 mil trabalhadores ativos e 200 mil aposentados no Estado, segundo dados do sindicato. Ontem, a Secretaria de Estado da Educa\u00e7\u00e3o informou que, devido \u00e0 complexidade dos c\u00e1lculos, ainda n\u00e3o tinha uma posi\u00e7\u00e3o sobre o impacto na folha de pagamento. J\u00e1 a Secretaria da Fazenda ficou de se posicionar hoje.<\/p>\n<p><strong>Oposi\u00e7\u00e3o\u00a0<\/strong><\/p>\n<p>Segundo o l\u00edder da oposi\u00e7\u00e3o, deputado Gustavo Corr\u00eaa, a PEC \u00e9 um importante passo para a valoriza\u00e7\u00e3o dos professores e o acordo realizado entre as partes garantiu a retirada do projeto de cis\u00e3o da Codemig da pauta, o que configura uma dupla vit\u00f3ria.<\/p>\n<p>\u201cO \u00fanico projeto ao qual \u00e9ramos totalmente contra era o de cis\u00e3o e venda das a\u00e7\u00f5es da Codemig na extra\u00e7\u00e3o do ni\u00f3bio. Todos os outros tinham nosso apoio. O presidente da Assembleia foi sens\u00edvel ao nosso apelo e nos garantiu que o PL da Codemig n\u00e3o ser\u00e1 pautado nessa legislatura\u201d, disse Corr\u00eaa.<\/p>\n<p>O deputado Jo\u00e3o Leite (PSDB) tamb\u00e9m ressaltou que o piso precisa ser concedido de forma retroativa, desde fevereiro deste ano. \u201cO Governo afirma que o valor s\u00f3 n\u00e3o foi pago anteriormente porque n\u00e3o havia autoriza\u00e7\u00e3o constitucional, ent\u00e3o agora estamos dando essa autoriza\u00e7\u00e3o\u201d, disse.<\/p>\n<p>Uma comiss\u00e3o especial foi formada no fim da tarde de ontem para discutir o projeto e propor poss\u00edveis adequa\u00e7\u00f5es.<\/p>\n<p>&nbsp;<\/p>\n<p><strong>Projeto garante opera\u00e7\u00f5es de cr\u00e9dito ao Executivo<\/strong><\/p>\n<p>O Projeto de Lei (PL) 5.012\/18, do governador Fernando Pimentel (PT), que autoriza o Executivo a realizar opera\u00e7\u00f5es de cr\u00e9dito de at\u00e9 R$ 2 bilh\u00f5es em empr\u00e9stimos destinados ao pagamento de precat\u00f3rios, tamb\u00e9m foi votado e aprovado ontem em primeiro turno. As informa\u00e7\u00f5es s\u00e3o da Assembleia Legislativa de Minas Gerais.<\/p>\n<p>Se passar pela vota\u00e7\u00e3o em segundo turno, na pr\u00f3xima quarta-feira, o projeto permitir\u00e1 ao Estado a utiliza\u00e7\u00e3o do cr\u00e9dito para sanar as d\u00edvidas resultantes de decis\u00f5es judiciais.<\/p>\n<p>De acordo com a justificativa do governador, o objetivo da proposta \u00e9 \u201ctrazer maior seguran\u00e7a jur\u00eddica e negocial ao Estado e \u00e0s institui\u00e7\u00f5es cession\u00e1rias com as quais ser\u00e3o realizadas as opera\u00e7\u00f5es de cr\u00e9dito\u201d.<\/p>\n<p>A proposi\u00e7\u00e3o altera a Lei 22.914, de 2018, que permite que o Estado antecipe o recebimento de d\u00edvidas tribut\u00e1rias e n\u00e3o tribut\u00e1rias, por meio da transfer\u00eancia dos cr\u00e9ditos a pessoas jur\u00eddicas de direito privado e fundos de investimento regulamentados pela Comiss\u00e3o de Valores Mobili\u00e1rios (CVM).<\/p>\n<p>Uma das altera\u00e7\u00f5es propostas \u00e9 a restri\u00e7\u00e3o de cess\u00e3o apenas dos cr\u00e9ditos vencidos. Ap\u00f3s a transa\u00e7\u00e3o, esses cr\u00e9ditos seriam convertidos de p\u00fablicos para privados e, com isso, o devedor passaria a dever n\u00e3o mais ao Estado, mas \u00e0 institui\u00e7\u00e3o que os adquiriu.<\/p>\n<p>Assim, o contribuinte passa a ter direito a uma certid\u00e3o de regularidade fiscal, garantindo que ele est\u00e1 em dia com o Fisco, desde que n\u00e3o haja outras pend\u00eancias em seu nome.<\/p>\n<p>A proposi\u00e7\u00e3o tamb\u00e9m permite que os cr\u00e9ditos sejam reajustados por \u00edndices de mercado e que a institui\u00e7\u00e3o privada possa cobr\u00e1-los judicial e extrajudicialmente.<\/p>\n<p>Embora a proposi\u00e7\u00e3o trate de \u201cconcess\u00e3o onerosa\u201d, ela n\u00e3o especifica par\u00e2metros para a negocia\u00e7\u00e3o entre o Estado e a iniciativa privada, com rela\u00e7\u00e3o ao des\u00e1gio, ou seja, o desconto, que ser\u00e1 aplicado sobre os cr\u00e9ditos.<\/p>\n<p>&nbsp;<\/p>\n<p><strong>Nome de Durval \u00c2ngelo \u00e9 aprovado para o TCE<\/strong><br \/>\nA indica\u00e7\u00e3o do nome do deputado Durval \u00c2ngelo (PT) para o cargo de conselheiro do Tribunal de Contas do Estado de Minas Gerais (TCE-MG) foi aprovada por unanimidade pelos parlamentares ontem, em turno \u00fanico na Assembleia Legislativa de Minas Gerais.<\/p>\n<p>O parlamentar, atual l\u00edder do governo, foi indicado pelo governador Fernando Pimentel (PT) para ocupar a vaga aberta com o falecimento da conselheira Adriene Andrade, em abril deste ano.<\/p>\n<p>O parlamentar agradeceu aos colegas ap\u00f3s a vota\u00e7\u00e3o e afirmou que vai honrar o voto dado.<\/p>\n<p>\u201cChego para esse novo cargo de forma muito simples, como sempre fiz em todos os cargos p\u00fablicos que ocupei, como um bom aprendiz, sempre disposto a ouvir. E tenho clareza de que o Tribunal tem um papel muito importante de fiscaliza\u00e7\u00e3o e age com rigor\u201d, afirmou.<\/p>\n<p>Professor aposentado, Durval ingressou na Assembleia em 1995 e exerce o sexto mandato consecutivo. Foi presidente da Comiss\u00e3o de Direitos Humanos por 12 anos, al\u00e9m de 2\u00ba-vice-presidente da Assembleia, no bi\u00eanio 1999-2000.<\/p>\n<p>Fonte: Hoje em Dia<\/p>\n","protected":false},"excerpt":{"rendered":"<p>Um acordo firmado ontem entre os deputados estaduais de Minas deixou o piso dos professores mais perto da aprova\u00e7\u00e3o. A PEC 49, que obriga o Estado a pagar o piso nacional da educa\u00e7\u00e3o para os servidores da \u00e1rea, foi aprovada por unanimidade pelos 71 parlamentares presentes no plen\u00e1rio da Assembleia Legislativa e ser\u00e1 votada em [&hellip;]<\/p>\n","protected":false},"author":2,"featured_media":17098,"comment_status":"closed","ping_status":"open","sticky":false,"template":"","format":"standard","meta":{"advgb_blocks_editor_width":"","advgb_blocks_columns_visual_guide":"","_exactmetrics_skip_tracking":false,"_exactmetrics_sitenote_active":false,"_exactmetrics_sitenote_note":"","_exactmetrics_sitenote_category":0,"footnotes":""},"categories":[12],"tags":[531,530,5009,1552,3249],"class_list":["post-17097","post","type-post","status-publish","format-standard","has-post-thumbnail","hentry","category-politica","tag-almg","tag-minas-gerais","tag-piso-nacional","tag-professor","tag-votacao"],"better_featured_image":{"id":17098,"alt_text":"","caption":"","description":"","media_type":"image","media_details":{"width":300,"height":201,"file":"2018\/07\/almg.jpg","sizes":{"thumbnail":{"file":"almg-150x101.jpg","width":150,"height":101,"mime-type":"image\/jpeg","source_url":"https:\/\/lavras.tv\/site\/wp-content\/uploads\/2018\/07\/almg-150x101.jpg"},"medium":{"file":"almg-300x201.jpg","width":300,"height":201,"mime-type":"image\/jpeg","source_url":"https:\/\/lavras.tv\/site\/wp-content\/uploads\/2018\/07\/almg-300x201.jpg"},"sow-carousel-default":{"file":"almg-272x182.jpg","width":272,"height":182,"mime-type":"image\/jpeg","source_url":"https:\/\/lavras.tv\/site\/wp-content\/uploads\/2018\/07\/almg-272x182.jpg"}},"image_meta":{"aperture":"0","credit":"","camera":"","caption":"","created_timestamp":"0","copyright":"","focal_length":"0","iso":"0","shutter_speed":"0","title":"","orientation":"0","keywords":[]}},"post":17097,"source_url":"https:\/\/lavras.tv\/site\/wp-content\/uploads\/2018\/07\/almg.jpg"},"author_meta":{"display_name":"Lavras TV","author_link":"https:\/\/lavras.tv\/site\/author\/lavrastv\/"},"featured_img":"https:\/\/lavras.tv\/site\/wp-content\/uploads\/2018\/07\/almg-300x201.jpg","coauthors":[],"tax_additional":{"categories":{"linked":["<a href=\"https:\/\/lavras.tv\/site\/category\/politica\/\" class=\"advgb-post-tax-term\">Pol\u00edtica<\/a>"],"unlinked":["<span class=\"advgb-post-tax-term\">Pol\u00edtica<\/span>"]},"tags":{"linked":["<a href=\"https:\/\/lavras.tv\/site\/category\/politica\/\" class=\"advgb-post-tax-term\">almg<\/a>","<a href=\"https:\/\/lavras.tv\/site\/category\/politica\/\" class=\"advgb-post-tax-term\">minas gerais<\/a>","<a href=\"https:\/\/lavras.tv\/site\/category\/politica\/\" class=\"advgb-post-tax-term\">piso nacional<\/a>","<a href=\"https:\/\/lavras.tv\/site\/category\/politica\/\" class=\"advgb-post-tax-term\">professor<\/a>","<a href=\"https:\/\/lavras.tv\/site\/category\/politica\/\" class=\"advgb-post-tax-term\">vota\u00e7\u00e3o<\/a>"],"unlinked":["<span class=\"advgb-post-tax-term\">almg<\/span>","<span class=\"advgb-post-tax-term\">minas gerais<\/span>","<span class=\"advgb-post-tax-term\">piso nacional<\/span>","<span class=\"advgb-post-tax-term\">professor<\/span>","<span class=\"advgb-post-tax-term\">vota\u00e7\u00e3o<\/span>"]}},"comment_count":"0","relative_dates":{"created":"Publicado 8 anos atr\u00e1s","modified":"Atualizado 8 anos atr\u00e1s"},"absolute_dates":{"created":"Publicado em 18 de julho de 2018","modified":"Atualizado em 18 de julho de 2018"},"absolute_dates_time":{"created":"Publicado em 18 de julho de 2018 09:17","modified":"Atualizado em 18 de julho de 2018 09:17"},"featured_img_caption":"","series_order":"","_links":{"self":[{"href":"https:\/\/lavras.tv\/site\/wp-json\/wp\/v2\/posts\/17097","targetHints":{"allow":["GET"]}}],"collection":[{"href":"https:\/\/lavras.tv\/site\/wp-json\/wp\/v2\/posts"}],"about":[{"href":"https:\/\/lavras.tv\/site\/wp-json\/wp\/v2\/types\/post"}],"author":[{"embeddable":true,"href":"https:\/\/lavras.tv\/site\/wp-json\/wp\/v2\/users\/2"}],"replies":[{"embeddable":true,"href":"https:\/\/lavras.tv\/site\/wp-json\/wp\/v2\/comments?post=17097"}],"version-history":[{"count":1,"href":"https:\/\/lavras.tv\/site\/wp-json\/wp\/v2\/posts\/17097\/revisions"}],"predecessor-version":[{"id":17099,"href":"https:\/\/lavras.tv\/site\/wp-json\/wp\/v2\/posts\/17097\/revisions\/17099"}],"wp:featuredmedia":[{"embeddable":true,"href":"https:\/\/lavras.tv\/site\/wp-json\/wp\/v2\/media\/17098"}],"wp:attachment":[{"href":"https:\/\/lavras.tv\/site\/wp-json\/wp\/v2\/media?parent=17097"}],"wp:term":[{"taxonomy":"category","embeddable":true,"href":"https:\/\/lavras.tv\/site\/wp-json\/wp\/v2\/categories?post=17097"},{"taxonomy":"post_tag","embeddable":true,"href":"https:\/\/lavras.tv\/site\/wp-json\/wp\/v2\/tags?post=17097"}],"curies":[{"name":"wp","href":"https:\/\/api.w.org\/{rel}","templated":true}]}}