{"id":17154,"date":"2018-07-23T10:25:04","date_gmt":"2018-07-23T13:25:04","guid":{"rendered":"http:\/\/lavras.tv\/site\/?p=17154"},"modified":"2018-07-23T10:25:04","modified_gmt":"2018-07-23T13:25:04","slug":"equipe-de-lavras-participa-da-ultra-maratona-dos-anjos-internacional","status":"publish","type":"post","link":"https:\/\/lavras.tv\/site\/2018\/07\/23\/equipe-de-lavras-participa-da-ultra-maratona-dos-anjos-internacional\/","title":{"rendered":"Equipe de Lavras participa da Ultra Maratona dos Anjos Internacional"},"content":{"rendered":"<div class=\"lavra-antes-do-conteudo_2\" id=\"lavra-3663667780\"><div id=\"lavra-slider-27\" class=\"custom-slider lavra-slider-3031485156 lavra-slider\"><ul><li><div style=\"margin-left: auto;margin-right: auto;text-align: center;\" id=\"lavra-2644294766\"><a href=\"https:\/\/sistemas.lavras.mg.gov.br\/portalcidadao\/#df1b1a7c7b2a290bcb31e32771e610784662739a88807c0dacac58ede5f391a7530e299dc302d611ee73cb143fc22eaf93592e53e7b5bdb01b00a0b8d28dae460c141dd2ff83412e4dc1c31b16b25f33144a9e5620ea73b13f5bc1c59411d98439ad226e8af03840603796067d87afe130812cf3de24982d0e306f9e61e764e5\" aria-label=\"Lavras-TV&#8211;720x104px (1) (1)\"><img src=\"https:\/\/lavras.tv\/site\/wp-content\/uploads\/2025\/01\/Lavras-TV-720x104px-1-1.png\" alt=\"\"  srcset=\"https:\/\/lavras.tv\/site\/wp-content\/uploads\/2025\/01\/Lavras-TV-720x104px-1-1.png 720w, https:\/\/lavras.tv\/site\/wp-content\/uploads\/2025\/01\/Lavras-TV-720x104px-1-1-470x68.png 470w, https:\/\/lavras.tv\/site\/wp-content\/uploads\/2025\/01\/Lavras-TV-720x104px-1-1-170x25.png 170w, https:\/\/lavras.tv\/site\/wp-content\/uploads\/2025\/01\/Lavras-TV-720x104px-1-1-200x29.png 200w\" sizes=\"(max-width: 720px) 100vw, 720px\" width=\"720\" height=\"104\"  style=\"display: inline-block;\" \/><\/a><\/div><\/li><li><a href=\"https:\/\/sistemas.lavras.mg.gov.br\/portalcidadao\/#df1b1a7c7b2a290bcb31e32771e610784662739a88807c0dacac58ede5f391a7530e299dc302d611ee73cb143fc22eaf93592e53e7b5bdb01b00a0b8d28dae460c141dd2ff83412e4dc1c31b16b25f33144a9e5620ea73b13f5bc1c59411d98439ad226e8af03840603796067d87afe130812cf3de24982d0e306f9e61e764e5\" aria-label=\"Banner_Emprego_PortallavrasTV\"><img src=\"https:\/\/lavras.tv\/site\/wp-content\/uploads\/2025\/03\/Banner_Emprego_PortallavrasTV.png\" alt=\"\"  srcset=\"https:\/\/lavras.tv\/site\/wp-content\/uploads\/2025\/03\/Banner_Emprego_PortallavrasTV.png 720w, https:\/\/lavras.tv\/site\/wp-content\/uploads\/2025\/03\/Banner_Emprego_PortallavrasTV-470x68.png 470w, https:\/\/lavras.tv\/site\/wp-content\/uploads\/2025\/03\/Banner_Emprego_PortallavrasTV-170x25.png 170w, https:\/\/lavras.tv\/site\/wp-content\/uploads\/2025\/03\/Banner_Emprego_PortallavrasTV-200x29.png 200w\" sizes=\"(max-width: 720px) 100vw, 720px\" width=\"720\" height=\"104\"   \/><\/a><\/li><li><a href=\"https:\/\/sistemas.lavras.mg.gov.br\/portalcidadao\/#df1b1a7c7b2a290bcb31e32771e610784662739a88807c0dacac58ede5f391a7530e299dc302d611ee73cb143fc22eaf93592e53e7b5bdb01b00a0b8d28dae460c141dd2ff83412e4dc1c31b16b25f33144a9e5620ea73b13f5bc1c59411d98439ad226e8af03840603796067d87afe130812cf3de24982d0e306f9e61e764e5\" aria-label=\"Banner_Obras_PortallavrasTV\"><img src=\"https:\/\/lavras.tv\/site\/wp-content\/uploads\/2025\/03\/Banner_Obras_PortallavrasTV.png\" alt=\"\"  srcset=\"https:\/\/lavras.tv\/site\/wp-content\/uploads\/2025\/03\/Banner_Obras_PortallavrasTV.png 720w, https:\/\/lavras.tv\/site\/wp-content\/uploads\/2025\/03\/Banner_Obras_PortallavrasTV-470x68.png 470w, https:\/\/lavras.tv\/site\/wp-content\/uploads\/2025\/03\/Banner_Obras_PortallavrasTV-170x25.png 170w, https:\/\/lavras.tv\/site\/wp-content\/uploads\/2025\/03\/Banner_Obras_PortallavrasTV-200x29.png 200w\" sizes=\"(max-width: 720px) 100vw, 720px\" width=\"720\" height=\"104\"   \/><\/a><\/li><li><div style=\"margin-left: auto;margin-right: auto;text-align: center;\" id=\"lavra-2781999147\"><a href=\"https:\/\/sistemas.lavras.mg.gov.br\/portalcidadao\/#df1b1a7c7b2a290bcb31e32771e610784662739a88807c0dacac58ede5f391a7530e299dc302d611ee73cb143fc22eaf93592e53e7b5bdb01b00a0b8d28dae460c141dd2ff83412e4dc1c31b16b25f33144a9e5620ea73b13f5bc1c59411d98439ad226e8af03840603796067d87afe130812cf3de24982d0e306f9e61e764e5\" aria-label=\"Banner_Educa\u00e7\u00e3o_PortallavrasTV\"><img src=\"https:\/\/lavras.tv\/site\/wp-content\/uploads\/2025\/01\/Banner_Educacao_PortallavrasTV.png\" alt=\"\"  srcset=\"https:\/\/lavras.tv\/site\/wp-content\/uploads\/2025\/01\/Banner_Educacao_PortallavrasTV.png 720w, https:\/\/lavras.tv\/site\/wp-content\/uploads\/2025\/01\/Banner_Educacao_PortallavrasTV-470x68.png 470w, https:\/\/lavras.tv\/site\/wp-content\/uploads\/2025\/01\/Banner_Educacao_PortallavrasTV-170x25.png 170w, https:\/\/lavras.tv\/site\/wp-content\/uploads\/2025\/01\/Banner_Educacao_PortallavrasTV-200x29.png 200w\" sizes=\"(max-width: 720px) 100vw, 720px\" width=\"720\" height=\"104\"  style=\"display: inline-block;\" \/><\/a><\/div><\/li><li><a href=\"https:\/\/sistemas.lavras.mg.gov.br\/portalcidadao\/#df1b1a7c7b2a290bcb31e32771e610784662739a88807c0dacac58ede5f391a7530e299dc302d611ee73cb143fc22eaf93592e53e7b5bdb01b00a0b8d28dae460c141dd2ff83412e4dc1c31b16b25f33144a9e5620ea73b13f5bc1c59411d98439ad226e8af03840603796067d87afe130812cf3de24982d0e306f9e61e764e5\" aria-label=\"Banner_Sa\u00fade_PortallavrasTV\"><img src=\"https:\/\/lavras.tv\/site\/wp-content\/uploads\/2025\/03\/Banner_Saude_PortallavrasTV.png\" alt=\"\"  srcset=\"https:\/\/lavras.tv\/site\/wp-content\/uploads\/2025\/03\/Banner_Saude_PortallavrasTV.png 720w, https:\/\/lavras.tv\/site\/wp-content\/uploads\/2025\/03\/Banner_Saude_PortallavrasTV-470x68.png 470w, https:\/\/lavras.tv\/site\/wp-content\/uploads\/2025\/03\/Banner_Saude_PortallavrasTV-170x25.png 170w, https:\/\/lavras.tv\/site\/wp-content\/uploads\/2025\/03\/Banner_Saude_PortallavrasTV-200x29.png 200w\" sizes=\"(max-width: 720px) 100vw, 720px\" width=\"720\" height=\"104\"   \/><\/a><\/li><li><div id=\"lavra-173752839\" style=\"width:720px;height:104px;background-color:#ddd;overflow:scroll;\">\n\t<strong>Sa\u00edda da depura\u00e7\u00e3o de an\u00fancios<\/strong>\n\t<br><br>\n\tO an\u00fancio n\u00e3o \u00e9 exibido na p\u00e1gina<br><br>post atual: Equipe de Lavras participa da Ultra Maratona dos Anjos Internacional, ID: 17154<br><br><span style=\"color: red;\">O post atual n\u00e3o \u00e9 id\u00eantico ao post principal.<\/span><br><br>An\u00fancios: ROXO - TOPO INTERNA - ROTATIVO 2 (197)<br \/>Grupo de an\u00fancios: Princ_Meio01_720x104 (27)<br><br>Condi\u00e7\u00f5es de exibi\u00e7\u00e3o<div style=\"margin-bottom: 20px; white-space: pre-wrap; font-family: monospace; width: 100%; background: #ffe9e9;\"><strong>condi\u00e7\u00f5es gerais<\/strong><table border=\"1\"><thead><tr><th><\/th><th>An\u00fancios<\/th><th>wp_the_query<\/th><\/tr><\/thead><tr><td>is_main_query<\/td><td>1<\/td><td>1<\/td><\/tr><tr><td>is_rest_api<\/td><td>0<\/td><td>1<\/td><\/tr><tr><td>page<\/td><td>0<\/td><td>1<\/td><\/tr><tr><td>numpages<\/td><td>0<\/td><td>1<\/td><\/tr><tr><td>is_archive<\/td><td>1<\/td><td><\/td><\/tr><tr><td>is_search<\/td><td>1<\/td><td><\/td><\/tr><tr><td>is_home<\/td><td>1<\/td><td><\/td><\/tr><tr><td>is_404<\/td><td>1<\/td><td><\/td><\/tr><tr><td>is_attachment<\/td><td>1<\/td><td><\/td><\/tr><tr><td>is_singular<\/td><td>1<\/td><td><\/td><\/tr><tr><td>is_front_page<\/td><td>1<\/td><td><\/td><\/tr><tr><td>is_feed<\/td><td>1<\/td><td><\/td><\/tr><\/table><\/div><br><br><span style=\"color: red;\">Seu site usa HTTPS, mas o c\u00f3digo do an\u00fancio cont\u00e9m HTTP e pode n\u00e3o funcionar.<\/span>\t<br><br>\n\t<a style=\"color: green;\" href=\"https:\/\/wpadvancedads.com\/manual\/ad-debug-mode\/?utm_source=advanced-ads&utm_medium=link&utm_campaign=ad-debug-mode\" target=\"_blank\" rel=\"nofollow\">Encontre solu\u00e7\u00f5es no manual<\/a>\n<\/div>\n<\/li><\/ul><\/div><script>( window.advanced_ads_ready || jQuery( document ).ready ).call( null, function() {var $lavraslider3031485156 = jQuery( \".lavra-slider-3031485156\" );$lavraslider3031485156.on( \"unslider.ready\", function() { jQuery( \"div.custom-slider ul li\" ).css( \"display\", \"block\" ); });$lavraslider3031485156.unslider({ delay:4000, autoplay:true, nav:false, arrows:false, infinite:true });$lavraslider3031485156.on(\"mouseover\", function() {$lavraslider3031485156.unslider(\"stop\");}).on(\"mouseout\", function() {$lavraslider3031485156.unslider(\"start\");});});<\/script><\/div><p>No dia 29\/7 em Passa Quatro MG, aconteceu mais uma edi\u00e7\u00e3o da U.A.I. Ultra dos Anjos Internacional, uma prova que \u00e9 considerada por muitos corredores experientes uma das mais dif\u00edceis Ultra Maratonas de Montanha do Brasil e da Am\u00e9rica do Sul.<!--more--><img fetchpriority=\"high\" decoding=\"async\" class=\"alignnone size-full wp-image-17155 aligncenter\" src=\"http:\/\/lavras.tv\/site\/wp-content\/uploads\/2018\/07\/WhatsApp-Image-2018-07-23-at-10.19.19.jpeg\" alt=\"WhatsApp Image 2018-07-23 at 10.19.19\" width=\"1280\" height=\"960\" srcset=\"https:\/\/lavras.tv\/site\/wp-content\/uploads\/2018\/07\/WhatsApp-Image-2018-07-23-at-10.19.19.jpeg 1280w, https:\/\/lavras.tv\/site\/wp-content\/uploads\/2018\/07\/WhatsApp-Image-2018-07-23-at-10.19.19-150x113.jpeg 150w, https:\/\/lavras.tv\/site\/wp-content\/uploads\/2018\/07\/WhatsApp-Image-2018-07-23-at-10.19.19-300x225.jpeg 300w, https:\/\/lavras.tv\/site\/wp-content\/uploads\/2018\/07\/WhatsApp-Image-2018-07-23-at-10.19.19-1024x768.jpeg 1024w, https:\/\/lavras.tv\/site\/wp-content\/uploads\/2018\/07\/WhatsApp-Image-2018-07-23-at-10.19.19-640x480.jpeg 640w\" sizes=\"(max-width: 1280px) 100vw, 1280px\" \/><br \/>\nA prova contou com mais de 600 atletas brasileiros e estrangeiros. Lavras foi representada pela equipe Homeostase que trouxe excelentes resultados.<br \/>\nConfira o desempenho dos atletas da equipe:<\/p>\n<p>Miryanne Amorim Finsher 25km<\/p>\n<p>Vera L\u00facia Alc\u00e2ntara 2\u00b0 lugar geral 65km solo com apoio<\/p>\n<p>Tha\u00eds Mara 3\u00b0 lugar geral 65km solo com apoio<\/p>\n<p>Lucas Veloso 3\u00b0 lugar geral 95km solo com apoio<\/p>\n<p>S\u00e9rgio Roesberg 18\u00b0 lugar geral 135km solo survivor<\/p>\n<p>Ederson Nunes 5\u00b0 lugar geral 135km solo survivor<\/p>\n<p>A Homeostase treinamentos tbm contou com a equipe de apoio e suporte que foram fundamentais:<\/p>\n<p>Kassielle Lopes<\/p>\n<p>Mateus Lopes<\/p>\n<p>Caira Santos<\/p>\n<p>M\u00e1rcio Werneck PACER<\/p>\n<p><img decoding=\"async\" class=\"alignnone size-full wp-image-17156 aligncenter\" src=\"http:\/\/lavras.tv\/site\/wp-content\/uploads\/2018\/07\/WhatsApp-Image-2018-07-23-at-10.19.18-e1532352235331.jpeg\" alt=\"WhatsApp Image 2018-07-23 at 10.19.18\" width=\"1196\" height=\"745\" srcset=\"https:\/\/lavras.tv\/site\/wp-content\/uploads\/2018\/07\/WhatsApp-Image-2018-07-23-at-10.19.18-e1532352235331.jpeg 1196w, https:\/\/lavras.tv\/site\/wp-content\/uploads\/2018\/07\/WhatsApp-Image-2018-07-23-at-10.19.18-e1532352235331-150x93.jpeg 150w, https:\/\/lavras.tv\/site\/wp-content\/uploads\/2018\/07\/WhatsApp-Image-2018-07-23-at-10.19.18-e1532352235331-300x187.jpeg 300w, https:\/\/lavras.tv\/site\/wp-content\/uploads\/2018\/07\/WhatsApp-Image-2018-07-23-at-10.19.18-e1532352235331-1024x638.jpeg 1024w\" sizes=\"(max-width: 1196px) 100vw, 1196px\" \/><\/p>\n<p>Fonte e fotos: Divulga\u00e7\u00e3o<\/p>\n","protected":false},"excerpt":{"rendered":"<p>No dia 29\/7 em Passa Quatro MG, aconteceu mais uma edi\u00e7\u00e3o da U.A.I. Ultra dos Anjos Internacional, uma prova que \u00e9 considerada por muitos corredores experientes uma das mais dif\u00edceis Ultra Maratonas de Montanha do Brasil e da Am\u00e9rica do Sul.<\/p>\n","protected":false},"author":2,"featured_media":17156,"comment_status":"closed","ping_status":"open","sticky":false,"template":"","format":"standard","meta":{"advgb_blocks_editor_width":"","advgb_blocks_columns_visual_guide":"","_exactmetrics_skip_tracking":false,"_exactmetrics_sitenote_active":false,"_exactmetrics_sitenote_note":"","_exactmetrics_sitenote_category":0,"footnotes":""},"categories":[7,3],"tags":[1691,5020,34,5023,5022,5021],"class_list":["post-17154","post","type-post","status-publish","format-standard","has-post-thumbnail","hentry","category-destaques","category-esportes","tag-corrida","tag-equipe-homeostase","tag-lavras","tag-passa-quarto-mg","tag-u-a-i-ultra-dos-anjos-internacional","tag-ultramaratona"],"better_featured_image":{"id":17156,"alt_text":"","caption":"","description":"","media_type":"image","media_details":{"width":1196,"height":745,"file":"2018\/07\/WhatsApp-Image-2018-07-23-at-10.19.18-e1532352235331.jpeg","sizes":{"thumbnail":{"file":"WhatsApp-Image-2018-07-23-at-10.19.18-e1532352235331-150x93.jpeg","width":150,"height":93,"mime-type":"image\/jpeg","source_url":"https:\/\/lavras.tv\/site\/wp-content\/uploads\/2018\/07\/WhatsApp-Image-2018-07-23-at-10.19.18-e1532352235331-150x93.jpeg"},"medium":{"file":"WhatsApp-Image-2018-07-23-at-10.19.18-e1532352235331-300x187.jpeg","width":300,"height":187,"mime-type":"image\/jpeg","source_url":"https:\/\/lavras.tv\/site\/wp-content\/uploads\/2018\/07\/WhatsApp-Image-2018-07-23-at-10.19.18-e1532352235331-300x187.jpeg"},"large":{"file":"WhatsApp-Image-2018-07-23-at-10.19.18-e1532352235331-1024x638.jpeg","width":1024,"height":638,"mime-type":"image\/jpeg","source_url":"https:\/\/lavras.tv\/site\/wp-content\/uploads\/2018\/07\/WhatsApp-Image-2018-07-23-at-10.19.18-e1532352235331-1024x638.jpeg"},"featured-slider-img":{"file":"WhatsApp-Image-2018-07-23-at-10.19.18-e1532352235331-640x480.jpeg","width":640,"height":480,"mime-type":"image\/jpeg","source_url":"https:\/\/lavras.tv\/site\/wp-content\/uploads\/2018\/07\/WhatsApp-Image-2018-07-23-at-10.19.18-e1532352235331-640x480.jpeg"},"featured-post-img":{"file":"WhatsApp-Image-2018-07-23-at-10.19.18-e1532352235331-480x320.jpeg","width":480,"height":320,"mime-type":"image\/jpeg","source_url":"https:\/\/lavras.tv\/site\/wp-content\/uploads\/2018\/07\/WhatsApp-Image-2018-07-23-at-10.19.18-e1532352235331-480x320.jpeg"},"sow-carousel-default":{"file":"WhatsApp-Image-2018-07-23-at-10.19.18-e1532352235331-272x182.jpeg","width":272,"height":182,"mime-type":"image\/jpeg","source_url":"https:\/\/lavras.tv\/site\/wp-content\/uploads\/2018\/07\/WhatsApp-Image-2018-07-23-at-10.19.18-e1532352235331-272x182.jpeg"}},"image_meta":{"aperture":"0","credit":"","camera":"","caption":"","created_timestamp":"0","copyright":"","focal_length":"0","iso":"0","shutter_speed":"0","title":"","orientation":"0","keywords":[]}},"post":17154,"source_url":"https:\/\/lavras.tv\/site\/wp-content\/uploads\/2018\/07\/WhatsApp-Image-2018-07-23-at-10.19.18-e1532352235331.jpeg"},"author_meta":{"display_name":"Lavras TV","author_link":"https:\/\/lavras.tv\/site\/author\/lavrastv\/"},"featured_img":"https:\/\/lavras.tv\/site\/wp-content\/uploads\/2018\/07\/WhatsApp-Image-2018-07-23-at-10.19.18-e1532352235331-300x187.jpeg","coauthors":[],"tax_additional":{"categories":{"linked":["<a href=\"https:\/\/lavras.tv\/site\/category\/destaques\/\" class=\"advgb-post-tax-term\">Destaques<\/a>","<a href=\"https:\/\/lavras.tv\/site\/category\/esportes\/\" class=\"advgb-post-tax-term\">Esportes<\/a>"],"unlinked":["<span class=\"advgb-post-tax-term\">Destaques<\/span>","<span class=\"advgb-post-tax-term\">Esportes<\/span>"]},"tags":{"linked":["<a href=\"https:\/\/lavras.tv\/site\/category\/esportes\/\" class=\"advgb-post-tax-term\">corrida<\/a>","<a href=\"https:\/\/lavras.tv\/site\/category\/esportes\/\" class=\"advgb-post-tax-term\">equipe Homeostase<\/a>","<a href=\"https:\/\/lavras.tv\/site\/category\/esportes\/\" class=\"advgb-post-tax-term\">lavras<\/a>","<a href=\"https:\/\/lavras.tv\/site\/category\/esportes\/\" class=\"advgb-post-tax-term\">Passa Quarto MG<\/a>","<a href=\"https:\/\/lavras.tv\/site\/category\/esportes\/\" class=\"advgb-post-tax-term\">U.A.I. Ultra dos Anjos Internacional<\/a>","<a href=\"https:\/\/lavras.tv\/site\/category\/esportes\/\" class=\"advgb-post-tax-term\">ultramaratona<\/a>"],"unlinked":["<span class=\"advgb-post-tax-term\">corrida<\/span>","<span class=\"advgb-post-tax-term\">equipe Homeostase<\/span>","<span class=\"advgb-post-tax-term\">lavras<\/span>","<span class=\"advgb-post-tax-term\">Passa Quarto MG<\/span>","<span class=\"advgb-post-tax-term\">U.A.I. Ultra dos Anjos Internacional<\/span>","<span class=\"advgb-post-tax-term\">ultramaratona<\/span>"]}},"comment_count":"0","relative_dates":{"created":"Publicado 8 anos atr\u00e1s","modified":"Atualizado 8 anos atr\u00e1s"},"absolute_dates":{"created":"Publicado em 23 de julho de 2018","modified":"Atualizado em 23 de julho de 2018"},"absolute_dates_time":{"created":"Publicado em 23 de julho de 2018 10:25","modified":"Atualizado em 23 de julho de 2018 10:25"},"featured_img_caption":"","series_order":"","_links":{"self":[{"href":"https:\/\/lavras.tv\/site\/wp-json\/wp\/v2\/posts\/17154","targetHints":{"allow":["GET"]}}],"collection":[{"href":"https:\/\/lavras.tv\/site\/wp-json\/wp\/v2\/posts"}],"about":[{"href":"https:\/\/lavras.tv\/site\/wp-json\/wp\/v2\/types\/post"}],"author":[{"embeddable":true,"href":"https:\/\/lavras.tv\/site\/wp-json\/wp\/v2\/users\/2"}],"replies":[{"embeddable":true,"href":"https:\/\/lavras.tv\/site\/wp-json\/wp\/v2\/comments?post=17154"}],"version-history":[{"count":1,"href":"https:\/\/lavras.tv\/site\/wp-json\/wp\/v2\/posts\/17154\/revisions"}],"predecessor-version":[{"id":17157,"href":"https:\/\/lavras.tv\/site\/wp-json\/wp\/v2\/posts\/17154\/revisions\/17157"}],"wp:featuredmedia":[{"embeddable":true,"href":"https:\/\/lavras.tv\/site\/wp-json\/wp\/v2\/media\/17156"}],"wp:attachment":[{"href":"https:\/\/lavras.tv\/site\/wp-json\/wp\/v2\/media?parent=17154"}],"wp:term":[{"taxonomy":"category","embeddable":true,"href":"https:\/\/lavras.tv\/site\/wp-json\/wp\/v2\/categories?post=17154"},{"taxonomy":"post_tag","embeddable":true,"href":"https:\/\/lavras.tv\/site\/wp-json\/wp\/v2\/tags?post=17154"}],"curies":[{"name":"wp","href":"https:\/\/api.w.org\/{rel}","templated":true}]}}