{"id":17193,"date":"2018-07-25T09:58:40","date_gmt":"2018-07-25T12:58:40","guid":{"rendered":"http:\/\/lavras.tv\/site\/?p=17193"},"modified":"2018-07-25T09:58:40","modified_gmt":"2018-07-25T12:58:40","slug":"equipe-de-lavras-volta-a-brilhar-no-basquete-mineiro","status":"publish","type":"post","link":"https:\/\/lavras.tv\/site\/2018\/07\/25\/equipe-de-lavras-volta-a-brilhar-no-basquete-mineiro\/","title":{"rendered":"Equipe de Lavras volta a brilhar no basquete mineiro"},"content":{"rendered":"<div class=\"lavra-antes-do-conteudo_2\" id=\"lavra-612173272\"><div id=\"lavra-slider-27\" class=\"custom-slider lavra-slider-3279163658 lavra-slider\"><ul><li><div style=\"margin-left: auto;margin-right: auto;text-align: center;\" id=\"lavra-2635068767\"><a href=\"https:\/\/sistemas.lavras.mg.gov.br\/portalcidadao\/#df1b1a7c7b2a290bcb31e32771e610784662739a88807c0dacac58ede5f391a7530e299dc302d611ee73cb143fc22eaf93592e53e7b5bdb01b00a0b8d28dae460c141dd2ff83412e4dc1c31b16b25f33144a9e5620ea73b13f5bc1c59411d98439ad226e8af03840603796067d87afe130812cf3de24982d0e306f9e61e764e5\" aria-label=\"Lavras-TV&#8211;720x104px (1) (1)\"><img src=\"https:\/\/lavras.tv\/site\/wp-content\/uploads\/2025\/01\/Lavras-TV-720x104px-1-1.png\" alt=\"\"  srcset=\"https:\/\/lavras.tv\/site\/wp-content\/uploads\/2025\/01\/Lavras-TV-720x104px-1-1.png 720w, https:\/\/lavras.tv\/site\/wp-content\/uploads\/2025\/01\/Lavras-TV-720x104px-1-1-470x68.png 470w, https:\/\/lavras.tv\/site\/wp-content\/uploads\/2025\/01\/Lavras-TV-720x104px-1-1-170x25.png 170w, https:\/\/lavras.tv\/site\/wp-content\/uploads\/2025\/01\/Lavras-TV-720x104px-1-1-200x29.png 200w\" sizes=\"(max-width: 720px) 100vw, 720px\" width=\"720\" height=\"104\"  style=\"display: inline-block;\" \/><\/a><\/div><\/li><li><a href=\"https:\/\/sistemas.lavras.mg.gov.br\/portalcidadao\/#df1b1a7c7b2a290bcb31e32771e610784662739a88807c0dacac58ede5f391a7530e299dc302d611ee73cb143fc22eaf93592e53e7b5bdb01b00a0b8d28dae460c141dd2ff83412e4dc1c31b16b25f33144a9e5620ea73b13f5bc1c59411d98439ad226e8af03840603796067d87afe130812cf3de24982d0e306f9e61e764e5\" aria-label=\"Banner_Emprego_PortallavrasTV\"><img src=\"https:\/\/lavras.tv\/site\/wp-content\/uploads\/2025\/03\/Banner_Emprego_PortallavrasTV.png\" alt=\"\"  srcset=\"https:\/\/lavras.tv\/site\/wp-content\/uploads\/2025\/03\/Banner_Emprego_PortallavrasTV.png 720w, https:\/\/lavras.tv\/site\/wp-content\/uploads\/2025\/03\/Banner_Emprego_PortallavrasTV-470x68.png 470w, https:\/\/lavras.tv\/site\/wp-content\/uploads\/2025\/03\/Banner_Emprego_PortallavrasTV-170x25.png 170w, https:\/\/lavras.tv\/site\/wp-content\/uploads\/2025\/03\/Banner_Emprego_PortallavrasTV-200x29.png 200w\" sizes=\"(max-width: 720px) 100vw, 720px\" width=\"720\" height=\"104\"   \/><\/a><\/li><li><a href=\"https:\/\/sistemas.lavras.mg.gov.br\/portalcidadao\/#df1b1a7c7b2a290bcb31e32771e610784662739a88807c0dacac58ede5f391a7530e299dc302d611ee73cb143fc22eaf93592e53e7b5bdb01b00a0b8d28dae460c141dd2ff83412e4dc1c31b16b25f33144a9e5620ea73b13f5bc1c59411d98439ad226e8af03840603796067d87afe130812cf3de24982d0e306f9e61e764e5\" aria-label=\"Banner_Obras_PortallavrasTV\"><img src=\"https:\/\/lavras.tv\/site\/wp-content\/uploads\/2025\/03\/Banner_Obras_PortallavrasTV.png\" alt=\"\"  srcset=\"https:\/\/lavras.tv\/site\/wp-content\/uploads\/2025\/03\/Banner_Obras_PortallavrasTV.png 720w, https:\/\/lavras.tv\/site\/wp-content\/uploads\/2025\/03\/Banner_Obras_PortallavrasTV-470x68.png 470w, https:\/\/lavras.tv\/site\/wp-content\/uploads\/2025\/03\/Banner_Obras_PortallavrasTV-170x25.png 170w, https:\/\/lavras.tv\/site\/wp-content\/uploads\/2025\/03\/Banner_Obras_PortallavrasTV-200x29.png 200w\" sizes=\"(max-width: 720px) 100vw, 720px\" width=\"720\" height=\"104\"   \/><\/a><\/li><li><div style=\"margin-left: auto;margin-right: auto;text-align: center;\" id=\"lavra-3608436741\"><a href=\"https:\/\/sistemas.lavras.mg.gov.br\/portalcidadao\/#df1b1a7c7b2a290bcb31e32771e610784662739a88807c0dacac58ede5f391a7530e299dc302d611ee73cb143fc22eaf93592e53e7b5bdb01b00a0b8d28dae460c141dd2ff83412e4dc1c31b16b25f33144a9e5620ea73b13f5bc1c59411d98439ad226e8af03840603796067d87afe130812cf3de24982d0e306f9e61e764e5\" aria-label=\"Banner_Educa\u00e7\u00e3o_PortallavrasTV\"><img src=\"https:\/\/lavras.tv\/site\/wp-content\/uploads\/2025\/01\/Banner_Educacao_PortallavrasTV.png\" alt=\"\"  srcset=\"https:\/\/lavras.tv\/site\/wp-content\/uploads\/2025\/01\/Banner_Educacao_PortallavrasTV.png 720w, https:\/\/lavras.tv\/site\/wp-content\/uploads\/2025\/01\/Banner_Educacao_PortallavrasTV-470x68.png 470w, https:\/\/lavras.tv\/site\/wp-content\/uploads\/2025\/01\/Banner_Educacao_PortallavrasTV-170x25.png 170w, https:\/\/lavras.tv\/site\/wp-content\/uploads\/2025\/01\/Banner_Educacao_PortallavrasTV-200x29.png 200w\" sizes=\"(max-width: 720px) 100vw, 720px\" width=\"720\" height=\"104\"  style=\"display: inline-block;\" \/><\/a><\/div><\/li><li><a href=\"https:\/\/sistemas.lavras.mg.gov.br\/portalcidadao\/#df1b1a7c7b2a290bcb31e32771e610784662739a88807c0dacac58ede5f391a7530e299dc302d611ee73cb143fc22eaf93592e53e7b5bdb01b00a0b8d28dae460c141dd2ff83412e4dc1c31b16b25f33144a9e5620ea73b13f5bc1c59411d98439ad226e8af03840603796067d87afe130812cf3de24982d0e306f9e61e764e5\" aria-label=\"Banner_Sa\u00fade_PortallavrasTV\"><img src=\"https:\/\/lavras.tv\/site\/wp-content\/uploads\/2025\/03\/Banner_Saude_PortallavrasTV.png\" alt=\"\"  srcset=\"https:\/\/lavras.tv\/site\/wp-content\/uploads\/2025\/03\/Banner_Saude_PortallavrasTV.png 720w, https:\/\/lavras.tv\/site\/wp-content\/uploads\/2025\/03\/Banner_Saude_PortallavrasTV-470x68.png 470w, https:\/\/lavras.tv\/site\/wp-content\/uploads\/2025\/03\/Banner_Saude_PortallavrasTV-170x25.png 170w, https:\/\/lavras.tv\/site\/wp-content\/uploads\/2025\/03\/Banner_Saude_PortallavrasTV-200x29.png 200w\" sizes=\"(max-width: 720px) 100vw, 720px\" width=\"720\" height=\"104\"   \/><\/a><\/li><li><div id=\"lavra-1258217663\" style=\"width:720px;height:104px;background-color:#ddd;overflow:scroll;\">\n\t<strong>Sa\u00edda da depura\u00e7\u00e3o de an\u00fancios<\/strong>\n\t<br><br>\n\tO an\u00fancio n\u00e3o \u00e9 exibido na p\u00e1gina<br><br>post atual: Equipe de Lavras volta a brilhar no basquete mineiro, ID: 17193<br><br><span style=\"color: red;\">O post atual n\u00e3o \u00e9 id\u00eantico ao post principal.<\/span><br><br>An\u00fancios: ROXO - TOPO INTERNA - ROTATIVO 2 (197)<br \/>Grupo de an\u00fancios: Princ_Meio01_720x104 (27)<br><br>Condi\u00e7\u00f5es de exibi\u00e7\u00e3o<div style=\"margin-bottom: 20px; white-space: pre-wrap; font-family: monospace; width: 100%; background: #ffe9e9;\"><strong>condi\u00e7\u00f5es gerais<\/strong><table border=\"1\"><thead><tr><th><\/th><th>An\u00fancios<\/th><th>wp_the_query<\/th><\/tr><\/thead><tr><td>is_main_query<\/td><td>1<\/td><td>1<\/td><\/tr><tr><td>is_rest_api<\/td><td>0<\/td><td>1<\/td><\/tr><tr><td>page<\/td><td>0<\/td><td>1<\/td><\/tr><tr><td>numpages<\/td><td>0<\/td><td>1<\/td><\/tr><tr><td>is_archive<\/td><td>1<\/td><td><\/td><\/tr><tr><td>is_search<\/td><td>1<\/td><td><\/td><\/tr><tr><td>is_home<\/td><td>1<\/td><td><\/td><\/tr><tr><td>is_404<\/td><td>1<\/td><td><\/td><\/tr><tr><td>is_attachment<\/td><td>1<\/td><td><\/td><\/tr><tr><td>is_singular<\/td><td>1<\/td><td><\/td><\/tr><tr><td>is_front_page<\/td><td>1<\/td><td><\/td><\/tr><tr><td>is_feed<\/td><td>1<\/td><td><\/td><\/tr><\/table><\/div><br><br><span style=\"color: red;\">Seu site usa HTTPS, mas o c\u00f3digo do an\u00fancio cont\u00e9m HTTP e pode n\u00e3o funcionar.<\/span>\t<br><br>\n\t<a style=\"color: green;\" href=\"https:\/\/wpadvancedads.com\/manual\/ad-debug-mode\/?utm_source=advanced-ads&utm_medium=link&utm_campaign=ad-debug-mode\" target=\"_blank\" rel=\"nofollow\">Encontre solu\u00e7\u00f5es no manual<\/a>\n<\/div>\n<\/li><\/ul><\/div><script>( window.advanced_ads_ready || jQuery( document ).ready ).call( null, function() {var $lavraslider3279163658 = jQuery( \".lavra-slider-3279163658\" );$lavraslider3279163658.on( \"unslider.ready\", function() { jQuery( \"div.custom-slider ul li\" ).css( \"display\", \"block\" ); });$lavraslider3279163658.unslider({ delay:4000, autoplay:true, nav:false, arrows:false, infinite:true });$lavraslider3279163658.on(\"mouseover\", function() {$lavraslider3279163658.unslider(\"stop\");}).on(\"mouseout\", function() {$lavraslider3279163658.unslider(\"start\");});});<\/script><\/div><p style=\"font-weight: 400;\">Lavras sediou no \u00faltimo final de semana, no gin\u00e1sio da SELT, a primeira etapa do Campeonato Mineiro Sub 13 Feminino \u2013 Regional Sul de Basquete. <!--more-->O campeonato \u00e9 organizado pela Federa\u00e7\u00e3o Mineira de Basketball. O time de Lavras estreou com duas vit\u00f3rias que credenciaram o time a sonhar alto no campeonato. No primeiro confronto, contra a equipe de Tr\u00eas Cora\u00e7\u00f5es, a vit\u00f3ria foi de 55 a 18, e no jogo contra Varginha, 31 x 13. Al\u00e9m de belas jogadas, as atletas lavrenses mostraram grande dom\u00ednio dos fundamentos do esporte e grande esp\u00edrito de equipe.<\/p>\n<p style=\"font-weight: 400;\"><img fetchpriority=\"high\" decoding=\"async\" class=\"alignnone size-full wp-image-17194 aligncenter\" src=\"http:\/\/lavras.tv\/site\/wp-content\/uploads\/2018\/07\/Basquete7geraesNovoHorizonte1.jpeg\" alt=\"Basquete7geraesNovoHorizonte1\" width=\"800\" height=\"600\" srcset=\"https:\/\/lavras.tv\/site\/wp-content\/uploads\/2018\/07\/Basquete7geraesNovoHorizonte1.jpeg 800w, https:\/\/lavras.tv\/site\/wp-content\/uploads\/2018\/07\/Basquete7geraesNovoHorizonte1-150x113.jpeg 150w, https:\/\/lavras.tv\/site\/wp-content\/uploads\/2018\/07\/Basquete7geraesNovoHorizonte1-300x225.jpeg 300w, https:\/\/lavras.tv\/site\/wp-content\/uploads\/2018\/07\/Basquete7geraesNovoHorizonte1-640x480.jpeg 640w\" sizes=\"(max-width: 800px) 100vw, 800px\" \/><\/p>\n<p style=\"font-weight: 400;\">A equipe lavrense chamada \u201cInstituto 7 Gera\u00e7\u00f5es\/Prefeitura de Lavras\u201d \u00e9 treinada pelo t\u00e9cnico Ricardo Pacheco. A atual equipe \u00e9 a mais nova gera\u00e7\u00e3o do projeto Arremesso para um Novo Horizonte, que h\u00e1 mais de 10 anos trabalha o esporte como meio de transforma\u00e7\u00e3o pessoal e social no bairro Novo Horizonte. O projeto, que j\u00e1 foi campe\u00e3o brasileiro, tem ganhado cada dia mais corpo e estrutura. Foi criado em 2017, o Instituto 7 Gera\u00e7\u00f5es, que al\u00e9m do esporte, vai auxiliar os alunos do projeto com acompanhamento socioassistencial, psicol\u00f3gico e educacional. As atividades t\u00eam o apoio e incentivo do Governo Municipal de Lavras.<\/p>\n<p style=\"font-weight: 400;\">A pr\u00f3xima etapa do Campeonato ser\u00e1 no dia 18 de agosto tamb\u00e9m aqui em Lavras. O time da terra dos Ip\u00eas e das Escolas ter\u00e1 um confronto importante contra a cidade de S\u00e3o Louren\u00e7o valendo a lideran\u00e7a do Campeonato.<\/p>\n<p style=\"font-weight: 400;\"><img decoding=\"async\" class=\"alignnone size-full wp-image-17195 aligncenter\" src=\"http:\/\/lavras.tv\/site\/wp-content\/uploads\/2018\/07\/Basquete7geraesNovoHorizonte3.jpeg\" alt=\"Basquete7geraesNovoHorizonte3\" width=\"800\" height=\"600\" srcset=\"https:\/\/lavras.tv\/site\/wp-content\/uploads\/2018\/07\/Basquete7geraesNovoHorizonte3.jpeg 800w, https:\/\/lavras.tv\/site\/wp-content\/uploads\/2018\/07\/Basquete7geraesNovoHorizonte3-150x113.jpeg 150w, https:\/\/lavras.tv\/site\/wp-content\/uploads\/2018\/07\/Basquete7geraesNovoHorizonte3-300x225.jpeg 300w, https:\/\/lavras.tv\/site\/wp-content\/uploads\/2018\/07\/Basquete7geraesNovoHorizonte3-640x480.jpeg 640w\" sizes=\"(max-width: 800px) 100vw, 800px\" \/><\/p>\n<p style=\"font-weight: 400;\">Fonte e fotos: Prefeitura de Lavras<\/p>\n","protected":false},"excerpt":{"rendered":"<p>Lavras sediou no \u00faltimo final de semana, no gin\u00e1sio da SELT, a primeira etapa do Campeonato Mineiro Sub 13 Feminino \u2013 Regional Sul de Basquete.<\/p>\n","protected":false},"author":2,"featured_media":17195,"comment_status":"closed","ping_status":"open","sticky":false,"template":"","format":"standard","meta":{"advgb_blocks_editor_width":"","advgb_blocks_columns_visual_guide":"","_exactmetrics_skip_tracking":false,"_exactmetrics_sitenote_active":false,"_exactmetrics_sitenote_note":"","_exactmetrics_sitenote_category":0,"footnotes":""},"categories":[7,3],"tags":[5031,3529,34,44,3106,5029,5030],"class_list":["post-17193","post","type-post","status-publish","format-standard","has-post-thumbnail","hentry","category-destaques","category-esportes","tag-arremesso-para-um-novo-horizonte","tag-basquete","tag-lavras","tag-lavras-mg","tag-projeto-social","tag-ricardo-pacheco","tag-verde-campo"],"better_featured_image":{"id":17195,"alt_text":"","caption":"","description":"","media_type":"image","media_details":{"width":800,"height":600,"file":"2018\/07\/Basquete7geraesNovoHorizonte3.jpeg","sizes":{"thumbnail":{"file":"Basquete7geraesNovoHorizonte3-150x113.jpeg","width":150,"height":113,"mime-type":"image\/jpeg","source_url":"https:\/\/lavras.tv\/site\/wp-content\/uploads\/2018\/07\/Basquete7geraesNovoHorizonte3-150x113.jpeg"},"medium":{"file":"Basquete7geraesNovoHorizonte3-300x225.jpeg","width":300,"height":225,"mime-type":"image\/jpeg","source_url":"https:\/\/lavras.tv\/site\/wp-content\/uploads\/2018\/07\/Basquete7geraesNovoHorizonte3-300x225.jpeg"},"featured-slider-img":{"file":"Basquete7geraesNovoHorizonte3-640x480.jpeg","width":640,"height":480,"mime-type":"image\/jpeg","source_url":"https:\/\/lavras.tv\/site\/wp-content\/uploads\/2018\/07\/Basquete7geraesNovoHorizonte3-640x480.jpeg"},"featured-post-img":{"file":"Basquete7geraesNovoHorizonte3-480x320.jpeg","width":480,"height":320,"mime-type":"image\/jpeg","source_url":"https:\/\/lavras.tv\/site\/wp-content\/uploads\/2018\/07\/Basquete7geraesNovoHorizonte3-480x320.jpeg"},"sow-carousel-default":{"file":"Basquete7geraesNovoHorizonte3-272x182.jpeg","width":272,"height":182,"mime-type":"image\/jpeg","source_url":"https:\/\/lavras.tv\/site\/wp-content\/uploads\/2018\/07\/Basquete7geraesNovoHorizonte3-272x182.jpeg"}},"image_meta":{"aperture":"0","credit":"","camera":"","caption":"","created_timestamp":"0","copyright":"","focal_length":"0","iso":"0","shutter_speed":"0","title":"","orientation":"0","keywords":[]}},"post":17193,"source_url":"https:\/\/lavras.tv\/site\/wp-content\/uploads\/2018\/07\/Basquete7geraesNovoHorizonte3.jpeg"},"author_meta":{"display_name":"Lavras TV","author_link":"https:\/\/lavras.tv\/site\/author\/lavrastv\/"},"featured_img":"https:\/\/lavras.tv\/site\/wp-content\/uploads\/2018\/07\/Basquete7geraesNovoHorizonte3-300x225.jpeg","coauthors":[],"tax_additional":{"categories":{"linked":["<a href=\"https:\/\/lavras.tv\/site\/category\/destaques\/\" class=\"advgb-post-tax-term\">Destaques<\/a>","<a href=\"https:\/\/lavras.tv\/site\/category\/esportes\/\" class=\"advgb-post-tax-term\">Esportes<\/a>"],"unlinked":["<span class=\"advgb-post-tax-term\">Destaques<\/span>","<span class=\"advgb-post-tax-term\">Esportes<\/span>"]},"tags":{"linked":["<a href=\"https:\/\/lavras.tv\/site\/category\/esportes\/\" class=\"advgb-post-tax-term\">arremesso para um novo horizonte<\/a>","<a href=\"https:\/\/lavras.tv\/site\/category\/esportes\/\" class=\"advgb-post-tax-term\">basquete<\/a>","<a href=\"https:\/\/lavras.tv\/site\/category\/esportes\/\" class=\"advgb-post-tax-term\">lavras<\/a>","<a href=\"https:\/\/lavras.tv\/site\/category\/esportes\/\" class=\"advgb-post-tax-term\">lavras mg<\/a>","<a href=\"https:\/\/lavras.tv\/site\/category\/esportes\/\" class=\"advgb-post-tax-term\">projeto social<\/a>","<a href=\"https:\/\/lavras.tv\/site\/category\/esportes\/\" class=\"advgb-post-tax-term\">Ricardo Pacheco<\/a>","<a href=\"https:\/\/lavras.tv\/site\/category\/esportes\/\" class=\"advgb-post-tax-term\">Verde Campo<\/a>"],"unlinked":["<span class=\"advgb-post-tax-term\">arremesso para um novo horizonte<\/span>","<span class=\"advgb-post-tax-term\">basquete<\/span>","<span class=\"advgb-post-tax-term\">lavras<\/span>","<span class=\"advgb-post-tax-term\">lavras mg<\/span>","<span class=\"advgb-post-tax-term\">projeto social<\/span>","<span class=\"advgb-post-tax-term\">Ricardo Pacheco<\/span>","<span class=\"advgb-post-tax-term\">Verde Campo<\/span>"]}},"comment_count":"0","relative_dates":{"created":"Publicado 8 anos atr\u00e1s","modified":"Atualizado 8 anos atr\u00e1s"},"absolute_dates":{"created":"Publicado em 25 de julho de 2018","modified":"Atualizado em 25 de julho de 2018"},"absolute_dates_time":{"created":"Publicado em 25 de julho de 2018 09:58","modified":"Atualizado em 25 de julho de 2018 09:58"},"featured_img_caption":"","series_order":"","_links":{"self":[{"href":"https:\/\/lavras.tv\/site\/wp-json\/wp\/v2\/posts\/17193","targetHints":{"allow":["GET"]}}],"collection":[{"href":"https:\/\/lavras.tv\/site\/wp-json\/wp\/v2\/posts"}],"about":[{"href":"https:\/\/lavras.tv\/site\/wp-json\/wp\/v2\/types\/post"}],"author":[{"embeddable":true,"href":"https:\/\/lavras.tv\/site\/wp-json\/wp\/v2\/users\/2"}],"replies":[{"embeddable":true,"href":"https:\/\/lavras.tv\/site\/wp-json\/wp\/v2\/comments?post=17193"}],"version-history":[{"count":1,"href":"https:\/\/lavras.tv\/site\/wp-json\/wp\/v2\/posts\/17193\/revisions"}],"predecessor-version":[{"id":17196,"href":"https:\/\/lavras.tv\/site\/wp-json\/wp\/v2\/posts\/17193\/revisions\/17196"}],"wp:featuredmedia":[{"embeddable":true,"href":"https:\/\/lavras.tv\/site\/wp-json\/wp\/v2\/media\/17195"}],"wp:attachment":[{"href":"https:\/\/lavras.tv\/site\/wp-json\/wp\/v2\/media?parent=17193"}],"wp:term":[{"taxonomy":"category","embeddable":true,"href":"https:\/\/lavras.tv\/site\/wp-json\/wp\/v2\/categories?post=17193"},{"taxonomy":"post_tag","embeddable":true,"href":"https:\/\/lavras.tv\/site\/wp-json\/wp\/v2\/tags?post=17193"}],"curies":[{"name":"wp","href":"https:\/\/api.w.org\/{rel}","templated":true}]}}