{"id":1729,"date":"2016-08-22T12:24:34","date_gmt":"2016-08-22T12:24:34","guid":{"rendered":"http:\/\/lavras.tv\/site\/?p=1729"},"modified":"2016-08-22T12:24:34","modified_gmt":"2016-08-22T12:24:34","slug":"e-para-o-brasil-valeu-a-pena-organizar-os-jogos-olimpicos","status":"publish","type":"post","link":"https:\/\/lavras.tv\/site\/2016\/08\/22\/e-para-o-brasil-valeu-a-pena-organizar-os-jogos-olimpicos\/","title":{"rendered":"E para o Brasil, valeu a pena organizar os Jogos Ol\u00edmpicos?"},"content":{"rendered":"<div class=\"lavra-antes-do-conteudo_2\" id=\"lavra-3541219451\"><div id=\"lavra-slider-27\" class=\"custom-slider lavra-slider-1401087150 lavra-slider\"><ul><li><div style=\"margin-left: auto;margin-right: auto;text-align: center;\" id=\"lavra-1283537107\"><a href=\"https:\/\/sistemas.lavras.mg.gov.br\/portalcidadao\/#df1b1a7c7b2a290bcb31e32771e610784662739a88807c0dacac58ede5f391a7530e299dc302d611ee73cb143fc22eaf93592e53e7b5bdb01b00a0b8d28dae460c141dd2ff83412e4dc1c31b16b25f33144a9e5620ea73b13f5bc1c59411d98439ad226e8af03840603796067d87afe130812cf3de24982d0e306f9e61e764e5\" aria-label=\"Lavras-TV&#8211;720x104px (1) (1)\"><img src=\"https:\/\/lavras.tv\/site\/wp-content\/uploads\/2025\/01\/Lavras-TV-720x104px-1-1.png\" alt=\"\"  srcset=\"https:\/\/lavras.tv\/site\/wp-content\/uploads\/2025\/01\/Lavras-TV-720x104px-1-1.png 720w, https:\/\/lavras.tv\/site\/wp-content\/uploads\/2025\/01\/Lavras-TV-720x104px-1-1-470x68.png 470w, https:\/\/lavras.tv\/site\/wp-content\/uploads\/2025\/01\/Lavras-TV-720x104px-1-1-170x25.png 170w, https:\/\/lavras.tv\/site\/wp-content\/uploads\/2025\/01\/Lavras-TV-720x104px-1-1-200x29.png 200w\" sizes=\"(max-width: 720px) 100vw, 720px\" width=\"720\" height=\"104\"  style=\"display: inline-block;\" \/><\/a><\/div><\/li><li><a href=\"https:\/\/sistemas.lavras.mg.gov.br\/portalcidadao\/#df1b1a7c7b2a290bcb31e32771e610784662739a88807c0dacac58ede5f391a7530e299dc302d611ee73cb143fc22eaf93592e53e7b5bdb01b00a0b8d28dae460c141dd2ff83412e4dc1c31b16b25f33144a9e5620ea73b13f5bc1c59411d98439ad226e8af03840603796067d87afe130812cf3de24982d0e306f9e61e764e5\" aria-label=\"Banner_Emprego_PortallavrasTV\"><img src=\"https:\/\/lavras.tv\/site\/wp-content\/uploads\/2025\/03\/Banner_Emprego_PortallavrasTV.png\" alt=\"\"  srcset=\"https:\/\/lavras.tv\/site\/wp-content\/uploads\/2025\/03\/Banner_Emprego_PortallavrasTV.png 720w, https:\/\/lavras.tv\/site\/wp-content\/uploads\/2025\/03\/Banner_Emprego_PortallavrasTV-470x68.png 470w, https:\/\/lavras.tv\/site\/wp-content\/uploads\/2025\/03\/Banner_Emprego_PortallavrasTV-170x25.png 170w, https:\/\/lavras.tv\/site\/wp-content\/uploads\/2025\/03\/Banner_Emprego_PortallavrasTV-200x29.png 200w\" sizes=\"(max-width: 720px) 100vw, 720px\" width=\"720\" height=\"104\"   \/><\/a><\/li><li><a href=\"https:\/\/sistemas.lavras.mg.gov.br\/portalcidadao\/#df1b1a7c7b2a290bcb31e32771e610784662739a88807c0dacac58ede5f391a7530e299dc302d611ee73cb143fc22eaf93592e53e7b5bdb01b00a0b8d28dae460c141dd2ff83412e4dc1c31b16b25f33144a9e5620ea73b13f5bc1c59411d98439ad226e8af03840603796067d87afe130812cf3de24982d0e306f9e61e764e5\" aria-label=\"Banner_Obras_PortallavrasTV\"><img src=\"https:\/\/lavras.tv\/site\/wp-content\/uploads\/2025\/03\/Banner_Obras_PortallavrasTV.png\" alt=\"\"  srcset=\"https:\/\/lavras.tv\/site\/wp-content\/uploads\/2025\/03\/Banner_Obras_PortallavrasTV.png 720w, https:\/\/lavras.tv\/site\/wp-content\/uploads\/2025\/03\/Banner_Obras_PortallavrasTV-470x68.png 470w, https:\/\/lavras.tv\/site\/wp-content\/uploads\/2025\/03\/Banner_Obras_PortallavrasTV-170x25.png 170w, https:\/\/lavras.tv\/site\/wp-content\/uploads\/2025\/03\/Banner_Obras_PortallavrasTV-200x29.png 200w\" sizes=\"(max-width: 720px) 100vw, 720px\" width=\"720\" height=\"104\"   \/><\/a><\/li><li><div style=\"margin-left: auto;margin-right: auto;text-align: center;\" id=\"lavra-3193390774\"><a href=\"https:\/\/sistemas.lavras.mg.gov.br\/portalcidadao\/#df1b1a7c7b2a290bcb31e32771e610784662739a88807c0dacac58ede5f391a7530e299dc302d611ee73cb143fc22eaf93592e53e7b5bdb01b00a0b8d28dae460c141dd2ff83412e4dc1c31b16b25f33144a9e5620ea73b13f5bc1c59411d98439ad226e8af03840603796067d87afe130812cf3de24982d0e306f9e61e764e5\" aria-label=\"Banner_Educa\u00e7\u00e3o_PortallavrasTV\"><img src=\"https:\/\/lavras.tv\/site\/wp-content\/uploads\/2025\/01\/Banner_Educacao_PortallavrasTV.png\" alt=\"\"  srcset=\"https:\/\/lavras.tv\/site\/wp-content\/uploads\/2025\/01\/Banner_Educacao_PortallavrasTV.png 720w, https:\/\/lavras.tv\/site\/wp-content\/uploads\/2025\/01\/Banner_Educacao_PortallavrasTV-470x68.png 470w, https:\/\/lavras.tv\/site\/wp-content\/uploads\/2025\/01\/Banner_Educacao_PortallavrasTV-170x25.png 170w, https:\/\/lavras.tv\/site\/wp-content\/uploads\/2025\/01\/Banner_Educacao_PortallavrasTV-200x29.png 200w\" sizes=\"(max-width: 720px) 100vw, 720px\" width=\"720\" height=\"104\"  style=\"display: inline-block;\" \/><\/a><\/div><\/li><li><a href=\"https:\/\/sistemas.lavras.mg.gov.br\/portalcidadao\/#df1b1a7c7b2a290bcb31e32771e610784662739a88807c0dacac58ede5f391a7530e299dc302d611ee73cb143fc22eaf93592e53e7b5bdb01b00a0b8d28dae460c141dd2ff83412e4dc1c31b16b25f33144a9e5620ea73b13f5bc1c59411d98439ad226e8af03840603796067d87afe130812cf3de24982d0e306f9e61e764e5\" aria-label=\"Banner_Sa\u00fade_PortallavrasTV\"><img src=\"https:\/\/lavras.tv\/site\/wp-content\/uploads\/2025\/03\/Banner_Saude_PortallavrasTV.png\" alt=\"\"  srcset=\"https:\/\/lavras.tv\/site\/wp-content\/uploads\/2025\/03\/Banner_Saude_PortallavrasTV.png 720w, https:\/\/lavras.tv\/site\/wp-content\/uploads\/2025\/03\/Banner_Saude_PortallavrasTV-470x68.png 470w, https:\/\/lavras.tv\/site\/wp-content\/uploads\/2025\/03\/Banner_Saude_PortallavrasTV-170x25.png 170w, https:\/\/lavras.tv\/site\/wp-content\/uploads\/2025\/03\/Banner_Saude_PortallavrasTV-200x29.png 200w\" sizes=\"(max-width: 720px) 100vw, 720px\" width=\"720\" height=\"104\"   \/><\/a><\/li><li><div id=\"lavra-3784339529\" style=\"width:720px;height:104px;background-color:#ddd;overflow:scroll;\">\n\t<strong>Sa\u00edda da depura\u00e7\u00e3o de an\u00fancios<\/strong>\n\t<br><br>\n\tO an\u00fancio n\u00e3o \u00e9 exibido na p\u00e1gina<br><br>post atual: E para o Brasil, valeu a pena organizar os Jogos Ol\u00edmpicos?, ID: 1729<br><br><span style=\"color: red;\">O post atual n\u00e3o \u00e9 id\u00eantico ao post principal.<\/span><br><br>An\u00fancios: ROXO - TOPO INTERNA - ROTATIVO 2 (197)<br \/>Grupo de an\u00fancios: Princ_Meio01_720x104 (27)<br><br>Condi\u00e7\u00f5es de exibi\u00e7\u00e3o<div style=\"margin-bottom: 20px; white-space: pre-wrap; font-family: monospace; width: 100%; background: #ffe9e9;\"><strong>condi\u00e7\u00f5es gerais<\/strong><table border=\"1\"><thead><tr><th><\/th><th>An\u00fancios<\/th><th>wp_the_query<\/th><\/tr><\/thead><tr><td>is_main_query<\/td><td>1<\/td><td>1<\/td><\/tr><tr><td>is_rest_api<\/td><td>0<\/td><td>1<\/td><\/tr><tr><td>page<\/td><td>0<\/td><td>1<\/td><\/tr><tr><td>numpages<\/td><td>0<\/td><td>1<\/td><\/tr><tr><td>is_archive<\/td><td>1<\/td><td><\/td><\/tr><tr><td>is_search<\/td><td>1<\/td><td><\/td><\/tr><tr><td>is_home<\/td><td>1<\/td><td><\/td><\/tr><tr><td>is_404<\/td><td>1<\/td><td><\/td><\/tr><tr><td>is_attachment<\/td><td>1<\/td><td><\/td><\/tr><tr><td>is_singular<\/td><td>1<\/td><td><\/td><\/tr><tr><td>is_front_page<\/td><td>1<\/td><td><\/td><\/tr><tr><td>is_feed<\/td><td>1<\/td><td><\/td><\/tr><\/table><\/div><br><br><span style=\"color: red;\">Seu site usa HTTPS, mas o c\u00f3digo do an\u00fancio cont\u00e9m HTTP e pode n\u00e3o funcionar.<\/span>\t<br><br>\n\t<a style=\"color: green;\" href=\"https:\/\/wpadvancedads.com\/manual\/ad-debug-mode\/?utm_source=advanced-ads&utm_medium=link&utm_campaign=ad-debug-mode\" target=\"_blank\" rel=\"nofollow\">Encontre solu\u00e7\u00f5es no manual<\/a>\n<\/div>\n<\/li><\/ul><\/div><script>( window.advanced_ads_ready || jQuery( document ).ready ).call( null, function() {var $lavraslider1401087150 = jQuery( \".lavra-slider-1401087150\" );$lavraslider1401087150.on( \"unslider.ready\", function() { jQuery( \"div.custom-slider ul li\" ).css( \"display\", \"block\" ); });$lavraslider1401087150.unslider({ delay:4000, autoplay:true, nav:false, arrows:false, infinite:true });$lavraslider1401087150.on(\"mouseover\", function() {$lavraslider1401087150.unslider(\"stop\");}).on(\"mouseout\", function() {$lavraslider1401087150.unslider(\"start\");});});<\/script><\/div><p>Com o fim dos Jogos Ol\u00edmpicos, o Brasil encerra um cap\u00edtulo de sua hist\u00f3ria no qual mostrou ao mundo que \u00e9 capaz de organizar os maiores eventos esportivos do planeta. Mas o enorme esfor\u00e7o valeu a pena?<\/p>\n<p>A esperan\u00e7a deu lugar a um sabor agridoce com as grandes manifesta\u00e7\u00f5es de rua de 2013 contra a corrup\u00e7\u00e3o e com os gastos da Copa do Mundo de Futebol de 2014, que poderiam ter sido empregados em sa\u00fade, educa\u00e7\u00e3o e transporte p\u00fablico, de p\u00e9ssima qualidade.<\/p>\n<p>E a tempestade perfeita, que aumentou desde ent\u00e3o, desabou plenamente sobre o Brasil em 2016, em plena prepara\u00e7\u00e3o para os Jogos, sob os holofotes do mundo inteiro: crise pol\u00edtica e recess\u00e3o econ\u00f4mica hist\u00f3ricas, desemprego recorde e um colossal esc\u00e2ndalo de corrup\u00e7\u00e3o em sua empresa estatal mais prestigiosa, a Petrobras.<\/p>\n<p><img fetchpriority=\"high\" decoding=\"async\" class=\"alignnone size-full wp-image-1730\" src=\"http:\/\/lavras.tv\/site\/wp-content\/uploads\/2016\/08\/encerramento.jpg\" alt=\"encerramento\" width=\"780\" height=\"450\" srcset=\"https:\/\/lavras.tv\/site\/wp-content\/uploads\/2016\/08\/encerramento.jpg 780w, https:\/\/lavras.tv\/site\/wp-content\/uploads\/2016\/08\/encerramento-150x87.jpg 150w, https:\/\/lavras.tv\/site\/wp-content\/uploads\/2016\/08\/encerramento-300x173.jpg 300w\" sizes=\"(max-width: 780px) 100vw, 780px\" \/><\/p>\n<p><strong>A cortina caiu. O que resta para o Rio de Janeiro, para o pa\u00eds inteiro?<\/strong><\/p>\n<p>&#8220;O maior legado dos Jogos foi a festa para o povo carioca, que jamais se esquecer\u00e1 destes dias&#8221;, declarou Juca Kfouri, um dos maiores analistas esportivos do Brasil.<\/p>\n<p>Mas &#8220;a conta a pagar ser\u00e1 alt\u00edssima&#8221;, lamentou em declara\u00e7\u00f5es \u00e0 AFP.<\/p>\n<p>&#8220;Espero que tenha servido tamb\u00e9m para educar um pouco a torcida brasileira, mas acredito que n\u00e3o&#8221;, acrescentou em refer\u00eancia ao h\u00e1bito de seus compatriotas de assobiar e vaiar atletas estrangeiros em plena competi\u00e7\u00e3o ou no momento de cantar seu hino nacional ou receber medalhas, como se fosse no futebol.<\/p>\n<p>&nbsp;<\/p>\n<p><strong>Um sabor amargo<\/strong><\/p>\n<p>Ficaram para tr\u00e1s os gloriosos dias cheios de possibilidades e de autoconfian\u00e7a de 2009, quando milhares de cariocas explodiram de alegria na praia de Copacabana em meio a uma chuva de confete ao ver em um tel\u00e3o o Rio ser escolhido a primeira sede dos Jogos Ol\u00edmpicos na Am\u00e9rica do Sul.<\/p>\n<p>Na televis\u00e3o, viram como o ent\u00e3o presidente Lula chorava e abra\u00e7ava Pel\u00e9 em Copenhague, envolto na bandeira verde e amarela. O menino analfabeto que engraxava sapatos na rua, que se tornou trabalhador metal\u00fargico, l\u00edder sindical, inimigo da ditadura e presidente em sua quarta tentativa havia conseguido o que ningu\u00e9m jamais alcan\u00e7ou.<\/p>\n<p>Mas atualmente um clima de pessimismo paira sobre o pa\u00eds. O homem que ocupa o cargo presidencial em Bras\u00edlia, Michel Temer, n\u00e3o foi eleito nas urnas e muitos brasileiros o consideram ileg\u00edtimo.<\/p>\n<p>O Senado iniciar\u00e1 nesta quinta-feira a etapa final do impeachment da impopular presidente Dilma Rousseff, sucessora de Lula e acusada de maquiar as contas p\u00fablicas. Suspensa desde maio, tudo indica que ser\u00e1 destitu\u00edda no final do m\u00eas e que Temer, seu ex-vice que se tornou seu arqui-inimigo &#8211; e t\u00e3o impopular quanto ela &#8211; governar\u00e1 at\u00e9 1\u00ba de janeiro de 2019.<\/p>\n<p>A procuradoria suspeita que Lula teve um papel-chave na mega fraude na Petrobras, que j\u00e1 levou \u00e0 pris\u00e3o grandes figuras do Partido dos Trabalhadores (PT) e alguns dos maiores empres\u00e1rios do pa\u00eds.<\/p>\n<p>&#8220;Para n\u00f3s como brasileiros \u00e9 um orgulho ser sede das Olimp\u00edadas, mas este \u00e9 um momento muito triste da hist\u00f3ria que vai ficar marcado para sempre&#8221;, disse Fernanda Corezola, uma funcion\u00e1ria p\u00fablica que viajou de Porto Alegre para ver os Jogos.<\/p>\n<p>&nbsp;<\/p>\n<p><strong>Mais transporte<\/strong><\/p>\n<p>Para 2017, o governo do Rio estima que 63% da popula\u00e7\u00e3o utilizar\u00e1 o transporte p\u00fablico (contra apenas 17% em 2009) ap\u00f3s a constru\u00e7\u00e3o da nova linha do metr\u00f4 de 16 km, de 156 km de corredores de \u00f4nibus expressos (BRT) e de 28 km de trilhos para o VLT.<\/p>\n<p>&#8220;O transporte \u00e9 o maior legado dos Jogos por volume de investimento e por quantidade de pessoas beneficiadas&#8221;, disse \u00e1 AFP Rafael Picciani, n\u00famero dois da prefeitura.<\/p>\n<p>Os habitantes se queixam, contudo, de que os \u00f4nibus ficam lotados e s\u00e3o insuficientes, e da falta de transporte e outros servi\u00e7os, como saneamento, em muitas zonas pobres. A espetacular Ba\u00eda de Guanabara, que as autoridades prometeram despoluir para os Jogos, continua suja.<\/p>\n<p>Embora as autoridades insistam que foi uma Olimp\u00edada barata, organizada com 60% de capital privado, muitos pensam como Guilherme Dias, professor de uma escola carente do Rio. &#8220;Esta festa de obras superfaturadas n\u00e3o foi feita para o povo, os eventos s\u00e3o distantes de onde a popula\u00e7\u00e3o carente vive e dividiu a cidade entre ricos e pobres&#8221;, disse.<\/p>\n<p>A paisagem do centro, pelo menos, melhorou: uma ca\u00f3tica avenida pertence agora aos pedestres e por ela passa um silencioso VLT que parte do aeroporto dom\u00e9stico Santos Dumont. Outra antiquada avenida que rodeava o porto foi transformada em um atrativo passeio com dois novos museus.<\/p>\n<p>&#8220;Os Jogos Ol\u00edmpicos serviram de catalizador para o desenvolvimento do Rio de Janeiro. N\u00e3o acredito que algu\u00e9m esteja em desacordo que todas essas melhorias em infraestruturas eram necess\u00e1rias e criaram milhares e milhares de postos de trabalho&#8221;, avaliou Thomas Bach, presidente do Comit\u00ea Ol\u00edmpico Internacional (COI).<\/p>\n<p>Mas para muitos cariocas pobres &#8211; um ter\u00e7o da popula\u00e7\u00e3o de seis milh\u00f5es vive em favelas &#8211; pouco ou nada mudou. A end\u00eamica viol\u00eancia continua, apesar da ocupa\u00e7\u00e3o policial de v\u00e1rias dessas comunidades carentes. Uma m\u00e9dia de quase cinco cariocas tem uma morte violenta por dia, \u00e0s vezes pelas m\u00e3os da pol\u00edcia, \u00e0s vezes dos narcotraficantes.<\/p>\n<p>&nbsp;<\/p>\n<p>Fonte: O Tempo<\/p>\n","protected":false},"excerpt":{"rendered":"<p>Com o fim dos Jogos Ol\u00edmpicos, o Brasil encerra um cap\u00edtulo de sua hist\u00f3ria no qual mostrou ao mundo que \u00e9 capaz de organizar os maiores eventos esportivos do planeta. Mas o enorme esfor\u00e7o valeu a pena? A esperan\u00e7a deu lugar a um sabor agridoce com as grandes manifesta\u00e7\u00f5es de rua de 2013 contra a [&hellip;]<\/p>\n","protected":false},"author":2,"featured_media":1730,"comment_status":"closed","ping_status":"open","sticky":false,"template":"","format":"standard","meta":{"advgb_blocks_editor_width":"","advgb_blocks_columns_visual_guide":"","_exactmetrics_skip_tracking":false,"_exactmetrics_sitenote_active":false,"_exactmetrics_sitenote_note":"","_exactmetrics_sitenote_category":0,"footnotes":""},"categories":[3],"tags":[],"class_list":["post-1729","post","type-post","status-publish","format-standard","has-post-thumbnail","hentry","category-esportes"],"better_featured_image":{"id":1730,"alt_text":"","caption":"","description":"","media_type":"image","media_details":{"width":780,"height":450,"file":"2016\/08\/encerramento.jpg","sizes":{"thumbnail":{"file":"encerramento-150x87.jpg","width":150,"height":87,"mime-type":"image\/jpeg","source_url":"https:\/\/lavras.tv\/site\/wp-content\/uploads\/2016\/08\/encerramento-150x87.jpg"},"medium":{"file":"encerramento-300x173.jpg","width":300,"height":173,"mime-type":"image\/jpeg","source_url":"https:\/\/lavras.tv\/site\/wp-content\/uploads\/2016\/08\/encerramento-300x173.jpg"},"featured-slider-img":{"file":"encerramento-640x450.jpg","width":640,"height":450,"mime-type":"image\/jpeg","source_url":"https:\/\/lavras.tv\/site\/wp-content\/uploads\/2016\/08\/encerramento-640x450.jpg"},"featured-post-img":{"file":"encerramento-480x320.jpg","width":480,"height":320,"mime-type":"image\/jpeg","source_url":"https:\/\/lavras.tv\/site\/wp-content\/uploads\/2016\/08\/encerramento-480x320.jpg"},"sow-carousel-default":{"file":"encerramento-272x182.jpg","width":272,"height":182,"mime-type":"image\/jpeg","source_url":"https:\/\/lavras.tv\/site\/wp-content\/uploads\/2016\/08\/encerramento-272x182.jpg"}},"image_meta":{"aperture":"0","credit":"","camera":"","caption":"","created_timestamp":"0","copyright":"","focal_length":"0","iso":"0","shutter_speed":"0","title":"","orientation":"0","keywords":[]}},"post":1729,"source_url":"https:\/\/lavras.tv\/site\/wp-content\/uploads\/2016\/08\/encerramento.jpg"},"author_meta":{"display_name":"Lavras TV","author_link":"https:\/\/lavras.tv\/site\/author\/lavrastv\/"},"featured_img":"https:\/\/lavras.tv\/site\/wp-content\/uploads\/2016\/08\/encerramento-300x173.jpg","coauthors":[],"tax_additional":{"categories":{"linked":["<a href=\"https:\/\/lavras.tv\/site\/category\/esportes\/\" class=\"advgb-post-tax-term\">Esportes<\/a>"],"unlinked":["<span class=\"advgb-post-tax-term\">Esportes<\/span>"]}},"comment_count":"0","relative_dates":{"created":"Publicado 10 anos atr\u00e1s","modified":"Atualizado 10 anos atr\u00e1s"},"absolute_dates":{"created":"Publicado em 22 de agosto de 2016","modified":"Atualizado em 22 de agosto de 2016"},"absolute_dates_time":{"created":"Publicado em 22 de agosto de 2016 12:24","modified":"Atualizado em 22 de agosto de 2016 12:24"},"featured_img_caption":"","series_order":"","_links":{"self":[{"href":"https:\/\/lavras.tv\/site\/wp-json\/wp\/v2\/posts\/1729","targetHints":{"allow":["GET"]}}],"collection":[{"href":"https:\/\/lavras.tv\/site\/wp-json\/wp\/v2\/posts"}],"about":[{"href":"https:\/\/lavras.tv\/site\/wp-json\/wp\/v2\/types\/post"}],"author":[{"embeddable":true,"href":"https:\/\/lavras.tv\/site\/wp-json\/wp\/v2\/users\/2"}],"replies":[{"embeddable":true,"href":"https:\/\/lavras.tv\/site\/wp-json\/wp\/v2\/comments?post=1729"}],"version-history":[{"count":1,"href":"https:\/\/lavras.tv\/site\/wp-json\/wp\/v2\/posts\/1729\/revisions"}],"predecessor-version":[{"id":1731,"href":"https:\/\/lavras.tv\/site\/wp-json\/wp\/v2\/posts\/1729\/revisions\/1731"}],"wp:featuredmedia":[{"embeddable":true,"href":"https:\/\/lavras.tv\/site\/wp-json\/wp\/v2\/media\/1730"}],"wp:attachment":[{"href":"https:\/\/lavras.tv\/site\/wp-json\/wp\/v2\/media?parent=1729"}],"wp:term":[{"taxonomy":"category","embeddable":true,"href":"https:\/\/lavras.tv\/site\/wp-json\/wp\/v2\/categories?post=1729"},{"taxonomy":"post_tag","embeddable":true,"href":"https:\/\/lavras.tv\/site\/wp-json\/wp\/v2\/tags?post=1729"}],"curies":[{"name":"wp","href":"https:\/\/api.w.org\/{rel}","templated":true}]}}