{"id":17295,"date":"2018-08-02T09:19:33","date_gmt":"2018-08-02T12:19:33","guid":{"rendered":"http:\/\/lavras.tv\/site\/?p=17295"},"modified":"2018-08-02T09:19:49","modified_gmt":"2018-08-02T12:19:49","slug":"psb-retira-candidatura-de-marcio-lacerda-ao-governo-de-mg","status":"publish","type":"post","link":"https:\/\/lavras.tv\/site\/2018\/08\/02\/psb-retira-candidatura-de-marcio-lacerda-ao-governo-de-mg\/","title":{"rendered":"PSB retira candidatura de M\u00e1rcio Lacerda ao governo de MG"},"content":{"rendered":"<div class=\"lavra-antes-do-conteudo_2\" id=\"lavra-4249503933\"><div id=\"lavra-slider-27\" class=\"custom-slider lavra-slider-1713259204 lavra-slider\"><ul><li><div style=\"margin-left: auto;margin-right: auto;text-align: center;\" id=\"lavra-1644370106\"><a href=\"https:\/\/sistemas.lavras.mg.gov.br\/portalcidadao\/#df1b1a7c7b2a290bcb31e32771e610784662739a88807c0dacac58ede5f391a7530e299dc302d611ee73cb143fc22eaf93592e53e7b5bdb01b00a0b8d28dae460c141dd2ff83412e4dc1c31b16b25f33144a9e5620ea73b13f5bc1c59411d98439ad226e8af03840603796067d87afe130812cf3de24982d0e306f9e61e764e5\" aria-label=\"Lavras-TV&#8211;720x104px (1) (1)\"><img src=\"https:\/\/lavras.tv\/site\/wp-content\/uploads\/2025\/01\/Lavras-TV-720x104px-1-1.png\" alt=\"\"  srcset=\"https:\/\/lavras.tv\/site\/wp-content\/uploads\/2025\/01\/Lavras-TV-720x104px-1-1.png 720w, https:\/\/lavras.tv\/site\/wp-content\/uploads\/2025\/01\/Lavras-TV-720x104px-1-1-470x68.png 470w, https:\/\/lavras.tv\/site\/wp-content\/uploads\/2025\/01\/Lavras-TV-720x104px-1-1-170x25.png 170w, https:\/\/lavras.tv\/site\/wp-content\/uploads\/2025\/01\/Lavras-TV-720x104px-1-1-200x29.png 200w\" sizes=\"(max-width: 720px) 100vw, 720px\" width=\"720\" height=\"104\"  style=\"display: inline-block;\" \/><\/a><\/div><\/li><li><a href=\"https:\/\/sistemas.lavras.mg.gov.br\/portalcidadao\/#df1b1a7c7b2a290bcb31e32771e610784662739a88807c0dacac58ede5f391a7530e299dc302d611ee73cb143fc22eaf93592e53e7b5bdb01b00a0b8d28dae460c141dd2ff83412e4dc1c31b16b25f33144a9e5620ea73b13f5bc1c59411d98439ad226e8af03840603796067d87afe130812cf3de24982d0e306f9e61e764e5\" aria-label=\"Banner_Emprego_PortallavrasTV\"><img src=\"https:\/\/lavras.tv\/site\/wp-content\/uploads\/2025\/03\/Banner_Emprego_PortallavrasTV.png\" alt=\"\"  srcset=\"https:\/\/lavras.tv\/site\/wp-content\/uploads\/2025\/03\/Banner_Emprego_PortallavrasTV.png 720w, https:\/\/lavras.tv\/site\/wp-content\/uploads\/2025\/03\/Banner_Emprego_PortallavrasTV-470x68.png 470w, https:\/\/lavras.tv\/site\/wp-content\/uploads\/2025\/03\/Banner_Emprego_PortallavrasTV-170x25.png 170w, https:\/\/lavras.tv\/site\/wp-content\/uploads\/2025\/03\/Banner_Emprego_PortallavrasTV-200x29.png 200w\" sizes=\"(max-width: 720px) 100vw, 720px\" width=\"720\" height=\"104\"   \/><\/a><\/li><li><a href=\"https:\/\/sistemas.lavras.mg.gov.br\/portalcidadao\/#df1b1a7c7b2a290bcb31e32771e610784662739a88807c0dacac58ede5f391a7530e299dc302d611ee73cb143fc22eaf93592e53e7b5bdb01b00a0b8d28dae460c141dd2ff83412e4dc1c31b16b25f33144a9e5620ea73b13f5bc1c59411d98439ad226e8af03840603796067d87afe130812cf3de24982d0e306f9e61e764e5\" aria-label=\"Banner_Obras_PortallavrasTV\"><img src=\"https:\/\/lavras.tv\/site\/wp-content\/uploads\/2025\/03\/Banner_Obras_PortallavrasTV.png\" alt=\"\"  srcset=\"https:\/\/lavras.tv\/site\/wp-content\/uploads\/2025\/03\/Banner_Obras_PortallavrasTV.png 720w, https:\/\/lavras.tv\/site\/wp-content\/uploads\/2025\/03\/Banner_Obras_PortallavrasTV-470x68.png 470w, https:\/\/lavras.tv\/site\/wp-content\/uploads\/2025\/03\/Banner_Obras_PortallavrasTV-170x25.png 170w, https:\/\/lavras.tv\/site\/wp-content\/uploads\/2025\/03\/Banner_Obras_PortallavrasTV-200x29.png 200w\" sizes=\"(max-width: 720px) 100vw, 720px\" width=\"720\" height=\"104\"   \/><\/a><\/li><li><div style=\"margin-left: auto;margin-right: auto;text-align: center;\" id=\"lavra-2780297576\"><a href=\"https:\/\/sistemas.lavras.mg.gov.br\/portalcidadao\/#df1b1a7c7b2a290bcb31e32771e610784662739a88807c0dacac58ede5f391a7530e299dc302d611ee73cb143fc22eaf93592e53e7b5bdb01b00a0b8d28dae460c141dd2ff83412e4dc1c31b16b25f33144a9e5620ea73b13f5bc1c59411d98439ad226e8af03840603796067d87afe130812cf3de24982d0e306f9e61e764e5\" aria-label=\"Banner_Educa\u00e7\u00e3o_PortallavrasTV\"><img src=\"https:\/\/lavras.tv\/site\/wp-content\/uploads\/2025\/01\/Banner_Educacao_PortallavrasTV.png\" alt=\"\"  srcset=\"https:\/\/lavras.tv\/site\/wp-content\/uploads\/2025\/01\/Banner_Educacao_PortallavrasTV.png 720w, https:\/\/lavras.tv\/site\/wp-content\/uploads\/2025\/01\/Banner_Educacao_PortallavrasTV-470x68.png 470w, https:\/\/lavras.tv\/site\/wp-content\/uploads\/2025\/01\/Banner_Educacao_PortallavrasTV-170x25.png 170w, https:\/\/lavras.tv\/site\/wp-content\/uploads\/2025\/01\/Banner_Educacao_PortallavrasTV-200x29.png 200w\" sizes=\"(max-width: 720px) 100vw, 720px\" width=\"720\" height=\"104\"  style=\"display: inline-block;\" \/><\/a><\/div><\/li><li><a href=\"https:\/\/sistemas.lavras.mg.gov.br\/portalcidadao\/#df1b1a7c7b2a290bcb31e32771e610784662739a88807c0dacac58ede5f391a7530e299dc302d611ee73cb143fc22eaf93592e53e7b5bdb01b00a0b8d28dae460c141dd2ff83412e4dc1c31b16b25f33144a9e5620ea73b13f5bc1c59411d98439ad226e8af03840603796067d87afe130812cf3de24982d0e306f9e61e764e5\" aria-label=\"Banner_Sa\u00fade_PortallavrasTV\"><img src=\"https:\/\/lavras.tv\/site\/wp-content\/uploads\/2025\/03\/Banner_Saude_PortallavrasTV.png\" alt=\"\"  srcset=\"https:\/\/lavras.tv\/site\/wp-content\/uploads\/2025\/03\/Banner_Saude_PortallavrasTV.png 720w, https:\/\/lavras.tv\/site\/wp-content\/uploads\/2025\/03\/Banner_Saude_PortallavrasTV-470x68.png 470w, https:\/\/lavras.tv\/site\/wp-content\/uploads\/2025\/03\/Banner_Saude_PortallavrasTV-170x25.png 170w, https:\/\/lavras.tv\/site\/wp-content\/uploads\/2025\/03\/Banner_Saude_PortallavrasTV-200x29.png 200w\" sizes=\"(max-width: 720px) 100vw, 720px\" width=\"720\" height=\"104\"   \/><\/a><\/li><li><div id=\"lavra-329112641\" style=\"width:720px;height:104px;background-color:#ddd;overflow:scroll;\">\n\t<strong>Sa\u00edda da depura\u00e7\u00e3o de an\u00fancios<\/strong>\n\t<br><br>\n\tO an\u00fancio n\u00e3o \u00e9 exibido na p\u00e1gina<br><br>post atual: PSB retira candidatura de M\u00e1rcio Lacerda ao governo de MG, ID: 17295<br><br><span style=\"color: red;\">O post atual n\u00e3o \u00e9 id\u00eantico ao post principal.<\/span><br><br>An\u00fancios: ROXO - TOPO INTERNA - ROTATIVO 2 (197)<br \/>Grupo de an\u00fancios: Princ_Meio01_720x104 (27)<br><br>Condi\u00e7\u00f5es de exibi\u00e7\u00e3o<div style=\"margin-bottom: 20px; white-space: pre-wrap; font-family: monospace; width: 100%; background: #ffe9e9;\"><strong>condi\u00e7\u00f5es gerais<\/strong><table border=\"1\"><thead><tr><th><\/th><th>An\u00fancios<\/th><th>wp_the_query<\/th><\/tr><\/thead><tr><td>is_main_query<\/td><td>1<\/td><td>1<\/td><\/tr><tr><td>is_rest_api<\/td><td>0<\/td><td>1<\/td><\/tr><tr><td>page<\/td><td>0<\/td><td>1<\/td><\/tr><tr><td>numpages<\/td><td>0<\/td><td>1<\/td><\/tr><tr><td>is_archive<\/td><td>1<\/td><td><\/td><\/tr><tr><td>is_search<\/td><td>1<\/td><td><\/td><\/tr><tr><td>is_home<\/td><td>1<\/td><td><\/td><\/tr><tr><td>is_404<\/td><td>1<\/td><td><\/td><\/tr><tr><td>is_attachment<\/td><td>1<\/td><td><\/td><\/tr><tr><td>is_singular<\/td><td>1<\/td><td><\/td><\/tr><tr><td>is_front_page<\/td><td>1<\/td><td><\/td><\/tr><tr><td>is_feed<\/td><td>1<\/td><td><\/td><\/tr><\/table><\/div><br><br><span style=\"color: red;\">Seu site usa HTTPS, mas o c\u00f3digo do an\u00fancio cont\u00e9m HTTP e pode n\u00e3o funcionar.<\/span>\t<br><br>\n\t<a style=\"color: green;\" href=\"https:\/\/wpadvancedads.com\/manual\/ad-debug-mode\/?utm_source=advanced-ads&utm_medium=link&utm_campaign=ad-debug-mode\" target=\"_blank\" rel=\"nofollow\">Encontre solu\u00e7\u00f5es no manual<\/a>\n<\/div>\n<\/li><\/ul><\/div><script>( window.advanced_ads_ready || jQuery( document ).ready ).call( null, function() {var $lavraslider1713259204 = jQuery( \".lavra-slider-1713259204\" );$lavraslider1713259204.on( \"unslider.ready\", function() { jQuery( \"div.custom-slider ul li\" ).css( \"display\", \"block\" ); });$lavraslider1713259204.unslider({ delay:4000, autoplay:true, nav:false, arrows:false, infinite:true });$lavraslider1713259204.on(\"mouseover\", function() {$lavraslider1713259204.unslider(\"stop\");}).on(\"mouseout\", function() {$lavraslider1713259204.unslider(\"start\");});});<\/script><\/div><p>O ex-prefeito de Belo Horizonte, Marcio Lacerda, n\u00e3o \u00e9 mais pr\u00e9-candidato ao governo de Minas nas elei\u00e7\u00f5es de outubro. <!--more-->A decis\u00e3o foi tomada nesta quarta-feira ap\u00f3s o PSB fechar acordo nacional para apoiar o PT.<\/p>\n<p>Depois do encontro nacional em Pernambuco, o presidente nacional do PSB, Carlos Siqueira, veio a Belo Horizonte para se reunir com Lacerda e com o presidente estadual do partido, Jo\u00e3o Marcos Grossi Lobo Martins. Ap\u00f3s conversas, ficou definida a retirada da candidatura pr\u00f3pria.<\/p>\n<figure id=\"attachment_17296\" aria-describedby=\"caption-attachment-17296\" style=\"width: 650px\" class=\"wp-caption aligncenter\"><img fetchpriority=\"high\" decoding=\"async\" class=\"size-full wp-image-17296\" src=\"http:\/\/lavras.tv\/site\/wp-content\/uploads\/2018\/08\/marcio-lacerda.jpg\" alt=\"Divulga\u00e7\u00e3o - PBH\" width=\"650\" height=\"437\" srcset=\"https:\/\/lavras.tv\/site\/wp-content\/uploads\/2018\/08\/marcio-lacerda.jpg 650w, https:\/\/lavras.tv\/site\/wp-content\/uploads\/2018\/08\/marcio-lacerda-150x101.jpg 150w, https:\/\/lavras.tv\/site\/wp-content\/uploads\/2018\/08\/marcio-lacerda-300x202.jpg 300w, https:\/\/lavras.tv\/site\/wp-content\/uploads\/2018\/08\/marcio-lacerda-272x182.jpg 272w\" sizes=\"(max-width: 650px) 100vw, 650px\" \/><figcaption id=\"caption-attachment-17296\" class=\"wp-caption-text\">Divulga\u00e7\u00e3o &#8211; PBH<\/figcaption><\/figure>\n<p>Em comunicado divulgado horas ap\u00f3s a confirma\u00e7\u00e3o da retirada de sua candidatura, Marcio Lacerda disse ter recebido a informa\u00e7\u00e3o &#8220;com indigna\u00e7\u00e3o, perplexidade, revolta e desprezo&#8221;\u00a0<em>(leia a \u00edntegra da carta ao fim da mat\u00e9ria)<\/em>.<\/p>\n<p>\u00c9 esperada, agora, a decis\u00e3o do PSB mineiro de apoiar Fernando Pimentel, candidato do PT, ao governo estadual.<\/p>\n<p>Em nota, a diretoria estadual do PSB diz ser contr\u00e1ria \u00e0 decis\u00e3o, mas que vai respeitar o que foi definido pela executiva nacional do partido.<\/p>\n<p>A princ\u00edpio, Marcio Lacerda n\u00e3o se candidatar\u00e1 a nenhum cargo. Na carta, o\u00a0ex-prefeito de BH se negou a disputar uma vaga ao\u00a0Senado. &#8220;A mim foi oferecida, como alternativa \u00e0 candidatura ao governo do Estado, a candidatura ao Senado em uma composi\u00e7\u00e3o com o Partido dos Trabalhadores, sugest\u00e3o com a qual prontamente discordei&#8221;, afirmou.<\/p>\n<p><strong>Confira a \u00edntegra da carta divulgada por Marcio Larceda:<\/strong><\/p>\n<p><em>Carta aos Mineiros<\/em><\/p>\n<p><em>Desde o ano passado, tenho percorrido todo o Estado para construir uma alternativa vi\u00e1vel e concreta para enfrentar os problemas graves e s\u00e9rios de Minas Gerais. Nesta minha caminhada, a qual chamei de peregrina\u00e7\u00e3o de aprendizado, minha prioridade era pedir a aten\u00e7\u00e3o das pessoas, para conversarmos sobre o que os mineiros queriam para as suas vidas, suas ang\u00fastias e sonhos para as suas fam\u00edlias e para o Estado. Procurei conversar com todos os segmentos da popula\u00e7\u00e3o para apresentar ao povo mineiro solu\u00e7\u00f5es para garantir a esperan\u00e7a de novos tempos para o nosso Estado.<\/em><\/p>\n<p><em>Fui extremamente transparente e sincero com as pessoas. A exemplo do pa\u00eds, a situa\u00e7\u00e3o de Minas Gerais est\u00e1 extremamente grave. O buraco est\u00e1 bem mais embaixo do que a maioria da popula\u00e7\u00e3o pensa. Como \u00e9 do meu jeito, e a maioria das pessoas que me conhece sabe disso, fui sincero, franco e transparente. Papo reto. Preto no branco. Olho no olho.<\/em><\/p>\n<p><em>Com esse meu jeito, com esta proposta, ao longo de quase 200 cidades visitadas, dialogando, ouvindo, conversando e falando a verdade com as pessoas, conquistamos o apoio e a confian\u00e7a de significativa parcela dos mineiros. As pesquisas hoje demonstram que conseguimos criar uma real e concreta possibilidade \u00e0 polariza\u00e7\u00e3o que domina Minas Gerais h\u00e1 quase vinte anos.<\/em><\/p>\n<p><em>Apesar da situa\u00e7\u00e3o extremamente grave pela qual passa o Estado, vi com meus pr\u00f3prios olhos que, mesmo enfrentando muitas adversidades, o mineiro nunca desiste. Tem muita gente produzindo, trabalhando, inovando, dando bons exemplos que perfeitamente podem ser replicados por toda Minas Gerais.<\/em><\/p>\n<p><em>Eu sempre tive uma vida repleta de desafios. Na adolesc\u00eancia e na juventude j\u00e1 comecei a luta contra as injusti\u00e7as sociais. Na iniciativa privada, procurei ser um empreendedor moderno, inovador, que transformou uma ideia em uma grande empresa, geradora de emprego e renda em todo o pa\u00eds. Mais recentemente, na gest\u00e3o p\u00fablica, tamb\u00e9m busquei colocar em pr\u00e1tica os conceitos de inova\u00e7\u00e3o, produtividade, \u00e9tica, coragem, firmeza e, principalmente, resultados concretos para a vida das pessoas. Em especial como Prefeito de Belo Horizonte, alcancei o reconhecimento como excelente gestor tanto no Brasil quanto fora do pa\u00eds.<\/em><\/p>\n<p><em>Sempre fui motivado pela esperan\u00e7a, pela busca de solu\u00e7\u00f5es, em reunir as pessoas para resolver os problemas. Esta \u00e9 a minha forma de trabalhar e que quero implantar em Minas Gerais.<\/em><\/p>\n<p><em>No entanto, na tarde de hoje fui surpreendido pelo meu partido, o PSB, que atrav\u00e9s do seu presidente Carlos Siqueira, que ao contr\u00e1rio de diversas manifesta\u00e7\u00f5es anteriores onde disse clara e publicamente que a nossa candidatura era uma das prioridades do partido, veio a Belo Horizonte comunicar que a dire\u00e7\u00e3o nacional do partido tomou a decis\u00e3o pol\u00edtica de alinhamento com o PT em Minas Gerais. A mim foi oferecida, como alternativa \u00e0 candidatura ao governo do Estado, a candidatura ao Senado em uma composi\u00e7\u00e3o com o Partido dos Trabalhadores, sugest\u00e3o com a qual prontamente discordei.<\/em><\/p>\n<p><em>Recebi esta comunica\u00e7\u00e3o com indigna\u00e7\u00e3o, perplexidade, revolta e desprezo.<\/em><\/p>\n<p><em>Sou um cidad\u00e3o que vem tentando contribuir ao longo da minha vida para tentar tornar o mundo um lugar melhor. Mesmo quando interesses que n\u00e3o est\u00e3o a servi\u00e7o para o melhor da popula\u00e7\u00e3o, das cidades, estados e Pa\u00eds, n\u00e3o podemos perder a esperan\u00e7a. O povo mineiro nunca perdeu a esperan\u00e7a e continuar\u00e1 tendo em mim um cidad\u00e3o, como voc\u00ea, que acredita que uma mudan\u00e7a profunda precisa acontecer. Eu acredito. E \u00e9 poss\u00edvel.<\/em><\/p>\n<p><em>Marcio Ara\u00fajo de Lacerda<\/em><\/p>\n<p>Fonte: Itatiaia<\/p>\n","protected":false},"excerpt":{"rendered":"<p>O ex-prefeito de Belo Horizonte, Marcio Lacerda, n\u00e3o \u00e9 mais pr\u00e9-candidato ao governo de Minas nas elei\u00e7\u00f5es de outubro.<\/p>\n","protected":false},"author":2,"featured_media":17296,"comment_status":"closed","ping_status":"open","sticky":false,"template":"","format":"standard","meta":{"advgb_blocks_editor_width":"","advgb_blocks_columns_visual_guide":"","_exactmetrics_skip_tracking":false,"_exactmetrics_sitenote_active":false,"_exactmetrics_sitenote_note":"","_exactmetrics_sitenote_category":0,"footnotes":""},"categories":[7,12],"tags":[3281,3407,530,5058],"class_list":["post-17295","post","type-post","status-publish","format-standard","has-post-thumbnail","hentry","category-destaques","category-politica","tag-eleicoes-2018","tag-marcio-lacerda","tag-minas-gerais","tag-retirada-de-candidatura"],"better_featured_image":{"id":17296,"alt_text":"","caption":"Divulga\u00e7\u00e3o - PBH","description":"","media_type":"image","media_details":{"width":650,"height":437,"file":"2018\/08\/marcio-lacerda.jpg","sizes":{"thumbnail":{"file":"marcio-lacerda-150x101.jpg","width":150,"height":101,"mime-type":"image\/jpeg","source_url":"https:\/\/lavras.tv\/site\/wp-content\/uploads\/2018\/08\/marcio-lacerda-150x101.jpg"},"medium":{"file":"marcio-lacerda-300x202.jpg","width":300,"height":202,"mime-type":"image\/jpeg","source_url":"https:\/\/lavras.tv\/site\/wp-content\/uploads\/2018\/08\/marcio-lacerda-300x202.jpg"},"featured-slider-img":{"file":"marcio-lacerda-640x437.jpg","width":640,"height":437,"mime-type":"image\/jpeg","source_url":"https:\/\/lavras.tv\/site\/wp-content\/uploads\/2018\/08\/marcio-lacerda-640x437.jpg"},"featured-post-img":{"file":"marcio-lacerda-480x320.jpg","width":480,"height":320,"mime-type":"image\/jpeg","source_url":"https:\/\/lavras.tv\/site\/wp-content\/uploads\/2018\/08\/marcio-lacerda-480x320.jpg"},"sow-carousel-default":{"file":"marcio-lacerda-272x182.jpg","width":272,"height":182,"mime-type":"image\/jpeg","source_url":"https:\/\/lavras.tv\/site\/wp-content\/uploads\/2018\/08\/marcio-lacerda-272x182.jpg"}},"image_meta":{"aperture":"0","credit":"","camera":"","caption":"","created_timestamp":"0","copyright":"","focal_length":"0","iso":"0","shutter_speed":"0","title":"","orientation":"0","keywords":[]}},"post":17295,"source_url":"https:\/\/lavras.tv\/site\/wp-content\/uploads\/2018\/08\/marcio-lacerda.jpg"},"author_meta":{"display_name":"Lavras TV","author_link":"https:\/\/lavras.tv\/site\/author\/lavrastv\/"},"featured_img":"https:\/\/lavras.tv\/site\/wp-content\/uploads\/2018\/08\/marcio-lacerda-300x202.jpg","coauthors":[],"tax_additional":{"categories":{"linked":["<a href=\"https:\/\/lavras.tv\/site\/category\/destaques\/\" class=\"advgb-post-tax-term\">Destaques<\/a>","<a href=\"https:\/\/lavras.tv\/site\/category\/politica\/\" class=\"advgb-post-tax-term\">Pol\u00edtica<\/a>"],"unlinked":["<span class=\"advgb-post-tax-term\">Destaques<\/span>","<span class=\"advgb-post-tax-term\">Pol\u00edtica<\/span>"]},"tags":{"linked":["<a href=\"https:\/\/lavras.tv\/site\/category\/politica\/\" class=\"advgb-post-tax-term\">elei\u00e7\u00f5es 2018<\/a>","<a href=\"https:\/\/lavras.tv\/site\/category\/politica\/\" class=\"advgb-post-tax-term\">Marcio Lacerda<\/a>","<a href=\"https:\/\/lavras.tv\/site\/category\/politica\/\" class=\"advgb-post-tax-term\">minas gerais<\/a>","<a href=\"https:\/\/lavras.tv\/site\/category\/politica\/\" class=\"advgb-post-tax-term\">retirada de candidatura<\/a>"],"unlinked":["<span class=\"advgb-post-tax-term\">elei\u00e7\u00f5es 2018<\/span>","<span class=\"advgb-post-tax-term\">Marcio Lacerda<\/span>","<span class=\"advgb-post-tax-term\">minas gerais<\/span>","<span class=\"advgb-post-tax-term\">retirada de candidatura<\/span>"]}},"comment_count":"0","relative_dates":{"created":"Publicado 8 anos atr\u00e1s","modified":"Atualizado 8 anos atr\u00e1s"},"absolute_dates":{"created":"Publicado em 2 de agosto de 2018","modified":"Atualizado em 2 de agosto de 2018"},"absolute_dates_time":{"created":"Publicado em 2 de agosto de 2018 09:19","modified":"Atualizado em 2 de agosto de 2018 09:19"},"featured_img_caption":"Divulga\u00e7\u00e3o - PBH","series_order":"","_links":{"self":[{"href":"https:\/\/lavras.tv\/site\/wp-json\/wp\/v2\/posts\/17295","targetHints":{"allow":["GET"]}}],"collection":[{"href":"https:\/\/lavras.tv\/site\/wp-json\/wp\/v2\/posts"}],"about":[{"href":"https:\/\/lavras.tv\/site\/wp-json\/wp\/v2\/types\/post"}],"author":[{"embeddable":true,"href":"https:\/\/lavras.tv\/site\/wp-json\/wp\/v2\/users\/2"}],"replies":[{"embeddable":true,"href":"https:\/\/lavras.tv\/site\/wp-json\/wp\/v2\/comments?post=17295"}],"version-history":[{"count":1,"href":"https:\/\/lavras.tv\/site\/wp-json\/wp\/v2\/posts\/17295\/revisions"}],"predecessor-version":[{"id":17297,"href":"https:\/\/lavras.tv\/site\/wp-json\/wp\/v2\/posts\/17295\/revisions\/17297"}],"wp:featuredmedia":[{"embeddable":true,"href":"https:\/\/lavras.tv\/site\/wp-json\/wp\/v2\/media\/17296"}],"wp:attachment":[{"href":"https:\/\/lavras.tv\/site\/wp-json\/wp\/v2\/media?parent=17295"}],"wp:term":[{"taxonomy":"category","embeddable":true,"href":"https:\/\/lavras.tv\/site\/wp-json\/wp\/v2\/categories?post=17295"},{"taxonomy":"post_tag","embeddable":true,"href":"https:\/\/lavras.tv\/site\/wp-json\/wp\/v2\/tags?post=17295"}],"curies":[{"name":"wp","href":"https:\/\/api.w.org\/{rel}","templated":true}]}}