{"id":17301,"date":"2018-08-02T09:31:53","date_gmt":"2018-08-02T12:31:53","guid":{"rendered":"http:\/\/lavras.tv\/site\/?p=17301"},"modified":"2018-08-02T09:31:53","modified_gmt":"2018-08-02T12:31:53","slug":"numero-de-eleitores-no-brasil-cresceu-na-comparacao-com-2014","status":"publish","type":"post","link":"https:\/\/lavras.tv\/site\/2018\/08\/02\/numero-de-eleitores-no-brasil-cresceu-na-comparacao-com-2014\/","title":{"rendered":"N\u00famero de eleitores no Brasil cresceu na compara\u00e7\u00e3o com 2014"},"content":{"rendered":"<div class=\"lavra-antes-do-conteudo_2\" id=\"lavra-3151258774\"><div id=\"lavra-slider-27\" class=\"custom-slider lavra-slider-855342421 lavra-slider\"><ul><li><div style=\"margin-left: auto;margin-right: auto;text-align: center;\" id=\"lavra-1956834879\"><a href=\"https:\/\/sistemas.lavras.mg.gov.br\/portalcidadao\/#df1b1a7c7b2a290bcb31e32771e610784662739a88807c0dacac58ede5f391a7530e299dc302d611ee73cb143fc22eaf93592e53e7b5bdb01b00a0b8d28dae460c141dd2ff83412e4dc1c31b16b25f33144a9e5620ea73b13f5bc1c59411d98439ad226e8af03840603796067d87afe130812cf3de24982d0e306f9e61e764e5\" aria-label=\"Lavras-TV&#8211;720x104px (1) (1)\"><img src=\"https:\/\/lavras.tv\/site\/wp-content\/uploads\/2025\/01\/Lavras-TV-720x104px-1-1.png\" alt=\"\"  srcset=\"https:\/\/lavras.tv\/site\/wp-content\/uploads\/2025\/01\/Lavras-TV-720x104px-1-1.png 720w, https:\/\/lavras.tv\/site\/wp-content\/uploads\/2025\/01\/Lavras-TV-720x104px-1-1-470x68.png 470w, https:\/\/lavras.tv\/site\/wp-content\/uploads\/2025\/01\/Lavras-TV-720x104px-1-1-170x25.png 170w, https:\/\/lavras.tv\/site\/wp-content\/uploads\/2025\/01\/Lavras-TV-720x104px-1-1-200x29.png 200w\" sizes=\"(max-width: 720px) 100vw, 720px\" width=\"720\" height=\"104\"  style=\"display: inline-block;\" \/><\/a><\/div><\/li><li><a href=\"https:\/\/sistemas.lavras.mg.gov.br\/portalcidadao\/#df1b1a7c7b2a290bcb31e32771e610784662739a88807c0dacac58ede5f391a7530e299dc302d611ee73cb143fc22eaf93592e53e7b5bdb01b00a0b8d28dae460c141dd2ff83412e4dc1c31b16b25f33144a9e5620ea73b13f5bc1c59411d98439ad226e8af03840603796067d87afe130812cf3de24982d0e306f9e61e764e5\" aria-label=\"Banner_Emprego_PortallavrasTV\"><img src=\"https:\/\/lavras.tv\/site\/wp-content\/uploads\/2025\/03\/Banner_Emprego_PortallavrasTV.png\" alt=\"\"  srcset=\"https:\/\/lavras.tv\/site\/wp-content\/uploads\/2025\/03\/Banner_Emprego_PortallavrasTV.png 720w, https:\/\/lavras.tv\/site\/wp-content\/uploads\/2025\/03\/Banner_Emprego_PortallavrasTV-470x68.png 470w, https:\/\/lavras.tv\/site\/wp-content\/uploads\/2025\/03\/Banner_Emprego_PortallavrasTV-170x25.png 170w, https:\/\/lavras.tv\/site\/wp-content\/uploads\/2025\/03\/Banner_Emprego_PortallavrasTV-200x29.png 200w\" sizes=\"(max-width: 720px) 100vw, 720px\" width=\"720\" height=\"104\"   \/><\/a><\/li><li><a href=\"https:\/\/sistemas.lavras.mg.gov.br\/portalcidadao\/#df1b1a7c7b2a290bcb31e32771e610784662739a88807c0dacac58ede5f391a7530e299dc302d611ee73cb143fc22eaf93592e53e7b5bdb01b00a0b8d28dae460c141dd2ff83412e4dc1c31b16b25f33144a9e5620ea73b13f5bc1c59411d98439ad226e8af03840603796067d87afe130812cf3de24982d0e306f9e61e764e5\" aria-label=\"Banner_Obras_PortallavrasTV\"><img src=\"https:\/\/lavras.tv\/site\/wp-content\/uploads\/2025\/03\/Banner_Obras_PortallavrasTV.png\" alt=\"\"  srcset=\"https:\/\/lavras.tv\/site\/wp-content\/uploads\/2025\/03\/Banner_Obras_PortallavrasTV.png 720w, https:\/\/lavras.tv\/site\/wp-content\/uploads\/2025\/03\/Banner_Obras_PortallavrasTV-470x68.png 470w, https:\/\/lavras.tv\/site\/wp-content\/uploads\/2025\/03\/Banner_Obras_PortallavrasTV-170x25.png 170w, https:\/\/lavras.tv\/site\/wp-content\/uploads\/2025\/03\/Banner_Obras_PortallavrasTV-200x29.png 200w\" sizes=\"(max-width: 720px) 100vw, 720px\" width=\"720\" height=\"104\"   \/><\/a><\/li><li><div style=\"margin-left: auto;margin-right: auto;text-align: center;\" id=\"lavra-1100100766\"><a href=\"https:\/\/sistemas.lavras.mg.gov.br\/portalcidadao\/#df1b1a7c7b2a290bcb31e32771e610784662739a88807c0dacac58ede5f391a7530e299dc302d611ee73cb143fc22eaf93592e53e7b5bdb01b00a0b8d28dae460c141dd2ff83412e4dc1c31b16b25f33144a9e5620ea73b13f5bc1c59411d98439ad226e8af03840603796067d87afe130812cf3de24982d0e306f9e61e764e5\" aria-label=\"Banner_Educa\u00e7\u00e3o_PortallavrasTV\"><img src=\"https:\/\/lavras.tv\/site\/wp-content\/uploads\/2025\/01\/Banner_Educacao_PortallavrasTV.png\" alt=\"\"  srcset=\"https:\/\/lavras.tv\/site\/wp-content\/uploads\/2025\/01\/Banner_Educacao_PortallavrasTV.png 720w, https:\/\/lavras.tv\/site\/wp-content\/uploads\/2025\/01\/Banner_Educacao_PortallavrasTV-470x68.png 470w, https:\/\/lavras.tv\/site\/wp-content\/uploads\/2025\/01\/Banner_Educacao_PortallavrasTV-170x25.png 170w, https:\/\/lavras.tv\/site\/wp-content\/uploads\/2025\/01\/Banner_Educacao_PortallavrasTV-200x29.png 200w\" sizes=\"(max-width: 720px) 100vw, 720px\" width=\"720\" height=\"104\"  style=\"display: inline-block;\" \/><\/a><\/div><\/li><li><a href=\"https:\/\/sistemas.lavras.mg.gov.br\/portalcidadao\/#df1b1a7c7b2a290bcb31e32771e610784662739a88807c0dacac58ede5f391a7530e299dc302d611ee73cb143fc22eaf93592e53e7b5bdb01b00a0b8d28dae460c141dd2ff83412e4dc1c31b16b25f33144a9e5620ea73b13f5bc1c59411d98439ad226e8af03840603796067d87afe130812cf3de24982d0e306f9e61e764e5\" aria-label=\"Banner_Sa\u00fade_PortallavrasTV\"><img src=\"https:\/\/lavras.tv\/site\/wp-content\/uploads\/2025\/03\/Banner_Saude_PortallavrasTV.png\" alt=\"\"  srcset=\"https:\/\/lavras.tv\/site\/wp-content\/uploads\/2025\/03\/Banner_Saude_PortallavrasTV.png 720w, https:\/\/lavras.tv\/site\/wp-content\/uploads\/2025\/03\/Banner_Saude_PortallavrasTV-470x68.png 470w, https:\/\/lavras.tv\/site\/wp-content\/uploads\/2025\/03\/Banner_Saude_PortallavrasTV-170x25.png 170w, https:\/\/lavras.tv\/site\/wp-content\/uploads\/2025\/03\/Banner_Saude_PortallavrasTV-200x29.png 200w\" sizes=\"(max-width: 720px) 100vw, 720px\" width=\"720\" height=\"104\"   \/><\/a><\/li><li><div id=\"lavra-2765402775\" style=\"width:720px;height:104px;background-color:#ddd;overflow:scroll;\">\n\t<strong>Sa\u00edda da depura\u00e7\u00e3o de an\u00fancios<\/strong>\n\t<br><br>\n\tO an\u00fancio n\u00e3o \u00e9 exibido na p\u00e1gina<br><br>post atual: N\u00famero de eleitores no Brasil cresceu na compara\u00e7\u00e3o com 2014, ID: 17301<br><br><span style=\"color: red;\">O post atual n\u00e3o \u00e9 id\u00eantico ao post principal.<\/span><br><br>An\u00fancios: ROXO - TOPO INTERNA - ROTATIVO 2 (197)<br \/>Grupo de an\u00fancios: Princ_Meio01_720x104 (27)<br><br>Condi\u00e7\u00f5es de exibi\u00e7\u00e3o<div style=\"margin-bottom: 20px; white-space: pre-wrap; font-family: monospace; width: 100%; background: #ffe9e9;\"><strong>condi\u00e7\u00f5es gerais<\/strong><table border=\"1\"><thead><tr><th><\/th><th>An\u00fancios<\/th><th>wp_the_query<\/th><\/tr><\/thead><tr><td>is_main_query<\/td><td>1<\/td><td>1<\/td><\/tr><tr><td>is_rest_api<\/td><td>0<\/td><td>1<\/td><\/tr><tr><td>page<\/td><td>0<\/td><td>1<\/td><\/tr><tr><td>numpages<\/td><td>0<\/td><td>1<\/td><\/tr><tr><td>is_archive<\/td><td>1<\/td><td><\/td><\/tr><tr><td>is_search<\/td><td>1<\/td><td><\/td><\/tr><tr><td>is_home<\/td><td>1<\/td><td><\/td><\/tr><tr><td>is_404<\/td><td>1<\/td><td><\/td><\/tr><tr><td>is_attachment<\/td><td>1<\/td><td><\/td><\/tr><tr><td>is_singular<\/td><td>1<\/td><td><\/td><\/tr><tr><td>is_front_page<\/td><td>1<\/td><td><\/td><\/tr><tr><td>is_feed<\/td><td>1<\/td><td><\/td><\/tr><\/table><\/div><br><br><span style=\"color: red;\">Seu site usa HTTPS, mas o c\u00f3digo do an\u00fancio cont\u00e9m HTTP e pode n\u00e3o funcionar.<\/span>\t<br><br>\n\t<a style=\"color: green;\" href=\"https:\/\/wpadvancedads.com\/manual\/ad-debug-mode\/?utm_source=advanced-ads&utm_medium=link&utm_campaign=ad-debug-mode\" target=\"_blank\" rel=\"nofollow\">Encontre solu\u00e7\u00f5es no manual<\/a>\n<\/div>\n<\/li><\/ul><\/div><script>( window.advanced_ads_ready || jQuery( document ).ready ).call( null, function() {var $lavraslider855342421 = jQuery( \".lavra-slider-855342421\" );$lavraslider855342421.on( \"unslider.ready\", function() { jQuery( \"div.custom-slider ul li\" ).css( \"display\", \"block\" ); });$lavraslider855342421.unslider({ delay:4000, autoplay:true, nav:false, arrows:false, infinite:true });$lavraslider855342421.on(\"mouseover\", function() {$lavraslider855342421.unslider(\"stop\");}).on(\"mouseout\", function() {$lavraslider855342421.unslider(\"start\");});});<\/script><\/div><p>O eleitorado brasileiro aumentou 3,14% nos \u00faltimos quatro anos, saltando de 142.822.046 votantes, em 2014, para 147.302.354 eleitores, divulgou nesta quarta-feira\u00a0o Tribunal Superior Eleitoral (TSE). Os eleitores est\u00e3o distribu\u00eddos pelos 5.550 munic\u00edpios e em 171 localidades de 110 pa\u00edses.<!--more--><\/p>\n<p>H\u00e1 ainda 1.409.774 eleitores que n\u00e3o poder\u00e3o votar nem se candidatar este ano, por estarem com os direitos pol\u00edticos suspensos, segundo o tribunal.<\/p>\n<p><img fetchpriority=\"high\" decoding=\"async\" class=\"alignnone size-full wp-image-17302 aligncenter\" src=\"http:\/\/lavras.tv\/site\/wp-content\/uploads\/2018\/08\/elei\u00e7\u00e3o.jpg\" alt=\"elei\u00e7\u00e3o\" width=\"650\" height=\"437\" srcset=\"https:\/\/lavras.tv\/site\/wp-content\/uploads\/2018\/08\/elei\u00e7\u00e3o.jpg 650w, https:\/\/lavras.tv\/site\/wp-content\/uploads\/2018\/08\/elei\u00e7\u00e3o-150x101.jpg 150w, https:\/\/lavras.tv\/site\/wp-content\/uploads\/2018\/08\/elei\u00e7\u00e3o-300x202.jpg 300w, https:\/\/lavras.tv\/site\/wp-content\/uploads\/2018\/08\/elei\u00e7\u00e3o-272x182.jpg 272w\" sizes=\"(max-width: 650px) 100vw, 650px\" \/><\/p>\n<p>De acordo com o TSE, a maioria do eleitorado brasileiro \u00e9 formada por mulheres, com 77.337.918 (52,5%), enquanto os homens somam 69.901.035 (47,5%). Em 2014, as mulheres eram 74.459.424 (52,13%) e os homens, 68.247.598 (47,79%).<\/p>\n<p>Houve crescimento expressivo dos eleitores no exterior nos \u00faltimos quatro anos, passando de 354.184 para 500.727 eleitores, aumento de 41,37%.<\/p>\n<p>Para o presidente do tribunal, Luiz Fux, esse aumento \u00e9 resultado de um esfor\u00e7o conjunto entre a Justi\u00e7a Eleitoral e o Minist\u00e9rio das Rela\u00e7\u00f5es Exteriores para facilitar o cadastro de eleitores residentes em outros pa\u00edses.<\/p>\n<p>Os dados foram divulgados durante lan\u00e7amento do Centro de Divulga\u00e7\u00e3o das Elei\u00e7\u00f5es do TSE.<\/p>\n<p><strong>Transexuais e travestis<\/strong><\/p>\n<p>Pela primeira vez, eleitores transexuais e travestis ter\u00e3o seu nome social impresso no t\u00edtulo de eleitor e no caderno de vota\u00e7\u00e3o das Elei\u00e7\u00f5es 2018. Ao todo, 6.280 pessoas fizeram essa escolha ao se registrar ou atualizar seus dados na Justi\u00e7a Eleitoral.<\/p>\n<p><strong>Faixa et\u00e1ria<\/strong><\/p>\n<p>De acordo com o levantamento da Justi\u00e7a Eleitoral, a faixa et\u00e1ria entre 45 e 59 anos concentra mais eleitores, com 35.742.439 brasileiros, o que corresponde a 24,26% do eleitorado. Em seguida, est\u00e3o os eleitores de 25 a 34 anos, que re\u00fanem 31.149.869 pessoas \u2013 21,15% do total de eleitores.<\/p>\n<p><strong>Voto facultativo<\/strong><\/p>\n<p>Os jovens de 16 e 17 anos, cujo voto \u00e9 opcional, representam 0,95% do eleitorado este ano, num total de 1.400.617 pessoas. Segundo o TSE, os dados apontam redu\u00e7\u00e3o de 14,53% no n\u00famero de eleitores jovens. Em 2014, foram registrados 1.638.751 eleitores nessa faixa et\u00e1ria.<\/p>\n<p><strong>Biometria<\/strong><\/p>\n<p>Em 2018, os eleitores que ser\u00e3o identificados por biometria aumentou 239,92% em rela\u00e7\u00e3o a 2014. Este ano, eles somam 73.688.208 votantes (50,3%) do total. Em 2014, eram 21.677.955 pessoas, o que correspondia a 15,18% do eleitorado.<\/p>\n<p>Fonte e foto: Ag\u00eancia Brasil<\/p>\n","protected":false},"excerpt":{"rendered":"<p>O eleitorado brasileiro aumentou 3,14% nos \u00faltimos quatro anos, saltando de 142.822.046 votantes, em 2014, para 147.302.354 eleitores, divulgou nesta quarta-feira\u00a0o Tribunal Superior Eleitoral (TSE). Os eleitores est\u00e3o distribu\u00eddos pelos 5.550 munic\u00edpios e em 171 localidades de 110 pa\u00edses.<\/p>\n","protected":false},"author":2,"featured_media":17302,"comment_status":"closed","ping_status":"open","sticky":false,"template":"","format":"standard","meta":{"advgb_blocks_editor_width":"","advgb_blocks_columns_visual_guide":"","_exactmetrics_skip_tracking":false,"_exactmetrics_sitenote_active":false,"_exactmetrics_sitenote_note":"","_exactmetrics_sitenote_category":0,"footnotes":""},"categories":[7,12],"tags":[1422,3281,5061,5060,396],"class_list":["post-17301","post","type-post","status-publish","format-standard","has-post-thumbnail","hentry","category-destaques","category-politica","tag-eleicao","tag-eleicoes-2018","tag-eleitor","tag-numero-de-eleitores","tag-politica"],"better_featured_image":{"id":17302,"alt_text":"","caption":"","description":"","media_type":"image","media_details":{"width":650,"height":437,"file":"2018\/08\/elei\u00e7\u00e3o.jpg","sizes":{"thumbnail":{"file":"elei\u00e7\u00e3o-150x101.jpg","width":150,"height":101,"mime-type":"image\/jpeg","source_url":"https:\/\/lavras.tv\/site\/wp-content\/uploads\/2018\/08\/elei\u00e7\u00e3o-150x101.jpg"},"medium":{"file":"elei\u00e7\u00e3o-300x202.jpg","width":300,"height":202,"mime-type":"image\/jpeg","source_url":"https:\/\/lavras.tv\/site\/wp-content\/uploads\/2018\/08\/elei\u00e7\u00e3o-300x202.jpg"},"featured-slider-img":{"file":"elei\u00e7\u00e3o-640x437.jpg","width":640,"height":437,"mime-type":"image\/jpeg","source_url":"https:\/\/lavras.tv\/site\/wp-content\/uploads\/2018\/08\/elei\u00e7\u00e3o-640x437.jpg"},"featured-post-img":{"file":"elei\u00e7\u00e3o-480x320.jpg","width":480,"height":320,"mime-type":"image\/jpeg","source_url":"https:\/\/lavras.tv\/site\/wp-content\/uploads\/2018\/08\/elei\u00e7\u00e3o-480x320.jpg"},"sow-carousel-default":{"file":"elei\u00e7\u00e3o-272x182.jpg","width":272,"height":182,"mime-type":"image\/jpeg","source_url":"https:\/\/lavras.tv\/site\/wp-content\/uploads\/2018\/08\/elei\u00e7\u00e3o-272x182.jpg"}},"image_meta":{"aperture":"0","credit":"","camera":"","caption":"","created_timestamp":"0","copyright":"","focal_length":"0","iso":"0","shutter_speed":"0","title":"","orientation":"0","keywords":[]}},"post":17301,"source_url":"https:\/\/lavras.tv\/site\/wp-content\/uploads\/2018\/08\/elei\u00e7\u00e3o.jpg"},"author_meta":{"display_name":"Lavras TV","author_link":"https:\/\/lavras.tv\/site\/author\/lavrastv\/"},"featured_img":"https:\/\/lavras.tv\/site\/wp-content\/uploads\/2018\/08\/elei\u00e7\u00e3o-300x202.jpg","coauthors":[],"tax_additional":{"categories":{"linked":["<a href=\"https:\/\/lavras.tv\/site\/category\/destaques\/\" class=\"advgb-post-tax-term\">Destaques<\/a>","<a href=\"https:\/\/lavras.tv\/site\/category\/politica\/\" class=\"advgb-post-tax-term\">Pol\u00edtica<\/a>"],"unlinked":["<span class=\"advgb-post-tax-term\">Destaques<\/span>","<span class=\"advgb-post-tax-term\">Pol\u00edtica<\/span>"]},"tags":{"linked":["<a href=\"https:\/\/lavras.tv\/site\/category\/politica\/\" class=\"advgb-post-tax-term\">elei\u00e7\u00e3o<\/a>","<a href=\"https:\/\/lavras.tv\/site\/category\/politica\/\" class=\"advgb-post-tax-term\">elei\u00e7\u00f5es 2018<\/a>","<a href=\"https:\/\/lavras.tv\/site\/category\/politica\/\" class=\"advgb-post-tax-term\">eleitor<\/a>","<a href=\"https:\/\/lavras.tv\/site\/category\/politica\/\" class=\"advgb-post-tax-term\">n\u00famero de eleitores<\/a>","<a href=\"https:\/\/lavras.tv\/site\/category\/politica\/\" class=\"advgb-post-tax-term\">pol\u00edtica<\/a>"],"unlinked":["<span class=\"advgb-post-tax-term\">elei\u00e7\u00e3o<\/span>","<span class=\"advgb-post-tax-term\">elei\u00e7\u00f5es 2018<\/span>","<span class=\"advgb-post-tax-term\">eleitor<\/span>","<span class=\"advgb-post-tax-term\">n\u00famero de eleitores<\/span>","<span class=\"advgb-post-tax-term\">pol\u00edtica<\/span>"]}},"comment_count":"0","relative_dates":{"created":"Publicado 8 anos atr\u00e1s","modified":"Atualizado 8 anos atr\u00e1s"},"absolute_dates":{"created":"Publicado em 2 de agosto de 2018","modified":"Atualizado em 2 de agosto de 2018"},"absolute_dates_time":{"created":"Publicado em 2 de agosto de 2018 09:31","modified":"Atualizado em 2 de agosto de 2018 09:31"},"featured_img_caption":"","series_order":"","_links":{"self":[{"href":"https:\/\/lavras.tv\/site\/wp-json\/wp\/v2\/posts\/17301","targetHints":{"allow":["GET"]}}],"collection":[{"href":"https:\/\/lavras.tv\/site\/wp-json\/wp\/v2\/posts"}],"about":[{"href":"https:\/\/lavras.tv\/site\/wp-json\/wp\/v2\/types\/post"}],"author":[{"embeddable":true,"href":"https:\/\/lavras.tv\/site\/wp-json\/wp\/v2\/users\/2"}],"replies":[{"embeddable":true,"href":"https:\/\/lavras.tv\/site\/wp-json\/wp\/v2\/comments?post=17301"}],"version-history":[{"count":1,"href":"https:\/\/lavras.tv\/site\/wp-json\/wp\/v2\/posts\/17301\/revisions"}],"predecessor-version":[{"id":17303,"href":"https:\/\/lavras.tv\/site\/wp-json\/wp\/v2\/posts\/17301\/revisions\/17303"}],"wp:featuredmedia":[{"embeddable":true,"href":"https:\/\/lavras.tv\/site\/wp-json\/wp\/v2\/media\/17302"}],"wp:attachment":[{"href":"https:\/\/lavras.tv\/site\/wp-json\/wp\/v2\/media?parent=17301"}],"wp:term":[{"taxonomy":"category","embeddable":true,"href":"https:\/\/lavras.tv\/site\/wp-json\/wp\/v2\/categories?post=17301"},{"taxonomy":"post_tag","embeddable":true,"href":"https:\/\/lavras.tv\/site\/wp-json\/wp\/v2\/tags?post=17301"}],"curies":[{"name":"wp","href":"https:\/\/api.w.org\/{rel}","templated":true}]}}