{"id":17340,"date":"2018-08-06T09:27:59","date_gmt":"2018-08-06T12:27:59","guid":{"rendered":"http:\/\/lavras.tv\/site\/?p=17340"},"modified":"2018-08-06T09:27:59","modified_gmt":"2018-08-06T12:27:59","slug":"sete-pre-candidatos-sao-oficializados-na-corrida-pelo-governo-de-minas","status":"publish","type":"post","link":"https:\/\/lavras.tv\/site\/2018\/08\/06\/sete-pre-candidatos-sao-oficializados-na-corrida-pelo-governo-de-minas\/","title":{"rendered":"Sete pr\u00e9-candidatos s\u00e3o oficializados na corrida pelo governo de Minas"},"content":{"rendered":"<div class=\"lavra-antes-do-conteudo_2\" id=\"lavra-604869048\"><div id=\"lavra-slider-27\" class=\"custom-slider lavra-slider-2698472390 lavra-slider\"><ul><li><div style=\"margin-left: auto;margin-right: auto;text-align: center;\" id=\"lavra-244864822\"><a href=\"https:\/\/sistemas.lavras.mg.gov.br\/portalcidadao\/#df1b1a7c7b2a290bcb31e32771e610784662739a88807c0dacac58ede5f391a7530e299dc302d611ee73cb143fc22eaf93592e53e7b5bdb01b00a0b8d28dae460c141dd2ff83412e4dc1c31b16b25f33144a9e5620ea73b13f5bc1c59411d98439ad226e8af03840603796067d87afe130812cf3de24982d0e306f9e61e764e5\" aria-label=\"Lavras-TV&#8211;720x104px (1) (1)\"><img src=\"https:\/\/lavras.tv\/site\/wp-content\/uploads\/2025\/01\/Lavras-TV-720x104px-1-1.png\" alt=\"\"  srcset=\"https:\/\/lavras.tv\/site\/wp-content\/uploads\/2025\/01\/Lavras-TV-720x104px-1-1.png 720w, https:\/\/lavras.tv\/site\/wp-content\/uploads\/2025\/01\/Lavras-TV-720x104px-1-1-470x68.png 470w, https:\/\/lavras.tv\/site\/wp-content\/uploads\/2025\/01\/Lavras-TV-720x104px-1-1-170x25.png 170w, https:\/\/lavras.tv\/site\/wp-content\/uploads\/2025\/01\/Lavras-TV-720x104px-1-1-200x29.png 200w\" sizes=\"(max-width: 720px) 100vw, 720px\" width=\"720\" height=\"104\"  style=\"display: inline-block;\" \/><\/a><\/div><\/li><li><a href=\"https:\/\/sistemas.lavras.mg.gov.br\/portalcidadao\/#df1b1a7c7b2a290bcb31e32771e610784662739a88807c0dacac58ede5f391a7530e299dc302d611ee73cb143fc22eaf93592e53e7b5bdb01b00a0b8d28dae460c141dd2ff83412e4dc1c31b16b25f33144a9e5620ea73b13f5bc1c59411d98439ad226e8af03840603796067d87afe130812cf3de24982d0e306f9e61e764e5\" aria-label=\"Banner_Emprego_PortallavrasTV\"><img src=\"https:\/\/lavras.tv\/site\/wp-content\/uploads\/2025\/03\/Banner_Emprego_PortallavrasTV.png\" alt=\"\"  srcset=\"https:\/\/lavras.tv\/site\/wp-content\/uploads\/2025\/03\/Banner_Emprego_PortallavrasTV.png 720w, https:\/\/lavras.tv\/site\/wp-content\/uploads\/2025\/03\/Banner_Emprego_PortallavrasTV-470x68.png 470w, https:\/\/lavras.tv\/site\/wp-content\/uploads\/2025\/03\/Banner_Emprego_PortallavrasTV-170x25.png 170w, https:\/\/lavras.tv\/site\/wp-content\/uploads\/2025\/03\/Banner_Emprego_PortallavrasTV-200x29.png 200w\" sizes=\"(max-width: 720px) 100vw, 720px\" width=\"720\" height=\"104\"   \/><\/a><\/li><li><a href=\"https:\/\/sistemas.lavras.mg.gov.br\/portalcidadao\/#df1b1a7c7b2a290bcb31e32771e610784662739a88807c0dacac58ede5f391a7530e299dc302d611ee73cb143fc22eaf93592e53e7b5bdb01b00a0b8d28dae460c141dd2ff83412e4dc1c31b16b25f33144a9e5620ea73b13f5bc1c59411d98439ad226e8af03840603796067d87afe130812cf3de24982d0e306f9e61e764e5\" aria-label=\"Banner_Obras_PortallavrasTV\"><img src=\"https:\/\/lavras.tv\/site\/wp-content\/uploads\/2025\/03\/Banner_Obras_PortallavrasTV.png\" alt=\"\"  srcset=\"https:\/\/lavras.tv\/site\/wp-content\/uploads\/2025\/03\/Banner_Obras_PortallavrasTV.png 720w, https:\/\/lavras.tv\/site\/wp-content\/uploads\/2025\/03\/Banner_Obras_PortallavrasTV-470x68.png 470w, https:\/\/lavras.tv\/site\/wp-content\/uploads\/2025\/03\/Banner_Obras_PortallavrasTV-170x25.png 170w, https:\/\/lavras.tv\/site\/wp-content\/uploads\/2025\/03\/Banner_Obras_PortallavrasTV-200x29.png 200w\" sizes=\"(max-width: 720px) 100vw, 720px\" width=\"720\" height=\"104\"   \/><\/a><\/li><li><div style=\"margin-left: auto;margin-right: auto;text-align: center;\" id=\"lavra-1767416904\"><a href=\"https:\/\/sistemas.lavras.mg.gov.br\/portalcidadao\/#df1b1a7c7b2a290bcb31e32771e610784662739a88807c0dacac58ede5f391a7530e299dc302d611ee73cb143fc22eaf93592e53e7b5bdb01b00a0b8d28dae460c141dd2ff83412e4dc1c31b16b25f33144a9e5620ea73b13f5bc1c59411d98439ad226e8af03840603796067d87afe130812cf3de24982d0e306f9e61e764e5\" aria-label=\"Banner_Educa\u00e7\u00e3o_PortallavrasTV\"><img src=\"https:\/\/lavras.tv\/site\/wp-content\/uploads\/2025\/01\/Banner_Educacao_PortallavrasTV.png\" alt=\"\"  srcset=\"https:\/\/lavras.tv\/site\/wp-content\/uploads\/2025\/01\/Banner_Educacao_PortallavrasTV.png 720w, https:\/\/lavras.tv\/site\/wp-content\/uploads\/2025\/01\/Banner_Educacao_PortallavrasTV-470x68.png 470w, https:\/\/lavras.tv\/site\/wp-content\/uploads\/2025\/01\/Banner_Educacao_PortallavrasTV-170x25.png 170w, https:\/\/lavras.tv\/site\/wp-content\/uploads\/2025\/01\/Banner_Educacao_PortallavrasTV-200x29.png 200w\" sizes=\"(max-width: 720px) 100vw, 720px\" width=\"720\" height=\"104\"  style=\"display: inline-block;\" \/><\/a><\/div><\/li><li><a href=\"https:\/\/sistemas.lavras.mg.gov.br\/portalcidadao\/#df1b1a7c7b2a290bcb31e32771e610784662739a88807c0dacac58ede5f391a7530e299dc302d611ee73cb143fc22eaf93592e53e7b5bdb01b00a0b8d28dae460c141dd2ff83412e4dc1c31b16b25f33144a9e5620ea73b13f5bc1c59411d98439ad226e8af03840603796067d87afe130812cf3de24982d0e306f9e61e764e5\" aria-label=\"Banner_Sa\u00fade_PortallavrasTV\"><img src=\"https:\/\/lavras.tv\/site\/wp-content\/uploads\/2025\/03\/Banner_Saude_PortallavrasTV.png\" alt=\"\"  srcset=\"https:\/\/lavras.tv\/site\/wp-content\/uploads\/2025\/03\/Banner_Saude_PortallavrasTV.png 720w, https:\/\/lavras.tv\/site\/wp-content\/uploads\/2025\/03\/Banner_Saude_PortallavrasTV-470x68.png 470w, https:\/\/lavras.tv\/site\/wp-content\/uploads\/2025\/03\/Banner_Saude_PortallavrasTV-170x25.png 170w, https:\/\/lavras.tv\/site\/wp-content\/uploads\/2025\/03\/Banner_Saude_PortallavrasTV-200x29.png 200w\" sizes=\"(max-width: 720px) 100vw, 720px\" width=\"720\" height=\"104\"   \/><\/a><\/li><li><div id=\"lavra-2831095823\" style=\"width:720px;height:104px;background-color:#ddd;overflow:scroll;\">\n\t<strong>Sa\u00edda da depura\u00e7\u00e3o de an\u00fancios<\/strong>\n\t<br><br>\n\tO an\u00fancio n\u00e3o \u00e9 exibido na p\u00e1gina<br><br>post atual: Sete pr\u00e9-candidatos s\u00e3o oficializados na corrida pelo governo de Minas, ID: 17340<br><br><span style=\"color: red;\">O post atual n\u00e3o \u00e9 id\u00eantico ao post principal.<\/span><br><br>An\u00fancios: ROXO - TOPO INTERNA - ROTATIVO 2 (197)<br \/>Grupo de an\u00fancios: Princ_Meio01_720x104 (27)<br><br>Condi\u00e7\u00f5es de exibi\u00e7\u00e3o<div style=\"margin-bottom: 20px; white-space: pre-wrap; font-family: monospace; width: 100%; background: #ffe9e9;\"><strong>condi\u00e7\u00f5es gerais<\/strong><table border=\"1\"><thead><tr><th><\/th><th>An\u00fancios<\/th><th>wp_the_query<\/th><\/tr><\/thead><tr><td>is_main_query<\/td><td>1<\/td><td>1<\/td><\/tr><tr><td>is_rest_api<\/td><td>0<\/td><td>1<\/td><\/tr><tr><td>page<\/td><td>0<\/td><td>1<\/td><\/tr><tr><td>numpages<\/td><td>0<\/td><td>1<\/td><\/tr><tr><td>is_archive<\/td><td>1<\/td><td><\/td><\/tr><tr><td>is_search<\/td><td>1<\/td><td><\/td><\/tr><tr><td>is_home<\/td><td>1<\/td><td><\/td><\/tr><tr><td>is_404<\/td><td>1<\/td><td><\/td><\/tr><tr><td>is_attachment<\/td><td>1<\/td><td><\/td><\/tr><tr><td>is_singular<\/td><td>1<\/td><td><\/td><\/tr><tr><td>is_front_page<\/td><td>1<\/td><td><\/td><\/tr><tr><td>is_feed<\/td><td>1<\/td><td><\/td><\/tr><\/table><\/div><br><br><span style=\"color: red;\">Seu site usa HTTPS, mas o c\u00f3digo do an\u00fancio cont\u00e9m HTTP e pode n\u00e3o funcionar.<\/span>\t<br><br>\n\t<a style=\"color: green;\" href=\"https:\/\/wpadvancedads.com\/manual\/ad-debug-mode\/?utm_source=advanced-ads&utm_medium=link&utm_campaign=ad-debug-mode\" target=\"_blank\" rel=\"nofollow\">Encontre solu\u00e7\u00f5es no manual<\/a>\n<\/div>\n<\/li><\/ul><\/div><script>( window.advanced_ads_ready || jQuery( document ).ready ).call( null, function() {var $lavraslider2698472390 = jQuery( \".lavra-slider-2698472390\" );$lavraslider2698472390.on( \"unslider.ready\", function() { jQuery( \"div.custom-slider ul li\" ).css( \"display\", \"block\" ); });$lavraslider2698472390.unslider({ delay:4000, autoplay:true, nav:false, arrows:false, infinite:true });$lavraslider2698472390.on(\"mouseover\", function() {$lavraslider2698472390.unslider(\"stop\");}).on(\"mouseout\", function() {$lavraslider2698472390.unslider(\"start\");});});<\/script><\/div><p>Ao final da maratona das conven\u00e7\u00f5es partid\u00e1rias, finalizadas ontem, os mineiros ter\u00e3o no jogo eleitoral sete pr\u00e9-candidatos ao governo de Minas Gerais.<!--more--> \u00c9 a primeira vez, desde a redemo-cratiza\u00e7\u00e3o, que o pleito n\u00e3o ser\u00e1 polarizado. Est\u00e3o no p\u00e1reo o petista Fernando Pimentel, que tenta a reelei\u00e7\u00e3o, o senador Antonio Anastasia (PSDB), o ex-prefeito Marcio Lacerda (PSB), o deputado federal Rodrigo Pacheco (DEM), Jo\u00e3o Mares Guia (Rede), Romeu Zema (Novo) e Dirlene Marques (PSOL).<\/p>\n<p>O n\u00famero de pr\u00e9-candidatos pode ser alterado devido \u00e0 situa\u00e7\u00e3o eleitoral de Lacerda. Vetado pelo PSB, ele entrou na Justi\u00e7a, mas pode desistir da empreitada.<\/p>\n<p><img fetchpriority=\"high\" decoding=\"async\" class=\"alignnone size-full wp-image-17341 aligncenter\" src=\"http:\/\/lavras.tv\/site\/wp-content\/uploads\/2018\/08\/pre-candidatos.jpg\" alt=\"pre candidatos\" width=\"300\" height=\"300\" srcset=\"https:\/\/lavras.tv\/site\/wp-content\/uploads\/2018\/08\/pre-candidatos.jpg 300w, https:\/\/lavras.tv\/site\/wp-content\/uploads\/2018\/08\/pre-candidatos-150x150.jpg 150w\" sizes=\"(max-width: 300px) 100vw, 300px\" \/><\/p>\n<p>Como o imbr\u00f3glio envolvendo Lacerda ainda n\u00e3o teve um desfecho, muitos partidos, de m\u00e9dio e pequeno portes, decidiram postergar a defini\u00e7\u00e3o sobre coliga\u00e7\u00f5es para o prazo final de registro das candidaturas: 15 de agosto. Eles poder\u00e3o fortalecer os palanques dos pr\u00e9-candidatos j\u00e1 oficializados.<\/p>\n<p><strong>DEM<\/strong><\/p>\n<p>Tamb\u00e9m apresentando-se como via alternativa, o deputado federal Rodrigo Pacheco foi lan\u00e7ado pr\u00e9-candidato do DEM ao Pal\u00e1cio da Liberdade em conven\u00e7\u00e3o ontem. Pacheco prometeu n\u00e3o desistir no meio do caminho. \u201cO fato \u00e9 que a pol\u00edtica de Minas nos \u00faltimos dias andou muito tumultuada, h\u00e1 v\u00e1rios partidos que n\u00e3o se definiram. No momento, n\u00f3s vamos buscar novas coliga\u00e7\u00f5es e conversas com partidos que, a partir da frustra\u00e7\u00e3o da candidatura de Marcio Lacerda, possam se realinhar\u201d, afirmou.<\/p>\n<p><strong>PT<\/strong><\/p>\n<p>Na conven\u00e7\u00e3o petista realizada ontem, em Venda Nova, o governador Fernando Pimentel (PT) foi escolhido pr\u00e9-candidato \u00e0 reelei\u00e7\u00e3o e a ex-presidente Dilma Rousseff ser\u00e1 o nome do partido para o Senado. Assim como no plano nacional, a escolha do vice foi postergada.<\/p>\n<p>Na conven\u00e7\u00e3o, foi lida uma carta do ex-presidente Lula, escrita do c\u00e1rcere, em Curitiba, e repleta de cr\u00edticas, especialmente ao senador A\u00e9cio Neves (PSDB), que confirmou pr\u00e9-candidatura a deputado federal. \u201cA\u00e9cio Neves, que chegou a pedir recontagem de votos, ap\u00f3s perder em 2014, est\u00e1 lan\u00e7ando um prato novo, meio diferente, que n\u00e3o tem muito a ver com a cozinha mineira nem \u00e9 muito ecol\u00f3gico: o escondidinho de tucano. O povo mineiro n\u00e3o vai engolir essa receita indigesta nem para presidente, nem para governador, nem para o Senado, nem para deputado federal\u201d, diz trecho da carta.<\/p>\n<p>Fernando Pimentel tamb\u00e9m endossou o coro pela candidatura de Lula. \u201cO povo vai votar em quem est\u00e1 do lado dele. Foi o povo que elegeu Dilma duas vezes e o Lula. E vai eleger de novo. N\u00e3o importa se ele est\u00e1 preso\u201d, disse o governador.<\/p>\n<p>A conven\u00e7\u00e3o do PT foi marcada por cr\u00edticas aos tucanos. Anastasia foi oficializado no fim de semana anterior, em 24 de julho, tamb\u00e9m com cr\u00edticas ao rival.<\/p>\n<p><strong>Ap\u00f3s guerra de decis\u00f5es judiciais, Lacerda pode abrir m\u00e3o em prol de chapa proporcional<\/strong><\/p>\n<p>O acordo nacional entre PSB e PT, que prop\u00f4s a retirada da candidatura de Marcio Lacerda em Minas Gerais para apoiar a reelei\u00e7\u00e3o do petista Fernando Pimentel, ainda gera expectativa no cen\u00e1rio eleitoral. Isso porque, ap\u00f3s uma rodada de negocia\u00e7\u00f5es com o PSB nacional, Lacerda disse, em Bras\u00edlia, em entrevista ao Uol, que, al\u00e9m da pr\u00e9-candidatura dele, est\u00e1 em jogo a composi\u00e7\u00e3o das chapas para deputados.<\/p>\n<p>Ele admitiu que entrar com novos processos judiciais poderia inviabilizar os pr\u00e9-candidatos do partido nas chapas proporcionais. \u201cIsso criaria um caos no sentido de n\u00e3o ter candidato nenhum, a nada em Minas, nem a deputado. N\u00e3o \u00e9 essa nossa inten\u00e7\u00e3o\u201d, afirmou. Mesmo assim, o ex-prefeito ainda tentava convencer o presidente nacional do PSB, Carlos Siqueira, a voltar atr\u00e1s e liberar a pr\u00e9-candidatura. At\u00e9 o fechamento desta edi\u00e7\u00e3o, o encontro n\u00e3o havia terminado.<\/p>\n<p>Hoje, est\u00e3o marcadas novas rodadas de negocia\u00e7\u00f5es. O fim de semana foi de batalha jur\u00eddica entre Lacerda e o PSB nacional. Ontem, \u00e0 noite, o ex-prefeito informou que n\u00e3o pretendia mais ir \u00e0 Justi\u00e7a.<\/p>\n<p>Fonte: Hoje em Dia<\/p>\n","protected":false},"excerpt":{"rendered":"<p>Ao final da maratona das conven\u00e7\u00f5es partid\u00e1rias, finalizadas ontem, os mineiros ter\u00e3o no jogo eleitoral sete pr\u00e9-candidatos ao governo de Minas Gerais.<\/p>\n","protected":false},"author":2,"featured_media":17341,"comment_status":"closed","ping_status":"open","sticky":false,"template":"","format":"standard","meta":{"advgb_blocks_editor_width":"","advgb_blocks_columns_visual_guide":"","_exactmetrics_skip_tracking":false,"_exactmetrics_sitenote_active":false,"_exactmetrics_sitenote_note":"","_exactmetrics_sitenote_category":0,"footnotes":""},"categories":[12],"tags":[5074,2425,3281,530],"class_list":["post-17340","post","type-post","status-publish","format-standard","has-post-thumbnail","hentry","category-politica","tag-candidato-a-governador","tag-candidatos","tag-eleicoes-2018","tag-minas-gerais"],"better_featured_image":{"id":17341,"alt_text":"","caption":"","description":"","media_type":"image","media_details":{"width":300,"height":300,"file":"2018\/08\/pre-candidatos.jpg","sizes":{"thumbnail":{"file":"pre-candidatos-150x150.jpg","width":150,"height":150,"mime-type":"image\/jpeg","source_url":"https:\/\/lavras.tv\/site\/wp-content\/uploads\/2018\/08\/pre-candidatos-150x150.jpg"},"sow-carousel-default":{"file":"pre-candidatos-272x182.jpg","width":272,"height":182,"mime-type":"image\/jpeg","source_url":"https:\/\/lavras.tv\/site\/wp-content\/uploads\/2018\/08\/pre-candidatos-272x182.jpg"}},"image_meta":{"aperture":"0","credit":"","camera":"","caption":"","created_timestamp":"0","copyright":"","focal_length":"0","iso":"0","shutter_speed":"0","title":"","orientation":"0","keywords":[]}},"post":17340,"source_url":"https:\/\/lavras.tv\/site\/wp-content\/uploads\/2018\/08\/pre-candidatos.jpg"},"author_meta":{"display_name":"Lavras TV","author_link":"https:\/\/lavras.tv\/site\/author\/lavrastv\/"},"featured_img":"https:\/\/lavras.tv\/site\/wp-content\/uploads\/2018\/08\/pre-candidatos.jpg","coauthors":[],"tax_additional":{"categories":{"linked":["<a href=\"https:\/\/lavras.tv\/site\/category\/politica\/\" class=\"advgb-post-tax-term\">Pol\u00edtica<\/a>"],"unlinked":["<span class=\"advgb-post-tax-term\">Pol\u00edtica<\/span>"]},"tags":{"linked":["<a href=\"https:\/\/lavras.tv\/site\/category\/politica\/\" class=\"advgb-post-tax-term\">candidato a governador<\/a>","<a href=\"https:\/\/lavras.tv\/site\/category\/politica\/\" class=\"advgb-post-tax-term\">candidatos<\/a>","<a href=\"https:\/\/lavras.tv\/site\/category\/politica\/\" class=\"advgb-post-tax-term\">elei\u00e7\u00f5es 2018<\/a>","<a href=\"https:\/\/lavras.tv\/site\/category\/politica\/\" class=\"advgb-post-tax-term\">minas gerais<\/a>"],"unlinked":["<span class=\"advgb-post-tax-term\">candidato a governador<\/span>","<span class=\"advgb-post-tax-term\">candidatos<\/span>","<span class=\"advgb-post-tax-term\">elei\u00e7\u00f5es 2018<\/span>","<span class=\"advgb-post-tax-term\">minas gerais<\/span>"]}},"comment_count":"0","relative_dates":{"created":"Publicado 8 anos atr\u00e1s","modified":"Atualizado 8 anos atr\u00e1s"},"absolute_dates":{"created":"Publicado em 6 de agosto de 2018","modified":"Atualizado em 6 de agosto de 2018"},"absolute_dates_time":{"created":"Publicado em 6 de agosto de 2018 09:27","modified":"Atualizado em 6 de agosto de 2018 09:27"},"featured_img_caption":"","series_order":"","_links":{"self":[{"href":"https:\/\/lavras.tv\/site\/wp-json\/wp\/v2\/posts\/17340","targetHints":{"allow":["GET"]}}],"collection":[{"href":"https:\/\/lavras.tv\/site\/wp-json\/wp\/v2\/posts"}],"about":[{"href":"https:\/\/lavras.tv\/site\/wp-json\/wp\/v2\/types\/post"}],"author":[{"embeddable":true,"href":"https:\/\/lavras.tv\/site\/wp-json\/wp\/v2\/users\/2"}],"replies":[{"embeddable":true,"href":"https:\/\/lavras.tv\/site\/wp-json\/wp\/v2\/comments?post=17340"}],"version-history":[{"count":1,"href":"https:\/\/lavras.tv\/site\/wp-json\/wp\/v2\/posts\/17340\/revisions"}],"predecessor-version":[{"id":17342,"href":"https:\/\/lavras.tv\/site\/wp-json\/wp\/v2\/posts\/17340\/revisions\/17342"}],"wp:featuredmedia":[{"embeddable":true,"href":"https:\/\/lavras.tv\/site\/wp-json\/wp\/v2\/media\/17341"}],"wp:attachment":[{"href":"https:\/\/lavras.tv\/site\/wp-json\/wp\/v2\/media?parent=17340"}],"wp:term":[{"taxonomy":"category","embeddable":true,"href":"https:\/\/lavras.tv\/site\/wp-json\/wp\/v2\/categories?post=17340"},{"taxonomy":"post_tag","embeddable":true,"href":"https:\/\/lavras.tv\/site\/wp-json\/wp\/v2\/tags?post=17340"}],"curies":[{"name":"wp","href":"https:\/\/api.w.org\/{rel}","templated":true}]}}