{"id":17343,"date":"2018-08-06T09:38:37","date_gmt":"2018-08-06T12:38:37","guid":{"rendered":"http:\/\/lavras.tv\/site\/?p=17343"},"modified":"2018-08-06T09:38:37","modified_gmt":"2018-08-06T12:38:37","slug":"saiba-quem-sao-os-13-candidatos-a-presidente-da-republica-confirmados","status":"publish","type":"post","link":"https:\/\/lavras.tv\/site\/2018\/08\/06\/saiba-quem-sao-os-13-candidatos-a-presidente-da-republica-confirmados\/","title":{"rendered":"Saiba quem s\u00e3o os 13 candidatos a presidente da Rep\u00fablica confirmados"},"content":{"rendered":"<div class=\"lavra-antes-do-conteudo_2\" id=\"lavra-121900027\"><div id=\"lavra-slider-27\" class=\"custom-slider lavra-slider-3156173440 lavra-slider\"><ul><li><div style=\"margin-left: auto;margin-right: auto;text-align: center;\" id=\"lavra-2206442379\"><a href=\"https:\/\/sistemas.lavras.mg.gov.br\/portalcidadao\/#df1b1a7c7b2a290bcb31e32771e610784662739a88807c0dacac58ede5f391a7530e299dc302d611ee73cb143fc22eaf93592e53e7b5bdb01b00a0b8d28dae460c141dd2ff83412e4dc1c31b16b25f33144a9e5620ea73b13f5bc1c59411d98439ad226e8af03840603796067d87afe130812cf3de24982d0e306f9e61e764e5\" aria-label=\"Lavras-TV&#8211;720x104px (1) (1)\"><img src=\"https:\/\/lavras.tv\/site\/wp-content\/uploads\/2025\/01\/Lavras-TV-720x104px-1-1.png\" alt=\"\"  srcset=\"https:\/\/lavras.tv\/site\/wp-content\/uploads\/2025\/01\/Lavras-TV-720x104px-1-1.png 720w, https:\/\/lavras.tv\/site\/wp-content\/uploads\/2025\/01\/Lavras-TV-720x104px-1-1-470x68.png 470w, https:\/\/lavras.tv\/site\/wp-content\/uploads\/2025\/01\/Lavras-TV-720x104px-1-1-170x25.png 170w, https:\/\/lavras.tv\/site\/wp-content\/uploads\/2025\/01\/Lavras-TV-720x104px-1-1-200x29.png 200w\" sizes=\"(max-width: 720px) 100vw, 720px\" width=\"720\" height=\"104\"  style=\"display: inline-block;\" \/><\/a><\/div><\/li><li><a href=\"https:\/\/sistemas.lavras.mg.gov.br\/portalcidadao\/#df1b1a7c7b2a290bcb31e32771e610784662739a88807c0dacac58ede5f391a7530e299dc302d611ee73cb143fc22eaf93592e53e7b5bdb01b00a0b8d28dae460c141dd2ff83412e4dc1c31b16b25f33144a9e5620ea73b13f5bc1c59411d98439ad226e8af03840603796067d87afe130812cf3de24982d0e306f9e61e764e5\" aria-label=\"Banner_Emprego_PortallavrasTV\"><img src=\"https:\/\/lavras.tv\/site\/wp-content\/uploads\/2025\/03\/Banner_Emprego_PortallavrasTV.png\" alt=\"\"  srcset=\"https:\/\/lavras.tv\/site\/wp-content\/uploads\/2025\/03\/Banner_Emprego_PortallavrasTV.png 720w, https:\/\/lavras.tv\/site\/wp-content\/uploads\/2025\/03\/Banner_Emprego_PortallavrasTV-470x68.png 470w, https:\/\/lavras.tv\/site\/wp-content\/uploads\/2025\/03\/Banner_Emprego_PortallavrasTV-170x25.png 170w, https:\/\/lavras.tv\/site\/wp-content\/uploads\/2025\/03\/Banner_Emprego_PortallavrasTV-200x29.png 200w\" sizes=\"(max-width: 720px) 100vw, 720px\" width=\"720\" height=\"104\"   \/><\/a><\/li><li><a href=\"https:\/\/sistemas.lavras.mg.gov.br\/portalcidadao\/#df1b1a7c7b2a290bcb31e32771e610784662739a88807c0dacac58ede5f391a7530e299dc302d611ee73cb143fc22eaf93592e53e7b5bdb01b00a0b8d28dae460c141dd2ff83412e4dc1c31b16b25f33144a9e5620ea73b13f5bc1c59411d98439ad226e8af03840603796067d87afe130812cf3de24982d0e306f9e61e764e5\" aria-label=\"Banner_Obras_PortallavrasTV\"><img src=\"https:\/\/lavras.tv\/site\/wp-content\/uploads\/2025\/03\/Banner_Obras_PortallavrasTV.png\" alt=\"\"  srcset=\"https:\/\/lavras.tv\/site\/wp-content\/uploads\/2025\/03\/Banner_Obras_PortallavrasTV.png 720w, https:\/\/lavras.tv\/site\/wp-content\/uploads\/2025\/03\/Banner_Obras_PortallavrasTV-470x68.png 470w, https:\/\/lavras.tv\/site\/wp-content\/uploads\/2025\/03\/Banner_Obras_PortallavrasTV-170x25.png 170w, https:\/\/lavras.tv\/site\/wp-content\/uploads\/2025\/03\/Banner_Obras_PortallavrasTV-200x29.png 200w\" sizes=\"(max-width: 720px) 100vw, 720px\" width=\"720\" height=\"104\"   \/><\/a><\/li><li><div style=\"margin-left: auto;margin-right: auto;text-align: center;\" id=\"lavra-544655596\"><a href=\"https:\/\/sistemas.lavras.mg.gov.br\/portalcidadao\/#df1b1a7c7b2a290bcb31e32771e610784662739a88807c0dacac58ede5f391a7530e299dc302d611ee73cb143fc22eaf93592e53e7b5bdb01b00a0b8d28dae460c141dd2ff83412e4dc1c31b16b25f33144a9e5620ea73b13f5bc1c59411d98439ad226e8af03840603796067d87afe130812cf3de24982d0e306f9e61e764e5\" aria-label=\"Banner_Educa\u00e7\u00e3o_PortallavrasTV\"><img src=\"https:\/\/lavras.tv\/site\/wp-content\/uploads\/2025\/01\/Banner_Educacao_PortallavrasTV.png\" alt=\"\"  srcset=\"https:\/\/lavras.tv\/site\/wp-content\/uploads\/2025\/01\/Banner_Educacao_PortallavrasTV.png 720w, https:\/\/lavras.tv\/site\/wp-content\/uploads\/2025\/01\/Banner_Educacao_PortallavrasTV-470x68.png 470w, https:\/\/lavras.tv\/site\/wp-content\/uploads\/2025\/01\/Banner_Educacao_PortallavrasTV-170x25.png 170w, https:\/\/lavras.tv\/site\/wp-content\/uploads\/2025\/01\/Banner_Educacao_PortallavrasTV-200x29.png 200w\" sizes=\"(max-width: 720px) 100vw, 720px\" width=\"720\" height=\"104\"  style=\"display: inline-block;\" \/><\/a><\/div><\/li><li><a href=\"https:\/\/sistemas.lavras.mg.gov.br\/portalcidadao\/#df1b1a7c7b2a290bcb31e32771e610784662739a88807c0dacac58ede5f391a7530e299dc302d611ee73cb143fc22eaf93592e53e7b5bdb01b00a0b8d28dae460c141dd2ff83412e4dc1c31b16b25f33144a9e5620ea73b13f5bc1c59411d98439ad226e8af03840603796067d87afe130812cf3de24982d0e306f9e61e764e5\" aria-label=\"Banner_Sa\u00fade_PortallavrasTV\"><img src=\"https:\/\/lavras.tv\/site\/wp-content\/uploads\/2025\/03\/Banner_Saude_PortallavrasTV.png\" alt=\"\"  srcset=\"https:\/\/lavras.tv\/site\/wp-content\/uploads\/2025\/03\/Banner_Saude_PortallavrasTV.png 720w, https:\/\/lavras.tv\/site\/wp-content\/uploads\/2025\/03\/Banner_Saude_PortallavrasTV-470x68.png 470w, https:\/\/lavras.tv\/site\/wp-content\/uploads\/2025\/03\/Banner_Saude_PortallavrasTV-170x25.png 170w, https:\/\/lavras.tv\/site\/wp-content\/uploads\/2025\/03\/Banner_Saude_PortallavrasTV-200x29.png 200w\" sizes=\"(max-width: 720px) 100vw, 720px\" width=\"720\" height=\"104\"   \/><\/a><\/li><li><div id=\"lavra-2150166458\" style=\"width:720px;height:104px;background-color:#ddd;overflow:scroll;\">\n\t<strong>Sa\u00edda da depura\u00e7\u00e3o de an\u00fancios<\/strong>\n\t<br><br>\n\tO an\u00fancio n\u00e3o \u00e9 exibido na p\u00e1gina<br><br>post atual: Saiba quem s\u00e3o os 13 candidatos a presidente da Rep\u00fablica confirmados, ID: 17343<br><br><span style=\"color: red;\">O post atual n\u00e3o \u00e9 id\u00eantico ao post principal.<\/span><br><br>An\u00fancios: ROXO - TOPO INTERNA - ROTATIVO 2 (197)<br \/>Grupo de an\u00fancios: Princ_Meio01_720x104 (27)<br><br>Condi\u00e7\u00f5es de exibi\u00e7\u00e3o<div style=\"margin-bottom: 20px; white-space: pre-wrap; font-family: monospace; width: 100%; background: #ffe9e9;\"><strong>condi\u00e7\u00f5es gerais<\/strong><table border=\"1\"><thead><tr><th><\/th><th>An\u00fancios<\/th><th>wp_the_query<\/th><\/tr><\/thead><tr><td>is_main_query<\/td><td>1<\/td><td>1<\/td><\/tr><tr><td>is_rest_api<\/td><td>0<\/td><td>1<\/td><\/tr><tr><td>page<\/td><td>0<\/td><td>1<\/td><\/tr><tr><td>numpages<\/td><td>0<\/td><td>1<\/td><\/tr><tr><td>is_archive<\/td><td>1<\/td><td><\/td><\/tr><tr><td>is_search<\/td><td>1<\/td><td><\/td><\/tr><tr><td>is_home<\/td><td>1<\/td><td><\/td><\/tr><tr><td>is_404<\/td><td>1<\/td><td><\/td><\/tr><tr><td>is_attachment<\/td><td>1<\/td><td><\/td><\/tr><tr><td>is_singular<\/td><td>1<\/td><td><\/td><\/tr><tr><td>is_front_page<\/td><td>1<\/td><td><\/td><\/tr><tr><td>is_feed<\/td><td>1<\/td><td><\/td><\/tr><\/table><\/div><br><br><span style=\"color: red;\">Seu site usa HTTPS, mas o c\u00f3digo do an\u00fancio cont\u00e9m HTTP e pode n\u00e3o funcionar.<\/span>\t<br><br>\n\t<a style=\"color: green;\" href=\"https:\/\/wpadvancedads.com\/manual\/ad-debug-mode\/?utm_source=advanced-ads&utm_medium=link&utm_campaign=ad-debug-mode\" target=\"_blank\" rel=\"nofollow\">Encontre solu\u00e7\u00f5es no manual<\/a>\n<\/div>\n<\/li><\/ul><\/div><script>( window.advanced_ads_ready || jQuery( document ).ready ).call( null, function() {var $lavraslider3156173440 = jQuery( \".lavra-slider-3156173440\" );$lavraslider3156173440.on( \"unslider.ready\", function() { jQuery( \"div.custom-slider ul li\" ).css( \"display\", \"block\" ); });$lavraslider3156173440.unslider({ delay:4000, autoplay:true, nav:false, arrows:false, infinite:true });$lavraslider3156173440.on(\"mouseover\", function() {$lavraslider3156173440.unslider(\"stop\");}).on(\"mouseout\", function() {$lavraslider3156173440.unslider(\"start\");});});<\/script><\/div><p>O fim do prazo das conven\u00e7\u00f5es partid\u00e1rias ontem definiu o cen\u00e1rio das elei\u00e7\u00f5es deste ano com a indica\u00e7\u00e3o dos \u00faltimos candidatos a vice. Os outros oito foram confirmados no s\u00e1bado. Embora sem prolifera\u00e7\u00e3o de outsiders, como inicialmente previam os analistas pol\u00edticos, a disputa caminha para ser uma das mais fragmentadas, reunindo o maior n\u00famero de candidatos desde 1989, que teve 22 nomes na urna.<\/p>\n<p>No total, 13 candidatos foram oficializados por seus partidos, que t\u00eam at\u00e9 o dia 15 deste m\u00eas para registrarem as chapas.<\/p>\n<figure id=\"attachment_17344\" aria-describedby=\"caption-attachment-17344\" style=\"width: 820px\" class=\"wp-caption aligncenter\"><img fetchpriority=\"high\" decoding=\"async\" class=\"size-full wp-image-17344\" src=\"http:\/\/lavras.tv\/site\/wp-content\/uploads\/2018\/08\/eleicao-presidente.jpg\" alt=\"Reprodu\u00e7\u00e3o: Portal UAI\" width=\"820\" height=\"643\" srcset=\"https:\/\/lavras.tv\/site\/wp-content\/uploads\/2018\/08\/eleicao-presidente.jpg 820w, https:\/\/lavras.tv\/site\/wp-content\/uploads\/2018\/08\/eleicao-presidente-150x118.jpg 150w, https:\/\/lavras.tv\/site\/wp-content\/uploads\/2018\/08\/eleicao-presidente-300x235.jpg 300w\" sizes=\"(max-width: 820px) 100vw, 820px\" \/><figcaption id=\"caption-attachment-17344\" class=\"wp-caption-text\">Reprodu\u00e7\u00e3o: Portal UAI<\/figcaption><\/figure>\n<p>O n\u00famero \u00e9 superior \u00e0 elei\u00e7\u00e3o de 2014, quando 11 disputaram a Presid\u00eancia, e dois a mais que em 1998. Mesmo confirmados nas conven\u00e7\u00f5es, os candidatos ainda podem deixar a disputa ou ter o seu nome trocado pelo partido at\u00e9 a v\u00e9spera das elei\u00e7\u00f5es.<\/p>\n<p>\u00c9 o que deve ocorrer, por exemplo, com a candidatura do PT. Condenado em segunda inst\u00e2ncia a 12 anos e um m\u00eas de pris\u00e3o no caso do triplex no Guaruja (SP) e enquadrado na Lei da Ficha Limpa, o ex-presidente Luiz In\u00e1cio Lula da Silva deve ter seu nome trocado caso a Justi\u00e7a Eleitoral negue o seu registro de candidato.<\/p>\n<p>Neste caso, o ex-prefeito de S\u00e3o Paulo Fernando Haddad, indicado ontem como vice, assume a cabe\u00e7a de chapa. Com isso, a ex-deputada Manuela D\u2019\u00c1vila (PCdoB), que ontem desistiu de sua candidatura, pode ser a candidata a vice de Haddad.<\/p>\n<p><img decoding=\"async\" class=\"alignnone size-full wp-image-951 aligncenter\" src=\"http:\/\/lavras.tv\/site\/wp-content\/uploads\/2016\/07\/urna.jpg\" alt=\"urna\" width=\"1181\" height=\"801\" srcset=\"https:\/\/lavras.tv\/site\/wp-content\/uploads\/2016\/07\/urna.jpg 1181w, https:\/\/lavras.tv\/site\/wp-content\/uploads\/2016\/07\/urna-150x102.jpg 150w, https:\/\/lavras.tv\/site\/wp-content\/uploads\/2016\/07\/urna-300x203.jpg 300w, https:\/\/lavras.tv\/site\/wp-content\/uploads\/2016\/07\/urna-1024x695.jpg 1024w\" sizes=\"(max-width: 1181px) 100vw, 1181px\" \/><\/p>\n<p><strong>Lula indica seu plano B<\/strong><br \/>\nO PT anunciou oficialmente no in\u00edcio da madrugada de hoje o nome\u00a0 do ex-prefeito de S\u00e3o Paulo Fernando Haddad (foto) para vice na chapa do ex-presidente Lula. E ainda confirmou o apoio da ex-deputado Manuela D\u2019\u00c1vila, que retirou sua candidatura \u00e0 Presid\u00eancia. Mais cedo, Lula enviou carta \u00e0 executiva nacional do partido indicando Haddad e sugerindo articula\u00e7\u00e3o com Manuela. A articula\u00e7\u00e3o com o PCdoB mira tamb\u00e9m a prov\u00e1vel impugna\u00e7\u00e3o da candidatura de Lula pelo Tribunal Superior Eleitoral. Neste caso, Manuela poder\u00e1 ser vice de Fernando Haddad, que passaria ent\u00e3o a ser o cabe\u00e7a de chapa do PT nas elei\u00e7\u00f5es presidenciais. Lula est\u00e1 enquadrado na Lei da Ficha Limpa, que pro\u00edbe candidaturas de condenados em segunda inst\u00e2ncia.<\/p>\n<p>O ex-presidente est\u00e1 preso desde 7 de abril na sede da Pol\u00edcia Federal, em Curitiba, cumprindo pena de 12 anos e um m\u00eas de pris\u00e3o por corrup\u00e7\u00e3o passiva e lavagem de dinheiro no caso do triplex no Guaruj\u00e1 (SP) pelo Tribunal Regional Federal da 4\u00aa Regi\u00e3o (TRF-4). Ontem, o PCdoB informou que a candidatura de Manuela ser\u00e1 o sindicalista Adilson Ara\u00fajo, presidente da Central dos Trabalhadores e Trabalhadoras do Brasil (CTB).<\/p>\n<p>A decis\u00e3o foi formalizada durante reuni\u00e3o do comit\u00ea central do partido, em S\u00e3o Paulo. Dirigentes do partido, entretanto, mant\u00eam aberta a possibilidade de compor com o PT. O objetivo do PCdoB eram unificar o campo da esquerda, mas as articula\u00e7\u00f5es com o PDT tamb\u00e9m n\u00e3o avan\u00e7aram. O partido lan\u00e7ou o ex-governador do Cear\u00e1 Ciro Gomes \u00e0 Presid\u00eancia da Rep\u00fablica. Ciro tamb\u00e9m n\u00e3o se acertou com o PT, pelo contr\u00e1rio, houve troca de cr\u00edticas entre os dois partidos.<\/p>\n<p><strong>General ser\u00e1 vice de capit\u00e3o<\/strong><br \/>\nO general da reserva e presidente do Clube Militar, Hamilton Mour\u00e3o (foto), do PRTB ser\u00e1 o companheiro de chapa do candidato do PSL \u00e0 Presid\u00eancia da Rep\u00fablica. Ele informou que recebeu e aceitou o convite e pouco depois, portanto, foi oficializado candidato a vice durante conven\u00e7\u00e3o nacional do PRTB. Mour\u00e3o disse estar lisonjeado por participar da disputa com Bolsonaro: \u201cEstou honrado e muito feliz por receber esse convite. Agora, \u00e9 participar com Jair Bolsonaro da campanha e percorrer o pa\u00eds\u201d. Mour\u00e3o fez reuni\u00e3o de trabalhos com aliados para discutir sua participa\u00e7\u00e3o na campanha presidencial. O nome dele chegou a ser anunciado por Bolsonaro no m\u00eas passado, em evento p\u00fablico em Rio Verde, em Goi\u00e1s. Mas, na ocasi\u00e3o, a c\u00fapula do PRTB se manifestou contra a alian\u00e7a com o PSL. Em entrevista em 26 de julho, o general da reserva disse que a campanha do PSL era marcada por radicalismo nas ideias, um postura que ele chamou de \u201cbo\u00e7al.\u201d<\/p>\n<p>Hamilton Mour\u00e3o foi a quarta op\u00e7\u00e3o de Jair Bolsonaro em sua chapa. O candidato do PSL j\u00e1 havia recebido negativas do senador Magno Malta (PR) e da advogada Janaina Paschoal. Tentou tamb\u00e9m atrair o general da reserva Augusto Heleno (PRP), mas o partido rejeitou a alian\u00e7a. Jana\u00edna alegou quest\u00f5es familiares e descartou ser vice, enquanto o PR de Malta fechou alian\u00e7a com o Centr\u00e3o, que apoiar\u00e1 o candidato do PSDB \u00e0 Presid\u00eancia, Geraldo Alckmin. Na conven\u00e7\u00e3o do PRTB em S\u00e3o Paulo, Mour\u00e3o defendeu o \u201cbem comum do povo brasileiro, a defesa da integridade do patrim\u00f4nio, onde haja oportunidade para todos e todos ascendam pelos seus pr\u00f3prios meios. E n\u00e3o por esmolas. Onde o banditismo, a criminalidade seja banida, e que possamos andar livremente pelas ruas do nosso pa\u00eds.\u201d<\/p>\n<p><strong>Ciro escolhe Ruralista<\/strong><br \/>\nO presidente nacional do PDT, Carlos Lupi, anunciou o nome da senadora K\u00e1tia Abreu (foto),\u00a0 do PDT do Tocantins, como vice na chapa de Ciro Gomes para a disputa presidencial. A escolha da chapa \u201cpuro-sangue\u201d ocorre depois de uma semana de seguidos reveses para o pedetista. O ex-ministro estava em negocia\u00e7\u00e3o avan\u00e7ada para compor com o PSB, mas a executiva nacional dos socialistas acertou com o PT neutralidade do partido na corrida ao Pal\u00e1cio do Planalto em troca de acordos estaduais. Historicamente ligada \u00e0 bancada ruralista, K\u00e1tia Abreu foi eleita por Tocantins pelo DEM (ent\u00e3o PFL) em 2006. Quando Dilma assumiu o Planalto, em 2011, as duas se aproximaram. J\u00e1 pelo MDB, em 2014, ela foi reeleita para o cargo e nomeada ministra da Agricultura.<\/p>\n<p>Durante o processo de impeachment de Dilma, K\u00e1tia Abreu se tornou uma das mais ferrenhas defensoras da petista.\u00a0 O apoio incondicional \u00e0 presidente, entretanto, mesmo depois do impeachment, levou o MDB a expuls\u00e1-la em 2017. Em mar\u00e7o deste ano, ela se filiou ao PDT para disputar a elei\u00e7\u00e3o suplementar do governo do Tocantins. Mas na corrida extempor\u00e2nea ficou em quarto lugar, com 15,66%. Antes de ser confirmada vice, ela pretendia concorrer ao Senado em outubro outra vez. Na elei\u00e7\u00e3o estadual, Lula enviou carta de apoio \u00e0 candidatura de K\u00e1tia, mesmo sem o PT fazer parte formalmente da chapa.<\/p>\n<p>A indica\u00e7\u00e3o de K\u00e1tia Abreu p\u00f5e fim \u00e0 possibilidade de Ciro Gomes compor com o PT, o que indicava que j\u00e1 seria uma parceria invi\u00e1vel, por causa das cr\u00edticas m\u00fatuas dos dois partidos. No sab\u00e1do, em BH, por exemplo, o candidato do PDT criticou a alian\u00e7a nacional entre PT e PSB. Chamou o acordo de \u201cconchavo de gabinete\u201d e diz o ex-presidente Lula fez \u201cbobagem\u201d.<\/p>\n<p><strong>&#8216;Puro-sangue&#8217; no MDB<\/strong><br \/>\nO candidato \u00e0 Presid\u00eancia da Rep\u00fablica Henrique Meirelles (MDB) confirmou a indica\u00e7\u00e3o do ex-governador do Rio Grando do Sul Germano Rigotto (foto) como vice em sua chapa \u201cpuro-sangue\u201d, j\u00e1 que o ga\u00facho \u00e9 filiado ao MDB tamb\u00e9m. Meirelles afirmou que foi uma \u201cescolha pessoal\u201d. Os dois estiveram na conven\u00e7\u00e3o estadual do MDB ga\u00facho, em Porto Alegre. Foi a primeira agenda conjunta dos candidatos. Meirelles afirmou que o ex-governador ga\u00facho foi a primeira pessoa que ele convidou para a vaga de vice-presidente. \u201cContemplamos algumas possibilidades e conclu\u00ed que o melhor seria o Rigotto. Foi uma escolha pessoal\u201d, disse. Meirelles foi bastante aplaudido pelos militantes e at\u00e9 arriscou dan\u00e7ar ao som do jingle Chama o Meirelles. O teatro Dante Barone, da Assembleia Legislativa, estava lotado.<\/p>\n<p>Em seu discurso, Meirelles disse que quer \u201cresgatar a confian\u00e7a do brasileiro\u201d e que, para isso, tem ao seu lado \u201cum brasileiro que far\u00e1 grande diferen\u00e7a nessa caminhada\u201d. \u201c\u00c9 uma honra ter Rigotto ao meu lado, um homem que se pauta pela experi\u00eancia e compet\u00eancia\u201d, disse o candidato. \u201cEu e Rigotto vamos rodar o Brasil inteiro, modernizar o pa\u00eds, fazer muita coisa nova e melhorar o que j\u00e1 est\u00e1 funcionando bem\u201d, discursou Meirelles.<\/p>\n<p>Germano Rigotto destacou em sua fala seu desejo de que o MDB tivesse candidatura pr\u00f3pria \u00e0 Presid\u00eancia\u00a0 e criticou a decis\u00e3o que ele chamou de \u201cequivocada\u201d do partido n\u00e3o lan\u00e7ar candidato em 2006. \u201cPrejudiquei uma reelei\u00e7\u00e3o (em 2006) a governador atendendo ao pedido de alguns diret\u00f3rios para que meu nome fosse colocado numa pr\u00e9via. Foi uma semente. Agora, o MDB ter\u00e1 o seu projeto nacional, sua cara pr\u00f3pria\u201d, disse. Segundo ele, as escolhas do partido em apoiar outros candidatos ao longo dos anos criou \u201cr\u00f3tulos nada bons\u201d \u00e0 sigla.<\/p>\n<p>Fonte: Portal UAI<\/p>\n","protected":false},"excerpt":{"rendered":"<p>O fim do prazo das conven\u00e7\u00f5es partid\u00e1rias ontem definiu o cen\u00e1rio das elei\u00e7\u00f5es deste ano com a indica\u00e7\u00e3o dos \u00faltimos candidatos a vice. Os outros oito foram confirmados no s\u00e1bado. Embora sem prolifera\u00e7\u00e3o de outsiders, como inicialmente previam os analistas pol\u00edticos, a disputa caminha para ser uma das mais fragmentadas, reunindo o maior n\u00famero de [&hellip;]<\/p>\n","protected":false},"author":2,"featured_media":951,"comment_status":"closed","ping_status":"open","sticky":false,"template":"","format":"standard","meta":{"advgb_blocks_editor_width":"","advgb_blocks_columns_visual_guide":"","_exactmetrics_skip_tracking":false,"_exactmetrics_sitenote_active":false,"_exactmetrics_sitenote_note":"","_exactmetrics_sitenote_category":0,"footnotes":""},"categories":[12],"tags":[2425,3281,50,2113],"class_list":["post-17343","post","type-post","status-publish","format-standard","has-post-thumbnail","hentry","category-politica","tag-candidatos","tag-eleicoes-2018","tag-lavras-tv","tag-presidente"],"better_featured_image":{"id":951,"alt_text":"","caption":"","description":"","media_type":"image","media_details":{"width":1181,"height":801,"file":"2016\/07\/urna.jpg","sizes":{"thumbnail":{"file":"urna-150x102.jpg","width":150,"height":102,"mime-type":"image\/jpeg","source_url":"https:\/\/lavras.tv\/site\/wp-content\/uploads\/2016\/07\/urna-150x102.jpg"},"medium":{"file":"urna-300x203.jpg","width":300,"height":203,"mime-type":"image\/jpeg","source_url":"https:\/\/lavras.tv\/site\/wp-content\/uploads\/2016\/07\/urna-300x203.jpg"},"large":{"file":"urna-1024x695.jpg","width":1024,"height":695,"mime-type":"image\/jpeg","source_url":"https:\/\/lavras.tv\/site\/wp-content\/uploads\/2016\/07\/urna-1024x695.jpg"},"featured-slider-img":{"file":"urna-640x480.jpg","width":640,"height":480,"mime-type":"image\/jpeg","source_url":"https:\/\/lavras.tv\/site\/wp-content\/uploads\/2016\/07\/urna-640x480.jpg"},"featured-post-img":{"file":"urna-480x320.jpg","width":480,"height":320,"mime-type":"image\/jpeg","source_url":"https:\/\/lavras.tv\/site\/wp-content\/uploads\/2016\/07\/urna-480x320.jpg"},"sow-carousel-default":{"file":"urna-272x182.jpg","width":272,"height":182,"mime-type":"image\/jpeg","source_url":"https:\/\/lavras.tv\/site\/wp-content\/uploads\/2016\/07\/urna-272x182.jpg"}},"image_meta":{"aperture":"0","credit":"","camera":"","caption":"","created_timestamp":"0","copyright":"","focal_length":"0","iso":"0","shutter_speed":"0","title":"","orientation":"0","keywords":[]}},"post":950,"source_url":"https:\/\/lavras.tv\/site\/wp-content\/uploads\/2016\/07\/urna.jpg"},"author_meta":{"display_name":"Lavras TV","author_link":"https:\/\/lavras.tv\/site\/author\/lavrastv\/"},"featured_img":"https:\/\/lavras.tv\/site\/wp-content\/uploads\/2016\/07\/urna-300x203.jpg","coauthors":[],"tax_additional":{"categories":{"linked":["<a href=\"https:\/\/lavras.tv\/site\/category\/politica\/\" class=\"advgb-post-tax-term\">Pol\u00edtica<\/a>"],"unlinked":["<span class=\"advgb-post-tax-term\">Pol\u00edtica<\/span>"]},"tags":{"linked":["<a href=\"https:\/\/lavras.tv\/site\/category\/politica\/\" class=\"advgb-post-tax-term\">candidatos<\/a>","<a href=\"https:\/\/lavras.tv\/site\/category\/politica\/\" class=\"advgb-post-tax-term\">elei\u00e7\u00f5es 2018<\/a>","<a href=\"https:\/\/lavras.tv\/site\/category\/politica\/\" class=\"advgb-post-tax-term\">lavras.tv<\/a>","<a href=\"https:\/\/lavras.tv\/site\/category\/politica\/\" class=\"advgb-post-tax-term\">presidente<\/a>"],"unlinked":["<span class=\"advgb-post-tax-term\">candidatos<\/span>","<span class=\"advgb-post-tax-term\">elei\u00e7\u00f5es 2018<\/span>","<span class=\"advgb-post-tax-term\">lavras.tv<\/span>","<span class=\"advgb-post-tax-term\">presidente<\/span>"]}},"comment_count":"0","relative_dates":{"created":"Publicado 8 anos atr\u00e1s","modified":"Atualizado 8 anos atr\u00e1s"},"absolute_dates":{"created":"Publicado em 6 de agosto de 2018","modified":"Atualizado em 6 de agosto de 2018"},"absolute_dates_time":{"created":"Publicado em 6 de agosto de 2018 09:38","modified":"Atualizado em 6 de agosto de 2018 09:38"},"featured_img_caption":"","series_order":"","_links":{"self":[{"href":"https:\/\/lavras.tv\/site\/wp-json\/wp\/v2\/posts\/17343","targetHints":{"allow":["GET"]}}],"collection":[{"href":"https:\/\/lavras.tv\/site\/wp-json\/wp\/v2\/posts"}],"about":[{"href":"https:\/\/lavras.tv\/site\/wp-json\/wp\/v2\/types\/post"}],"author":[{"embeddable":true,"href":"https:\/\/lavras.tv\/site\/wp-json\/wp\/v2\/users\/2"}],"replies":[{"embeddable":true,"href":"https:\/\/lavras.tv\/site\/wp-json\/wp\/v2\/comments?post=17343"}],"version-history":[{"count":1,"href":"https:\/\/lavras.tv\/site\/wp-json\/wp\/v2\/posts\/17343\/revisions"}],"predecessor-version":[{"id":17345,"href":"https:\/\/lavras.tv\/site\/wp-json\/wp\/v2\/posts\/17343\/revisions\/17345"}],"wp:featuredmedia":[{"embeddable":true,"href":"https:\/\/lavras.tv\/site\/wp-json\/wp\/v2\/media\/951"}],"wp:attachment":[{"href":"https:\/\/lavras.tv\/site\/wp-json\/wp\/v2\/media?parent=17343"}],"wp:term":[{"taxonomy":"category","embeddable":true,"href":"https:\/\/lavras.tv\/site\/wp-json\/wp\/v2\/categories?post=17343"},{"taxonomy":"post_tag","embeddable":true,"href":"https:\/\/lavras.tv\/site\/wp-json\/wp\/v2\/tags?post=17343"}],"curies":[{"name":"wp","href":"https:\/\/api.w.org\/{rel}","templated":true}]}}