{"id":17547,"date":"2018-08-21T09:15:23","date_gmt":"2018-08-21T12:15:23","guid":{"rendered":"http:\/\/lavras.tv\/site\/?p=17547"},"modified":"2018-08-21T09:15:23","modified_gmt":"2018-08-21T12:15:23","slug":"lavras-volei-tem-data-definida-para-estrear-no-campeonato-mineiro","status":"publish","type":"post","link":"https:\/\/lavras.tv\/site\/2018\/08\/21\/lavras-volei-tem-data-definida-para-estrear-no-campeonato-mineiro\/","title":{"rendered":"Lavras V\u00f4lei tem data definida para estrear no Campeonato Mineiro"},"content":{"rendered":"<div class=\"lavra-antes-do-conteudo_2\" id=\"lavra-798675204\"><div id=\"lavra-slider-27\" class=\"custom-slider lavra-slider-3514597525 lavra-slider\"><ul><li><div style=\"margin-left: auto;margin-right: auto;text-align: center;\" id=\"lavra-290146005\"><a href=\"https:\/\/sistemas.lavras.mg.gov.br\/portalcidadao\/#df1b1a7c7b2a290bcb31e32771e610784662739a88807c0dacac58ede5f391a7530e299dc302d611ee73cb143fc22eaf93592e53e7b5bdb01b00a0b8d28dae460c141dd2ff83412e4dc1c31b16b25f33144a9e5620ea73b13f5bc1c59411d98439ad226e8af03840603796067d87afe130812cf3de24982d0e306f9e61e764e5\" aria-label=\"Lavras-TV&#8211;720x104px (1) (1)\"><img src=\"https:\/\/lavras.tv\/site\/wp-content\/uploads\/2025\/01\/Lavras-TV-720x104px-1-1.png\" alt=\"\"  srcset=\"https:\/\/lavras.tv\/site\/wp-content\/uploads\/2025\/01\/Lavras-TV-720x104px-1-1.png 720w, https:\/\/lavras.tv\/site\/wp-content\/uploads\/2025\/01\/Lavras-TV-720x104px-1-1-470x68.png 470w, https:\/\/lavras.tv\/site\/wp-content\/uploads\/2025\/01\/Lavras-TV-720x104px-1-1-170x25.png 170w, https:\/\/lavras.tv\/site\/wp-content\/uploads\/2025\/01\/Lavras-TV-720x104px-1-1-200x29.png 200w\" sizes=\"(max-width: 720px) 100vw, 720px\" width=\"720\" height=\"104\"  style=\"display: inline-block;\" \/><\/a><\/div><\/li><li><a href=\"https:\/\/sistemas.lavras.mg.gov.br\/portalcidadao\/#df1b1a7c7b2a290bcb31e32771e610784662739a88807c0dacac58ede5f391a7530e299dc302d611ee73cb143fc22eaf93592e53e7b5bdb01b00a0b8d28dae460c141dd2ff83412e4dc1c31b16b25f33144a9e5620ea73b13f5bc1c59411d98439ad226e8af03840603796067d87afe130812cf3de24982d0e306f9e61e764e5\" aria-label=\"Banner_Emprego_PortallavrasTV\"><img src=\"https:\/\/lavras.tv\/site\/wp-content\/uploads\/2025\/03\/Banner_Emprego_PortallavrasTV.png\" alt=\"\"  srcset=\"https:\/\/lavras.tv\/site\/wp-content\/uploads\/2025\/03\/Banner_Emprego_PortallavrasTV.png 720w, https:\/\/lavras.tv\/site\/wp-content\/uploads\/2025\/03\/Banner_Emprego_PortallavrasTV-470x68.png 470w, https:\/\/lavras.tv\/site\/wp-content\/uploads\/2025\/03\/Banner_Emprego_PortallavrasTV-170x25.png 170w, https:\/\/lavras.tv\/site\/wp-content\/uploads\/2025\/03\/Banner_Emprego_PortallavrasTV-200x29.png 200w\" sizes=\"(max-width: 720px) 100vw, 720px\" width=\"720\" height=\"104\"   \/><\/a><\/li><li><a href=\"https:\/\/sistemas.lavras.mg.gov.br\/portalcidadao\/#df1b1a7c7b2a290bcb31e32771e610784662739a88807c0dacac58ede5f391a7530e299dc302d611ee73cb143fc22eaf93592e53e7b5bdb01b00a0b8d28dae460c141dd2ff83412e4dc1c31b16b25f33144a9e5620ea73b13f5bc1c59411d98439ad226e8af03840603796067d87afe130812cf3de24982d0e306f9e61e764e5\" aria-label=\"Banner_Obras_PortallavrasTV\"><img src=\"https:\/\/lavras.tv\/site\/wp-content\/uploads\/2025\/03\/Banner_Obras_PortallavrasTV.png\" alt=\"\"  srcset=\"https:\/\/lavras.tv\/site\/wp-content\/uploads\/2025\/03\/Banner_Obras_PortallavrasTV.png 720w, https:\/\/lavras.tv\/site\/wp-content\/uploads\/2025\/03\/Banner_Obras_PortallavrasTV-470x68.png 470w, https:\/\/lavras.tv\/site\/wp-content\/uploads\/2025\/03\/Banner_Obras_PortallavrasTV-170x25.png 170w, https:\/\/lavras.tv\/site\/wp-content\/uploads\/2025\/03\/Banner_Obras_PortallavrasTV-200x29.png 200w\" sizes=\"(max-width: 720px) 100vw, 720px\" width=\"720\" height=\"104\"   \/><\/a><\/li><li><div style=\"margin-left: auto;margin-right: auto;text-align: center;\" id=\"lavra-2185804473\"><a href=\"https:\/\/sistemas.lavras.mg.gov.br\/portalcidadao\/#df1b1a7c7b2a290bcb31e32771e610784662739a88807c0dacac58ede5f391a7530e299dc302d611ee73cb143fc22eaf93592e53e7b5bdb01b00a0b8d28dae460c141dd2ff83412e4dc1c31b16b25f33144a9e5620ea73b13f5bc1c59411d98439ad226e8af03840603796067d87afe130812cf3de24982d0e306f9e61e764e5\" aria-label=\"Banner_Educa\u00e7\u00e3o_PortallavrasTV\"><img src=\"https:\/\/lavras.tv\/site\/wp-content\/uploads\/2025\/01\/Banner_Educacao_PortallavrasTV.png\" alt=\"\"  srcset=\"https:\/\/lavras.tv\/site\/wp-content\/uploads\/2025\/01\/Banner_Educacao_PortallavrasTV.png 720w, https:\/\/lavras.tv\/site\/wp-content\/uploads\/2025\/01\/Banner_Educacao_PortallavrasTV-470x68.png 470w, https:\/\/lavras.tv\/site\/wp-content\/uploads\/2025\/01\/Banner_Educacao_PortallavrasTV-170x25.png 170w, https:\/\/lavras.tv\/site\/wp-content\/uploads\/2025\/01\/Banner_Educacao_PortallavrasTV-200x29.png 200w\" sizes=\"(max-width: 720px) 100vw, 720px\" width=\"720\" height=\"104\"  style=\"display: inline-block;\" \/><\/a><\/div><\/li><li><a href=\"https:\/\/sistemas.lavras.mg.gov.br\/portalcidadao\/#df1b1a7c7b2a290bcb31e32771e610784662739a88807c0dacac58ede5f391a7530e299dc302d611ee73cb143fc22eaf93592e53e7b5bdb01b00a0b8d28dae460c141dd2ff83412e4dc1c31b16b25f33144a9e5620ea73b13f5bc1c59411d98439ad226e8af03840603796067d87afe130812cf3de24982d0e306f9e61e764e5\" aria-label=\"Banner_Sa\u00fade_PortallavrasTV\"><img src=\"https:\/\/lavras.tv\/site\/wp-content\/uploads\/2025\/03\/Banner_Saude_PortallavrasTV.png\" alt=\"\"  srcset=\"https:\/\/lavras.tv\/site\/wp-content\/uploads\/2025\/03\/Banner_Saude_PortallavrasTV.png 720w, https:\/\/lavras.tv\/site\/wp-content\/uploads\/2025\/03\/Banner_Saude_PortallavrasTV-470x68.png 470w, https:\/\/lavras.tv\/site\/wp-content\/uploads\/2025\/03\/Banner_Saude_PortallavrasTV-170x25.png 170w, https:\/\/lavras.tv\/site\/wp-content\/uploads\/2025\/03\/Banner_Saude_PortallavrasTV-200x29.png 200w\" sizes=\"(max-width: 720px) 100vw, 720px\" width=\"720\" height=\"104\"   \/><\/a><\/li><li><div id=\"lavra-2820149061\" style=\"width:720px;height:104px;background-color:#ddd;overflow:scroll;\">\n\t<strong>Sa\u00edda da depura\u00e7\u00e3o de an\u00fancios<\/strong>\n\t<br><br>\n\tO an\u00fancio n\u00e3o \u00e9 exibido na p\u00e1gina<br><br>post atual: Lavras V\u00f4lei tem data definida para estrear no Campeonato Mineiro, ID: 17547<br><br><span style=\"color: red;\">O post atual n\u00e3o \u00e9 id\u00eantico ao post principal.<\/span><br><br>An\u00fancios: ROXO - TOPO INTERNA - ROTATIVO 2 (197)<br \/>Grupo de an\u00fancios: Princ_Meio01_720x104 (27)<br><br>Condi\u00e7\u00f5es de exibi\u00e7\u00e3o<div style=\"margin-bottom: 20px; white-space: pre-wrap; font-family: monospace; width: 100%; background: #ffe9e9;\"><strong>condi\u00e7\u00f5es gerais<\/strong><table border=\"1\"><thead><tr><th><\/th><th>An\u00fancios<\/th><th>wp_the_query<\/th><\/tr><\/thead><tr><td>is_main_query<\/td><td>1<\/td><td>1<\/td><\/tr><tr><td>is_rest_api<\/td><td>0<\/td><td>1<\/td><\/tr><tr><td>page<\/td><td>0<\/td><td>1<\/td><\/tr><tr><td>numpages<\/td><td>0<\/td><td>1<\/td><\/tr><tr><td>is_archive<\/td><td>1<\/td><td><\/td><\/tr><tr><td>is_search<\/td><td>1<\/td><td><\/td><\/tr><tr><td>is_home<\/td><td>1<\/td><td><\/td><\/tr><tr><td>is_404<\/td><td>1<\/td><td><\/td><\/tr><tr><td>is_attachment<\/td><td>1<\/td><td><\/td><\/tr><tr><td>is_singular<\/td><td>1<\/td><td><\/td><\/tr><tr><td>is_front_page<\/td><td>1<\/td><td><\/td><\/tr><tr><td>is_feed<\/td><td>1<\/td><td><\/td><\/tr><\/table><\/div><br><br><span style=\"color: red;\">Seu site usa HTTPS, mas o c\u00f3digo do an\u00fancio cont\u00e9m HTTP e pode n\u00e3o funcionar.<\/span>\t<br><br>\n\t<a style=\"color: green;\" href=\"https:\/\/wpadvancedads.com\/manual\/ad-debug-mode\/?utm_source=advanced-ads&utm_medium=link&utm_campaign=ad-debug-mode\" target=\"_blank\" rel=\"nofollow\">Encontre solu\u00e7\u00f5es no manual<\/a>\n<\/div>\n<\/li><\/ul><\/div><script>( window.advanced_ads_ready || jQuery( document ).ready ).call( null, function() {var $lavraslider3514597525 = jQuery( \".lavra-slider-3514597525\" );$lavraslider3514597525.on( \"unslider.ready\", function() { jQuery( \"div.custom-slider ul li\" ).css( \"display\", \"block\" ); });$lavraslider3514597525.unslider({ delay:4000, autoplay:true, nav:false, arrows:false, infinite:true });$lavraslider3514597525.on(\"mouseover\", function() {$lavraslider3514597525.unslider(\"stop\");}).on(\"mouseout\", function() {$lavraslider3514597525.unslider(\"start\");});});<\/script><\/div><p>O Lavras V\u00f4lei estrear\u00e1 no pr\u00f3ximo dia 13 de setembro no Campeonato Mineiro Masculino de V\u00f4lei 2018.<!--more--> A Federa\u00e7\u00e3o Mineira de Voleibol divulgou a tabela. A equipe lavrense jogar\u00e1 contra Minas T\u00eanis Clube em Tr\u00eas Cora\u00e7\u00f5es.<\/p>\n<p>As equipes Sada Cruzeiro V\u00f4lei, JF V\u00f4lei, Minas T\u00eanis Clube e Lavras V\u00f4lei participam da competi\u00e7\u00e3o. A fase classificat\u00f3ria contar\u00e1 com 12 jogos a serem realizados de 7 de setembro a 9 de outubro. As datas das semifinais e os confrontos finais, com final e disputa por terceiro lugar, ainda ser\u00e3o definidas.<\/p>\n<p><img fetchpriority=\"high\" decoding=\"async\" class=\"alignnone size-full wp-image-17450 aligncenter\" src=\"http:\/\/lavras.tv\/site\/wp-content\/uploads\/2018\/08\/quadra-volei-.jpg\" alt=\"quadra-volei-\" width=\"800\" height=\"536\" srcset=\"https:\/\/lavras.tv\/site\/wp-content\/uploads\/2018\/08\/quadra-volei-.jpg 800w, https:\/\/lavras.tv\/site\/wp-content\/uploads\/2018\/08\/quadra-volei--150x101.jpg 150w, https:\/\/lavras.tv\/site\/wp-content\/uploads\/2018\/08\/quadra-volei--300x201.jpg 300w, https:\/\/lavras.tv\/site\/wp-content\/uploads\/2018\/08\/quadra-volei--272x182.jpg 272w\" sizes=\"(max-width: 800px) 100vw, 800px\" \/><\/p>\n<p>Confira a tabela de jogos do Campeonato Mineiro Masculino Adulto:<\/p>\n<p><strong>07.09 SEX \u2013 17h \u2013 JF V\u00f4lei x Sada Cruzeiro \u2013 Gin\u00e1sio UFJF<\/strong><\/p>\n<p><strong>09.09 DOM \u2013 11h \u2013 JF V\u00f4lei x Minas TC \u2013 Gin\u00e1sio UFJF<\/strong><\/p>\n<p><strong>11.09 TER \u2013 20h \u2013 Minas TC x JF V\u00f4lei \u2013 Gin\u00e1sio Pelez\u00e3o\/Tr\u00eas Cora\u00e7\u00f5es<\/strong><\/p>\n<p><strong>13.09 QUI \u2013\u00a0 20h \u2013 Minas TC x Lavras V\u00f4lei \u2013 Gin\u00e1sio Pelez\u00e3o\/Tr\u00eas Cora\u00e7\u00f5es<\/strong><\/p>\n<p><strong>15.09 SAB \u2013 19h \u2013 Minas TC x Sada Cruzeiro \u2013 Gin\u00e1sio Pelez\u00e3o\/Tr\u00eas Cora\u00e7\u00f5es<\/strong><\/p>\n<p><strong>17.09 SEG \u2013 20h \u2013 Lavras V\u00f4lei x Minas TC \u2013 Gin\u00e1sio LTC\/Lavras<\/strong><\/p>\n<p><strong>19.09 QUA \u2013 20 \u2013 Lavras V\u00f4lei x JF V\u00f4lei \u2013 Gin\u00e1sio LTC\/Lavras<\/strong><\/p>\n<p><strong>21.09 SEX \u2013 20h \u2013 Lavras V\u00f4lei x Sada Cruzeiro \u2013 Gin\u00e1sio LTC\/Lavras<\/strong><\/p>\n<p><strong>27.09 QUI \u2013 19h30 \u2013 JF V\u00f4lei x Lavras V\u00f4lei \u2013 Gin\u00e1sio UFJF<\/strong><\/p>\n<p><strong>03.10 QUA \u2013 20h \u2013 Sada Cruzeiro x JF V\u00f4lei \u2013 Gin\u00e1sio do Riacho\/Contagem<\/strong><\/p>\n<p><strong>05.10 SEX \u2013 20h \u2013 Sada Cruzeiro x Lavras V\u00f4lei \u2013\u00a0 Gin\u00e1sio do Riacho\/Contagem<\/strong><\/p>\n<p><strong>09.10 TER \u2013 20h \u2013 Sada Cruzeiro x Minas TC \u2013\u00a0 Gin\u00e1sio do Riacho\/Contagem<\/strong><\/p>\n<p>Fonte: Lavras 24 Horas<\/p>\n","protected":false},"excerpt":{"rendered":"<p>O Lavras V\u00f4lei estrear\u00e1 no pr\u00f3ximo dia 13 de setembro no Campeonato Mineiro Masculino de V\u00f4lei 2018.<\/p>\n","protected":false},"author":2,"featured_media":17450,"comment_status":"closed","ping_status":"open","sticky":false,"template":"","format":"standard","meta":{"advgb_blocks_editor_width":"","advgb_blocks_columns_visual_guide":"","_exactmetrics_skip_tracking":false,"_exactmetrics_sitenote_active":false,"_exactmetrics_sitenote_note":"","_exactmetrics_sitenote_category":0,"footnotes":""},"categories":[7,3],"tags":[1930,2843,5121,4439,5120,1210,690],"class_list":["post-17547","post","type-post","status-publish","format-standard","has-post-thumbnail","hentry","category-destaques","category-esportes","tag-1930","tag-campeonato-mineiro","tag-jf-volei","tag-lavras-volei","tag-minas-tc","tag-sada-cruzeiro","tag-volei"],"better_featured_image":{"id":17450,"alt_text":"","caption":"","description":"","media_type":"image","media_details":{"width":800,"height":536,"file":"2018\/08\/quadra-volei-.jpg","sizes":{"thumbnail":{"file":"quadra-volei--150x101.jpg","width":150,"height":101,"mime-type":"image\/jpeg","source_url":"https:\/\/lavras.tv\/site\/wp-content\/uploads\/2018\/08\/quadra-volei--150x101.jpg"},"medium":{"file":"quadra-volei--300x201.jpg","width":300,"height":201,"mime-type":"image\/jpeg","source_url":"https:\/\/lavras.tv\/site\/wp-content\/uploads\/2018\/08\/quadra-volei--300x201.jpg"},"featured-slider-img":{"file":"quadra-volei--640x480.jpg","width":640,"height":480,"mime-type":"image\/jpeg","source_url":"https:\/\/lavras.tv\/site\/wp-content\/uploads\/2018\/08\/quadra-volei--640x480.jpg"},"featured-post-img":{"file":"quadra-volei--480x320.jpg","width":480,"height":320,"mime-type":"image\/jpeg","source_url":"https:\/\/lavras.tv\/site\/wp-content\/uploads\/2018\/08\/quadra-volei--480x320.jpg"},"sow-carousel-default":{"file":"quadra-volei--272x182.jpg","width":272,"height":182,"mime-type":"image\/jpeg","source_url":"https:\/\/lavras.tv\/site\/wp-content\/uploads\/2018\/08\/quadra-volei--272x182.jpg"}},"image_meta":{"aperture":"0","credit":"","camera":"","caption":"","created_timestamp":"0","copyright":"","focal_length":"0","iso":"0","shutter_speed":"0","title":"","orientation":"0","keywords":[]}},"post":17449,"source_url":"https:\/\/lavras.tv\/site\/wp-content\/uploads\/2018\/08\/quadra-volei-.jpg"},"author_meta":{"display_name":"Lavras TV","author_link":"https:\/\/lavras.tv\/site\/author\/lavrastv\/"},"featured_img":"https:\/\/lavras.tv\/site\/wp-content\/uploads\/2018\/08\/quadra-volei--300x201.jpg","coauthors":[],"tax_additional":{"categories":{"linked":["<a href=\"https:\/\/lavras.tv\/site\/category\/destaques\/\" class=\"advgb-post-tax-term\">Destaques<\/a>","<a href=\"https:\/\/lavras.tv\/site\/category\/esportes\/\" class=\"advgb-post-tax-term\">Esportes<\/a>"],"unlinked":["<span class=\"advgb-post-tax-term\">Destaques<\/span>","<span class=\"advgb-post-tax-term\">Esportes<\/span>"]},"tags":{"linked":["<a href=\"https:\/\/lavras.tv\/site\/category\/esportes\/\" class=\"advgb-post-tax-term\">2018<\/a>","<a href=\"https:\/\/lavras.tv\/site\/category\/esportes\/\" class=\"advgb-post-tax-term\">campeonato mineiro<\/a>","<a href=\"https:\/\/lavras.tv\/site\/category\/esportes\/\" class=\"advgb-post-tax-term\">JF V\u00f4lei<\/a>","<a href=\"https:\/\/lavras.tv\/site\/category\/esportes\/\" class=\"advgb-post-tax-term\">Lavras V\u00f4lei<\/a>","<a href=\"https:\/\/lavras.tv\/site\/category\/esportes\/\" class=\"advgb-post-tax-term\">Minas TC<\/a>","<a href=\"https:\/\/lavras.tv\/site\/category\/esportes\/\" class=\"advgb-post-tax-term\">sada cruzeiro<\/a>","<a href=\"https:\/\/lavras.tv\/site\/category\/esportes\/\" class=\"advgb-post-tax-term\">volei<\/a>"],"unlinked":["<span class=\"advgb-post-tax-term\">2018<\/span>","<span class=\"advgb-post-tax-term\">campeonato mineiro<\/span>","<span class=\"advgb-post-tax-term\">JF V\u00f4lei<\/span>","<span class=\"advgb-post-tax-term\">Lavras V\u00f4lei<\/span>","<span class=\"advgb-post-tax-term\">Minas TC<\/span>","<span class=\"advgb-post-tax-term\">sada cruzeiro<\/span>","<span class=\"advgb-post-tax-term\">volei<\/span>"]}},"comment_count":"0","relative_dates":{"created":"Publicado 8 anos atr\u00e1s","modified":"Atualizado 8 anos atr\u00e1s"},"absolute_dates":{"created":"Publicado em 21 de agosto de 2018","modified":"Atualizado em 21 de agosto de 2018"},"absolute_dates_time":{"created":"Publicado em 21 de agosto de 2018 09:15","modified":"Atualizado em 21 de agosto de 2018 09:15"},"featured_img_caption":"","series_order":"","_links":{"self":[{"href":"https:\/\/lavras.tv\/site\/wp-json\/wp\/v2\/posts\/17547","targetHints":{"allow":["GET"]}}],"collection":[{"href":"https:\/\/lavras.tv\/site\/wp-json\/wp\/v2\/posts"}],"about":[{"href":"https:\/\/lavras.tv\/site\/wp-json\/wp\/v2\/types\/post"}],"author":[{"embeddable":true,"href":"https:\/\/lavras.tv\/site\/wp-json\/wp\/v2\/users\/2"}],"replies":[{"embeddable":true,"href":"https:\/\/lavras.tv\/site\/wp-json\/wp\/v2\/comments?post=17547"}],"version-history":[{"count":1,"href":"https:\/\/lavras.tv\/site\/wp-json\/wp\/v2\/posts\/17547\/revisions"}],"predecessor-version":[{"id":17548,"href":"https:\/\/lavras.tv\/site\/wp-json\/wp\/v2\/posts\/17547\/revisions\/17548"}],"wp:featuredmedia":[{"embeddable":true,"href":"https:\/\/lavras.tv\/site\/wp-json\/wp\/v2\/media\/17450"}],"wp:attachment":[{"href":"https:\/\/lavras.tv\/site\/wp-json\/wp\/v2\/media?parent=17547"}],"wp:term":[{"taxonomy":"category","embeddable":true,"href":"https:\/\/lavras.tv\/site\/wp-json\/wp\/v2\/categories?post=17547"},{"taxonomy":"post_tag","embeddable":true,"href":"https:\/\/lavras.tv\/site\/wp-json\/wp\/v2\/tags?post=17547"}],"curies":[{"name":"wp","href":"https:\/\/api.w.org\/{rel}","templated":true}]}}