{"id":17736,"date":"2018-09-03T09:46:52","date_gmt":"2018-09-03T12:46:52","guid":{"rendered":"http:\/\/lavras.tv\/site\/?p=17736"},"modified":"2018-09-03T09:46:52","modified_gmt":"2018-09-03T12:46:52","slug":"programacao-do-enduro-da-independencia-comeca-nesta-terca-feira-em-lavras","status":"publish","type":"post","link":"https:\/\/lavras.tv\/site\/2018\/09\/03\/programacao-do-enduro-da-independencia-comeca-nesta-terca-feira-em-lavras\/","title":{"rendered":"Programa\u00e7\u00e3o do Enduro da Independ\u00eancia come\u00e7a nesta ter\u00e7a-feira em Lavras"},"content":{"rendered":"<div class=\"lavra-antes-do-conteudo_2\" id=\"lavra-778128100\"><div id=\"lavra-slider-27\" class=\"custom-slider lavra-slider-1009963988 lavra-slider\"><ul><li><div style=\"margin-left: auto;margin-right: auto;text-align: center;\" id=\"lavra-1972282900\"><a href=\"https:\/\/sistemas.lavras.mg.gov.br\/portalcidadao\/#df1b1a7c7b2a290bcb31e32771e610784662739a88807c0dacac58ede5f391a7530e299dc302d611ee73cb143fc22eaf93592e53e7b5bdb01b00a0b8d28dae460c141dd2ff83412e4dc1c31b16b25f33144a9e5620ea73b13f5bc1c59411d98439ad226e8af03840603796067d87afe130812cf3de24982d0e306f9e61e764e5\" aria-label=\"Lavras-TV&#8211;720x104px (1) (1)\"><img src=\"https:\/\/lavras.tv\/site\/wp-content\/uploads\/2025\/01\/Lavras-TV-720x104px-1-1.png\" alt=\"\"  srcset=\"https:\/\/lavras.tv\/site\/wp-content\/uploads\/2025\/01\/Lavras-TV-720x104px-1-1.png 720w, https:\/\/lavras.tv\/site\/wp-content\/uploads\/2025\/01\/Lavras-TV-720x104px-1-1-470x68.png 470w, https:\/\/lavras.tv\/site\/wp-content\/uploads\/2025\/01\/Lavras-TV-720x104px-1-1-170x25.png 170w, https:\/\/lavras.tv\/site\/wp-content\/uploads\/2025\/01\/Lavras-TV-720x104px-1-1-200x29.png 200w\" sizes=\"(max-width: 720px) 100vw, 720px\" width=\"720\" height=\"104\"  style=\"display: inline-block;\" \/><\/a><\/div><\/li><li><a href=\"https:\/\/sistemas.lavras.mg.gov.br\/portalcidadao\/#df1b1a7c7b2a290bcb31e32771e610784662739a88807c0dacac58ede5f391a7530e299dc302d611ee73cb143fc22eaf93592e53e7b5bdb01b00a0b8d28dae460c141dd2ff83412e4dc1c31b16b25f33144a9e5620ea73b13f5bc1c59411d98439ad226e8af03840603796067d87afe130812cf3de24982d0e306f9e61e764e5\" aria-label=\"Banner_Emprego_PortallavrasTV\"><img src=\"https:\/\/lavras.tv\/site\/wp-content\/uploads\/2025\/03\/Banner_Emprego_PortallavrasTV.png\" alt=\"\"  srcset=\"https:\/\/lavras.tv\/site\/wp-content\/uploads\/2025\/03\/Banner_Emprego_PortallavrasTV.png 720w, https:\/\/lavras.tv\/site\/wp-content\/uploads\/2025\/03\/Banner_Emprego_PortallavrasTV-470x68.png 470w, https:\/\/lavras.tv\/site\/wp-content\/uploads\/2025\/03\/Banner_Emprego_PortallavrasTV-170x25.png 170w, https:\/\/lavras.tv\/site\/wp-content\/uploads\/2025\/03\/Banner_Emprego_PortallavrasTV-200x29.png 200w\" sizes=\"(max-width: 720px) 100vw, 720px\" width=\"720\" height=\"104\"   \/><\/a><\/li><li><a href=\"https:\/\/sistemas.lavras.mg.gov.br\/portalcidadao\/#df1b1a7c7b2a290bcb31e32771e610784662739a88807c0dacac58ede5f391a7530e299dc302d611ee73cb143fc22eaf93592e53e7b5bdb01b00a0b8d28dae460c141dd2ff83412e4dc1c31b16b25f33144a9e5620ea73b13f5bc1c59411d98439ad226e8af03840603796067d87afe130812cf3de24982d0e306f9e61e764e5\" aria-label=\"Banner_Obras_PortallavrasTV\"><img src=\"https:\/\/lavras.tv\/site\/wp-content\/uploads\/2025\/03\/Banner_Obras_PortallavrasTV.png\" alt=\"\"  srcset=\"https:\/\/lavras.tv\/site\/wp-content\/uploads\/2025\/03\/Banner_Obras_PortallavrasTV.png 720w, https:\/\/lavras.tv\/site\/wp-content\/uploads\/2025\/03\/Banner_Obras_PortallavrasTV-470x68.png 470w, https:\/\/lavras.tv\/site\/wp-content\/uploads\/2025\/03\/Banner_Obras_PortallavrasTV-170x25.png 170w, https:\/\/lavras.tv\/site\/wp-content\/uploads\/2025\/03\/Banner_Obras_PortallavrasTV-200x29.png 200w\" sizes=\"(max-width: 720px) 100vw, 720px\" width=\"720\" height=\"104\"   \/><\/a><\/li><li><div style=\"margin-left: auto;margin-right: auto;text-align: center;\" id=\"lavra-1952939365\"><a href=\"https:\/\/sistemas.lavras.mg.gov.br\/portalcidadao\/#df1b1a7c7b2a290bcb31e32771e610784662739a88807c0dacac58ede5f391a7530e299dc302d611ee73cb143fc22eaf93592e53e7b5bdb01b00a0b8d28dae460c141dd2ff83412e4dc1c31b16b25f33144a9e5620ea73b13f5bc1c59411d98439ad226e8af03840603796067d87afe130812cf3de24982d0e306f9e61e764e5\" aria-label=\"Banner_Educa\u00e7\u00e3o_PortallavrasTV\"><img src=\"https:\/\/lavras.tv\/site\/wp-content\/uploads\/2025\/01\/Banner_Educacao_PortallavrasTV.png\" alt=\"\"  srcset=\"https:\/\/lavras.tv\/site\/wp-content\/uploads\/2025\/01\/Banner_Educacao_PortallavrasTV.png 720w, https:\/\/lavras.tv\/site\/wp-content\/uploads\/2025\/01\/Banner_Educacao_PortallavrasTV-470x68.png 470w, https:\/\/lavras.tv\/site\/wp-content\/uploads\/2025\/01\/Banner_Educacao_PortallavrasTV-170x25.png 170w, https:\/\/lavras.tv\/site\/wp-content\/uploads\/2025\/01\/Banner_Educacao_PortallavrasTV-200x29.png 200w\" sizes=\"(max-width: 720px) 100vw, 720px\" width=\"720\" height=\"104\"  style=\"display: inline-block;\" \/><\/a><\/div><\/li><li><a href=\"https:\/\/sistemas.lavras.mg.gov.br\/portalcidadao\/#df1b1a7c7b2a290bcb31e32771e610784662739a88807c0dacac58ede5f391a7530e299dc302d611ee73cb143fc22eaf93592e53e7b5bdb01b00a0b8d28dae460c141dd2ff83412e4dc1c31b16b25f33144a9e5620ea73b13f5bc1c59411d98439ad226e8af03840603796067d87afe130812cf3de24982d0e306f9e61e764e5\" aria-label=\"Banner_Sa\u00fade_PortallavrasTV\"><img src=\"https:\/\/lavras.tv\/site\/wp-content\/uploads\/2025\/03\/Banner_Saude_PortallavrasTV.png\" alt=\"\"  srcset=\"https:\/\/lavras.tv\/site\/wp-content\/uploads\/2025\/03\/Banner_Saude_PortallavrasTV.png 720w, https:\/\/lavras.tv\/site\/wp-content\/uploads\/2025\/03\/Banner_Saude_PortallavrasTV-470x68.png 470w, https:\/\/lavras.tv\/site\/wp-content\/uploads\/2025\/03\/Banner_Saude_PortallavrasTV-170x25.png 170w, https:\/\/lavras.tv\/site\/wp-content\/uploads\/2025\/03\/Banner_Saude_PortallavrasTV-200x29.png 200w\" sizes=\"(max-width: 720px) 100vw, 720px\" width=\"720\" height=\"104\"   \/><\/a><\/li><li><div id=\"lavra-2757915331\" style=\"width:720px;height:104px;background-color:#ddd;overflow:scroll;\">\n\t<strong>Sa\u00edda da depura\u00e7\u00e3o de an\u00fancios<\/strong>\n\t<br><br>\n\tO an\u00fancio n\u00e3o \u00e9 exibido na p\u00e1gina<br><br>post atual: Programa\u00e7\u00e3o do Enduro da Independ\u00eancia come\u00e7a nesta ter\u00e7a-feira em Lavras, ID: 17736<br><br><span style=\"color: red;\">O post atual n\u00e3o \u00e9 id\u00eantico ao post principal.<\/span><br><br>An\u00fancios: ROXO - TOPO INTERNA - ROTATIVO 2 (197)<br \/>Grupo de an\u00fancios: Princ_Meio01_720x104 (27)<br><br>Condi\u00e7\u00f5es de exibi\u00e7\u00e3o<div style=\"margin-bottom: 20px; white-space: pre-wrap; font-family: monospace; width: 100%; background: #ffe9e9;\"><strong>condi\u00e7\u00f5es gerais<\/strong><table border=\"1\"><thead><tr><th><\/th><th>An\u00fancios<\/th><th>wp_the_query<\/th><\/tr><\/thead><tr><td>is_main_query<\/td><td>1<\/td><td>1<\/td><\/tr><tr><td>is_rest_api<\/td><td>0<\/td><td>1<\/td><\/tr><tr><td>page<\/td><td>0<\/td><td>1<\/td><\/tr><tr><td>numpages<\/td><td>0<\/td><td>1<\/td><\/tr><tr><td>is_archive<\/td><td>1<\/td><td><\/td><\/tr><tr><td>is_search<\/td><td>1<\/td><td><\/td><\/tr><tr><td>is_home<\/td><td>1<\/td><td><\/td><\/tr><tr><td>is_404<\/td><td>1<\/td><td><\/td><\/tr><tr><td>is_attachment<\/td><td>1<\/td><td><\/td><\/tr><tr><td>is_singular<\/td><td>1<\/td><td><\/td><\/tr><tr><td>is_front_page<\/td><td>1<\/td><td><\/td><\/tr><tr><td>is_feed<\/td><td>1<\/td><td><\/td><\/tr><\/table><\/div><br><br><span style=\"color: red;\">Seu site usa HTTPS, mas o c\u00f3digo do an\u00fancio cont\u00e9m HTTP e pode n\u00e3o funcionar.<\/span>\t<br><br>\n\t<a style=\"color: green;\" href=\"https:\/\/wpadvancedads.com\/manual\/ad-debug-mode\/?utm_source=advanced-ads&utm_medium=link&utm_campaign=ad-debug-mode\" target=\"_blank\" rel=\"nofollow\">Encontre solu\u00e7\u00f5es no manual<\/a>\n<\/div>\n<\/li><\/ul><\/div><script>( window.advanced_ads_ready || jQuery( document ).ready ).call( null, function() {var $lavraslider1009963988 = jQuery( \".lavra-slider-1009963988\" );$lavraslider1009963988.on( \"unslider.ready\", function() { jQuery( \"div.custom-slider ul li\" ).css( \"display\", \"block\" ); });$lavraslider1009963988.unslider({ delay:4000, autoplay:true, nav:false, arrows:false, infinite:true });$lavraslider1009963988.on(\"mouseover\", function() {$lavraslider1009963988.unslider(\"stop\");}).on(\"mouseout\", function() {$lavraslider1009963988.unslider(\"start\");});});<\/script><\/div><p>Entre os dias 4 e 8 de setembro acontece a 36\u00aa edi\u00e7\u00e3o do Enduro da Independ\u00eancia Trilhas da Mantiqueira, uma das principais provas do motociclismo brasileiro. Em Lavras, pilotos e equipes estar\u00e3o nos dias 4, 5 e 6 de setembro.<!--more--><\/p>\n<p>Realizado pelo Trail Clube Minas Gerais (TCMG) e Associa\u00e7\u00e3o Motocicl\u00edstica Sul Mineira (AMSM), no dia 4 de setembro, ter\u00e7a-feira, \u00e0s 19h, ser\u00e1 feita a largada promocional na Pra\u00e7a Dr. Augusto Silva, com apresenta\u00e7\u00e3o da Equipe For\u00e7a &amp; A\u00e7\u00e3o.<\/p>\n<p><img fetchpriority=\"high\" decoding=\"async\" class=\"alignnone size-full wp-image-11710 aligncenter\" src=\"http:\/\/lavras.tv\/site\/wp-content\/uploads\/2017\/09\/enduro-1.jpg\" alt=\"enduro\" width=\"580\" height=\"435\" srcset=\"https:\/\/lavras.tv\/site\/wp-content\/uploads\/2017\/09\/enduro-1.jpg 580w, https:\/\/lavras.tv\/site\/wp-content\/uploads\/2017\/09\/enduro-1-150x113.jpg 150w, https:\/\/lavras.tv\/site\/wp-content\/uploads\/2017\/09\/enduro-1-300x225.jpg 300w\" sizes=\"(max-width: 580px) 100vw, 580px\" \/><\/p>\n<p>No dia 5, quarta-feira, a chegada ser\u00e1 a partir das 12h no Lavras Shopping; no dia 6, quinta-feira, a largada dos pilotos ser\u00e1 a partir das 7h, do Lavras Shopping, que seguir\u00e3o para Lambari.<\/p>\n<p><b><strong>Programa\u00e7\u00e3o da Prova 2018<\/strong><\/b><\/p>\n<p><b><strong><em>04\/09 \u2013 ter\u00e7a-feira<\/em><\/strong><\/b><\/p>\n<p>Entrega de material e Largada Promocional em Lavras<\/p>\n<p><b><strong><em>05\/09 \u2013 quarta-feira<\/em><\/strong><\/b><\/p>\n<p>Lavras a Lavras<\/p>\n<p><b><strong><em>06\/09 \u2013 quinta-feira<\/em><\/strong><\/b><\/p>\n<p>Lavras a Lambari<\/p>\n<p><b><strong><em>07\/09 \u2013 sexta-feira<\/em><\/strong><\/b><\/p>\n<p>Lambari a Itajub\u00e1<\/p>\n<p><b><strong><em>08\/09 \u2013 s\u00e1bado<\/em><\/strong><\/b><\/p>\n<p>Itajub\u00e1 a Itajub\u00e1<\/p>\n<p>Em Lavras, o Enduro da Independ\u00eancia 2018 conta com o apoio do Governo Municipal, atrav\u00e9s das Secretarias de Meio Ambiente; Esporte, Lazer, Turismo e Cultura; Desenvolvimento Econ\u00f4mico, Ind\u00fastria, Com\u00e9rcio e Mobilidade Urbana; Pol\u00edcia Militar; Corpo de Bombeiros; e Pol\u00edcia Rodovi\u00e1ria Federal.<\/p>\n<p><b><strong><em>Enduro da Independ\u00eancia<\/em><\/strong><\/b><\/p>\n<p><em>\u201cTrilhas Altas da Mantiqueira\u201d<\/em><\/p>\n<p><em>Dia 4 de setembro, 19h, Pra\u00e7a Dr. Augusto Silva<\/em><\/p>\n<p><em>Dias 5 e 6 de setembro, Lavras Shopping<\/em><\/p>\n<p>*Divulga\u00e7\u00e3o<\/p>\n","protected":false},"excerpt":{"rendered":"<p>Entre os dias 4 e 8 de setembro acontece a 36\u00aa edi\u00e7\u00e3o do Enduro da Independ\u00eancia Trilhas da Mantiqueira, uma das principais provas do motociclismo brasileiro. Em Lavras, pilotos e equipes estar\u00e3o nos dias 4, 5 e 6 de setembro.<\/p>\n","protected":false},"author":2,"featured_media":11710,"comment_status":"closed","ping_status":"open","sticky":false,"template":"","format":"standard","meta":{"advgb_blocks_editor_width":"","advgb_blocks_columns_visual_guide":"","_exactmetrics_skip_tracking":false,"_exactmetrics_sitenote_active":false,"_exactmetrics_sitenote_note":"","_exactmetrics_sitenote_category":0,"footnotes":""},"categories":[7,3],"tags":[1930,3921,5155,34,201,70],"class_list":["post-17736","post","type-post","status-publish","format-standard","has-post-thumbnail","hentry","category-destaques","category-esportes","tag-1930","tag-enduro-da-independencia","tag-lambari","tag-lavras","tag-programacao","tag-sul-de-minas"],"better_featured_image":{"id":11710,"alt_text":"","caption":"","description":"","media_type":"image","media_details":{"width":580,"height":435,"file":"2017\/09\/enduro-1.jpg","sizes":{"thumbnail":{"file":"enduro-1-150x113.jpg","width":150,"height":113,"mime-type":"image\/jpeg","source_url":"https:\/\/lavras.tv\/site\/wp-content\/uploads\/2017\/09\/enduro-1-150x113.jpg"},"medium":{"file":"enduro-1-300x225.jpg","width":300,"height":225,"mime-type":"image\/jpeg","source_url":"https:\/\/lavras.tv\/site\/wp-content\/uploads\/2017\/09\/enduro-1-300x225.jpg"},"featured-post-img":{"file":"enduro-1-480x320.jpg","width":480,"height":320,"mime-type":"image\/jpeg","source_url":"https:\/\/lavras.tv\/site\/wp-content\/uploads\/2017\/09\/enduro-1-480x320.jpg"},"sow-carousel-default":{"file":"enduro-1-272x182.jpg","width":272,"height":182,"mime-type":"image\/jpeg","source_url":"https:\/\/lavras.tv\/site\/wp-content\/uploads\/2017\/09\/enduro-1-272x182.jpg"}},"image_meta":{"aperture":"0","credit":"","camera":"","caption":"","created_timestamp":"0","copyright":"","focal_length":"0","iso":"0","shutter_speed":"0","title":"","orientation":"0","keywords":[]}},"post":11709,"source_url":"https:\/\/lavras.tv\/site\/wp-content\/uploads\/2017\/09\/enduro-1.jpg"},"author_meta":{"display_name":"Lavras TV","author_link":"https:\/\/lavras.tv\/site\/author\/lavrastv\/"},"featured_img":"https:\/\/lavras.tv\/site\/wp-content\/uploads\/2017\/09\/enduro-1-300x225.jpg","coauthors":[],"tax_additional":{"categories":{"linked":["<a href=\"https:\/\/lavras.tv\/site\/category\/destaques\/\" class=\"advgb-post-tax-term\">Destaques<\/a>","<a href=\"https:\/\/lavras.tv\/site\/category\/esportes\/\" class=\"advgb-post-tax-term\">Esportes<\/a>"],"unlinked":["<span class=\"advgb-post-tax-term\">Destaques<\/span>","<span class=\"advgb-post-tax-term\">Esportes<\/span>"]},"tags":{"linked":["<a href=\"https:\/\/lavras.tv\/site\/category\/esportes\/\" class=\"advgb-post-tax-term\">2018<\/a>","<a href=\"https:\/\/lavras.tv\/site\/category\/esportes\/\" class=\"advgb-post-tax-term\">enduro da independ\u00eancia<\/a>","<a href=\"https:\/\/lavras.tv\/site\/category\/esportes\/\" class=\"advgb-post-tax-term\">Lambari<\/a>","<a href=\"https:\/\/lavras.tv\/site\/category\/esportes\/\" class=\"advgb-post-tax-term\">lavras<\/a>","<a href=\"https:\/\/lavras.tv\/site\/category\/esportes\/\" class=\"advgb-post-tax-term\">programa\u00e7\u00e3o<\/a>","<a href=\"https:\/\/lavras.tv\/site\/category\/esportes\/\" class=\"advgb-post-tax-term\">sul de minas<\/a>"],"unlinked":["<span class=\"advgb-post-tax-term\">2018<\/span>","<span class=\"advgb-post-tax-term\">enduro da independ\u00eancia<\/span>","<span class=\"advgb-post-tax-term\">Lambari<\/span>","<span class=\"advgb-post-tax-term\">lavras<\/span>","<span class=\"advgb-post-tax-term\">programa\u00e7\u00e3o<\/span>","<span class=\"advgb-post-tax-term\">sul de minas<\/span>"]}},"comment_count":"0","relative_dates":{"created":"Publicado 8 anos atr\u00e1s","modified":"Atualizado 8 anos atr\u00e1s"},"absolute_dates":{"created":"Publicado em 3 de setembro de 2018","modified":"Atualizado em 3 de setembro de 2018"},"absolute_dates_time":{"created":"Publicado em 3 de setembro de 2018 09:46","modified":"Atualizado em 3 de setembro de 2018 09:46"},"featured_img_caption":"","series_order":"","_links":{"self":[{"href":"https:\/\/lavras.tv\/site\/wp-json\/wp\/v2\/posts\/17736","targetHints":{"allow":["GET"]}}],"collection":[{"href":"https:\/\/lavras.tv\/site\/wp-json\/wp\/v2\/posts"}],"about":[{"href":"https:\/\/lavras.tv\/site\/wp-json\/wp\/v2\/types\/post"}],"author":[{"embeddable":true,"href":"https:\/\/lavras.tv\/site\/wp-json\/wp\/v2\/users\/2"}],"replies":[{"embeddable":true,"href":"https:\/\/lavras.tv\/site\/wp-json\/wp\/v2\/comments?post=17736"}],"version-history":[{"count":1,"href":"https:\/\/lavras.tv\/site\/wp-json\/wp\/v2\/posts\/17736\/revisions"}],"predecessor-version":[{"id":17737,"href":"https:\/\/lavras.tv\/site\/wp-json\/wp\/v2\/posts\/17736\/revisions\/17737"}],"wp:featuredmedia":[{"embeddable":true,"href":"https:\/\/lavras.tv\/site\/wp-json\/wp\/v2\/media\/11710"}],"wp:attachment":[{"href":"https:\/\/lavras.tv\/site\/wp-json\/wp\/v2\/media?parent=17736"}],"wp:term":[{"taxonomy":"category","embeddable":true,"href":"https:\/\/lavras.tv\/site\/wp-json\/wp\/v2\/categories?post=17736"},{"taxonomy":"post_tag","embeddable":true,"href":"https:\/\/lavras.tv\/site\/wp-json\/wp\/v2\/tags?post=17736"}],"curies":[{"name":"wp","href":"https:\/\/api.w.org\/{rel}","templated":true}]}}