{"id":17824,"date":"2018-09-10T14:19:42","date_gmt":"2018-09-10T17:19:42","guid":{"rendered":"http:\/\/lavras.tv\/site\/?p=17824"},"modified":"2018-09-10T14:19:42","modified_gmt":"2018-09-10T17:19:42","slug":"dario-julio-e-um-dos-campeoes-do-enduro-da-independencia-2018","status":"publish","type":"post","link":"https:\/\/lavras.tv\/site\/2018\/09\/10\/dario-julio-e-um-dos-campeoes-do-enduro-da-independencia-2018\/","title":{"rendered":"D\u00e1rio Julio \u00e9 um dos campe\u00f5es do Enduro da Independ\u00eancia 2018"},"content":{"rendered":"<div class=\"lavra-antes-do-conteudo_2\" id=\"lavra-3056735956\"><div id=\"lavra-slider-27\" class=\"custom-slider lavra-slider-3699956165 lavra-slider\"><ul><li><div style=\"margin-left: auto;margin-right: auto;text-align: center;\" id=\"lavra-2023217980\"><a href=\"https:\/\/sistemas.lavras.mg.gov.br\/portalcidadao\/#df1b1a7c7b2a290bcb31e32771e610784662739a88807c0dacac58ede5f391a7530e299dc302d611ee73cb143fc22eaf93592e53e7b5bdb01b00a0b8d28dae460c141dd2ff83412e4dc1c31b16b25f33144a9e5620ea73b13f5bc1c59411d98439ad226e8af03840603796067d87afe130812cf3de24982d0e306f9e61e764e5\" aria-label=\"Lavras-TV&#8211;720x104px (1) (1)\"><img src=\"https:\/\/lavras.tv\/site\/wp-content\/uploads\/2025\/01\/Lavras-TV-720x104px-1-1.png\" alt=\"\"  srcset=\"https:\/\/lavras.tv\/site\/wp-content\/uploads\/2025\/01\/Lavras-TV-720x104px-1-1.png 720w, https:\/\/lavras.tv\/site\/wp-content\/uploads\/2025\/01\/Lavras-TV-720x104px-1-1-470x68.png 470w, https:\/\/lavras.tv\/site\/wp-content\/uploads\/2025\/01\/Lavras-TV-720x104px-1-1-170x25.png 170w, https:\/\/lavras.tv\/site\/wp-content\/uploads\/2025\/01\/Lavras-TV-720x104px-1-1-200x29.png 200w\" sizes=\"(max-width: 720px) 100vw, 720px\" width=\"720\" height=\"104\"  style=\"display: inline-block;\" \/><\/a><\/div><\/li><li><a href=\"https:\/\/sistemas.lavras.mg.gov.br\/portalcidadao\/#df1b1a7c7b2a290bcb31e32771e610784662739a88807c0dacac58ede5f391a7530e299dc302d611ee73cb143fc22eaf93592e53e7b5bdb01b00a0b8d28dae460c141dd2ff83412e4dc1c31b16b25f33144a9e5620ea73b13f5bc1c59411d98439ad226e8af03840603796067d87afe130812cf3de24982d0e306f9e61e764e5\" aria-label=\"Banner_Emprego_PortallavrasTV\"><img src=\"https:\/\/lavras.tv\/site\/wp-content\/uploads\/2025\/03\/Banner_Emprego_PortallavrasTV.png\" alt=\"\"  srcset=\"https:\/\/lavras.tv\/site\/wp-content\/uploads\/2025\/03\/Banner_Emprego_PortallavrasTV.png 720w, https:\/\/lavras.tv\/site\/wp-content\/uploads\/2025\/03\/Banner_Emprego_PortallavrasTV-470x68.png 470w, https:\/\/lavras.tv\/site\/wp-content\/uploads\/2025\/03\/Banner_Emprego_PortallavrasTV-170x25.png 170w, https:\/\/lavras.tv\/site\/wp-content\/uploads\/2025\/03\/Banner_Emprego_PortallavrasTV-200x29.png 200w\" sizes=\"(max-width: 720px) 100vw, 720px\" width=\"720\" height=\"104\"   \/><\/a><\/li><li><a href=\"https:\/\/sistemas.lavras.mg.gov.br\/portalcidadao\/#df1b1a7c7b2a290bcb31e32771e610784662739a88807c0dacac58ede5f391a7530e299dc302d611ee73cb143fc22eaf93592e53e7b5bdb01b00a0b8d28dae460c141dd2ff83412e4dc1c31b16b25f33144a9e5620ea73b13f5bc1c59411d98439ad226e8af03840603796067d87afe130812cf3de24982d0e306f9e61e764e5\" aria-label=\"Banner_Obras_PortallavrasTV\"><img src=\"https:\/\/lavras.tv\/site\/wp-content\/uploads\/2025\/03\/Banner_Obras_PortallavrasTV.png\" alt=\"\"  srcset=\"https:\/\/lavras.tv\/site\/wp-content\/uploads\/2025\/03\/Banner_Obras_PortallavrasTV.png 720w, https:\/\/lavras.tv\/site\/wp-content\/uploads\/2025\/03\/Banner_Obras_PortallavrasTV-470x68.png 470w, https:\/\/lavras.tv\/site\/wp-content\/uploads\/2025\/03\/Banner_Obras_PortallavrasTV-170x25.png 170w, https:\/\/lavras.tv\/site\/wp-content\/uploads\/2025\/03\/Banner_Obras_PortallavrasTV-200x29.png 200w\" sizes=\"(max-width: 720px) 100vw, 720px\" width=\"720\" height=\"104\"   \/><\/a><\/li><li><div style=\"margin-left: auto;margin-right: auto;text-align: center;\" id=\"lavra-3331959172\"><a href=\"https:\/\/sistemas.lavras.mg.gov.br\/portalcidadao\/#df1b1a7c7b2a290bcb31e32771e610784662739a88807c0dacac58ede5f391a7530e299dc302d611ee73cb143fc22eaf93592e53e7b5bdb01b00a0b8d28dae460c141dd2ff83412e4dc1c31b16b25f33144a9e5620ea73b13f5bc1c59411d98439ad226e8af03840603796067d87afe130812cf3de24982d0e306f9e61e764e5\" aria-label=\"Banner_Educa\u00e7\u00e3o_PortallavrasTV\"><img src=\"https:\/\/lavras.tv\/site\/wp-content\/uploads\/2025\/01\/Banner_Educacao_PortallavrasTV.png\" alt=\"\"  srcset=\"https:\/\/lavras.tv\/site\/wp-content\/uploads\/2025\/01\/Banner_Educacao_PortallavrasTV.png 720w, https:\/\/lavras.tv\/site\/wp-content\/uploads\/2025\/01\/Banner_Educacao_PortallavrasTV-470x68.png 470w, https:\/\/lavras.tv\/site\/wp-content\/uploads\/2025\/01\/Banner_Educacao_PortallavrasTV-170x25.png 170w, https:\/\/lavras.tv\/site\/wp-content\/uploads\/2025\/01\/Banner_Educacao_PortallavrasTV-200x29.png 200w\" sizes=\"(max-width: 720px) 100vw, 720px\" width=\"720\" height=\"104\"  style=\"display: inline-block;\" \/><\/a><\/div><\/li><li><a href=\"https:\/\/sistemas.lavras.mg.gov.br\/portalcidadao\/#df1b1a7c7b2a290bcb31e32771e610784662739a88807c0dacac58ede5f391a7530e299dc302d611ee73cb143fc22eaf93592e53e7b5bdb01b00a0b8d28dae460c141dd2ff83412e4dc1c31b16b25f33144a9e5620ea73b13f5bc1c59411d98439ad226e8af03840603796067d87afe130812cf3de24982d0e306f9e61e764e5\" aria-label=\"Banner_Sa\u00fade_PortallavrasTV\"><img src=\"https:\/\/lavras.tv\/site\/wp-content\/uploads\/2025\/03\/Banner_Saude_PortallavrasTV.png\" alt=\"\"  srcset=\"https:\/\/lavras.tv\/site\/wp-content\/uploads\/2025\/03\/Banner_Saude_PortallavrasTV.png 720w, https:\/\/lavras.tv\/site\/wp-content\/uploads\/2025\/03\/Banner_Saude_PortallavrasTV-470x68.png 470w, https:\/\/lavras.tv\/site\/wp-content\/uploads\/2025\/03\/Banner_Saude_PortallavrasTV-170x25.png 170w, https:\/\/lavras.tv\/site\/wp-content\/uploads\/2025\/03\/Banner_Saude_PortallavrasTV-200x29.png 200w\" sizes=\"(max-width: 720px) 100vw, 720px\" width=\"720\" height=\"104\"   \/><\/a><\/li><li><div id=\"lavra-2518213960\" style=\"width:720px;height:104px;background-color:#ddd;overflow:scroll;\">\n\t<strong>Sa\u00edda da depura\u00e7\u00e3o de an\u00fancios<\/strong>\n\t<br><br>\n\tO an\u00fancio n\u00e3o \u00e9 exibido na p\u00e1gina<br><br>post atual: D\u00e1rio Julio \u00e9 um dos campe\u00f5es do Enduro da Independ\u00eancia 2018, ID: 17824<br><br><span style=\"color: red;\">O post atual n\u00e3o \u00e9 id\u00eantico ao post principal.<\/span><br><br>An\u00fancios: ROXO - TOPO INTERNA - ROTATIVO 2 (197)<br \/>Grupo de an\u00fancios: Princ_Meio01_720x104 (27)<br><br>Condi\u00e7\u00f5es de exibi\u00e7\u00e3o<div style=\"margin-bottom: 20px; white-space: pre-wrap; font-family: monospace; width: 100%; background: #ffe9e9;\"><strong>condi\u00e7\u00f5es gerais<\/strong><table border=\"1\"><thead><tr><th><\/th><th>An\u00fancios<\/th><th>wp_the_query<\/th><\/tr><\/thead><tr><td>is_main_query<\/td><td>1<\/td><td>1<\/td><\/tr><tr><td>is_rest_api<\/td><td>0<\/td><td>1<\/td><\/tr><tr><td>page<\/td><td>0<\/td><td>1<\/td><\/tr><tr><td>numpages<\/td><td>0<\/td><td>1<\/td><\/tr><tr><td>is_archive<\/td><td>1<\/td><td><\/td><\/tr><tr><td>is_search<\/td><td>1<\/td><td><\/td><\/tr><tr><td>is_home<\/td><td>1<\/td><td><\/td><\/tr><tr><td>is_404<\/td><td>1<\/td><td><\/td><\/tr><tr><td>is_attachment<\/td><td>1<\/td><td><\/td><\/tr><tr><td>is_singular<\/td><td>1<\/td><td><\/td><\/tr><tr><td>is_front_page<\/td><td>1<\/td><td><\/td><\/tr><tr><td>is_feed<\/td><td>1<\/td><td><\/td><\/tr><\/table><\/div><br><br><span style=\"color: red;\">Seu site usa HTTPS, mas o c\u00f3digo do an\u00fancio cont\u00e9m HTTP e pode n\u00e3o funcionar.<\/span>\t<br><br>\n\t<a style=\"color: green;\" href=\"https:\/\/wpadvancedads.com\/manual\/ad-debug-mode\/?utm_source=advanced-ads&utm_medium=link&utm_campaign=ad-debug-mode\" target=\"_blank\" rel=\"nofollow\">Encontre solu\u00e7\u00f5es no manual<\/a>\n<\/div>\n<\/li><\/ul><\/div><script>( window.advanced_ads_ready || jQuery( document ).ready ).call( null, function() {var $lavraslider3699956165 = jQuery( \".lavra-slider-3699956165\" );$lavraslider3699956165.on( \"unslider.ready\", function() { jQuery( \"div.custom-slider ul li\" ).css( \"display\", \"block\" ); });$lavraslider3699956165.unslider({ delay:4000, autoplay:true, nav:false, arrows:false, infinite:true });$lavraslider3699956165.on(\"mouseover\", function() {$lavraslider3699956165.unslider(\"stop\");}).on(\"mouseout\", function() {$lavraslider3699956165.unslider(\"start\");});});<\/script><\/div><p>Pela quinta vez consecutiva, o piloto capixaba\u00a0Jomar Grecco, mas que defende uma equipe mineira (Yamaha O2BH Am\u00e9rica Racing), venceu, na categoria principal (Master), o\u00a0<a href=\"http:\/\/endurodaindependencia.com\/\">Enduro da Independ\u00eancia<\/a>\u00a0encerrado neste domingo, 9 de setembro, em Itajub\u00e1, Sul de Minas.<\/p>\n<p>Ap\u00f3s cerca de\u00a0600 quil\u00f4metros de prova, que come\u00e7ou na \u00faltima quinta em Lavras, Grecco foi o mais regular nos quatro dias da 36\u00aa edi\u00e7\u00e3o, considerada uma das mais dif\u00edceis de toda a hist\u00f3ria.<\/p>\n<p>O campe\u00e3o de 2018 foi seguido por\u00a0Tunico Maciel\u00a0(2\u00ba),\u00a0Thiago Veloso\u00a0(3\u00ba),\u00a0Vinicius Moraes (4\u00ba) e\u00a0Gabriel Soares\u00a0(5\u00ba). \u00a0J\u00e1 o mineiro\u00a0D\u00e1rio J\u00falio Lopes\u00a0(Honda Racing) tamb\u00e9m saiu campe\u00e3o, s\u00f3 que na categoria Classe Brasil.<\/p>\n<p><img fetchpriority=\"high\" decoding=\"async\" class=\"alignnone size-full wp-image-17825 aligncenter\" src=\"http:\/\/lavras.tv\/site\/wp-content\/uploads\/2018\/09\/darinho.jpg\" alt=\"Enduro da Independencia 2018\" width=\"840\" height=\"560\" srcset=\"https:\/\/lavras.tv\/site\/wp-content\/uploads\/2018\/09\/darinho.jpg 840w, https:\/\/lavras.tv\/site\/wp-content\/uploads\/2018\/09\/darinho-150x100.jpg 150w, https:\/\/lavras.tv\/site\/wp-content\/uploads\/2018\/09\/darinho-300x200.jpg 300w, https:\/\/lavras.tv\/site\/wp-content\/uploads\/2018\/09\/darinho-480x320.jpg 480w, https:\/\/lavras.tv\/site\/wp-content\/uploads\/2018\/09\/darinho-272x182.jpg 272w\" sizes=\"(max-width: 840px) 100vw, 840px\" \/><\/p>\n<h2>Tri brasileiro<\/h2>\n<p>Esse t\u00edtulo coroa a temporada de Jomar, que conquistou ainda o\u00a0tricampeonato\u00a0brasileiro.<\/p>\n<p>\u201cA emo\u00e7\u00e3o \u00e9 como da primeira vit\u00f3ria. Conquistar esse feito \u00e9 fant\u00e1stico. A equipe toda est\u00e1 de parab\u00e9ns, agrade\u00e7o a todos, n\u00e3o mediram esfor\u00e7os para que a gente conquistasse mais esse t\u00edtulo\u201d, comemorou o \u00fanico pentacampe\u00e3o do Enduro da Independ\u00eancia.<\/p>\n<p>J\u00e1 o experiente D\u00e1rio J\u00falio foi absoluto na sua categoria. \u201cForam quatro dias perfeitos, sem qualquer erro ou problema nas trilhas. A prova foi \u00f3tima desde o in\u00edcio, com muita qualidade no roteiro e nas planilhas\u201d, avaliou.<\/p>\n<h2>Prova dif\u00edcil<\/h2>\n<p>O\u00a0Enduro da Independ\u00eancia 2018\u00a0foi um duro teste para pilotos e equipamentos. Desde o primeiro dia, a prova imp\u00f4s muitas\u00a0dificuldades\u00a0e m\u00e9dias justas aos competidores, al\u00e9m de visuais bel\u00edssimos.<\/p>\n<p>O roteiro trouxe trilhas fechadas e estradas de terra em terreno acidentado, com passagens por rios e mata-burros e pedra para todos os gostos \u2013 desde as mais soltas at\u00e9 grandes degraus e pared\u00f5es.<\/p>\n<p>No\u00a0primeiro dia\u00a0foram 136 quil\u00f4metros em mais de seis horas de prova, nas\u00a0trilhas\u00a0de Lavras e Itumirim, com muitas pedras e alto n\u00edvel t\u00e9cnico.<\/p>\n<p>No\u00a0segundo dia\u00a0os pilotos percorreram 182 quil\u00f4metros em 6h40, saindo de Lavras, passando por S\u00e3o Tom\u00e9 das Letras e finalizando em Lambari, em um dia ainda mais dif\u00edcil que o primeiro.<\/p>\n<p>O\u00a0terceiro dia\u00a0mudou o terreno, com os pilotos enfrentando tamb\u00e9m trechos lisos e em mata fechada, em 126 quil\u00f4metros e 5h30 de prova.<\/p>\n<p>O\u00a0dia final (quarto)\u00a0da competi\u00e7\u00e3o contou com 139 quil\u00f4metros que os pilotos percorreram em 5h27, nas trilhas altas da Serra da Mantiqueira.<\/p>\n<p>Fotos: L\u00e9o Corrosivo e Id\u00e1rio Caf\u00e9\/Mundo Press<br \/>\nFonte: Jornal da Cidade BH<\/p>\n","protected":false},"excerpt":{"rendered":"<p>Pela quinta vez consecutiva, o piloto capixaba\u00a0Jomar Grecco, mas que defende uma equipe mineira (Yamaha O2BH Am\u00e9rica Racing), venceu, na categoria principal (Master), o\u00a0Enduro da Independ\u00eancia\u00a0encerrado neste domingo, 9 de setembro, em Itajub\u00e1, Sul de Minas. Ap\u00f3s cerca de\u00a0600 quil\u00f4metros de prova, que come\u00e7ou na \u00faltima quinta em Lavras, Grecco foi o mais regular nos [&hellip;]<\/p>\n","protected":false},"author":2,"featured_media":17825,"comment_status":"closed","ping_status":"open","sticky":false,"template":"","format":"standard","meta":{"advgb_blocks_editor_width":"","advgb_blocks_columns_visual_guide":"","_exactmetrics_skip_tracking":false,"_exactmetrics_sitenote_active":false,"_exactmetrics_sitenote_note":"","_exactmetrics_sitenote_category":0,"footnotes":""},"categories":[7,3],"tags":[5166,3310,3921,3948,34,2048,5167],"class_list":["post-17824","post","type-post","status-publish","format-standard","has-post-thumbnail","hentry","category-destaques","category-esportes","tag-darinho","tag-dario-julio","tag-enduro-da-independencia","tag-honda","tag-lavras","tag-moto","tag-motociclismo"],"better_featured_image":{"id":17825,"alt_text":"","caption":"","description":"","media_type":"image","media_details":{"width":840,"height":560,"file":"2018\/09\/darinho.jpg","sizes":{"thumbnail":{"file":"darinho-150x100.jpg","width":150,"height":100,"mime-type":"image\/jpeg","source_url":"https:\/\/lavras.tv\/site\/wp-content\/uploads\/2018\/09\/darinho-150x100.jpg"},"medium":{"file":"darinho-300x200.jpg","width":300,"height":200,"mime-type":"image\/jpeg","source_url":"https:\/\/lavras.tv\/site\/wp-content\/uploads\/2018\/09\/darinho-300x200.jpg"},"featured-slider-img":{"file":"darinho-640x480.jpg","width":640,"height":480,"mime-type":"image\/jpeg","source_url":"https:\/\/lavras.tv\/site\/wp-content\/uploads\/2018\/09\/darinho-640x480.jpg"},"featured-post-img":{"file":"darinho-480x320.jpg","width":480,"height":320,"mime-type":"image\/jpeg","source_url":"https:\/\/lavras.tv\/site\/wp-content\/uploads\/2018\/09\/darinho-480x320.jpg"},"sow-carousel-default":{"file":"darinho-272x182.jpg","width":272,"height":182,"mime-type":"image\/jpeg","source_url":"https:\/\/lavras.tv\/site\/wp-content\/uploads\/2018\/09\/darinho-272x182.jpg"}},"image_meta":{"aperture":"10","credit":"@idario.cafe","camera":"Canon EOS-1D Mark IV","caption":"","created_timestamp":"1536289200","copyright":"@idario.cafe","focal_length":"31","iso":"400","shutter_speed":"0.0015625","title":"Enduro da Independencia 2018","orientation":"0","keywords":["Enduro","Honda","MG","Regularidade"]}},"post":17824,"source_url":"https:\/\/lavras.tv\/site\/wp-content\/uploads\/2018\/09\/darinho.jpg"},"author_meta":{"display_name":"Lavras TV","author_link":"https:\/\/lavras.tv\/site\/author\/lavrastv\/"},"featured_img":"https:\/\/lavras.tv\/site\/wp-content\/uploads\/2018\/09\/darinho-300x200.jpg","coauthors":[],"tax_additional":{"categories":{"linked":["<a href=\"https:\/\/lavras.tv\/site\/category\/destaques\/\" class=\"advgb-post-tax-term\">Destaques<\/a>","<a href=\"https:\/\/lavras.tv\/site\/category\/esportes\/\" class=\"advgb-post-tax-term\">Esportes<\/a>"],"unlinked":["<span class=\"advgb-post-tax-term\">Destaques<\/span>","<span class=\"advgb-post-tax-term\">Esportes<\/span>"]},"tags":{"linked":["<a href=\"https:\/\/lavras.tv\/site\/category\/esportes\/\" class=\"advgb-post-tax-term\">darinho<\/a>","<a href=\"https:\/\/lavras.tv\/site\/category\/esportes\/\" class=\"advgb-post-tax-term\">dario julio<\/a>","<a href=\"https:\/\/lavras.tv\/site\/category\/esportes\/\" class=\"advgb-post-tax-term\">enduro da independ\u00eancia<\/a>","<a href=\"https:\/\/lavras.tv\/site\/category\/esportes\/\" class=\"advgb-post-tax-term\">Honda<\/a>","<a href=\"https:\/\/lavras.tv\/site\/category\/esportes\/\" class=\"advgb-post-tax-term\">lavras<\/a>","<a href=\"https:\/\/lavras.tv\/site\/category\/esportes\/\" class=\"advgb-post-tax-term\">moto<\/a>","<a href=\"https:\/\/lavras.tv\/site\/category\/esportes\/\" class=\"advgb-post-tax-term\">motociclismo<\/a>"],"unlinked":["<span class=\"advgb-post-tax-term\">darinho<\/span>","<span class=\"advgb-post-tax-term\">dario julio<\/span>","<span class=\"advgb-post-tax-term\">enduro da independ\u00eancia<\/span>","<span class=\"advgb-post-tax-term\">Honda<\/span>","<span class=\"advgb-post-tax-term\">lavras<\/span>","<span class=\"advgb-post-tax-term\">moto<\/span>","<span class=\"advgb-post-tax-term\">motociclismo<\/span>"]}},"comment_count":"0","relative_dates":{"created":"Publicado 8 anos atr\u00e1s","modified":"Atualizado 8 anos atr\u00e1s"},"absolute_dates":{"created":"Publicado em 10 de setembro de 2018","modified":"Atualizado em 10 de setembro de 2018"},"absolute_dates_time":{"created":"Publicado em 10 de setembro de 2018 14:19","modified":"Atualizado em 10 de setembro de 2018 14:19"},"featured_img_caption":"","series_order":"","_links":{"self":[{"href":"https:\/\/lavras.tv\/site\/wp-json\/wp\/v2\/posts\/17824","targetHints":{"allow":["GET"]}}],"collection":[{"href":"https:\/\/lavras.tv\/site\/wp-json\/wp\/v2\/posts"}],"about":[{"href":"https:\/\/lavras.tv\/site\/wp-json\/wp\/v2\/types\/post"}],"author":[{"embeddable":true,"href":"https:\/\/lavras.tv\/site\/wp-json\/wp\/v2\/users\/2"}],"replies":[{"embeddable":true,"href":"https:\/\/lavras.tv\/site\/wp-json\/wp\/v2\/comments?post=17824"}],"version-history":[{"count":1,"href":"https:\/\/lavras.tv\/site\/wp-json\/wp\/v2\/posts\/17824\/revisions"}],"predecessor-version":[{"id":17826,"href":"https:\/\/lavras.tv\/site\/wp-json\/wp\/v2\/posts\/17824\/revisions\/17826"}],"wp:featuredmedia":[{"embeddable":true,"href":"https:\/\/lavras.tv\/site\/wp-json\/wp\/v2\/media\/17825"}],"wp:attachment":[{"href":"https:\/\/lavras.tv\/site\/wp-json\/wp\/v2\/media?parent=17824"}],"wp:term":[{"taxonomy":"category","embeddable":true,"href":"https:\/\/lavras.tv\/site\/wp-json\/wp\/v2\/categories?post=17824"},{"taxonomy":"post_tag","embeddable":true,"href":"https:\/\/lavras.tv\/site\/wp-json\/wp\/v2\/tags?post=17824"}],"curies":[{"name":"wp","href":"https:\/\/api.w.org\/{rel}","templated":true}]}}