{"id":17879,"date":"2018-09-13T10:02:34","date_gmt":"2018-09-13T13:02:34","guid":{"rendered":"http:\/\/lavras.tv\/site\/?p=17879"},"modified":"2018-09-13T10:02:34","modified_gmt":"2018-09-13T13:02:34","slug":"lavras-volei-estreia-hoje-no-campeonato-mineiro-jogos-em-lavras-serao-na-semana-que-vem","status":"publish","type":"post","link":"https:\/\/lavras.tv\/site\/2018\/09\/13\/lavras-volei-estreia-hoje-no-campeonato-mineiro-jogos-em-lavras-serao-na-semana-que-vem\/","title":{"rendered":"Lavras V\u00f4lei estreia hoje no Campeonato Mineiro &#8211; jogos em Lavras ser\u00e3o na semana que vem"},"content":{"rendered":"<div class=\"lavra-antes-do-conteudo_2\" id=\"lavra-2876024741\"><div id=\"lavra-slider-27\" class=\"custom-slider lavra-slider-82703754 lavra-slider\"><ul><li><div style=\"margin-left: auto;margin-right: auto;text-align: center;\" id=\"lavra-1609280034\"><a href=\"https:\/\/sistemas.lavras.mg.gov.br\/portalcidadao\/#df1b1a7c7b2a290bcb31e32771e610784662739a88807c0dacac58ede5f391a7530e299dc302d611ee73cb143fc22eaf93592e53e7b5bdb01b00a0b8d28dae460c141dd2ff83412e4dc1c31b16b25f33144a9e5620ea73b13f5bc1c59411d98439ad226e8af03840603796067d87afe130812cf3de24982d0e306f9e61e764e5\" aria-label=\"Lavras-TV&#8211;720x104px (1) (1)\"><img src=\"https:\/\/lavras.tv\/site\/wp-content\/uploads\/2025\/01\/Lavras-TV-720x104px-1-1.png\" alt=\"\"  srcset=\"https:\/\/lavras.tv\/site\/wp-content\/uploads\/2025\/01\/Lavras-TV-720x104px-1-1.png 720w, https:\/\/lavras.tv\/site\/wp-content\/uploads\/2025\/01\/Lavras-TV-720x104px-1-1-470x68.png 470w, https:\/\/lavras.tv\/site\/wp-content\/uploads\/2025\/01\/Lavras-TV-720x104px-1-1-170x25.png 170w, https:\/\/lavras.tv\/site\/wp-content\/uploads\/2025\/01\/Lavras-TV-720x104px-1-1-200x29.png 200w\" sizes=\"(max-width: 720px) 100vw, 720px\" width=\"720\" height=\"104\"  style=\"display: inline-block;\" \/><\/a><\/div><\/li><li><a href=\"https:\/\/sistemas.lavras.mg.gov.br\/portalcidadao\/#df1b1a7c7b2a290bcb31e32771e610784662739a88807c0dacac58ede5f391a7530e299dc302d611ee73cb143fc22eaf93592e53e7b5bdb01b00a0b8d28dae460c141dd2ff83412e4dc1c31b16b25f33144a9e5620ea73b13f5bc1c59411d98439ad226e8af03840603796067d87afe130812cf3de24982d0e306f9e61e764e5\" aria-label=\"Banner_Emprego_PortallavrasTV\"><img src=\"https:\/\/lavras.tv\/site\/wp-content\/uploads\/2025\/03\/Banner_Emprego_PortallavrasTV.png\" alt=\"\"  srcset=\"https:\/\/lavras.tv\/site\/wp-content\/uploads\/2025\/03\/Banner_Emprego_PortallavrasTV.png 720w, https:\/\/lavras.tv\/site\/wp-content\/uploads\/2025\/03\/Banner_Emprego_PortallavrasTV-470x68.png 470w, https:\/\/lavras.tv\/site\/wp-content\/uploads\/2025\/03\/Banner_Emprego_PortallavrasTV-170x25.png 170w, https:\/\/lavras.tv\/site\/wp-content\/uploads\/2025\/03\/Banner_Emprego_PortallavrasTV-200x29.png 200w\" sizes=\"(max-width: 720px) 100vw, 720px\" width=\"720\" height=\"104\"   \/><\/a><\/li><li><a href=\"https:\/\/sistemas.lavras.mg.gov.br\/portalcidadao\/#df1b1a7c7b2a290bcb31e32771e610784662739a88807c0dacac58ede5f391a7530e299dc302d611ee73cb143fc22eaf93592e53e7b5bdb01b00a0b8d28dae460c141dd2ff83412e4dc1c31b16b25f33144a9e5620ea73b13f5bc1c59411d98439ad226e8af03840603796067d87afe130812cf3de24982d0e306f9e61e764e5\" aria-label=\"Banner_Obras_PortallavrasTV\"><img src=\"https:\/\/lavras.tv\/site\/wp-content\/uploads\/2025\/03\/Banner_Obras_PortallavrasTV.png\" alt=\"\"  srcset=\"https:\/\/lavras.tv\/site\/wp-content\/uploads\/2025\/03\/Banner_Obras_PortallavrasTV.png 720w, https:\/\/lavras.tv\/site\/wp-content\/uploads\/2025\/03\/Banner_Obras_PortallavrasTV-470x68.png 470w, https:\/\/lavras.tv\/site\/wp-content\/uploads\/2025\/03\/Banner_Obras_PortallavrasTV-170x25.png 170w, https:\/\/lavras.tv\/site\/wp-content\/uploads\/2025\/03\/Banner_Obras_PortallavrasTV-200x29.png 200w\" sizes=\"(max-width: 720px) 100vw, 720px\" width=\"720\" height=\"104\"   \/><\/a><\/li><li><div style=\"margin-left: auto;margin-right: auto;text-align: center;\" id=\"lavra-3201581827\"><a href=\"https:\/\/sistemas.lavras.mg.gov.br\/portalcidadao\/#df1b1a7c7b2a290bcb31e32771e610784662739a88807c0dacac58ede5f391a7530e299dc302d611ee73cb143fc22eaf93592e53e7b5bdb01b00a0b8d28dae460c141dd2ff83412e4dc1c31b16b25f33144a9e5620ea73b13f5bc1c59411d98439ad226e8af03840603796067d87afe130812cf3de24982d0e306f9e61e764e5\" aria-label=\"Banner_Educa\u00e7\u00e3o_PortallavrasTV\"><img src=\"https:\/\/lavras.tv\/site\/wp-content\/uploads\/2025\/01\/Banner_Educacao_PortallavrasTV.png\" alt=\"\"  srcset=\"https:\/\/lavras.tv\/site\/wp-content\/uploads\/2025\/01\/Banner_Educacao_PortallavrasTV.png 720w, https:\/\/lavras.tv\/site\/wp-content\/uploads\/2025\/01\/Banner_Educacao_PortallavrasTV-470x68.png 470w, https:\/\/lavras.tv\/site\/wp-content\/uploads\/2025\/01\/Banner_Educacao_PortallavrasTV-170x25.png 170w, https:\/\/lavras.tv\/site\/wp-content\/uploads\/2025\/01\/Banner_Educacao_PortallavrasTV-200x29.png 200w\" sizes=\"(max-width: 720px) 100vw, 720px\" width=\"720\" height=\"104\"  style=\"display: inline-block;\" \/><\/a><\/div><\/li><li><a href=\"https:\/\/sistemas.lavras.mg.gov.br\/portalcidadao\/#df1b1a7c7b2a290bcb31e32771e610784662739a88807c0dacac58ede5f391a7530e299dc302d611ee73cb143fc22eaf93592e53e7b5bdb01b00a0b8d28dae460c141dd2ff83412e4dc1c31b16b25f33144a9e5620ea73b13f5bc1c59411d98439ad226e8af03840603796067d87afe130812cf3de24982d0e306f9e61e764e5\" aria-label=\"Banner_Sa\u00fade_PortallavrasTV\"><img src=\"https:\/\/lavras.tv\/site\/wp-content\/uploads\/2025\/03\/Banner_Saude_PortallavrasTV.png\" alt=\"\"  srcset=\"https:\/\/lavras.tv\/site\/wp-content\/uploads\/2025\/03\/Banner_Saude_PortallavrasTV.png 720w, https:\/\/lavras.tv\/site\/wp-content\/uploads\/2025\/03\/Banner_Saude_PortallavrasTV-470x68.png 470w, https:\/\/lavras.tv\/site\/wp-content\/uploads\/2025\/03\/Banner_Saude_PortallavrasTV-170x25.png 170w, https:\/\/lavras.tv\/site\/wp-content\/uploads\/2025\/03\/Banner_Saude_PortallavrasTV-200x29.png 200w\" sizes=\"(max-width: 720px) 100vw, 720px\" width=\"720\" height=\"104\"   \/><\/a><\/li><li><div id=\"lavra-3723135135\" style=\"width:720px;height:104px;background-color:#ddd;overflow:scroll;\">\n\t<strong>Sa\u00edda da depura\u00e7\u00e3o de an\u00fancios<\/strong>\n\t<br><br>\n\tO an\u00fancio n\u00e3o \u00e9 exibido na p\u00e1gina<br><br>post atual: Lavras V\u00f4lei estreia hoje no Campeonato Mineiro - jogos em Lavras ser\u00e3o na semana que vem, ID: 17879<br><br><span style=\"color: red;\">O post atual n\u00e3o \u00e9 id\u00eantico ao post principal.<\/span><br><br>An\u00fancios: ROXO - TOPO INTERNA - ROTATIVO 2 (197)<br \/>Grupo de an\u00fancios: Princ_Meio01_720x104 (27)<br><br>Condi\u00e7\u00f5es de exibi\u00e7\u00e3o<div style=\"margin-bottom: 20px; white-space: pre-wrap; font-family: monospace; width: 100%; background: #ffe9e9;\"><strong>condi\u00e7\u00f5es gerais<\/strong><table border=\"1\"><thead><tr><th><\/th><th>An\u00fancios<\/th><th>wp_the_query<\/th><\/tr><\/thead><tr><td>is_main_query<\/td><td>1<\/td><td>1<\/td><\/tr><tr><td>is_rest_api<\/td><td>0<\/td><td>1<\/td><\/tr><tr><td>page<\/td><td>0<\/td><td>1<\/td><\/tr><tr><td>numpages<\/td><td>0<\/td><td>1<\/td><\/tr><tr><td>is_archive<\/td><td>1<\/td><td><\/td><\/tr><tr><td>is_search<\/td><td>1<\/td><td><\/td><\/tr><tr><td>is_home<\/td><td>1<\/td><td><\/td><\/tr><tr><td>is_404<\/td><td>1<\/td><td><\/td><\/tr><tr><td>is_attachment<\/td><td>1<\/td><td><\/td><\/tr><tr><td>is_singular<\/td><td>1<\/td><td><\/td><\/tr><tr><td>is_front_page<\/td><td>1<\/td><td><\/td><\/tr><tr><td>is_feed<\/td><td>1<\/td><td><\/td><\/tr><\/table><\/div><br><br><span style=\"color: red;\">Seu site usa HTTPS, mas o c\u00f3digo do an\u00fancio cont\u00e9m HTTP e pode n\u00e3o funcionar.<\/span>\t<br><br>\n\t<a style=\"color: green;\" href=\"https:\/\/wpadvancedads.com\/manual\/ad-debug-mode\/?utm_source=advanced-ads&utm_medium=link&utm_campaign=ad-debug-mode\" target=\"_blank\" rel=\"nofollow\">Encontre solu\u00e7\u00f5es no manual<\/a>\n<\/div>\n<\/li><\/ul><\/div><script>( window.advanced_ads_ready || jQuery( document ).ready ).call( null, function() {var $lavraslider82703754 = jQuery( \".lavra-slider-82703754\" );$lavraslider82703754.on( \"unslider.ready\", function() { jQuery( \"div.custom-slider ul li\" ).css( \"display\", \"block\" ); });$lavraslider82703754.unslider({ delay:4000, autoplay:true, nav:false, arrows:false, infinite:true });$lavraslider82703754.on(\"mouseover\", function() {$lavraslider82703754.unslider(\"stop\");}).on(\"mouseout\", function() {$lavraslider82703754.unslider(\"start\");});});<\/script><\/div><p><span style=\"font-weight: 400;\">Vai come\u00e7ar!!!!<\/span><\/p>\n<p><span style=\"font-weight: 400;\">Na verdade o Campeonato Mineiro de Voleibol Masculino 2018 j\u00e1 teve tr\u00eas jogos, dois deles na cidade de Juiz de Fora, onde o time da casa sofreu derrotas para o SADA Cruzeiro e FIAT Minas, o terceiro jogo aconteceu em Tr\u00eas Cora\u00e7\u00f5es com nova vit\u00f3ria do FIAT Minas diante do JF V\u00f4lei.<\/span><!--more--><\/p>\n<p><span style=\"font-weight: 400;\">O Lavras V\u00f4lei ir\u00e1 estrear nesta quinta-feira (13 de setembro) as 20 horas no Gin\u00e1sio Pelez\u00e3o em Tr\u00eas Cora\u00e7\u00f5es, diante do FIAT Minas de Belo Horizonte.<\/span><\/p>\n<p><img fetchpriority=\"high\" decoding=\"async\" class=\"alignnone size-full wp-image-17881 aligncenter\" src=\"http:\/\/lavras.tv\/site\/wp-content\/uploads\/2018\/09\/lavras-volei-e1536843626161.jpg\" alt=\"lavras volei\" width=\"638\" height=\"480\" srcset=\"https:\/\/lavras.tv\/site\/wp-content\/uploads\/2018\/09\/lavras-volei-e1536843626161.jpg 638w, https:\/\/lavras.tv\/site\/wp-content\/uploads\/2018\/09\/lavras-volei-e1536843626161-150x113.jpg 150w, https:\/\/lavras.tv\/site\/wp-content\/uploads\/2018\/09\/lavras-volei-e1536843626161-300x226.jpg 300w\" sizes=\"(max-width: 638px) 100vw, 638px\" \/><\/p>\n<p><span style=\"font-weight: 400;\">A estreia ser\u00e1 o pontap\u00e9 inicial para a nova fase do Lavras V\u00f4lei, que entra nesta temporada com o voleibol masculino.<\/span><\/p>\n<p><span style=\"font-weight: 400;\">Na sequ\u00eancia da estreia, o Lavras V\u00f4lei ter\u00e1 uma maratona de jogos em Lavras, jogando diante do FIAT Minas, JF V\u00f4lei e SADA Cruzeiro nos dias 17, 19 e 21 de setembro no Gin\u00e1sio do Lavras T\u00eanis Clube.<\/span><\/p>\n<p><img decoding=\"async\" class=\"alignnone size-full wp-image-17882 aligncenter\" src=\"http:\/\/lavras.tv\/site\/wp-content\/uploads\/2018\/09\/TABELA-DE-JOGOS-jpg.jpg\" alt=\"TABELA DE JOGOS PDF\" width=\"2048\" height=\"2048\" srcset=\"https:\/\/lavras.tv\/site\/wp-content\/uploads\/2018\/09\/TABELA-DE-JOGOS-jpg.jpg 2048w, https:\/\/lavras.tv\/site\/wp-content\/uploads\/2018\/09\/TABELA-DE-JOGOS-jpg-150x150.jpg 150w, https:\/\/lavras.tv\/site\/wp-content\/uploads\/2018\/09\/TABELA-DE-JOGOS-jpg-300x300.jpg 300w, https:\/\/lavras.tv\/site\/wp-content\/uploads\/2018\/09\/TABELA-DE-JOGOS-jpg-1024x1024.jpg 1024w\" sizes=\"(max-width: 2048px) 100vw, 2048px\" \/><\/p>\n<p>*Divulga\u00e7\u00e3o Lavras V\u00f4lei<\/p>\n","protected":false},"excerpt":{"rendered":"<p>Vai come\u00e7ar!!!! Na verdade o Campeonato Mineiro de Voleibol Masculino 2018 j\u00e1 teve tr\u00eas jogos, dois deles na cidade de Juiz de Fora, onde o time da casa sofreu derrotas para o SADA Cruzeiro e FIAT Minas, o terceiro jogo aconteceu em Tr\u00eas Cora\u00e7\u00f5es com nova vit\u00f3ria do FIAT Minas diante do JF V\u00f4lei.<\/p>\n","protected":false},"author":2,"featured_media":17881,"comment_status":"closed","ping_status":"open","sticky":false,"template":"","format":"standard","meta":{"advgb_blocks_editor_width":"","advgb_blocks_columns_visual_guide":"","_exactmetrics_skip_tracking":false,"_exactmetrics_sitenote_active":false,"_exactmetrics_sitenote_note":"","_exactmetrics_sitenote_category":0,"footnotes":""},"categories":[7,3],"tags":[1930,2843,2389,4439,1032,5094,5179,1210],"class_list":["post-17879","post","type-post","status-publish","format-standard","has-post-thumbnail","hentry","category-destaques","category-esportes","tag-1930","tag-campeonato-mineiro","tag-estreia","tag-lavras-volei","tag-ltc","tag-masculino","tag-pelezao","tag-sada-cruzeiro"],"better_featured_image":{"id":17881,"alt_text":"","caption":"","description":"","media_type":"image","media_details":{"width":638,"height":480,"file":"2018\/09\/lavras-volei-e1536843626161.jpg","sizes":{"thumbnail":{"file":"lavras-volei-e1536843626161-150x113.jpg","width":150,"height":113,"mime-type":"image\/jpeg","source_url":"https:\/\/lavras.tv\/site\/wp-content\/uploads\/2018\/09\/lavras-volei-e1536843626161-150x113.jpg"},"medium":{"file":"lavras-volei-e1536843626161-300x226.jpg","width":300,"height":226,"mime-type":"image\/jpeg","source_url":"https:\/\/lavras.tv\/site\/wp-content\/uploads\/2018\/09\/lavras-volei-e1536843626161-300x226.jpg"},"featured-slider-img":{"file":"lavras-volei-e1536843626161-638x480.jpg","width":638,"height":480,"mime-type":"image\/jpeg","source_url":"https:\/\/lavras.tv\/site\/wp-content\/uploads\/2018\/09\/lavras-volei-e1536843626161-638x480.jpg"},"featured-post-img":{"file":"lavras-volei-e1536843626161-480x320.jpg","width":480,"height":320,"mime-type":"image\/jpeg","source_url":"https:\/\/lavras.tv\/site\/wp-content\/uploads\/2018\/09\/lavras-volei-e1536843626161-480x320.jpg"},"sow-carousel-default":{"file":"lavras-volei-e1536843626161-272x182.jpg","width":272,"height":182,"mime-type":"image\/jpeg","source_url":"https:\/\/lavras.tv\/site\/wp-content\/uploads\/2018\/09\/lavras-volei-e1536843626161-272x182.jpg"}},"image_meta":{"aperture":"0","credit":"","camera":"","caption":"","created_timestamp":"0","copyright":"","focal_length":"0","iso":"0","shutter_speed":"0","title":"","orientation":"0","keywords":[]}},"post":17879,"source_url":"https:\/\/lavras.tv\/site\/wp-content\/uploads\/2018\/09\/lavras-volei-e1536843626161.jpg"},"author_meta":{"display_name":"Lavras TV","author_link":"https:\/\/lavras.tv\/site\/author\/lavrastv\/"},"featured_img":"https:\/\/lavras.tv\/site\/wp-content\/uploads\/2018\/09\/lavras-volei-e1536843626161-300x226.jpg","coauthors":[],"tax_additional":{"categories":{"linked":["<a href=\"https:\/\/lavras.tv\/site\/category\/destaques\/\" class=\"advgb-post-tax-term\">Destaques<\/a>","<a href=\"https:\/\/lavras.tv\/site\/category\/esportes\/\" class=\"advgb-post-tax-term\">Esportes<\/a>"],"unlinked":["<span class=\"advgb-post-tax-term\">Destaques<\/span>","<span class=\"advgb-post-tax-term\">Esportes<\/span>"]},"tags":{"linked":["<a href=\"https:\/\/lavras.tv\/site\/category\/esportes\/\" class=\"advgb-post-tax-term\">2018<\/a>","<a href=\"https:\/\/lavras.tv\/site\/category\/esportes\/\" class=\"advgb-post-tax-term\">campeonato mineiro<\/a>","<a href=\"https:\/\/lavras.tv\/site\/category\/esportes\/\" class=\"advgb-post-tax-term\">Estreia<\/a>","<a href=\"https:\/\/lavras.tv\/site\/category\/esportes\/\" class=\"advgb-post-tax-term\">Lavras V\u00f4lei<\/a>","<a href=\"https:\/\/lavras.tv\/site\/category\/esportes\/\" class=\"advgb-post-tax-term\">LTC<\/a>","<a href=\"https:\/\/lavras.tv\/site\/category\/esportes\/\" class=\"advgb-post-tax-term\">Masculino<\/a>","<a href=\"https:\/\/lavras.tv\/site\/category\/esportes\/\" class=\"advgb-post-tax-term\">Pelez\u00e3o<\/a>","<a href=\"https:\/\/lavras.tv\/site\/category\/esportes\/\" class=\"advgb-post-tax-term\">sada cruzeiro<\/a>"],"unlinked":["<span class=\"advgb-post-tax-term\">2018<\/span>","<span class=\"advgb-post-tax-term\">campeonato mineiro<\/span>","<span class=\"advgb-post-tax-term\">Estreia<\/span>","<span class=\"advgb-post-tax-term\">Lavras V\u00f4lei<\/span>","<span class=\"advgb-post-tax-term\">LTC<\/span>","<span class=\"advgb-post-tax-term\">Masculino<\/span>","<span class=\"advgb-post-tax-term\">Pelez\u00e3o<\/span>","<span class=\"advgb-post-tax-term\">sada cruzeiro<\/span>"]}},"comment_count":"0","relative_dates":{"created":"Publicado 8 anos atr\u00e1s","modified":"Atualizado 8 anos atr\u00e1s"},"absolute_dates":{"created":"Publicado em 13 de setembro de 2018","modified":"Atualizado em 13 de setembro de 2018"},"absolute_dates_time":{"created":"Publicado em 13 de setembro de 2018 10:02","modified":"Atualizado em 13 de setembro de 2018 10:02"},"featured_img_caption":"","series_order":"","_links":{"self":[{"href":"https:\/\/lavras.tv\/site\/wp-json\/wp\/v2\/posts\/17879","targetHints":{"allow":["GET"]}}],"collection":[{"href":"https:\/\/lavras.tv\/site\/wp-json\/wp\/v2\/posts"}],"about":[{"href":"https:\/\/lavras.tv\/site\/wp-json\/wp\/v2\/types\/post"}],"author":[{"embeddable":true,"href":"https:\/\/lavras.tv\/site\/wp-json\/wp\/v2\/users\/2"}],"replies":[{"embeddable":true,"href":"https:\/\/lavras.tv\/site\/wp-json\/wp\/v2\/comments?post=17879"}],"version-history":[{"count":1,"href":"https:\/\/lavras.tv\/site\/wp-json\/wp\/v2\/posts\/17879\/revisions"}],"predecessor-version":[{"id":17883,"href":"https:\/\/lavras.tv\/site\/wp-json\/wp\/v2\/posts\/17879\/revisions\/17883"}],"wp:featuredmedia":[{"embeddable":true,"href":"https:\/\/lavras.tv\/site\/wp-json\/wp\/v2\/media\/17881"}],"wp:attachment":[{"href":"https:\/\/lavras.tv\/site\/wp-json\/wp\/v2\/media?parent=17879"}],"wp:term":[{"taxonomy":"category","embeddable":true,"href":"https:\/\/lavras.tv\/site\/wp-json\/wp\/v2\/categories?post=17879"},{"taxonomy":"post_tag","embeddable":true,"href":"https:\/\/lavras.tv\/site\/wp-json\/wp\/v2\/tags?post=17879"}],"curies":[{"name":"wp","href":"https:\/\/api.w.org\/{rel}","templated":true}]}}