{"id":17901,"date":"2018-09-14T10:06:16","date_gmt":"2018-09-14T13:06:16","guid":{"rendered":"http:\/\/lavras.tv\/site\/?p=17901"},"modified":"2018-09-14T10:06:16","modified_gmt":"2018-09-14T13:06:16","slug":"lavras-volei-estreia-perdendo-para-o-fiatminas-no-campeonato-mineiro","status":"publish","type":"post","link":"https:\/\/lavras.tv\/site\/2018\/09\/14\/lavras-volei-estreia-perdendo-para-o-fiatminas-no-campeonato-mineiro\/","title":{"rendered":"Lavras V\u00f4lei estreia perdendo para o Fiat\/Minas no Campeonato Mineiro"},"content":{"rendered":"<div class=\"lavra-antes-do-conteudo_2\" id=\"lavra-2697547546\"><div id=\"lavra-slider-27\" class=\"custom-slider lavra-slider-3102918091 lavra-slider\"><ul><li><div style=\"margin-left: auto;margin-right: auto;text-align: center;\" id=\"lavra-3085739016\"><a href=\"https:\/\/sistemas.lavras.mg.gov.br\/portalcidadao\/#df1b1a7c7b2a290bcb31e32771e610784662739a88807c0dacac58ede5f391a7530e299dc302d611ee73cb143fc22eaf93592e53e7b5bdb01b00a0b8d28dae460c141dd2ff83412e4dc1c31b16b25f33144a9e5620ea73b13f5bc1c59411d98439ad226e8af03840603796067d87afe130812cf3de24982d0e306f9e61e764e5\" aria-label=\"Lavras-TV&#8211;720x104px (1) (1)\"><img src=\"https:\/\/lavras.tv\/site\/wp-content\/uploads\/2025\/01\/Lavras-TV-720x104px-1-1.png\" alt=\"\"  srcset=\"https:\/\/lavras.tv\/site\/wp-content\/uploads\/2025\/01\/Lavras-TV-720x104px-1-1.png 720w, https:\/\/lavras.tv\/site\/wp-content\/uploads\/2025\/01\/Lavras-TV-720x104px-1-1-470x68.png 470w, https:\/\/lavras.tv\/site\/wp-content\/uploads\/2025\/01\/Lavras-TV-720x104px-1-1-170x25.png 170w, https:\/\/lavras.tv\/site\/wp-content\/uploads\/2025\/01\/Lavras-TV-720x104px-1-1-200x29.png 200w\" sizes=\"(max-width: 720px) 100vw, 720px\" width=\"720\" height=\"104\"  style=\"display: inline-block;\" \/><\/a><\/div><\/li><li><a href=\"https:\/\/sistemas.lavras.mg.gov.br\/portalcidadao\/#df1b1a7c7b2a290bcb31e32771e610784662739a88807c0dacac58ede5f391a7530e299dc302d611ee73cb143fc22eaf93592e53e7b5bdb01b00a0b8d28dae460c141dd2ff83412e4dc1c31b16b25f33144a9e5620ea73b13f5bc1c59411d98439ad226e8af03840603796067d87afe130812cf3de24982d0e306f9e61e764e5\" aria-label=\"Banner_Emprego_PortallavrasTV\"><img src=\"https:\/\/lavras.tv\/site\/wp-content\/uploads\/2025\/03\/Banner_Emprego_PortallavrasTV.png\" alt=\"\"  srcset=\"https:\/\/lavras.tv\/site\/wp-content\/uploads\/2025\/03\/Banner_Emprego_PortallavrasTV.png 720w, https:\/\/lavras.tv\/site\/wp-content\/uploads\/2025\/03\/Banner_Emprego_PortallavrasTV-470x68.png 470w, https:\/\/lavras.tv\/site\/wp-content\/uploads\/2025\/03\/Banner_Emprego_PortallavrasTV-170x25.png 170w, https:\/\/lavras.tv\/site\/wp-content\/uploads\/2025\/03\/Banner_Emprego_PortallavrasTV-200x29.png 200w\" sizes=\"(max-width: 720px) 100vw, 720px\" width=\"720\" height=\"104\"   \/><\/a><\/li><li><a href=\"https:\/\/sistemas.lavras.mg.gov.br\/portalcidadao\/#df1b1a7c7b2a290bcb31e32771e610784662739a88807c0dacac58ede5f391a7530e299dc302d611ee73cb143fc22eaf93592e53e7b5bdb01b00a0b8d28dae460c141dd2ff83412e4dc1c31b16b25f33144a9e5620ea73b13f5bc1c59411d98439ad226e8af03840603796067d87afe130812cf3de24982d0e306f9e61e764e5\" aria-label=\"Banner_Obras_PortallavrasTV\"><img src=\"https:\/\/lavras.tv\/site\/wp-content\/uploads\/2025\/03\/Banner_Obras_PortallavrasTV.png\" alt=\"\"  srcset=\"https:\/\/lavras.tv\/site\/wp-content\/uploads\/2025\/03\/Banner_Obras_PortallavrasTV.png 720w, https:\/\/lavras.tv\/site\/wp-content\/uploads\/2025\/03\/Banner_Obras_PortallavrasTV-470x68.png 470w, https:\/\/lavras.tv\/site\/wp-content\/uploads\/2025\/03\/Banner_Obras_PortallavrasTV-170x25.png 170w, https:\/\/lavras.tv\/site\/wp-content\/uploads\/2025\/03\/Banner_Obras_PortallavrasTV-200x29.png 200w\" sizes=\"(max-width: 720px) 100vw, 720px\" width=\"720\" height=\"104\"   \/><\/a><\/li><li><div style=\"margin-left: auto;margin-right: auto;text-align: center;\" id=\"lavra-2910364827\"><a href=\"https:\/\/sistemas.lavras.mg.gov.br\/portalcidadao\/#df1b1a7c7b2a290bcb31e32771e610784662739a88807c0dacac58ede5f391a7530e299dc302d611ee73cb143fc22eaf93592e53e7b5bdb01b00a0b8d28dae460c141dd2ff83412e4dc1c31b16b25f33144a9e5620ea73b13f5bc1c59411d98439ad226e8af03840603796067d87afe130812cf3de24982d0e306f9e61e764e5\" aria-label=\"Banner_Educa\u00e7\u00e3o_PortallavrasTV\"><img src=\"https:\/\/lavras.tv\/site\/wp-content\/uploads\/2025\/01\/Banner_Educacao_PortallavrasTV.png\" alt=\"\"  srcset=\"https:\/\/lavras.tv\/site\/wp-content\/uploads\/2025\/01\/Banner_Educacao_PortallavrasTV.png 720w, https:\/\/lavras.tv\/site\/wp-content\/uploads\/2025\/01\/Banner_Educacao_PortallavrasTV-470x68.png 470w, https:\/\/lavras.tv\/site\/wp-content\/uploads\/2025\/01\/Banner_Educacao_PortallavrasTV-170x25.png 170w, https:\/\/lavras.tv\/site\/wp-content\/uploads\/2025\/01\/Banner_Educacao_PortallavrasTV-200x29.png 200w\" sizes=\"(max-width: 720px) 100vw, 720px\" width=\"720\" height=\"104\"  style=\"display: inline-block;\" \/><\/a><\/div><\/li><li><a href=\"https:\/\/sistemas.lavras.mg.gov.br\/portalcidadao\/#df1b1a7c7b2a290bcb31e32771e610784662739a88807c0dacac58ede5f391a7530e299dc302d611ee73cb143fc22eaf93592e53e7b5bdb01b00a0b8d28dae460c141dd2ff83412e4dc1c31b16b25f33144a9e5620ea73b13f5bc1c59411d98439ad226e8af03840603796067d87afe130812cf3de24982d0e306f9e61e764e5\" aria-label=\"Banner_Sa\u00fade_PortallavrasTV\"><img src=\"https:\/\/lavras.tv\/site\/wp-content\/uploads\/2025\/03\/Banner_Saude_PortallavrasTV.png\" alt=\"\"  srcset=\"https:\/\/lavras.tv\/site\/wp-content\/uploads\/2025\/03\/Banner_Saude_PortallavrasTV.png 720w, https:\/\/lavras.tv\/site\/wp-content\/uploads\/2025\/03\/Banner_Saude_PortallavrasTV-470x68.png 470w, https:\/\/lavras.tv\/site\/wp-content\/uploads\/2025\/03\/Banner_Saude_PortallavrasTV-170x25.png 170w, https:\/\/lavras.tv\/site\/wp-content\/uploads\/2025\/03\/Banner_Saude_PortallavrasTV-200x29.png 200w\" sizes=\"(max-width: 720px) 100vw, 720px\" width=\"720\" height=\"104\"   \/><\/a><\/li><li><div id=\"lavra-3300199227\" style=\"width:720px;height:104px;background-color:#ddd;overflow:scroll;\">\n\t<strong>Sa\u00edda da depura\u00e7\u00e3o de an\u00fancios<\/strong>\n\t<br><br>\n\tO an\u00fancio n\u00e3o \u00e9 exibido na p\u00e1gina<br><br>post atual: Lavras V\u00f4lei estreia perdendo para o Fiat\/Minas no Campeonato Mineiro, ID: 17901<br><br><span style=\"color: red;\">O post atual n\u00e3o \u00e9 id\u00eantico ao post principal.<\/span><br><br>An\u00fancios: ROXO - TOPO INTERNA - ROTATIVO 2 (197)<br \/>Grupo de an\u00fancios: Princ_Meio01_720x104 (27)<br><br>Condi\u00e7\u00f5es de exibi\u00e7\u00e3o<div style=\"margin-bottom: 20px; white-space: pre-wrap; font-family: monospace; width: 100%; background: #ffe9e9;\"><strong>condi\u00e7\u00f5es gerais<\/strong><table border=\"1\"><thead><tr><th><\/th><th>An\u00fancios<\/th><th>wp_the_query<\/th><\/tr><\/thead><tr><td>is_main_query<\/td><td>1<\/td><td>1<\/td><\/tr><tr><td>is_rest_api<\/td><td>0<\/td><td>1<\/td><\/tr><tr><td>page<\/td><td>0<\/td><td>1<\/td><\/tr><tr><td>numpages<\/td><td>0<\/td><td>1<\/td><\/tr><tr><td>is_archive<\/td><td>1<\/td><td><\/td><\/tr><tr><td>is_search<\/td><td>1<\/td><td><\/td><\/tr><tr><td>is_home<\/td><td>1<\/td><td><\/td><\/tr><tr><td>is_404<\/td><td>1<\/td><td><\/td><\/tr><tr><td>is_attachment<\/td><td>1<\/td><td><\/td><\/tr><tr><td>is_singular<\/td><td>1<\/td><td><\/td><\/tr><tr><td>is_front_page<\/td><td>1<\/td><td><\/td><\/tr><tr><td>is_feed<\/td><td>1<\/td><td><\/td><\/tr><\/table><\/div><br><br><span style=\"color: red;\">Seu site usa HTTPS, mas o c\u00f3digo do an\u00fancio cont\u00e9m HTTP e pode n\u00e3o funcionar.<\/span>\t<br><br>\n\t<a style=\"color: green;\" href=\"https:\/\/wpadvancedads.com\/manual\/ad-debug-mode\/?utm_source=advanced-ads&utm_medium=link&utm_campaign=ad-debug-mode\" target=\"_blank\" rel=\"nofollow\">Encontre solu\u00e7\u00f5es no manual<\/a>\n<\/div>\n<\/li><\/ul><\/div><script>( window.advanced_ads_ready || jQuery( document ).ready ).call( null, function() {var $lavraslider3102918091 = jQuery( \".lavra-slider-3102918091\" );$lavraslider3102918091.on( \"unslider.ready\", function() { jQuery( \"div.custom-slider ul li\" ).css( \"display\", \"block\" ); });$lavraslider3102918091.unslider({ delay:4000, autoplay:true, nav:false, arrows:false, infinite:true });$lavraslider3102918091.on(\"mouseover\", function() {$lavraslider3102918091.unslider(\"stop\");}).on(\"mouseout\", function() {$lavraslider3102918091.unslider(\"start\");});});<\/script><\/div><p>A equipe masculina do Lavras V\u00f4lei fez sua estreia no Campeonato Mineiro nesta quinta-feira, dia 13, jogando em Tr\u00eas Cora\u00e7\u00f5es contra o time do Fiat\/Minas.\u00a0<!--more--><\/p>\n<p>O resultado foi de 3 sets a 1 para a equipe da capital, com parciais de 23\/25, 25\/21, 25\/22 e 25\/17.<\/p>\n<figure id=\"attachment_17902\" aria-describedby=\"caption-attachment-17902\" style=\"width: 310px\" class=\"wp-caption aligncenter\"><img fetchpriority=\"high\" decoding=\"async\" class=\"size-full wp-image-17902\" src=\"http:\/\/lavras.tv\/site\/wp-content\/uploads\/2018\/09\/lavras-volei-estreua.jpg\" alt=\"Secom  Tr\u00eas Cora\u00e7\u00f5es\" width=\"310\" height=\"206\" srcset=\"https:\/\/lavras.tv\/site\/wp-content\/uploads\/2018\/09\/lavras-volei-estreua.jpg 310w, https:\/\/lavras.tv\/site\/wp-content\/uploads\/2018\/09\/lavras-volei-estreua-150x100.jpg 150w, https:\/\/lavras.tv\/site\/wp-content\/uploads\/2018\/09\/lavras-volei-estreua-300x199.jpg 300w, https:\/\/lavras.tv\/site\/wp-content\/uploads\/2018\/09\/lavras-volei-estreua-272x182.jpg 272w\" sizes=\"(max-width: 310px) 100vw, 310px\" \/><figcaption id=\"caption-attachment-17902\" class=\"wp-caption-text\">Secom Tr\u00eas Cora\u00e7\u00f5es<\/figcaption><\/figure>\n<p>O Fiat\/Minas conquistou tr\u00eas vit\u00f3rias important\u00edssimas na fase classificat\u00f3ria, duas delas sobre o JF V\u00f4lei. A partida contra o Lavras foi equilibrada pelo menos at\u00e9 o terceiro set. Com jogadores cedidos pelo Sada Cruzeiro, o Lavras levou o primeiro set por ter errado menos e pela grande atua\u00e7\u00e3o no bloqueio. Com um time diferente das partidas anteriores, a Fiat melhorou gradativamente e, por isso, fechou os tr\u00eas sets seguintes.<\/p>\n<p>Na pr\u00f3xima semana, o Lavras V\u00f4lei ter\u00e1 tr\u00eas partidas em casa, no gin\u00e1sio do Lavras T\u00eanis Clube.<\/p>\n<p>17.09 SEG &#8211; 20h &#8211; Lavras V\u00f4lei x Fiat\/Minas &#8211; Gin\u00e1sio LTC\/Lavras<\/p>\n<p>19.09 QUA &#8211; 20 &#8211; Lavras V\u00f4lei x JF V\u00f4lei &#8211; Gin\u00e1sio LTC\/Lavras<\/p>\n<p>21.09 SEX &#8211; 20h &#8211; Lavras V\u00f4lei x Sada Cruzeiro &#8211; Gin\u00e1sio LTC\/Lavras<\/p>\n<figure id=\"attachment_17903\" aria-describedby=\"caption-attachment-17903\" style=\"width: 960px\" class=\"wp-caption aligncenter\"><img decoding=\"async\" class=\"size-full wp-image-17903\" src=\"http:\/\/lavras.tv\/site\/wp-content\/uploads\/2018\/09\/WhatsApp-Image-2018-09-14-at-10.03.42.jpeg\" alt=\"Lavras V\u00f4lei - Divulga\u00e7\u00e3o\" width=\"960\" height=\"720\" srcset=\"https:\/\/lavras.tv\/site\/wp-content\/uploads\/2018\/09\/WhatsApp-Image-2018-09-14-at-10.03.42.jpeg 960w, https:\/\/lavras.tv\/site\/wp-content\/uploads\/2018\/09\/WhatsApp-Image-2018-09-14-at-10.03.42-150x113.jpeg 150w, https:\/\/lavras.tv\/site\/wp-content\/uploads\/2018\/09\/WhatsApp-Image-2018-09-14-at-10.03.42-300x225.jpeg 300w, https:\/\/lavras.tv\/site\/wp-content\/uploads\/2018\/09\/WhatsApp-Image-2018-09-14-at-10.03.42-640x480.jpeg 640w\" sizes=\"(max-width: 960px) 100vw, 960px\" \/><figcaption id=\"caption-attachment-17903\" class=\"wp-caption-text\">Lavras V\u00f4lei &#8211; Divulga\u00e7\u00e3o<\/figcaption><\/figure>\n<p>&nbsp;<\/p>\n<p>*Com informa\u00e7\u00f5es da Federa\u00e7\u00e3o Mineira de V\u00f4lei<\/p>\n","protected":false},"excerpt":{"rendered":"<p>A equipe masculina do Lavras V\u00f4lei fez sua estreia no Campeonato Mineiro nesta quinta-feira, dia 13, jogando em Tr\u00eas Cora\u00e7\u00f5es contra o time do Fiat\/Minas.\u00a0<\/p>\n","protected":false},"author":2,"featured_media":17902,"comment_status":"closed","ping_status":"open","sticky":false,"template":"","format":"standard","meta":{"advgb_blocks_editor_width":"","advgb_blocks_columns_visual_guide":"","_exactmetrics_skip_tracking":false,"_exactmetrics_sitenote_active":false,"_exactmetrics_sitenote_note":"","_exactmetrics_sitenote_category":0,"footnotes":""},"categories":[7,3],"tags":[1930,5084,5183,5121,34,4439,1210],"class_list":["post-17901","post","type-post","status-publish","format-standard","has-post-thumbnail","hentry","category-destaques","category-esportes","tag-1930","tag-campeonato-mineiro-de-volei","tag-fiat-minas","tag-jf-volei","tag-lavras","tag-lavras-volei","tag-sada-cruzeiro"],"better_featured_image":{"id":17902,"alt_text":"","caption":"Secom  Tr\u00eas Cora\u00e7\u00f5es","description":"","media_type":"image","media_details":{"width":310,"height":206,"file":"2018\/09\/lavras-volei-estreua.jpg","sizes":{"thumbnail":{"file":"lavras-volei-estreua-150x100.jpg","width":150,"height":100,"mime-type":"image\/jpeg","source_url":"https:\/\/lavras.tv\/site\/wp-content\/uploads\/2018\/09\/lavras-volei-estreua-150x100.jpg"},"medium":{"file":"lavras-volei-estreua-300x199.jpg","width":300,"height":199,"mime-type":"image\/jpeg","source_url":"https:\/\/lavras.tv\/site\/wp-content\/uploads\/2018\/09\/lavras-volei-estreua-300x199.jpg"},"sow-carousel-default":{"file":"lavras-volei-estreua-272x182.jpg","width":272,"height":182,"mime-type":"image\/jpeg","source_url":"https:\/\/lavras.tv\/site\/wp-content\/uploads\/2018\/09\/lavras-volei-estreua-272x182.jpg"}},"image_meta":{"aperture":"0","credit":"","camera":"","caption":"","created_timestamp":"0","copyright":"","focal_length":"0","iso":"0","shutter_speed":"0","title":"","orientation":"0","keywords":[]}},"post":17901,"source_url":"https:\/\/lavras.tv\/site\/wp-content\/uploads\/2018\/09\/lavras-volei-estreua.jpg"},"author_meta":{"display_name":"Lavras TV","author_link":"https:\/\/lavras.tv\/site\/author\/lavrastv\/"},"featured_img":"https:\/\/lavras.tv\/site\/wp-content\/uploads\/2018\/09\/lavras-volei-estreua-300x199.jpg","coauthors":[],"tax_additional":{"categories":{"linked":["<a href=\"https:\/\/lavras.tv\/site\/category\/destaques\/\" class=\"advgb-post-tax-term\">Destaques<\/a>","<a href=\"https:\/\/lavras.tv\/site\/category\/esportes\/\" class=\"advgb-post-tax-term\">Esportes<\/a>"],"unlinked":["<span class=\"advgb-post-tax-term\">Destaques<\/span>","<span class=\"advgb-post-tax-term\">Esportes<\/span>"]},"tags":{"linked":["<a href=\"https:\/\/lavras.tv\/site\/category\/esportes\/\" class=\"advgb-post-tax-term\">2018<\/a>","<a href=\"https:\/\/lavras.tv\/site\/category\/esportes\/\" class=\"advgb-post-tax-term\">campeonato mineiro de v\u00f4lei<\/a>","<a href=\"https:\/\/lavras.tv\/site\/category\/esportes\/\" class=\"advgb-post-tax-term\">Fiat Minas<\/a>","<a href=\"https:\/\/lavras.tv\/site\/category\/esportes\/\" class=\"advgb-post-tax-term\">JF V\u00f4lei<\/a>","<a href=\"https:\/\/lavras.tv\/site\/category\/esportes\/\" class=\"advgb-post-tax-term\">lavras<\/a>","<a href=\"https:\/\/lavras.tv\/site\/category\/esportes\/\" class=\"advgb-post-tax-term\">Lavras V\u00f4lei<\/a>","<a href=\"https:\/\/lavras.tv\/site\/category\/esportes\/\" class=\"advgb-post-tax-term\">sada cruzeiro<\/a>"],"unlinked":["<span class=\"advgb-post-tax-term\">2018<\/span>","<span class=\"advgb-post-tax-term\">campeonato mineiro de v\u00f4lei<\/span>","<span class=\"advgb-post-tax-term\">Fiat Minas<\/span>","<span class=\"advgb-post-tax-term\">JF V\u00f4lei<\/span>","<span class=\"advgb-post-tax-term\">lavras<\/span>","<span class=\"advgb-post-tax-term\">Lavras V\u00f4lei<\/span>","<span class=\"advgb-post-tax-term\">sada cruzeiro<\/span>"]}},"comment_count":"0","relative_dates":{"created":"Publicado 8 anos atr\u00e1s","modified":"Atualizado 8 anos atr\u00e1s"},"absolute_dates":{"created":"Publicado em 14 de setembro de 2018","modified":"Atualizado em 14 de setembro de 2018"},"absolute_dates_time":{"created":"Publicado em 14 de setembro de 2018 10:06","modified":"Atualizado em 14 de setembro de 2018 10:06"},"featured_img_caption":"Secom  Tr\u00eas Cora\u00e7\u00f5es","series_order":"","_links":{"self":[{"href":"https:\/\/lavras.tv\/site\/wp-json\/wp\/v2\/posts\/17901","targetHints":{"allow":["GET"]}}],"collection":[{"href":"https:\/\/lavras.tv\/site\/wp-json\/wp\/v2\/posts"}],"about":[{"href":"https:\/\/lavras.tv\/site\/wp-json\/wp\/v2\/types\/post"}],"author":[{"embeddable":true,"href":"https:\/\/lavras.tv\/site\/wp-json\/wp\/v2\/users\/2"}],"replies":[{"embeddable":true,"href":"https:\/\/lavras.tv\/site\/wp-json\/wp\/v2\/comments?post=17901"}],"version-history":[{"count":1,"href":"https:\/\/lavras.tv\/site\/wp-json\/wp\/v2\/posts\/17901\/revisions"}],"predecessor-version":[{"id":17904,"href":"https:\/\/lavras.tv\/site\/wp-json\/wp\/v2\/posts\/17901\/revisions\/17904"}],"wp:featuredmedia":[{"embeddable":true,"href":"https:\/\/lavras.tv\/site\/wp-json\/wp\/v2\/media\/17902"}],"wp:attachment":[{"href":"https:\/\/lavras.tv\/site\/wp-json\/wp\/v2\/media?parent=17901"}],"wp:term":[{"taxonomy":"category","embeddable":true,"href":"https:\/\/lavras.tv\/site\/wp-json\/wp\/v2\/categories?post=17901"},{"taxonomy":"post_tag","embeddable":true,"href":"https:\/\/lavras.tv\/site\/wp-json\/wp\/v2\/tags?post=17901"}],"curies":[{"name":"wp","href":"https:\/\/api.w.org\/{rel}","templated":true}]}}