{"id":17944,"date":"2018-09-18T09:48:00","date_gmt":"2018-09-18T12:48:00","guid":{"rendered":"http:\/\/lavras.tv\/site\/?p=17944"},"modified":"2018-09-18T09:48:00","modified_gmt":"2018-09-18T12:48:00","slug":"circuito-ufla-de-esportes-encerra-as-comemoracoes-dos-110-anos-da-universidade","status":"publish","type":"post","link":"https:\/\/lavras.tv\/site\/2018\/09\/18\/circuito-ufla-de-esportes-encerra-as-comemoracoes-dos-110-anos-da-universidade\/","title":{"rendered":"Circuito UFLA de Esportes encerra as comemora\u00e7\u00f5es dos 110 anos da universidade"},"content":{"rendered":"<div class=\"lavra-antes-do-conteudo_2\" id=\"lavra-4215594864\"><div id=\"lavra-slider-27\" class=\"custom-slider lavra-slider-2539626132 lavra-slider\"><ul><li><div style=\"margin-left: auto;margin-right: auto;text-align: center;\" id=\"lavra-1853639659\"><a href=\"https:\/\/sistemas.lavras.mg.gov.br\/portalcidadao\/#df1b1a7c7b2a290bcb31e32771e610784662739a88807c0dacac58ede5f391a7530e299dc302d611ee73cb143fc22eaf93592e53e7b5bdb01b00a0b8d28dae460c141dd2ff83412e4dc1c31b16b25f33144a9e5620ea73b13f5bc1c59411d98439ad226e8af03840603796067d87afe130812cf3de24982d0e306f9e61e764e5\" aria-label=\"Lavras-TV&#8211;720x104px (1) (1)\"><img src=\"https:\/\/lavras.tv\/site\/wp-content\/uploads\/2025\/01\/Lavras-TV-720x104px-1-1.png\" alt=\"\"  srcset=\"https:\/\/lavras.tv\/site\/wp-content\/uploads\/2025\/01\/Lavras-TV-720x104px-1-1.png 720w, https:\/\/lavras.tv\/site\/wp-content\/uploads\/2025\/01\/Lavras-TV-720x104px-1-1-470x68.png 470w, https:\/\/lavras.tv\/site\/wp-content\/uploads\/2025\/01\/Lavras-TV-720x104px-1-1-170x25.png 170w, https:\/\/lavras.tv\/site\/wp-content\/uploads\/2025\/01\/Lavras-TV-720x104px-1-1-200x29.png 200w\" sizes=\"(max-width: 720px) 100vw, 720px\" width=\"720\" height=\"104\"  style=\"display: inline-block;\" \/><\/a><\/div><\/li><li><a href=\"https:\/\/sistemas.lavras.mg.gov.br\/portalcidadao\/#df1b1a7c7b2a290bcb31e32771e610784662739a88807c0dacac58ede5f391a7530e299dc302d611ee73cb143fc22eaf93592e53e7b5bdb01b00a0b8d28dae460c141dd2ff83412e4dc1c31b16b25f33144a9e5620ea73b13f5bc1c59411d98439ad226e8af03840603796067d87afe130812cf3de24982d0e306f9e61e764e5\" aria-label=\"Banner_Emprego_PortallavrasTV\"><img src=\"https:\/\/lavras.tv\/site\/wp-content\/uploads\/2025\/03\/Banner_Emprego_PortallavrasTV.png\" alt=\"\"  srcset=\"https:\/\/lavras.tv\/site\/wp-content\/uploads\/2025\/03\/Banner_Emprego_PortallavrasTV.png 720w, https:\/\/lavras.tv\/site\/wp-content\/uploads\/2025\/03\/Banner_Emprego_PortallavrasTV-470x68.png 470w, https:\/\/lavras.tv\/site\/wp-content\/uploads\/2025\/03\/Banner_Emprego_PortallavrasTV-170x25.png 170w, https:\/\/lavras.tv\/site\/wp-content\/uploads\/2025\/03\/Banner_Emprego_PortallavrasTV-200x29.png 200w\" sizes=\"(max-width: 720px) 100vw, 720px\" width=\"720\" height=\"104\"   \/><\/a><\/li><li><a href=\"https:\/\/sistemas.lavras.mg.gov.br\/portalcidadao\/#df1b1a7c7b2a290bcb31e32771e610784662739a88807c0dacac58ede5f391a7530e299dc302d611ee73cb143fc22eaf93592e53e7b5bdb01b00a0b8d28dae460c141dd2ff83412e4dc1c31b16b25f33144a9e5620ea73b13f5bc1c59411d98439ad226e8af03840603796067d87afe130812cf3de24982d0e306f9e61e764e5\" aria-label=\"Banner_Obras_PortallavrasTV\"><img src=\"https:\/\/lavras.tv\/site\/wp-content\/uploads\/2025\/03\/Banner_Obras_PortallavrasTV.png\" alt=\"\"  srcset=\"https:\/\/lavras.tv\/site\/wp-content\/uploads\/2025\/03\/Banner_Obras_PortallavrasTV.png 720w, https:\/\/lavras.tv\/site\/wp-content\/uploads\/2025\/03\/Banner_Obras_PortallavrasTV-470x68.png 470w, https:\/\/lavras.tv\/site\/wp-content\/uploads\/2025\/03\/Banner_Obras_PortallavrasTV-170x25.png 170w, https:\/\/lavras.tv\/site\/wp-content\/uploads\/2025\/03\/Banner_Obras_PortallavrasTV-200x29.png 200w\" sizes=\"(max-width: 720px) 100vw, 720px\" width=\"720\" height=\"104\"   \/><\/a><\/li><li><div style=\"margin-left: auto;margin-right: auto;text-align: center;\" id=\"lavra-1356085792\"><a href=\"https:\/\/sistemas.lavras.mg.gov.br\/portalcidadao\/#df1b1a7c7b2a290bcb31e32771e610784662739a88807c0dacac58ede5f391a7530e299dc302d611ee73cb143fc22eaf93592e53e7b5bdb01b00a0b8d28dae460c141dd2ff83412e4dc1c31b16b25f33144a9e5620ea73b13f5bc1c59411d98439ad226e8af03840603796067d87afe130812cf3de24982d0e306f9e61e764e5\" aria-label=\"Banner_Educa\u00e7\u00e3o_PortallavrasTV\"><img src=\"https:\/\/lavras.tv\/site\/wp-content\/uploads\/2025\/01\/Banner_Educacao_PortallavrasTV.png\" alt=\"\"  srcset=\"https:\/\/lavras.tv\/site\/wp-content\/uploads\/2025\/01\/Banner_Educacao_PortallavrasTV.png 720w, https:\/\/lavras.tv\/site\/wp-content\/uploads\/2025\/01\/Banner_Educacao_PortallavrasTV-470x68.png 470w, https:\/\/lavras.tv\/site\/wp-content\/uploads\/2025\/01\/Banner_Educacao_PortallavrasTV-170x25.png 170w, https:\/\/lavras.tv\/site\/wp-content\/uploads\/2025\/01\/Banner_Educacao_PortallavrasTV-200x29.png 200w\" sizes=\"(max-width: 720px) 100vw, 720px\" width=\"720\" height=\"104\"  style=\"display: inline-block;\" \/><\/a><\/div><\/li><li><a href=\"https:\/\/sistemas.lavras.mg.gov.br\/portalcidadao\/#df1b1a7c7b2a290bcb31e32771e610784662739a88807c0dacac58ede5f391a7530e299dc302d611ee73cb143fc22eaf93592e53e7b5bdb01b00a0b8d28dae460c141dd2ff83412e4dc1c31b16b25f33144a9e5620ea73b13f5bc1c59411d98439ad226e8af03840603796067d87afe130812cf3de24982d0e306f9e61e764e5\" aria-label=\"Banner_Sa\u00fade_PortallavrasTV\"><img src=\"https:\/\/lavras.tv\/site\/wp-content\/uploads\/2025\/03\/Banner_Saude_PortallavrasTV.png\" alt=\"\"  srcset=\"https:\/\/lavras.tv\/site\/wp-content\/uploads\/2025\/03\/Banner_Saude_PortallavrasTV.png 720w, https:\/\/lavras.tv\/site\/wp-content\/uploads\/2025\/03\/Banner_Saude_PortallavrasTV-470x68.png 470w, https:\/\/lavras.tv\/site\/wp-content\/uploads\/2025\/03\/Banner_Saude_PortallavrasTV-170x25.png 170w, https:\/\/lavras.tv\/site\/wp-content\/uploads\/2025\/03\/Banner_Saude_PortallavrasTV-200x29.png 200w\" sizes=\"(max-width: 720px) 100vw, 720px\" width=\"720\" height=\"104\"   \/><\/a><\/li><li><div id=\"lavra-3641722148\" style=\"width:720px;height:104px;background-color:#ddd;overflow:scroll;\">\n\t<strong>Sa\u00edda da depura\u00e7\u00e3o de an\u00fancios<\/strong>\n\t<br><br>\n\tO an\u00fancio n\u00e3o \u00e9 exibido na p\u00e1gina<br><br>post atual: Circuito UFLA de Esportes encerra as comemora\u00e7\u00f5es dos 110 anos da universidade, ID: 17944<br><br><span style=\"color: red;\">O post atual n\u00e3o \u00e9 id\u00eantico ao post principal.<\/span><br><br>An\u00fancios: ROXO - TOPO INTERNA - ROTATIVO 2 (197)<br \/>Grupo de an\u00fancios: Princ_Meio01_720x104 (27)<br><br>Condi\u00e7\u00f5es de exibi\u00e7\u00e3o<div style=\"margin-bottom: 20px; white-space: pre-wrap; font-family: monospace; width: 100%; background: #ffe9e9;\"><strong>condi\u00e7\u00f5es gerais<\/strong><table border=\"1\"><thead><tr><th><\/th><th>An\u00fancios<\/th><th>wp_the_query<\/th><\/tr><\/thead><tr><td>is_main_query<\/td><td>1<\/td><td>1<\/td><\/tr><tr><td>is_rest_api<\/td><td>0<\/td><td>1<\/td><\/tr><tr><td>page<\/td><td>0<\/td><td>1<\/td><\/tr><tr><td>numpages<\/td><td>0<\/td><td>1<\/td><\/tr><tr><td>is_archive<\/td><td>1<\/td><td><\/td><\/tr><tr><td>is_search<\/td><td>1<\/td><td><\/td><\/tr><tr><td>is_home<\/td><td>1<\/td><td><\/td><\/tr><tr><td>is_404<\/td><td>1<\/td><td><\/td><\/tr><tr><td>is_attachment<\/td><td>1<\/td><td><\/td><\/tr><tr><td>is_singular<\/td><td>1<\/td><td><\/td><\/tr><tr><td>is_front_page<\/td><td>1<\/td><td><\/td><\/tr><tr><td>is_feed<\/td><td>1<\/td><td><\/td><\/tr><\/table><\/div><br><br><span style=\"color: red;\">Seu site usa HTTPS, mas o c\u00f3digo do an\u00fancio cont\u00e9m HTTP e pode n\u00e3o funcionar.<\/span>\t<br><br>\n\t<a style=\"color: green;\" href=\"https:\/\/wpadvancedads.com\/manual\/ad-debug-mode\/?utm_source=advanced-ads&utm_medium=link&utm_campaign=ad-debug-mode\" target=\"_blank\" rel=\"nofollow\">Encontre solu\u00e7\u00f5es no manual<\/a>\n<\/div>\n<\/li><\/ul><\/div><script>( window.advanced_ads_ready || jQuery( document ).ready ).call( null, function() {var $lavraslider2539626132 = jQuery( \".lavra-slider-2539626132\" );$lavraslider2539626132.on( \"unslider.ready\", function() { jQuery( \"div.custom-slider ul li\" ).css( \"display\", \"block\" ); });$lavraslider2539626132.unslider({ delay:4000, autoplay:true, nav:false, arrows:false, infinite:true });$lavraslider2539626132.on(\"mouseover\", function() {$lavraslider2539626132.unslider(\"stop\");}).on(\"mouseout\", function() {$lavraslider2539626132.unslider(\"start\");});});<\/script><\/div><p>O fim de semana foi marcado pelo esporte na UFLA. O c\u00e2mpus universit\u00e1rio recebeu atletas profissionais e amadores de Lavras e da regi\u00e3o que participaram do Circuito UFLA de Esportes, nas modalidades: Corrida e Mountain Bike.<!--more--><\/p>\n<p>No s\u00e1bado (15\/9), o Centro de Conviv\u00eancias foi o ponto de partida e chegada de 50 atletas que participaram da modalidade corrida, em um percurso de 10 km dentro do c\u00e2mpus. O circuito foi marcado por retas e subidas inclinadas, asfalto e terra. Participaram 16 mulheres e 34 homens, com idade acima de 19 anos.<\/p>\n<p><img fetchpriority=\"high\" decoding=\"async\" class=\"alignnone size-full wp-image-17945 aligncenter\" src=\"http:\/\/lavras.tv\/site\/wp-content\/uploads\/2018\/09\/corrida-1.jpg\" alt=\"corrida\" width=\"641\" height=\"425\" srcset=\"https:\/\/lavras.tv\/site\/wp-content\/uploads\/2018\/09\/corrida-1.jpg 641w, https:\/\/lavras.tv\/site\/wp-content\/uploads\/2018\/09\/corrida-1-150x99.jpg 150w, https:\/\/lavras.tv\/site\/wp-content\/uploads\/2018\/09\/corrida-1-300x199.jpg 300w, https:\/\/lavras.tv\/site\/wp-content\/uploads\/2018\/09\/corrida-1-640x425.jpg 640w\" sizes=\"(max-width: 641px) 100vw, 641px\" \/><\/p>\n<p>Os ganhadores foram un\u00e2nimes em avaliar a dificuldade de correr nos trechos de terra e subidas. Na ocasi\u00e3o, o primeiro colocado da disputa masculina, Alan Luiz Ferreira, de 35 anos, parabenizou o evento. &#8220;Corro h\u00e1 tr\u00eas anos e um dos locais de treino \u00e9 a UFLA. A corrida foi pesada e excelente, muito bem organizada&#8221;, comemorou.\u00a0 Quem ocupou o primeiro lugar no p\u00f3dio feminino foi Isabela Silvestrini, de 28 anos, maratonista h\u00e1 oito anos. &#8220;O percurso foi muito puxado. N\u00e3o o conhecia e exigiu muito esfor\u00e7o. \u00c9 um treino a mais para outras corridas&#8221;, disse.<\/p>\n<p>Fam\u00edlias, estudantes e esportistas acompanharam a largada e a chegada dos corredores. A auxiliar de farm\u00e1cia, Vanessa Camilas Tom\u00e1s, de 34 anos, levou as tr\u00eas filhas para acompanhar o evento. &#8220;Vim parabenizar meus amigos que est\u00e3o aqui. Faltam corridas como essas em Lavras. A UFLA est\u00e1 no caminho certo&#8221;, frisou. A amiga, comerciante Samantha Vilas, de 34 anos, tamb\u00e9m escolheu a corrida para se divertir em familia. &#8220;Viemos passear e conhecer o percurso que o meu marido far\u00e1 amanh\u00e1 no circuito de mountain bike&#8221;.<\/p>\n<p>No domingo (16\/9), foi a vez das Mountain Bikes invadirem o Centro de Conviv\u00eancia, o evento fez parte do calend\u00e1rio da Federa\u00e7\u00e3o Mineira de Ciclismo e contou pontos para a mesma. Por isso, muita concentra\u00e7\u00e3o e for\u00e7a de vontade marcaram toda a prova.<\/p>\n<p>Com apoio da universidade, esta foi a primeira vez que ocorreu o Circuito UFLA de Esportes, os organizadores sa\u00edram satisfeitos: \u201cera isso que quer\u00edamos: ver as fam\u00edlias em intera\u00e7\u00e3o com os atletas, por isso j\u00e1 inovamos em fazer toda estrutura de partida e largada aqui no Centro de Conviv\u00eancia, \u201d disse Job Lamoglia (Alcel), um dos organizadores do evento. Segundo ele, a expectativa \u00e9 fazer um circuito ainda maior nas comemora\u00e7\u00f5es dos 111 anos da UFLA em 2019. Cerca de 60 ciclistas participaram da etapa de Mountain Bike em diversas categorias. Aproveitando algumas vias novas da universidade, o percurso englobou: trilhas, estradas e asfalto.<\/p>\n<p><img decoding=\"async\" class=\"alignnone size-full wp-image-17946 aligncenter\" src=\"http:\/\/lavras.tv\/site\/wp-content\/uploads\/2018\/09\/bike.jpg\" alt=\"bike\" width=\"641\" height=\"427\" srcset=\"https:\/\/lavras.tv\/site\/wp-content\/uploads\/2018\/09\/bike.jpg 641w, https:\/\/lavras.tv\/site\/wp-content\/uploads\/2018\/09\/bike-150x100.jpg 150w, https:\/\/lavras.tv\/site\/wp-content\/uploads\/2018\/09\/bike-300x200.jpg 300w, https:\/\/lavras.tv\/site\/wp-content\/uploads\/2018\/09\/bike-640x427.jpg 640w, https:\/\/lavras.tv\/site\/wp-content\/uploads\/2018\/09\/bike-480x320.jpg 480w, https:\/\/lavras.tv\/site\/wp-content\/uploads\/2018\/09\/bike-272x182.jpg 272w\" sizes=\"(max-width: 641px) 100vw, 641px\" \/><\/p>\n<p>A disputa tamb\u00e9m envolveu as crian\u00e7as, a corrida dos pequenos foi um charme a parte: \u201cqueremos incentivar as crian\u00e7as no esporte, para que elas abracem a cultura do esp\u00edrito esportivo. Hoje\u00a0 temos\u00a0 atletas em grande potencial e esse potencial est\u00e1 nas crian\u00e7as e n\u00f3s temos que incentiv\u00e1-las, \u201d afirma Job. O lavrense Alexandre de Paula Ferreira campe\u00e3o da categoria Super Pr\u00f3 Masculino, participa h\u00e1 6 anos de provas como esta e avaliou a competi\u00e7\u00e3o \u201co percurso foi bem feito, de acordo com o que o mountain bike pede: com subidas duras, trilhas e foi bem sinalizado, a estrutura foi muito boa com ponto de apoio a corrida foi bem bacana, fiquei muito feliz de ter ganhado. \u201d<\/p>\n<p>O Circuito UFLA de Esportes encerrou as comemora\u00e7\u00f5es pelos 110 anos da universidade que contou com uma programa\u00e7\u00e3o diversificada envolvendo apresenta\u00e7\u00f5es culturais como o corredor cultural, comViv\u00eancia cultural, encontro de automobilismo de Lavras, cerim\u00f4nia de certifica\u00e7\u00e3o dos estudantes estrangeiros no curso de algod\u00e3o, corrida integra\u00e7\u00e3o &#8211; Gammon\/UFLA, encontro anual dos ex-alunos, jubileu de ouro e prata, encontro anual de docentes e t\u00e9cnicos-administrativos aposentados da UFLA e 32\u00ba congresso brasileiro de milho e sorgo.<\/p>\n<h3>Confira abaixo o resultado da premia\u00e7\u00e3o da modalidade\u00a0<strong>CORRIDA<\/strong>:<\/h3>\n<p><strong>Masculino<\/strong><\/p>\n<p>1\u00ba lugar: Alan Luiz Ferreira \u2013 tempo: 38min 38s;<\/p>\n<p>2\u00ba lugar: William Dani\u00e3o \u2013 tempo: 42min 00s;<\/p>\n<p>3\u00ba lugar: S\u00e9rgio Vin\u00edcius Reis \u2013 tempo: 44 min 10s;<\/p>\n<p><strong>Feminino<\/strong><\/p>\n<p>1\u00ba lugar: Isabela Silvestrini \u2013 tempo: 54 min 17s;<\/p>\n<p>2\u00ba lugar: Myrna Silva Silv\u00e9rio \u2013 tempo: 55min 40s;<\/p>\n<p>3\u00ba lugar: Pr\u00edcia Jardim Ara\u00fajo \u2013 tempo: 56min 47s.<\/p>\n<h3>Modalidade Mountain Bike XCO<\/h3>\n<h4>Categoria<\/h4>\n<h4>Infanto Juvenil<\/h4>\n<p>1\u00ba Lugar &#8211; Felipe Resende Pires<\/p>\n<h4>J\u00fanior<\/h4>\n<p>1\u00ba Lugar &#8211; Lucas Eben\u00e9zer Benedito<\/p>\n<h4>Juvenil<\/h4>\n<p>1\u00ba Lugar \u2013 Henrico Carvalho Cust\u00f3dio<\/p>\n<h4>M\u00e1ster A1<\/h4>\n<p>1\u00ba Lugar &#8211; Elber Jos\u00e9 Rezendo Sousa<\/p>\n<h4>M\u00e1ster A2<\/h4>\n<p>1\u00ba Lugar &#8211; Peterson Lutiane<\/p>\n<h4>M\u00e1ster B1<\/h4>\n<p>1\u00ba Lugar &#8211; Joaquim A. Lico Almeida<\/p>\n<h4>M\u00e1ster C<\/h4>\n<p>1\u00ba Lugar &#8211; Roberto Ferreira<\/p>\n<h4>Peso Pesado<\/h4>\n<p>1\u00ba Lugar &#8211; Patrick Ian Alves Batista<\/p>\n<h4>\u00a0Sport A<\/h4>\n<p>1\u00ba Lugar &#8211; Patrick Eduardo<\/p>\n<h4>Sport B<\/h4>\n<p>1\u00ba Lugar &#8211; Leandro Silva Lima<\/p>\n<h4>SUB-30<\/h4>\n<p>1\u00ba Lugar &#8211; Thales Modesto Oliveira<\/p>\n<h4>Super Pr\u00f3 Feminino<\/h4>\n<p>1\u00ba Lugar &#8211; Bianca Aparecida de Souza<\/p>\n<h4>Super Pr\u00f3 Masculino<\/h4>\n<p>1\u00ba Lugar &#8211; Alexandre Ferreira<\/p>\n<p>&nbsp;<\/p>\n<p>Fonte: UFLA<\/p>\n","protected":false},"excerpt":{"rendered":"<p>O fim de semana foi marcado pelo esporte na UFLA. O c\u00e2mpus universit\u00e1rio recebeu atletas profissionais e amadores de Lavras e da regi\u00e3o que participaram do Circuito UFLA de Esportes, nas modalidades: Corrida e Mountain Bike.<\/p>\n","protected":false},"author":2,"featured_media":17945,"comment_status":"closed","ping_status":"open","sticky":false,"template":"","format":"standard","meta":{"advgb_blocks_editor_width":"","advgb_blocks_columns_visual_guide":"","_exactmetrics_skip_tracking":false,"_exactmetrics_sitenote_active":false,"_exactmetrics_sitenote_note":"","_exactmetrics_sitenote_category":0,"footnotes":""},"categories":[7,3],"tags":[2438,5188,1691,683,56],"class_list":["post-17944","post","type-post","status-publish","format-standard","has-post-thumbnail","hentry","category-destaques","category-esportes","tag-aniversario","tag-circuito-ufla-de-esportes","tag-corrida","tag-mountain-bike","tag-ufla"],"better_featured_image":{"id":17945,"alt_text":"","caption":"","description":"","media_type":"image","media_details":{"width":641,"height":425,"file":"2018\/09\/corrida-1.jpg","sizes":{"thumbnail":{"file":"corrida-1-150x99.jpg","width":150,"height":99,"mime-type":"image\/jpeg","source_url":"https:\/\/lavras.tv\/site\/wp-content\/uploads\/2018\/09\/corrida-1-150x99.jpg"},"medium":{"file":"corrida-1-300x199.jpg","width":300,"height":199,"mime-type":"image\/jpeg","source_url":"https:\/\/lavras.tv\/site\/wp-content\/uploads\/2018\/09\/corrida-1-300x199.jpg"},"featured-slider-img":{"file":"corrida-1-640x425.jpg","width":640,"height":425,"mime-type":"image\/jpeg","source_url":"https:\/\/lavras.tv\/site\/wp-content\/uploads\/2018\/09\/corrida-1-640x425.jpg"},"featured-post-img":{"file":"corrida-1-480x320.jpg","width":480,"height":320,"mime-type":"image\/jpeg","source_url":"https:\/\/lavras.tv\/site\/wp-content\/uploads\/2018\/09\/corrida-1-480x320.jpg"},"sow-carousel-default":{"file":"corrida-1-272x182.jpg","width":272,"height":182,"mime-type":"image\/jpeg","source_url":"https:\/\/lavras.tv\/site\/wp-content\/uploads\/2018\/09\/corrida-1-272x182.jpg"}},"image_meta":{"aperture":"0","credit":"","camera":"","caption":"","created_timestamp":"0","copyright":"","focal_length":"0","iso":"0","shutter_speed":"0","title":"","orientation":"0","keywords":[]}},"post":17944,"source_url":"https:\/\/lavras.tv\/site\/wp-content\/uploads\/2018\/09\/corrida-1.jpg"},"author_meta":{"display_name":"Lavras TV","author_link":"https:\/\/lavras.tv\/site\/author\/lavrastv\/"},"featured_img":"https:\/\/lavras.tv\/site\/wp-content\/uploads\/2018\/09\/corrida-1-300x199.jpg","coauthors":[],"tax_additional":{"categories":{"linked":["<a href=\"https:\/\/lavras.tv\/site\/category\/destaques\/\" class=\"advgb-post-tax-term\">Destaques<\/a>","<a href=\"https:\/\/lavras.tv\/site\/category\/esportes\/\" class=\"advgb-post-tax-term\">Esportes<\/a>"],"unlinked":["<span class=\"advgb-post-tax-term\">Destaques<\/span>","<span class=\"advgb-post-tax-term\">Esportes<\/span>"]},"tags":{"linked":["<a href=\"https:\/\/lavras.tv\/site\/category\/esportes\/\" class=\"advgb-post-tax-term\">anivers\u00e1rio<\/a>","<a href=\"https:\/\/lavras.tv\/site\/category\/esportes\/\" class=\"advgb-post-tax-term\">circuito ufla de esportes<\/a>","<a href=\"https:\/\/lavras.tv\/site\/category\/esportes\/\" class=\"advgb-post-tax-term\">corrida<\/a>","<a href=\"https:\/\/lavras.tv\/site\/category\/esportes\/\" class=\"advgb-post-tax-term\">mountain bike<\/a>","<a href=\"https:\/\/lavras.tv\/site\/category\/esportes\/\" class=\"advgb-post-tax-term\">ufla<\/a>"],"unlinked":["<span class=\"advgb-post-tax-term\">anivers\u00e1rio<\/span>","<span class=\"advgb-post-tax-term\">circuito ufla de esportes<\/span>","<span class=\"advgb-post-tax-term\">corrida<\/span>","<span class=\"advgb-post-tax-term\">mountain bike<\/span>","<span class=\"advgb-post-tax-term\">ufla<\/span>"]}},"comment_count":"0","relative_dates":{"created":"Publicado 8 anos atr\u00e1s","modified":"Atualizado 8 anos atr\u00e1s"},"absolute_dates":{"created":"Publicado em 18 de setembro de 2018","modified":"Atualizado em 18 de setembro de 2018"},"absolute_dates_time":{"created":"Publicado em 18 de setembro de 2018 09:48","modified":"Atualizado em 18 de setembro de 2018 09:48"},"featured_img_caption":"","series_order":"","_links":{"self":[{"href":"https:\/\/lavras.tv\/site\/wp-json\/wp\/v2\/posts\/17944","targetHints":{"allow":["GET"]}}],"collection":[{"href":"https:\/\/lavras.tv\/site\/wp-json\/wp\/v2\/posts"}],"about":[{"href":"https:\/\/lavras.tv\/site\/wp-json\/wp\/v2\/types\/post"}],"author":[{"embeddable":true,"href":"https:\/\/lavras.tv\/site\/wp-json\/wp\/v2\/users\/2"}],"replies":[{"embeddable":true,"href":"https:\/\/lavras.tv\/site\/wp-json\/wp\/v2\/comments?post=17944"}],"version-history":[{"count":1,"href":"https:\/\/lavras.tv\/site\/wp-json\/wp\/v2\/posts\/17944\/revisions"}],"predecessor-version":[{"id":17947,"href":"https:\/\/lavras.tv\/site\/wp-json\/wp\/v2\/posts\/17944\/revisions\/17947"}],"wp:featuredmedia":[{"embeddable":true,"href":"https:\/\/lavras.tv\/site\/wp-json\/wp\/v2\/media\/17945"}],"wp:attachment":[{"href":"https:\/\/lavras.tv\/site\/wp-json\/wp\/v2\/media?parent=17944"}],"wp:term":[{"taxonomy":"category","embeddable":true,"href":"https:\/\/lavras.tv\/site\/wp-json\/wp\/v2\/categories?post=17944"},{"taxonomy":"post_tag","embeddable":true,"href":"https:\/\/lavras.tv\/site\/wp-json\/wp\/v2\/tags?post=17944"}],"curies":[{"name":"wp","href":"https:\/\/api.w.org\/{rel}","templated":true}]}}