{"id":17992,"date":"2018-09-20T09:32:52","date_gmt":"2018-09-20T12:32:52","guid":{"rendered":"http:\/\/lavras.tv\/site\/?p=17992"},"modified":"2018-09-20T09:32:52","modified_gmt":"2018-09-20T12:32:52","slug":"primeira-vitoria-lavras-volei-vence-o-jf-pelo-campeonato-mineiro-masculino","status":"publish","type":"post","link":"https:\/\/lavras.tv\/site\/2018\/09\/20\/primeira-vitoria-lavras-volei-vence-o-jf-pelo-campeonato-mineiro-masculino\/","title":{"rendered":"Primeira vit\u00f3ria: Lavras V\u00f4lei vence o JF pelo Campeonato Mineiro Masculino"},"content":{"rendered":"<div class=\"lavra-antes-do-conteudo_2\" id=\"lavra-2404184701\"><div id=\"lavra-slider-27\" class=\"custom-slider lavra-slider-1601047844 lavra-slider\"><ul><li><div style=\"margin-left: auto;margin-right: auto;text-align: center;\" id=\"lavra-4249308969\"><a href=\"https:\/\/sistemas.lavras.mg.gov.br\/portalcidadao\/#df1b1a7c7b2a290bcb31e32771e610784662739a88807c0dacac58ede5f391a7530e299dc302d611ee73cb143fc22eaf93592e53e7b5bdb01b00a0b8d28dae460c141dd2ff83412e4dc1c31b16b25f33144a9e5620ea73b13f5bc1c59411d98439ad226e8af03840603796067d87afe130812cf3de24982d0e306f9e61e764e5\" aria-label=\"Lavras-TV&#8211;720x104px (1) (1)\"><img src=\"https:\/\/lavras.tv\/site\/wp-content\/uploads\/2025\/01\/Lavras-TV-720x104px-1-1.png\" alt=\"\"  srcset=\"https:\/\/lavras.tv\/site\/wp-content\/uploads\/2025\/01\/Lavras-TV-720x104px-1-1.png 720w, https:\/\/lavras.tv\/site\/wp-content\/uploads\/2025\/01\/Lavras-TV-720x104px-1-1-470x68.png 470w, https:\/\/lavras.tv\/site\/wp-content\/uploads\/2025\/01\/Lavras-TV-720x104px-1-1-170x25.png 170w, https:\/\/lavras.tv\/site\/wp-content\/uploads\/2025\/01\/Lavras-TV-720x104px-1-1-200x29.png 200w\" sizes=\"(max-width: 720px) 100vw, 720px\" width=\"720\" height=\"104\"  style=\"display: inline-block;\" \/><\/a><\/div><\/li><li><a href=\"https:\/\/sistemas.lavras.mg.gov.br\/portalcidadao\/#df1b1a7c7b2a290bcb31e32771e610784662739a88807c0dacac58ede5f391a7530e299dc302d611ee73cb143fc22eaf93592e53e7b5bdb01b00a0b8d28dae460c141dd2ff83412e4dc1c31b16b25f33144a9e5620ea73b13f5bc1c59411d98439ad226e8af03840603796067d87afe130812cf3de24982d0e306f9e61e764e5\" aria-label=\"Banner_Emprego_PortallavrasTV\"><img src=\"https:\/\/lavras.tv\/site\/wp-content\/uploads\/2025\/03\/Banner_Emprego_PortallavrasTV.png\" alt=\"\"  srcset=\"https:\/\/lavras.tv\/site\/wp-content\/uploads\/2025\/03\/Banner_Emprego_PortallavrasTV.png 720w, https:\/\/lavras.tv\/site\/wp-content\/uploads\/2025\/03\/Banner_Emprego_PortallavrasTV-470x68.png 470w, https:\/\/lavras.tv\/site\/wp-content\/uploads\/2025\/03\/Banner_Emprego_PortallavrasTV-170x25.png 170w, https:\/\/lavras.tv\/site\/wp-content\/uploads\/2025\/03\/Banner_Emprego_PortallavrasTV-200x29.png 200w\" sizes=\"(max-width: 720px) 100vw, 720px\" width=\"720\" height=\"104\"   \/><\/a><\/li><li><a href=\"https:\/\/sistemas.lavras.mg.gov.br\/portalcidadao\/#df1b1a7c7b2a290bcb31e32771e610784662739a88807c0dacac58ede5f391a7530e299dc302d611ee73cb143fc22eaf93592e53e7b5bdb01b00a0b8d28dae460c141dd2ff83412e4dc1c31b16b25f33144a9e5620ea73b13f5bc1c59411d98439ad226e8af03840603796067d87afe130812cf3de24982d0e306f9e61e764e5\" aria-label=\"Banner_Obras_PortallavrasTV\"><img src=\"https:\/\/lavras.tv\/site\/wp-content\/uploads\/2025\/03\/Banner_Obras_PortallavrasTV.png\" alt=\"\"  srcset=\"https:\/\/lavras.tv\/site\/wp-content\/uploads\/2025\/03\/Banner_Obras_PortallavrasTV.png 720w, https:\/\/lavras.tv\/site\/wp-content\/uploads\/2025\/03\/Banner_Obras_PortallavrasTV-470x68.png 470w, https:\/\/lavras.tv\/site\/wp-content\/uploads\/2025\/03\/Banner_Obras_PortallavrasTV-170x25.png 170w, https:\/\/lavras.tv\/site\/wp-content\/uploads\/2025\/03\/Banner_Obras_PortallavrasTV-200x29.png 200w\" sizes=\"(max-width: 720px) 100vw, 720px\" width=\"720\" height=\"104\"   \/><\/a><\/li><li><div style=\"margin-left: auto;margin-right: auto;text-align: center;\" id=\"lavra-3597886051\"><a href=\"https:\/\/sistemas.lavras.mg.gov.br\/portalcidadao\/#df1b1a7c7b2a290bcb31e32771e610784662739a88807c0dacac58ede5f391a7530e299dc302d611ee73cb143fc22eaf93592e53e7b5bdb01b00a0b8d28dae460c141dd2ff83412e4dc1c31b16b25f33144a9e5620ea73b13f5bc1c59411d98439ad226e8af03840603796067d87afe130812cf3de24982d0e306f9e61e764e5\" aria-label=\"Banner_Educa\u00e7\u00e3o_PortallavrasTV\"><img src=\"https:\/\/lavras.tv\/site\/wp-content\/uploads\/2025\/01\/Banner_Educacao_PortallavrasTV.png\" alt=\"\"  srcset=\"https:\/\/lavras.tv\/site\/wp-content\/uploads\/2025\/01\/Banner_Educacao_PortallavrasTV.png 720w, https:\/\/lavras.tv\/site\/wp-content\/uploads\/2025\/01\/Banner_Educacao_PortallavrasTV-470x68.png 470w, https:\/\/lavras.tv\/site\/wp-content\/uploads\/2025\/01\/Banner_Educacao_PortallavrasTV-170x25.png 170w, https:\/\/lavras.tv\/site\/wp-content\/uploads\/2025\/01\/Banner_Educacao_PortallavrasTV-200x29.png 200w\" sizes=\"(max-width: 720px) 100vw, 720px\" width=\"720\" height=\"104\"  style=\"display: inline-block;\" \/><\/a><\/div><\/li><li><a href=\"https:\/\/sistemas.lavras.mg.gov.br\/portalcidadao\/#df1b1a7c7b2a290bcb31e32771e610784662739a88807c0dacac58ede5f391a7530e299dc302d611ee73cb143fc22eaf93592e53e7b5bdb01b00a0b8d28dae460c141dd2ff83412e4dc1c31b16b25f33144a9e5620ea73b13f5bc1c59411d98439ad226e8af03840603796067d87afe130812cf3de24982d0e306f9e61e764e5\" aria-label=\"Banner_Sa\u00fade_PortallavrasTV\"><img src=\"https:\/\/lavras.tv\/site\/wp-content\/uploads\/2025\/03\/Banner_Saude_PortallavrasTV.png\" alt=\"\"  srcset=\"https:\/\/lavras.tv\/site\/wp-content\/uploads\/2025\/03\/Banner_Saude_PortallavrasTV.png 720w, https:\/\/lavras.tv\/site\/wp-content\/uploads\/2025\/03\/Banner_Saude_PortallavrasTV-470x68.png 470w, https:\/\/lavras.tv\/site\/wp-content\/uploads\/2025\/03\/Banner_Saude_PortallavrasTV-170x25.png 170w, https:\/\/lavras.tv\/site\/wp-content\/uploads\/2025\/03\/Banner_Saude_PortallavrasTV-200x29.png 200w\" sizes=\"(max-width: 720px) 100vw, 720px\" width=\"720\" height=\"104\"   \/><\/a><\/li><li><div id=\"lavra-250034306\" style=\"width:720px;height:104px;background-color:#ddd;overflow:scroll;\">\n\t<strong>Sa\u00edda da depura\u00e7\u00e3o de an\u00fancios<\/strong>\n\t<br><br>\n\tO an\u00fancio n\u00e3o \u00e9 exibido na p\u00e1gina<br><br>post atual: Primeira vit\u00f3ria: Lavras V\u00f4lei vence o JF pelo Campeonato Mineiro Masculino, ID: 17992<br><br><span style=\"color: red;\">O post atual n\u00e3o \u00e9 id\u00eantico ao post principal.<\/span><br><br>An\u00fancios: ROXO - TOPO INTERNA - ROTATIVO 2 (197)<br \/>Grupo de an\u00fancios: Princ_Meio01_720x104 (27)<br><br>Condi\u00e7\u00f5es de exibi\u00e7\u00e3o<div style=\"margin-bottom: 20px; white-space: pre-wrap; font-family: monospace; width: 100%; background: #ffe9e9;\"><strong>condi\u00e7\u00f5es gerais<\/strong><table border=\"1\"><thead><tr><th><\/th><th>An\u00fancios<\/th><th>wp_the_query<\/th><\/tr><\/thead><tr><td>is_main_query<\/td><td>1<\/td><td>1<\/td><\/tr><tr><td>is_rest_api<\/td><td>0<\/td><td>1<\/td><\/tr><tr><td>page<\/td><td>0<\/td><td>1<\/td><\/tr><tr><td>numpages<\/td><td>0<\/td><td>1<\/td><\/tr><tr><td>is_archive<\/td><td>1<\/td><td><\/td><\/tr><tr><td>is_search<\/td><td>1<\/td><td><\/td><\/tr><tr><td>is_home<\/td><td>1<\/td><td><\/td><\/tr><tr><td>is_404<\/td><td>1<\/td><td><\/td><\/tr><tr><td>is_attachment<\/td><td>1<\/td><td><\/td><\/tr><tr><td>is_singular<\/td><td>1<\/td><td><\/td><\/tr><tr><td>is_front_page<\/td><td>1<\/td><td><\/td><\/tr><tr><td>is_feed<\/td><td>1<\/td><td><\/td><\/tr><\/table><\/div><br><br><span style=\"color: red;\">Seu site usa HTTPS, mas o c\u00f3digo do an\u00fancio cont\u00e9m HTTP e pode n\u00e3o funcionar.<\/span>\t<br><br>\n\t<a style=\"color: green;\" href=\"https:\/\/wpadvancedads.com\/manual\/ad-debug-mode\/?utm_source=advanced-ads&utm_medium=link&utm_campaign=ad-debug-mode\" target=\"_blank\" rel=\"nofollow\">Encontre solu\u00e7\u00f5es no manual<\/a>\n<\/div>\n<\/li><\/ul><\/div><script>( window.advanced_ads_ready || jQuery( document ).ready ).call( null, function() {var $lavraslider1601047844 = jQuery( \".lavra-slider-1601047844\" );$lavraslider1601047844.on( \"unslider.ready\", function() { jQuery( \"div.custom-slider ul li\" ).css( \"display\", \"block\" ); });$lavraslider1601047844.unslider({ delay:4000, autoplay:true, nav:false, arrows:false, infinite:true });$lavraslider1601047844.on(\"mouseover\", function() {$lavraslider1601047844.unslider(\"stop\");}).on(\"mouseout\", function() {$lavraslider1601047844.unslider(\"start\");});});<\/script><\/div><p>As equipes Lavras V\u00f4lei e JF V\u00f4lei dividiram o mesmo objetivo nesta noite de quarta-feira (19.09): conquistar a primeira vit\u00f3ria e consequentemente os primeiros pontos no Campeonato Mineiro. <!--more-->O confronto direto aconteceu no gin\u00e1sio LTC, em Lavras e, com o apoio da torcida, o time da casa levou a melhor em 3 sets a 1 (25\/18, 25\/27, 25\/17 e 25\/18).<\/p>\n<p>A vit\u00f3ria do Lavras sobre o Juiz de Fora rendeu tr\u00eas pontos para a equipe que j\u00e1 disputou tr\u00eas dos seis jogos classificat\u00f3rios sendo os outros dois contra a Fiat\/Minas em que venceu um set em cada. O central Bruno Fyllipe foi eleito pelo p\u00fablico o melhor jogador da noite. O atleta se destacou principalmente no saque, desestabilizando a recep\u00e7\u00e3o juiz-forana.<\/p>\n<figure id=\"attachment_17993\" aria-describedby=\"caption-attachment-17993\" style=\"width: 310px\" class=\"wp-caption aligncenter\"><img fetchpriority=\"high\" decoding=\"async\" class=\"size-full wp-image-17993\" src=\"http:\/\/lavras.tv\/site\/wp-content\/uploads\/2018\/09\/lavras-volei-1.jpg\" alt=\"Foto: Mari Resende\/Lavras V\u00f4lei\" width=\"310\" height=\"224\" srcset=\"https:\/\/lavras.tv\/site\/wp-content\/uploads\/2018\/09\/lavras-volei-1.jpg 310w, https:\/\/lavras.tv\/site\/wp-content\/uploads\/2018\/09\/lavras-volei-1-150x108.jpg 150w, https:\/\/lavras.tv\/site\/wp-content\/uploads\/2018\/09\/lavras-volei-1-300x217.jpg 300w\" sizes=\"(max-width: 310px) 100vw, 310px\" \/><figcaption id=\"caption-attachment-17993\" class=\"wp-caption-text\">Foto: Mari Resende\/Lavras V\u00f4lei<\/figcaption><\/figure>\n<p>&#8220;Sair com a vit\u00f3ria \u00e9 o objetivo sempre. A equipe jogou muito bem, todos deram o melhor e fizeram mais um pouco. Uma vit\u00f3ria como esta d\u00e1 um \u00e2nimo para o time. \u00c9 preciso saber crescer na derrota, aprender com os erros e na vit\u00f3ria da mesma forma, rever o que foi bom e repetir o que deu certo&#8221; disse o central do Lavras.<\/p>\n<p>A pr\u00f3xima partida do Campeonato Mineiro ser\u00e1 dia 21 de setembro, \u00e0s 20h, em Lavras. O time da casa fecha a s\u00e9rie de jogos no LTC contra o Sada Cruzeiro.<\/p>\n<p><b>Tabela de classifica\u00e7\u00e3o<\/b><\/p>\n<p>1\u00ba Lugar &#8211; Fiat\/Minas &#8211; 14 pontos (5 jogos)<\/p>\n<p>2\u00ba Lugar &#8211; Sada Cruzeiro &#8211; 04 pontos (2 jogos)<\/p>\n<p>3\u00ba Lugar &#8211; Lavras V\u00f4lei &#8211; 03 pontos (3 jogos)<\/p>\n<p>4\u00ba Lugar &#8211; JF V\u00f4lei &#8211; 00 pontos (4 jogos)<\/p>\n<p><b>Jogos do Campeonato Mineiro Masculino<\/b><\/p>\n<p>07.09 SEX &#8211; 19h &#8211; JF V\u00f4lei 0 x 3\u00a0Sada Cruzeiro\u00a0(21\/25, 16\/25, 17\/25) &#8211; UFJF<\/p>\n<p>09.09 DOM &#8211; 11h &#8211; JF V\u00f4lei 1 x 3\u00a0Fiat\/Minas\u00a0(25\/23, 19\/25, 17\/25 e 18\/25) &#8211; UFJF<\/p>\n<p>11.09 TER &#8211; 20h &#8211;\u00a0Fiat\/Minas\u00a03\u00a0x 0 JF V\u00f4lei (25\/17, 25\/17 e 25\/14) &#8211; Gin\u00e1sio Pelez\u00e3o\/Tr\u00eas Cora\u00e7\u00f5es<\/p>\n<p>13.09 QUI &#8211; 20h &#8211;\u00a0Fiat\/Minas\u00a03 x 1 Lavras V\u00f4lei (23\/25, 25\/21, 25\/22 e 25\/17) &#8211; Gin\u00e1sio Pelez\u00e3o\/Tr\u00eas Cora\u00e7\u00f5es<\/p>\n<p>15.09 SAB &#8211; 19h &#8211;\u00a0Fiat\/Minas\u00a03 x 2 Sada Cruzeiro (22\/25, 25\/19, 25\/17, 20\/25 e 15\/11) &#8211; Gin\u00e1sio Pelez\u00e3o\/Tr\u00eas Cora\u00e7\u00f5es<\/p>\n<p>17.09 SEG &#8211; 20h &#8211; Lavras V\u00f4lei 1 x 3\u00a0Fiat\/Minas\u00a0(22\/25, 20\/25, 27\/25 e 17\/25) &#8211; Gin\u00e1sio LTC\/Lavras<\/p>\n<p>19.09 QUA &#8211; 20 &#8211;\u00a0Lavras V\u00f4lei\u00a03 x 1 JF V\u00f4lei (25\/18, 25\/27, 25\/17 e 25\/18) &#8211; Gin\u00e1sio LTC\/Lavras<\/p>\n<p>21.09 SEX &#8211; 20h &#8211; Lavras V\u00f4lei x Sada Cruzeiro &#8211; Gin\u00e1sio LTC\/Lavras<\/p>\n<p>27.09 QUI &#8211; 19h30 &#8211; JF V\u00f4lei x Lavras V\u00f4lei &#8211; Gin\u00e1sio UFJF<\/p>\n<p>03.10 QUA &#8211; 20h &#8211; Sada Cruzeiro x JF V\u00f4lei &#8211; Gin\u00e1sio do Riacho\/Contagem<\/p>\n<p>05.10 SEX &#8211; 20h &#8211; Sada Cruzeiro x Lavras V\u00f4lei &#8211;\u00a0 Gin\u00e1sio do Riacho\/Contagem<\/p>\n<p>09.10 TER &#8211; 20h &#8211; Sada Cruzeiro x Fiat\/Minas &#8211;\u00a0 Gin\u00e1sio do Riacho\/Contagem<\/p>\n<p>Fonte: Federa\u00e7\u00e3o Mineira de V\u00f4lei<\/p>\n","protected":false},"excerpt":{"rendered":"<p>As equipes Lavras V\u00f4lei e JF V\u00f4lei dividiram o mesmo objetivo nesta noite de quarta-feira (19.09): conquistar a primeira vit\u00f3ria e consequentemente os primeiros pontos no Campeonato Mineiro.<\/p>\n","protected":false},"author":2,"featured_media":17993,"comment_status":"closed","ping_status":"open","sticky":false,"template":"","format":"standard","meta":{"advgb_blocks_editor_width":"","advgb_blocks_columns_visual_guide":"","_exactmetrics_skip_tracking":false,"_exactmetrics_sitenote_active":false,"_exactmetrics_sitenote_note":"","_exactmetrics_sitenote_category":0,"footnotes":""},"categories":[7,3],"tags":[1930,2843,5183,5121,4439,1210,690],"class_list":["post-17992","post","type-post","status-publish","format-standard","has-post-thumbnail","hentry","category-destaques","category-esportes","tag-1930","tag-campeonato-mineiro","tag-fiat-minas","tag-jf-volei","tag-lavras-volei","tag-sada-cruzeiro","tag-volei"],"better_featured_image":{"id":17993,"alt_text":"","caption":"Foto: Mari Resende\/Lavras V\u00f4lei","description":"","media_type":"image","media_details":{"width":310,"height":224,"file":"2018\/09\/lavras-volei-1.jpg","sizes":{"thumbnail":{"file":"lavras-volei-1-150x108.jpg","width":150,"height":108,"mime-type":"image\/jpeg","source_url":"https:\/\/lavras.tv\/site\/wp-content\/uploads\/2018\/09\/lavras-volei-1-150x108.jpg"},"medium":{"file":"lavras-volei-1-300x217.jpg","width":300,"height":217,"mime-type":"image\/jpeg","source_url":"https:\/\/lavras.tv\/site\/wp-content\/uploads\/2018\/09\/lavras-volei-1-300x217.jpg"},"sow-carousel-default":{"file":"lavras-volei-1-272x182.jpg","width":272,"height":182,"mime-type":"image\/jpeg","source_url":"https:\/\/lavras.tv\/site\/wp-content\/uploads\/2018\/09\/lavras-volei-1-272x182.jpg"}},"image_meta":{"aperture":"0","credit":"","camera":"","caption":"","created_timestamp":"0","copyright":"","focal_length":"0","iso":"0","shutter_speed":"0","title":"","orientation":"0","keywords":[]}},"post":17992,"source_url":"https:\/\/lavras.tv\/site\/wp-content\/uploads\/2018\/09\/lavras-volei-1.jpg"},"author_meta":{"display_name":"Lavras TV","author_link":"https:\/\/lavras.tv\/site\/author\/lavrastv\/"},"featured_img":"https:\/\/lavras.tv\/site\/wp-content\/uploads\/2018\/09\/lavras-volei-1-300x217.jpg","coauthors":[],"tax_additional":{"categories":{"linked":["<a href=\"https:\/\/lavras.tv\/site\/category\/destaques\/\" class=\"advgb-post-tax-term\">Destaques<\/a>","<a href=\"https:\/\/lavras.tv\/site\/category\/esportes\/\" class=\"advgb-post-tax-term\">Esportes<\/a>"],"unlinked":["<span class=\"advgb-post-tax-term\">Destaques<\/span>","<span class=\"advgb-post-tax-term\">Esportes<\/span>"]},"tags":{"linked":["<a href=\"https:\/\/lavras.tv\/site\/category\/esportes\/\" class=\"advgb-post-tax-term\">2018<\/a>","<a href=\"https:\/\/lavras.tv\/site\/category\/esportes\/\" class=\"advgb-post-tax-term\">campeonato mineiro<\/a>","<a href=\"https:\/\/lavras.tv\/site\/category\/esportes\/\" class=\"advgb-post-tax-term\">Fiat Minas<\/a>","<a href=\"https:\/\/lavras.tv\/site\/category\/esportes\/\" class=\"advgb-post-tax-term\">JF V\u00f4lei<\/a>","<a href=\"https:\/\/lavras.tv\/site\/category\/esportes\/\" class=\"advgb-post-tax-term\">Lavras V\u00f4lei<\/a>","<a href=\"https:\/\/lavras.tv\/site\/category\/esportes\/\" class=\"advgb-post-tax-term\">sada cruzeiro<\/a>","<a href=\"https:\/\/lavras.tv\/site\/category\/esportes\/\" class=\"advgb-post-tax-term\">volei<\/a>"],"unlinked":["<span class=\"advgb-post-tax-term\">2018<\/span>","<span class=\"advgb-post-tax-term\">campeonato mineiro<\/span>","<span class=\"advgb-post-tax-term\">Fiat Minas<\/span>","<span class=\"advgb-post-tax-term\">JF V\u00f4lei<\/span>","<span class=\"advgb-post-tax-term\">Lavras V\u00f4lei<\/span>","<span class=\"advgb-post-tax-term\">sada cruzeiro<\/span>","<span class=\"advgb-post-tax-term\">volei<\/span>"]}},"comment_count":"0","relative_dates":{"created":"Publicado 8 anos atr\u00e1s","modified":"Atualizado 8 anos atr\u00e1s"},"absolute_dates":{"created":"Publicado em 20 de setembro de 2018","modified":"Atualizado em 20 de setembro de 2018"},"absolute_dates_time":{"created":"Publicado em 20 de setembro de 2018 09:32","modified":"Atualizado em 20 de setembro de 2018 09:32"},"featured_img_caption":"Foto: Mari Resende\/Lavras V\u00f4lei","series_order":"","_links":{"self":[{"href":"https:\/\/lavras.tv\/site\/wp-json\/wp\/v2\/posts\/17992","targetHints":{"allow":["GET"]}}],"collection":[{"href":"https:\/\/lavras.tv\/site\/wp-json\/wp\/v2\/posts"}],"about":[{"href":"https:\/\/lavras.tv\/site\/wp-json\/wp\/v2\/types\/post"}],"author":[{"embeddable":true,"href":"https:\/\/lavras.tv\/site\/wp-json\/wp\/v2\/users\/2"}],"replies":[{"embeddable":true,"href":"https:\/\/lavras.tv\/site\/wp-json\/wp\/v2\/comments?post=17992"}],"version-history":[{"count":1,"href":"https:\/\/lavras.tv\/site\/wp-json\/wp\/v2\/posts\/17992\/revisions"}],"predecessor-version":[{"id":17994,"href":"https:\/\/lavras.tv\/site\/wp-json\/wp\/v2\/posts\/17992\/revisions\/17994"}],"wp:featuredmedia":[{"embeddable":true,"href":"https:\/\/lavras.tv\/site\/wp-json\/wp\/v2\/media\/17993"}],"wp:attachment":[{"href":"https:\/\/lavras.tv\/site\/wp-json\/wp\/v2\/media?parent=17992"}],"wp:term":[{"taxonomy":"category","embeddable":true,"href":"https:\/\/lavras.tv\/site\/wp-json\/wp\/v2\/categories?post=17992"},{"taxonomy":"post_tag","embeddable":true,"href":"https:\/\/lavras.tv\/site\/wp-json\/wp\/v2\/tags?post=17992"}],"curies":[{"name":"wp","href":"https:\/\/api.w.org\/{rel}","templated":true}]}}