{"id":18013,"date":"2018-09-21T09:03:34","date_gmt":"2018-09-21T12:03:34","guid":{"rendered":"http:\/\/lavras.tv\/site\/?p=18013"},"modified":"2018-09-21T09:03:34","modified_gmt":"2018-09-21T12:03:34","slug":"lavras-esta-entre-os-finalistas-mineiros-do-premio-prefeito-empreendedor-do-sebrae","status":"publish","type":"post","link":"https:\/\/lavras.tv\/site\/2018\/09\/21\/lavras-esta-entre-os-finalistas-mineiros-do-premio-prefeito-empreendedor-do-sebrae\/","title":{"rendered":"Lavras est\u00e1 entre os finalistas mineiros do &#8220;Pr\u00eamio Prefeito Empreendedor&#8221; do Sebrae"},"content":{"rendered":"<div class=\"lavra-antes-do-conteudo_2\" id=\"lavra-3374217120\"><div id=\"lavra-slider-27\" class=\"custom-slider lavra-slider-2217706615 lavra-slider\"><ul><li><div style=\"margin-left: auto;margin-right: auto;text-align: center;\" id=\"lavra-735877818\"><a href=\"https:\/\/sistemas.lavras.mg.gov.br\/portalcidadao\/#df1b1a7c7b2a290bcb31e32771e610784662739a88807c0dacac58ede5f391a7530e299dc302d611ee73cb143fc22eaf93592e53e7b5bdb01b00a0b8d28dae460c141dd2ff83412e4dc1c31b16b25f33144a9e5620ea73b13f5bc1c59411d98439ad226e8af03840603796067d87afe130812cf3de24982d0e306f9e61e764e5\" aria-label=\"Lavras-TV&#8211;720x104px (1) (1)\"><img src=\"https:\/\/lavras.tv\/site\/wp-content\/uploads\/2025\/01\/Lavras-TV-720x104px-1-1.png\" alt=\"\"  srcset=\"https:\/\/lavras.tv\/site\/wp-content\/uploads\/2025\/01\/Lavras-TV-720x104px-1-1.png 720w, https:\/\/lavras.tv\/site\/wp-content\/uploads\/2025\/01\/Lavras-TV-720x104px-1-1-470x68.png 470w, https:\/\/lavras.tv\/site\/wp-content\/uploads\/2025\/01\/Lavras-TV-720x104px-1-1-170x25.png 170w, https:\/\/lavras.tv\/site\/wp-content\/uploads\/2025\/01\/Lavras-TV-720x104px-1-1-200x29.png 200w\" sizes=\"(max-width: 720px) 100vw, 720px\" width=\"720\" height=\"104\"  style=\"display: inline-block;\" \/><\/a><\/div><\/li><li><a href=\"https:\/\/sistemas.lavras.mg.gov.br\/portalcidadao\/#df1b1a7c7b2a290bcb31e32771e610784662739a88807c0dacac58ede5f391a7530e299dc302d611ee73cb143fc22eaf93592e53e7b5bdb01b00a0b8d28dae460c141dd2ff83412e4dc1c31b16b25f33144a9e5620ea73b13f5bc1c59411d98439ad226e8af03840603796067d87afe130812cf3de24982d0e306f9e61e764e5\" aria-label=\"Banner_Emprego_PortallavrasTV\"><img src=\"https:\/\/lavras.tv\/site\/wp-content\/uploads\/2025\/03\/Banner_Emprego_PortallavrasTV.png\" alt=\"\"  srcset=\"https:\/\/lavras.tv\/site\/wp-content\/uploads\/2025\/03\/Banner_Emprego_PortallavrasTV.png 720w, https:\/\/lavras.tv\/site\/wp-content\/uploads\/2025\/03\/Banner_Emprego_PortallavrasTV-470x68.png 470w, https:\/\/lavras.tv\/site\/wp-content\/uploads\/2025\/03\/Banner_Emprego_PortallavrasTV-170x25.png 170w, https:\/\/lavras.tv\/site\/wp-content\/uploads\/2025\/03\/Banner_Emprego_PortallavrasTV-200x29.png 200w\" sizes=\"(max-width: 720px) 100vw, 720px\" width=\"720\" height=\"104\"   \/><\/a><\/li><li><a href=\"https:\/\/sistemas.lavras.mg.gov.br\/portalcidadao\/#df1b1a7c7b2a290bcb31e32771e610784662739a88807c0dacac58ede5f391a7530e299dc302d611ee73cb143fc22eaf93592e53e7b5bdb01b00a0b8d28dae460c141dd2ff83412e4dc1c31b16b25f33144a9e5620ea73b13f5bc1c59411d98439ad226e8af03840603796067d87afe130812cf3de24982d0e306f9e61e764e5\" aria-label=\"Banner_Obras_PortallavrasTV\"><img src=\"https:\/\/lavras.tv\/site\/wp-content\/uploads\/2025\/03\/Banner_Obras_PortallavrasTV.png\" alt=\"\"  srcset=\"https:\/\/lavras.tv\/site\/wp-content\/uploads\/2025\/03\/Banner_Obras_PortallavrasTV.png 720w, https:\/\/lavras.tv\/site\/wp-content\/uploads\/2025\/03\/Banner_Obras_PortallavrasTV-470x68.png 470w, https:\/\/lavras.tv\/site\/wp-content\/uploads\/2025\/03\/Banner_Obras_PortallavrasTV-170x25.png 170w, https:\/\/lavras.tv\/site\/wp-content\/uploads\/2025\/03\/Banner_Obras_PortallavrasTV-200x29.png 200w\" sizes=\"(max-width: 720px) 100vw, 720px\" width=\"720\" height=\"104\"   \/><\/a><\/li><li><div style=\"margin-left: auto;margin-right: auto;text-align: center;\" id=\"lavra-62333068\"><a href=\"https:\/\/sistemas.lavras.mg.gov.br\/portalcidadao\/#df1b1a7c7b2a290bcb31e32771e610784662739a88807c0dacac58ede5f391a7530e299dc302d611ee73cb143fc22eaf93592e53e7b5bdb01b00a0b8d28dae460c141dd2ff83412e4dc1c31b16b25f33144a9e5620ea73b13f5bc1c59411d98439ad226e8af03840603796067d87afe130812cf3de24982d0e306f9e61e764e5\" aria-label=\"Banner_Educa\u00e7\u00e3o_PortallavrasTV\"><img src=\"https:\/\/lavras.tv\/site\/wp-content\/uploads\/2025\/01\/Banner_Educacao_PortallavrasTV.png\" alt=\"\"  srcset=\"https:\/\/lavras.tv\/site\/wp-content\/uploads\/2025\/01\/Banner_Educacao_PortallavrasTV.png 720w, https:\/\/lavras.tv\/site\/wp-content\/uploads\/2025\/01\/Banner_Educacao_PortallavrasTV-470x68.png 470w, https:\/\/lavras.tv\/site\/wp-content\/uploads\/2025\/01\/Banner_Educacao_PortallavrasTV-170x25.png 170w, https:\/\/lavras.tv\/site\/wp-content\/uploads\/2025\/01\/Banner_Educacao_PortallavrasTV-200x29.png 200w\" sizes=\"(max-width: 720px) 100vw, 720px\" width=\"720\" height=\"104\"  style=\"display: inline-block;\" \/><\/a><\/div><\/li><li><a href=\"https:\/\/sistemas.lavras.mg.gov.br\/portalcidadao\/#df1b1a7c7b2a290bcb31e32771e610784662739a88807c0dacac58ede5f391a7530e299dc302d611ee73cb143fc22eaf93592e53e7b5bdb01b00a0b8d28dae460c141dd2ff83412e4dc1c31b16b25f33144a9e5620ea73b13f5bc1c59411d98439ad226e8af03840603796067d87afe130812cf3de24982d0e306f9e61e764e5\" aria-label=\"Banner_Sa\u00fade_PortallavrasTV\"><img src=\"https:\/\/lavras.tv\/site\/wp-content\/uploads\/2025\/03\/Banner_Saude_PortallavrasTV.png\" alt=\"\"  srcset=\"https:\/\/lavras.tv\/site\/wp-content\/uploads\/2025\/03\/Banner_Saude_PortallavrasTV.png 720w, https:\/\/lavras.tv\/site\/wp-content\/uploads\/2025\/03\/Banner_Saude_PortallavrasTV-470x68.png 470w, https:\/\/lavras.tv\/site\/wp-content\/uploads\/2025\/03\/Banner_Saude_PortallavrasTV-170x25.png 170w, https:\/\/lavras.tv\/site\/wp-content\/uploads\/2025\/03\/Banner_Saude_PortallavrasTV-200x29.png 200w\" sizes=\"(max-width: 720px) 100vw, 720px\" width=\"720\" height=\"104\"   \/><\/a><\/li><li><div id=\"lavra-4059515226\" style=\"width:720px;height:104px;background-color:#ddd;overflow:scroll;\">\n\t<strong>Sa\u00edda da depura\u00e7\u00e3o de an\u00fancios<\/strong>\n\t<br><br>\n\tO an\u00fancio n\u00e3o \u00e9 exibido na p\u00e1gina<br><br>post atual: Lavras est\u00e1 entre os finalistas mineiros do \"Pr\u00eamio Prefeito Empreendedor\" do Sebrae, ID: 18013<br><br><span style=\"color: red;\">O post atual n\u00e3o \u00e9 id\u00eantico ao post principal.<\/span><br><br>An\u00fancios: ROXO - TOPO INTERNA - ROTATIVO 2 (197)<br \/>Grupo de an\u00fancios: Princ_Meio01_720x104 (27)<br><br>Condi\u00e7\u00f5es de exibi\u00e7\u00e3o<div style=\"margin-bottom: 20px; white-space: pre-wrap; font-family: monospace; width: 100%; background: #ffe9e9;\"><strong>condi\u00e7\u00f5es gerais<\/strong><table border=\"1\"><thead><tr><th><\/th><th>An\u00fancios<\/th><th>wp_the_query<\/th><\/tr><\/thead><tr><td>is_main_query<\/td><td>1<\/td><td>1<\/td><\/tr><tr><td>is_rest_api<\/td><td>0<\/td><td>1<\/td><\/tr><tr><td>page<\/td><td>0<\/td><td>1<\/td><\/tr><tr><td>numpages<\/td><td>0<\/td><td>1<\/td><\/tr><tr><td>is_archive<\/td><td>1<\/td><td><\/td><\/tr><tr><td>is_search<\/td><td>1<\/td><td><\/td><\/tr><tr><td>is_home<\/td><td>1<\/td><td><\/td><\/tr><tr><td>is_404<\/td><td>1<\/td><td><\/td><\/tr><tr><td>is_attachment<\/td><td>1<\/td><td><\/td><\/tr><tr><td>is_singular<\/td><td>1<\/td><td><\/td><\/tr><tr><td>is_front_page<\/td><td>1<\/td><td><\/td><\/tr><tr><td>is_feed<\/td><td>1<\/td><td><\/td><\/tr><\/table><\/div><br><br><span style=\"color: red;\">Seu site usa HTTPS, mas o c\u00f3digo do an\u00fancio cont\u00e9m HTTP e pode n\u00e3o funcionar.<\/span>\t<br><br>\n\t<a style=\"color: green;\" href=\"https:\/\/wpadvancedads.com\/manual\/ad-debug-mode\/?utm_source=advanced-ads&utm_medium=link&utm_campaign=ad-debug-mode\" target=\"_blank\" rel=\"nofollow\">Encontre solu\u00e7\u00f5es no manual<\/a>\n<\/div>\n<\/li><\/ul><\/div><script>( window.advanced_ads_ready || jQuery( document ).ready ).call( null, function() {var $lavraslider2217706615 = jQuery( \".lavra-slider-2217706615\" );$lavraslider2217706615.on( \"unslider.ready\", function() { jQuery( \"div.custom-slider ul li\" ).css( \"display\", \"block\" ); });$lavraslider2217706615.unslider({ delay:4000, autoplay:true, nav:false, arrows:false, infinite:true });$lavraslider2217706615.on(\"mouseover\", function() {$lavraslider2217706615.unslider(\"stop\");}).on(\"mouseout\", function() {$lavraslider2217706615.unslider(\"start\");});});<\/script><\/div><p style=\"font-weight: 400;\">Trinta projetos de 26 cidades mineiras s\u00e3o finalistas da etapa estadual do Pr\u00eamio Sebrae Prefeito Empreendedor. A iniciativa do Sebrae destaca projetos e a\u00e7\u00f5es p\u00fablicas que beneficiam os pequenos neg\u00f3cios. Os vencedores da premia\u00e7\u00e3o ser\u00e3o conhecidos em novembro, em Belo Horizonte.\u00a0\u00a0<strong>Informa\u00e7\u00f5es:<\/strong><a href=\"http:\/\/www.prefeitoempreendedor.sebrae.com.br\/\" data-saferedirecturl=\"https:\/\/www.google.com\/url?q=http:\/\/www.prefeitoempreendedor.sebrae.com.br&amp;source=gmail&amp;ust=1537617054839000&amp;usg=AFQjCNFNxlj5PoNFLSktbDX0S8fIZ7AWFQ\"><strong>www.prefeitoempreendedor.sebrae.com.br<\/strong><\/a><strong>\u00a0.<\/strong><!--more--><\/p>\n<p style=\"font-weight: 400;\">\u00a0<img fetchpriority=\"high\" decoding=\"async\" class=\"alignnone size-full wp-image-5691 aligncenter\" src=\"http:\/\/lavras.tv\/site\/wp-content\/uploads\/2017\/01\/prefeituralavras.jpg\" alt=\"prefeituralavras\" width=\"620\" height=\"465\" srcset=\"https:\/\/lavras.tv\/site\/wp-content\/uploads\/2017\/01\/prefeituralavras.jpg 620w, https:\/\/lavras.tv\/site\/wp-content\/uploads\/2017\/01\/prefeituralavras-150x113.jpg 150w, https:\/\/lavras.tv\/site\/wp-content\/uploads\/2017\/01\/prefeituralavras-300x225.jpg 300w\" sizes=\"(max-width: 620px) 100vw, 620px\" \/><\/p>\n<p style=\"font-weight: 400;\">Dos mais de 100 munic\u00edpios mineiros inscritos na 10\u00aa edi\u00e7\u00e3o do Pr\u00eamio Sebrae Prefeito Empreendedor, 96 foram habilitados, desses 30 passaram para etapa final da premia\u00e7\u00e3o. \u201cA iniciativa tem o objetivo de estimular o empreendedorismo como ferramenta para o desenvolvimento local e fortalecimento dos pequenos neg\u00f3cios\u201d, explica o analista do Sebrae Minas Nilo Raposo.<\/p>\n<p style=\"font-weight: 400;\">\u00a0Est\u00e3o no p\u00e1reo da etapa estadual projetos das cidades de: Carmo do Parana\u00edba, Governador Valadares, Itabira,\u00a0Itajub\u00e1, Jana\u00faba, Jo\u00e3o Monlevade, Juiz de Fora,<strong>Lavras<\/strong>, Nova Serrana,\u00a0Paragua\u00e7u, Passos, Patos de Minas, Porteirinha, Rodeiro, S\u00e3o Geraldo, S\u00e3o Gon\u00e7alo do Rio Abaixo, S\u00e3o Roque de Minas, Taiobeiras, Uberaba, Uberl\u00e2ndia e Uruana de Minas.<\/p>\n<p style=\"font-weight: 400;\">\u00a0Os finalistas concorrem\u00a0em oito categorias:\u00a0\u00a0<em>Inova\u00e7\u00e3o e sustentabilidade, Inclus\u00e3o produtiva e apoio ao MEI, Pequenos neg\u00f3cios no campo, Desburocratiza\u00e7\u00e3o e implementa\u00e7\u00e3o da RedeSimples, Compras governamentais de pequenos neg\u00f3cios, Coopera\u00e7\u00e3o intermunicipal para desenvolvimento econ\u00f4mico, Empreendedorismo na escola e Pol\u00edticas p\u00fablicas para desenvolvimento dos pequenos neg\u00f3cios.<\/em><\/p>\n<p style=\"font-weight: 400;\">\u00a0Nos meses de setembro e outubro, os projetos das cidades selecionadas ser\u00e3o auditados por analistas do Sebrae Minas.\u00a0Os vencedores de cada categoria ser\u00e3o conhecidos no dia 13 de novembro. Eles receber\u00e3o certificado, trof\u00e9u e concorrer\u00e3o a etapa nacional da premia\u00e7\u00e3o em 2019, em Bras\u00edlia.<\/p>\n<p style=\"font-weight: 400;\">\n<table class=\" aligncenter\" style=\"font-weight: 400;\" width=\"709\">\n<tbody>\n<tr>\n<td colspan=\"3\" width=\"484\">\n<p style=\"text-align: left;\"><strong>10\u00aa edi\u00e7\u00e3o Pr\u00eamio Sebrae Prefeito Empreendedor<\/strong><\/p>\n<\/td>\n<td width=\"224\"><strong>\u00a0<\/strong><\/td>\n<\/tr>\n<tr>\n<td colspan=\"3\" width=\"484\"><strong>Finalistas da etapa estadual \u2013 por regional \/ cidade<\/strong><\/td>\n<td width=\"224\"><strong>\u00a0<\/strong><\/td>\n<\/tr>\n<tr>\n<td width=\"213\"><strong>Regional<\/strong><\/td>\n<td width=\"118\"><strong>Cidade<\/strong><\/td>\n<td width=\"154\"><strong>N\u00famero de projetos aprovados<\/strong><\/td>\n<td width=\"224\"><strong>Categoria<\/strong><\/td>\n<\/tr>\n<tr>\n<td width=\"213\">Centro<\/td>\n<td width=\"118\">Entre Rios<\/td>\n<td width=\"154\">1<\/td>\n<td width=\"224\"><em>Inclus\u00e3o produtiva e apoio ao MEI<\/em><\/td>\n<\/tr>\n<tr>\n<td width=\"213\">Centro<\/td>\n<td width=\"118\">Nova Lima<\/td>\n<td width=\"154\">1<\/td>\n<td width=\"224\"><em>Compras governamentais de pequenos neg\u00f3cios<\/em><\/td>\n<\/tr>\n<tr>\n<td width=\"213\">Centro<\/td>\n<td width=\"118\">Ouro Branco<\/td>\n<td width=\"154\">1<\/td>\n<td width=\"224\"><em>Coopera\u00e7\u00e3o intermunicipal para desenvolvimento econ\u00f4mico<\/em><\/td>\n<\/tr>\n<tr>\n<td width=\"213\">Centro<\/td>\n<td width=\"118\">Pomp\u00e9u<\/td>\n<td width=\"154\">1<\/td>\n<td width=\"224\"><em>Compras governamentais de pequenos neg\u00f3cios<\/em><\/td>\n<\/tr>\n<tr>\n<td width=\"213\">Centro-Oeste e Sudoeste<\/td>\n<td width=\"118\">Capit\u00f3lio<\/td>\n<td width=\"154\">2<\/td>\n<td width=\"224\"><em>Pol\u00edticas p\u00fablicas para desenvolvimento dos pequenos neg\u00f3cios \/ Desburocratiza\u00e7\u00e3o e implementa\u00e7\u00e3o da RedeSimples<\/em><\/td>\n<\/tr>\n<tr>\n<td width=\"213\">Centro-Oeste e Sudoeste<\/td>\n<td width=\"118\">Nova Serrana<\/td>\n<td width=\"154\">1<\/td>\n<td width=\"224\"><em>Desburocratiza\u00e7\u00e3o e implementa\u00e7\u00e3o da RedeSimples<\/em><\/td>\n<\/tr>\n<tr>\n<td width=\"213\">Centro-Oeste e Sudoeste<\/td>\n<td width=\"118\">Passos<\/td>\n<td width=\"154\">1<\/td>\n<td width=\"224\"><em>Empreendedorismo na escola<\/em><\/td>\n<\/tr>\n<tr>\n<td width=\"213\">Centro-Oeste e Sudoeste<\/td>\n<td width=\"118\">S\u00e3o Roque de Minas<\/td>\n<td width=\"154\">1<\/td>\n<td width=\"224\"><em>Empreendedorismo na escola<\/em><\/td>\n<\/tr>\n<tr>\n<td width=\"213\">Rio Doce e Vale do A\u00e7o<\/td>\n<td width=\"118\">Governador Valadares<\/td>\n<td width=\"154\">1<\/td>\n<td width=\"224\"><em>Desburocratiza\u00e7\u00e3o e implementa\u00e7\u00e3o da RedeSimples<\/em><\/td>\n<\/tr>\n<tr>\n<td width=\"213\">Rio Doce e Vale do A\u00e7o<\/td>\n<td width=\"118\">Itabira<\/td>\n<td width=\"154\">1<\/td>\n<td width=\"224\"><em>Coopera\u00e7\u00e3o intermunicipal para desenvolvimento econ\u00f4mico<\/em><\/td>\n<\/tr>\n<tr>\n<td width=\"213\">Rio Doce e Vale do A\u00e7o<\/td>\n<td width=\"118\">Jo\u00e3o Monlevade<\/td>\n<td width=\"154\">1<\/td>\n<td width=\"224\"><em>Compras governamentais de pequenos neg\u00f3cios<\/em><\/td>\n<\/tr>\n<tr>\n<td width=\"213\">Rio Doce e Vale do A\u00e7o<\/td>\n<td width=\"118\">S\u00e3o Gon\u00e7alo do Rio Abaixo<\/td>\n<td width=\"154\">1<\/td>\n<td width=\"224\"><em>Pequenos neg\u00f3cios no campo<\/em><\/td>\n<\/tr>\n<tr>\n<td width=\"213\">Tri\u00e2ngulo e Alto Parana\u00edba<\/td>\n<td width=\"118\">Carmo do Parana\u00edba<\/td>\n<td width=\"154\">1<\/td>\n<td width=\"224\"><em>Empreendedorismo na escola<\/em><\/td>\n<\/tr>\n<tr>\n<td width=\"213\">Tri\u00e2ngulo e Alto Parana\u00edba<\/td>\n<td width=\"118\">Patos de Minas<\/td>\n<td width=\"154\">1<\/td>\n<td width=\"224\"><em>Empreendedorismo na escola<\/em><\/td>\n<\/tr>\n<tr>\n<td width=\"213\">Tri\u00e2ngulo e Alto Parana\u00edba<\/td>\n<td width=\"118\">Uberaba<\/td>\n<td width=\"154\">2<\/td>\n<td width=\"224\"><em>Inclus\u00e3o produtiva e apoio ao MEI \/ Pol\u00edticas p\u00fablicas para desenvolvimento dos pequenos neg\u00f3cios<\/em><\/td>\n<\/tr>\n<tr>\n<td width=\"213\">Tri\u00e2ngulo e Alto Parana\u00edba<\/td>\n<td width=\"118\">Uberl\u00e2ndia<\/td>\n<td width=\"154\">2<\/td>\n<td width=\"224\"><em>Inova\u00e7\u00e3o e sustentabilidade \/ Pequenos neg\u00f3cios no campo<\/em><\/td>\n<\/tr>\n<tr>\n<td width=\"213\">Zona da Mata e Vertentes<\/td>\n<td width=\"118\">Juiz de Fora<\/td>\n<td width=\"154\">2<\/td>\n<td width=\"224\"><em>Inclus\u00e3o produtiva e apoio ao MEI \/ Pol\u00edticas p\u00fablicas para desenvolvimento dos pequenos neg\u00f3cios<\/em><\/td>\n<\/tr>\n<tr>\n<td width=\"213\">Zona da Mata e Vertentes<\/td>\n<td width=\"118\">Rodeiro<\/td>\n<td width=\"154\">1<\/td>\n<td width=\"224\"><em>Compras governamentais de pequenos neg\u00f3cios<\/em><\/td>\n<\/tr>\n<tr>\n<td width=\"213\">Zona da Mata e Vertentes<\/td>\n<td width=\"118\">S\u00e3o Geraldo<\/td>\n<td width=\"154\">1<\/td>\n<td width=\"224\"><em>Pequenos neg\u00f3cios no campo<\/em><\/td>\n<\/tr>\n<tr>\n<td width=\"213\">Sul<\/td>\n<td width=\"118\">Itajub\u00e1<\/td>\n<td width=\"154\">1<\/td>\n<td width=\"224\"><em>Inova\u00e7\u00e3o e sustentabilidade<\/em><\/td>\n<\/tr>\n<tr>\n<td width=\"213\"><strong>Sul<\/strong><\/td>\n<td width=\"118\"><strong>Lavras<\/strong><\/td>\n<td width=\"154\"><strong>1<\/strong><\/td>\n<td width=\"224\"><strong><em>Inclus\u00e3o produtiva e apoio ao MEI<\/em><\/strong><\/td>\n<\/tr>\n<tr>\n<td width=\"213\">Sul<\/td>\n<td width=\"118\">Paragua\u00e7u<\/td>\n<td width=\"154\">1<\/td>\n<td width=\"224\"><em>Inova\u00e7\u00e3o e sustentabilidade<\/em><\/td>\n<\/tr>\n<tr>\n<td width=\"213\">Norte<\/td>\n<td width=\"118\">Jana\u00faba<\/td>\n<td width=\"154\">1<\/td>\n<td width=\"224\"><em>Desburocratiza\u00e7\u00e3o e implementa\u00e7\u00e3o da RedeSimples<\/em><\/td>\n<\/tr>\n<tr>\n<td width=\"213\">Norte<\/td>\n<td width=\"118\">Porteirinha<\/td>\n<td width=\"154\">1<\/td>\n<td width=\"224\"><em>Pol\u00edticas p\u00fablicas para desenvolvimento dos pequenos neg\u00f3cios<\/em><\/td>\n<\/tr>\n<tr>\n<td width=\"213\">Norte<\/td>\n<td width=\"118\">Taiobeiras<\/td>\n<td width=\"154\">1<\/td>\n<td width=\"224\"><em>Pequenos neg\u00f3cios no campo<\/em><\/td>\n<\/tr>\n<tr>\n<td width=\"213\">Nordeste<\/td>\n<td width=\"118\">Uruana de Minas<\/td>\n<td width=\"154\">1<\/td>\n<td width=\"224\"><em>Inova\u00e7\u00e3o e sustentabilidade<\/em><\/td>\n<\/tr>\n<tr>\n<td width=\"213\"><strong>Finalistas<\/strong><\/td>\n<td width=\"118\"><strong>26 cidades<\/strong><\/td>\n<td width=\"154\"><strong>30 projetos<\/strong><\/td>\n<td width=\"224\"><strong>\u00a0<\/strong><\/td>\n<\/tr>\n<\/tbody>\n<\/table>\n<p style=\"font-weight: 400; text-align: left;\"><strong>\u00a0<\/strong>Fonte: Sebrae<\/p>\n","protected":false},"excerpt":{"rendered":"<p>Trinta projetos de 26 cidades mineiras s\u00e3o finalistas da etapa estadual do Pr\u00eamio Sebrae Prefeito Empreendedor. A iniciativa do Sebrae destaca projetos e a\u00e7\u00f5es p\u00fablicas que beneficiam os pequenos neg\u00f3cios. Os vencedores da premia\u00e7\u00e3o ser\u00e3o conhecidos em novembro, em Belo Horizonte.\u00a0\u00a0Informa\u00e7\u00f5es:www.prefeitoempreendedor.sebrae.com.br\u00a0.<\/p>\n","protected":false},"author":2,"featured_media":15417,"comment_status":"closed","ping_status":"open","sticky":false,"template":"","format":"standard","meta":{"advgb_blocks_editor_width":"","advgb_blocks_columns_visual_guide":"","_exactmetrics_skip_tracking":false,"_exactmetrics_sitenote_active":false,"_exactmetrics_sitenote_note":"","_exactmetrics_sitenote_category":0,"footnotes":""},"categories":[7,12],"tags":[467,34,1287,252],"class_list":["post-18013","post","type-post","status-publish","format-standard","has-post-thumbnail","hentry","category-destaques","category-politica","tag-cassa-prefeito-perdoes","tag-lavras","tag-premio","tag-sebrae"],"better_featured_image":{"id":15417,"alt_text":"","caption":"","description":"","media_type":"image","media_details":{"width":620,"height":465,"file":"2018\/03\/prefeituralavras.jpg","sizes":{"thumbnail":{"file":"prefeituralavras-150x113.jpg","width":150,"height":113,"mime-type":"image\/jpeg","source_url":"https:\/\/lavras.tv\/site\/wp-content\/uploads\/2018\/03\/prefeituralavras-150x113.jpg"},"medium":{"file":"prefeituralavras-300x225.jpg","width":300,"height":225,"mime-type":"image\/jpeg","source_url":"https:\/\/lavras.tv\/site\/wp-content\/uploads\/2018\/03\/prefeituralavras-300x225.jpg"},"featured-post-img":{"file":"prefeituralavras-480x320.jpg","width":480,"height":320,"mime-type":"image\/jpeg","source_url":"https:\/\/lavras.tv\/site\/wp-content\/uploads\/2018\/03\/prefeituralavras-480x320.jpg"},"sow-carousel-default":{"file":"prefeituralavras-272x182.jpg","width":272,"height":182,"mime-type":"image\/jpeg","source_url":"https:\/\/lavras.tv\/site\/wp-content\/uploads\/2018\/03\/prefeituralavras-272x182.jpg"}},"image_meta":{"aperture":"0","credit":"","camera":"","caption":"","created_timestamp":"0","copyright":"","focal_length":"0","iso":"0","shutter_speed":"0","title":"","orientation":"0","keywords":[]}},"post":15416,"source_url":"https:\/\/lavras.tv\/site\/wp-content\/uploads\/2018\/03\/prefeituralavras.jpg"},"author_meta":{"display_name":"Lavras TV","author_link":"https:\/\/lavras.tv\/site\/author\/lavrastv\/"},"featured_img":"https:\/\/lavras.tv\/site\/wp-content\/uploads\/2018\/03\/prefeituralavras-300x225.jpg","coauthors":[],"tax_additional":{"categories":{"linked":["<a href=\"https:\/\/lavras.tv\/site\/category\/destaques\/\" class=\"advgb-post-tax-term\">Destaques<\/a>","<a href=\"https:\/\/lavras.tv\/site\/category\/politica\/\" class=\"advgb-post-tax-term\">Pol\u00edtica<\/a>"],"unlinked":["<span class=\"advgb-post-tax-term\">Destaques<\/span>","<span class=\"advgb-post-tax-term\">Pol\u00edtica<\/span>"]},"tags":{"linked":["<a href=\"https:\/\/lavras.tv\/site\/category\/politica\/\" class=\"advgb-post-tax-term\">cassa prefeito perd\u00f5es<\/a>","<a href=\"https:\/\/lavras.tv\/site\/category\/politica\/\" class=\"advgb-post-tax-term\">lavras<\/a>","<a href=\"https:\/\/lavras.tv\/site\/category\/politica\/\" class=\"advgb-post-tax-term\">pr\u00eamio<\/a>","<a href=\"https:\/\/lavras.tv\/site\/category\/politica\/\" class=\"advgb-post-tax-term\">sebrae<\/a>"],"unlinked":["<span class=\"advgb-post-tax-term\">cassa prefeito perd\u00f5es<\/span>","<span class=\"advgb-post-tax-term\">lavras<\/span>","<span class=\"advgb-post-tax-term\">pr\u00eamio<\/span>","<span class=\"advgb-post-tax-term\">sebrae<\/span>"]}},"comment_count":"0","relative_dates":{"created":"Publicado 8 anos atr\u00e1s","modified":"Atualizado 8 anos atr\u00e1s"},"absolute_dates":{"created":"Publicado em 21 de setembro de 2018","modified":"Atualizado em 21 de setembro de 2018"},"absolute_dates_time":{"created":"Publicado em 21 de setembro de 2018 09:03","modified":"Atualizado em 21 de setembro de 2018 09:03"},"featured_img_caption":"","series_order":"","_links":{"self":[{"href":"https:\/\/lavras.tv\/site\/wp-json\/wp\/v2\/posts\/18013","targetHints":{"allow":["GET"]}}],"collection":[{"href":"https:\/\/lavras.tv\/site\/wp-json\/wp\/v2\/posts"}],"about":[{"href":"https:\/\/lavras.tv\/site\/wp-json\/wp\/v2\/types\/post"}],"author":[{"embeddable":true,"href":"https:\/\/lavras.tv\/site\/wp-json\/wp\/v2\/users\/2"}],"replies":[{"embeddable":true,"href":"https:\/\/lavras.tv\/site\/wp-json\/wp\/v2\/comments?post=18013"}],"version-history":[{"count":1,"href":"https:\/\/lavras.tv\/site\/wp-json\/wp\/v2\/posts\/18013\/revisions"}],"predecessor-version":[{"id":18014,"href":"https:\/\/lavras.tv\/site\/wp-json\/wp\/v2\/posts\/18013\/revisions\/18014"}],"wp:featuredmedia":[{"embeddable":true,"href":"https:\/\/lavras.tv\/site\/wp-json\/wp\/v2\/media\/15417"}],"wp:attachment":[{"href":"https:\/\/lavras.tv\/site\/wp-json\/wp\/v2\/media?parent=18013"}],"wp:term":[{"taxonomy":"category","embeddable":true,"href":"https:\/\/lavras.tv\/site\/wp-json\/wp\/v2\/categories?post=18013"},{"taxonomy":"post_tag","embeddable":true,"href":"https:\/\/lavras.tv\/site\/wp-json\/wp\/v2\/tags?post=18013"}],"curies":[{"name":"wp","href":"https:\/\/api.w.org\/{rel}","templated":true}]}}