{"id":18066,"date":"2018-09-25T09:45:22","date_gmt":"2018-09-25T12:45:22","guid":{"rendered":"http:\/\/lavras.tv\/site\/?p=18066"},"modified":"2018-09-25T09:45:22","modified_gmt":"2018-09-25T12:45:22","slug":"lei-da-ficha-limpa-retira-173-candidatos-das-eleicoes-de-outubro","status":"publish","type":"post","link":"https:\/\/lavras.tv\/site\/2018\/09\/25\/lei-da-ficha-limpa-retira-173-candidatos-das-eleicoes-de-outubro\/","title":{"rendered":"Lei da Ficha Limpa retira 173 candidatos das elei\u00e7\u00f5es de outubro"},"content":{"rendered":"<div class=\"lavra-antes-do-conteudo_2\" id=\"lavra-656929155\"><div id=\"lavra-slider-27\" class=\"custom-slider lavra-slider-3137135881 lavra-slider\"><ul><li><div style=\"margin-left: auto;margin-right: auto;text-align: center;\" id=\"lavra-3116702361\"><a href=\"https:\/\/sistemas.lavras.mg.gov.br\/portalcidadao\/#df1b1a7c7b2a290bcb31e32771e610784662739a88807c0dacac58ede5f391a7530e299dc302d611ee73cb143fc22eaf93592e53e7b5bdb01b00a0b8d28dae460c141dd2ff83412e4dc1c31b16b25f33144a9e5620ea73b13f5bc1c59411d98439ad226e8af03840603796067d87afe130812cf3de24982d0e306f9e61e764e5\" aria-label=\"Lavras-TV&#8211;720x104px (1) (1)\"><img src=\"https:\/\/lavras.tv\/site\/wp-content\/uploads\/2025\/01\/Lavras-TV-720x104px-1-1.png\" alt=\"\"  srcset=\"https:\/\/lavras.tv\/site\/wp-content\/uploads\/2025\/01\/Lavras-TV-720x104px-1-1.png 720w, https:\/\/lavras.tv\/site\/wp-content\/uploads\/2025\/01\/Lavras-TV-720x104px-1-1-470x68.png 470w, https:\/\/lavras.tv\/site\/wp-content\/uploads\/2025\/01\/Lavras-TV-720x104px-1-1-170x25.png 170w, https:\/\/lavras.tv\/site\/wp-content\/uploads\/2025\/01\/Lavras-TV-720x104px-1-1-200x29.png 200w\" sizes=\"(max-width: 720px) 100vw, 720px\" width=\"720\" height=\"104\"  style=\"display: inline-block;\" \/><\/a><\/div><\/li><li><a href=\"https:\/\/sistemas.lavras.mg.gov.br\/portalcidadao\/#df1b1a7c7b2a290bcb31e32771e610784662739a88807c0dacac58ede5f391a7530e299dc302d611ee73cb143fc22eaf93592e53e7b5bdb01b00a0b8d28dae460c141dd2ff83412e4dc1c31b16b25f33144a9e5620ea73b13f5bc1c59411d98439ad226e8af03840603796067d87afe130812cf3de24982d0e306f9e61e764e5\" aria-label=\"Banner_Emprego_PortallavrasTV\"><img src=\"https:\/\/lavras.tv\/site\/wp-content\/uploads\/2025\/03\/Banner_Emprego_PortallavrasTV.png\" alt=\"\"  srcset=\"https:\/\/lavras.tv\/site\/wp-content\/uploads\/2025\/03\/Banner_Emprego_PortallavrasTV.png 720w, https:\/\/lavras.tv\/site\/wp-content\/uploads\/2025\/03\/Banner_Emprego_PortallavrasTV-470x68.png 470w, https:\/\/lavras.tv\/site\/wp-content\/uploads\/2025\/03\/Banner_Emprego_PortallavrasTV-170x25.png 170w, https:\/\/lavras.tv\/site\/wp-content\/uploads\/2025\/03\/Banner_Emprego_PortallavrasTV-200x29.png 200w\" sizes=\"(max-width: 720px) 100vw, 720px\" width=\"720\" height=\"104\"   \/><\/a><\/li><li><a href=\"https:\/\/sistemas.lavras.mg.gov.br\/portalcidadao\/#df1b1a7c7b2a290bcb31e32771e610784662739a88807c0dacac58ede5f391a7530e299dc302d611ee73cb143fc22eaf93592e53e7b5bdb01b00a0b8d28dae460c141dd2ff83412e4dc1c31b16b25f33144a9e5620ea73b13f5bc1c59411d98439ad226e8af03840603796067d87afe130812cf3de24982d0e306f9e61e764e5\" aria-label=\"Banner_Obras_PortallavrasTV\"><img src=\"https:\/\/lavras.tv\/site\/wp-content\/uploads\/2025\/03\/Banner_Obras_PortallavrasTV.png\" alt=\"\"  srcset=\"https:\/\/lavras.tv\/site\/wp-content\/uploads\/2025\/03\/Banner_Obras_PortallavrasTV.png 720w, https:\/\/lavras.tv\/site\/wp-content\/uploads\/2025\/03\/Banner_Obras_PortallavrasTV-470x68.png 470w, https:\/\/lavras.tv\/site\/wp-content\/uploads\/2025\/03\/Banner_Obras_PortallavrasTV-170x25.png 170w, https:\/\/lavras.tv\/site\/wp-content\/uploads\/2025\/03\/Banner_Obras_PortallavrasTV-200x29.png 200w\" sizes=\"(max-width: 720px) 100vw, 720px\" width=\"720\" height=\"104\"   \/><\/a><\/li><li><div style=\"margin-left: auto;margin-right: auto;text-align: center;\" id=\"lavra-4256110233\"><a href=\"https:\/\/sistemas.lavras.mg.gov.br\/portalcidadao\/#df1b1a7c7b2a290bcb31e32771e610784662739a88807c0dacac58ede5f391a7530e299dc302d611ee73cb143fc22eaf93592e53e7b5bdb01b00a0b8d28dae460c141dd2ff83412e4dc1c31b16b25f33144a9e5620ea73b13f5bc1c59411d98439ad226e8af03840603796067d87afe130812cf3de24982d0e306f9e61e764e5\" aria-label=\"Banner_Educa\u00e7\u00e3o_PortallavrasTV\"><img src=\"https:\/\/lavras.tv\/site\/wp-content\/uploads\/2025\/01\/Banner_Educacao_PortallavrasTV.png\" alt=\"\"  srcset=\"https:\/\/lavras.tv\/site\/wp-content\/uploads\/2025\/01\/Banner_Educacao_PortallavrasTV.png 720w, https:\/\/lavras.tv\/site\/wp-content\/uploads\/2025\/01\/Banner_Educacao_PortallavrasTV-470x68.png 470w, https:\/\/lavras.tv\/site\/wp-content\/uploads\/2025\/01\/Banner_Educacao_PortallavrasTV-170x25.png 170w, https:\/\/lavras.tv\/site\/wp-content\/uploads\/2025\/01\/Banner_Educacao_PortallavrasTV-200x29.png 200w\" sizes=\"(max-width: 720px) 100vw, 720px\" width=\"720\" height=\"104\"  style=\"display: inline-block;\" \/><\/a><\/div><\/li><li><a href=\"https:\/\/sistemas.lavras.mg.gov.br\/portalcidadao\/#df1b1a7c7b2a290bcb31e32771e610784662739a88807c0dacac58ede5f391a7530e299dc302d611ee73cb143fc22eaf93592e53e7b5bdb01b00a0b8d28dae460c141dd2ff83412e4dc1c31b16b25f33144a9e5620ea73b13f5bc1c59411d98439ad226e8af03840603796067d87afe130812cf3de24982d0e306f9e61e764e5\" aria-label=\"Banner_Sa\u00fade_PortallavrasTV\"><img src=\"https:\/\/lavras.tv\/site\/wp-content\/uploads\/2025\/03\/Banner_Saude_PortallavrasTV.png\" alt=\"\"  srcset=\"https:\/\/lavras.tv\/site\/wp-content\/uploads\/2025\/03\/Banner_Saude_PortallavrasTV.png 720w, https:\/\/lavras.tv\/site\/wp-content\/uploads\/2025\/03\/Banner_Saude_PortallavrasTV-470x68.png 470w, https:\/\/lavras.tv\/site\/wp-content\/uploads\/2025\/03\/Banner_Saude_PortallavrasTV-170x25.png 170w, https:\/\/lavras.tv\/site\/wp-content\/uploads\/2025\/03\/Banner_Saude_PortallavrasTV-200x29.png 200w\" sizes=\"(max-width: 720px) 100vw, 720px\" width=\"720\" height=\"104\"   \/><\/a><\/li><li><div id=\"lavra-3332091370\" style=\"width:720px;height:104px;background-color:#ddd;overflow:scroll;\">\n\t<strong>Sa\u00edda da depura\u00e7\u00e3o de an\u00fancios<\/strong>\n\t<br><br>\n\tO an\u00fancio n\u00e3o \u00e9 exibido na p\u00e1gina<br><br>post atual: Lei da Ficha Limpa retira 173 candidatos das elei\u00e7\u00f5es de outubro, ID: 18066<br><br><span style=\"color: red;\">O post atual n\u00e3o \u00e9 id\u00eantico ao post principal.<\/span><br><br>An\u00fancios: ROXO - TOPO INTERNA - ROTATIVO 2 (197)<br \/>Grupo de an\u00fancios: Princ_Meio01_720x104 (27)<br><br>Condi\u00e7\u00f5es de exibi\u00e7\u00e3o<div style=\"margin-bottom: 20px; white-space: pre-wrap; font-family: monospace; width: 100%; background: #ffe9e9;\"><strong>condi\u00e7\u00f5es gerais<\/strong><table border=\"1\"><thead><tr><th><\/th><th>An\u00fancios<\/th><th>wp_the_query<\/th><\/tr><\/thead><tr><td>is_main_query<\/td><td>1<\/td><td>1<\/td><\/tr><tr><td>is_rest_api<\/td><td>0<\/td><td>1<\/td><\/tr><tr><td>page<\/td><td>0<\/td><td>1<\/td><\/tr><tr><td>numpages<\/td><td>0<\/td><td>1<\/td><\/tr><tr><td>is_archive<\/td><td>1<\/td><td><\/td><\/tr><tr><td>is_search<\/td><td>1<\/td><td><\/td><\/tr><tr><td>is_home<\/td><td>1<\/td><td><\/td><\/tr><tr><td>is_404<\/td><td>1<\/td><td><\/td><\/tr><tr><td>is_attachment<\/td><td>1<\/td><td><\/td><\/tr><tr><td>is_singular<\/td><td>1<\/td><td><\/td><\/tr><tr><td>is_front_page<\/td><td>1<\/td><td><\/td><\/tr><tr><td>is_feed<\/td><td>1<\/td><td><\/td><\/tr><\/table><\/div><br><br><span style=\"color: red;\">Seu site usa HTTPS, mas o c\u00f3digo do an\u00fancio cont\u00e9m HTTP e pode n\u00e3o funcionar.<\/span>\t<br><br>\n\t<a style=\"color: green;\" href=\"https:\/\/wpadvancedads.com\/manual\/ad-debug-mode\/?utm_source=advanced-ads&utm_medium=link&utm_campaign=ad-debug-mode\" target=\"_blank\" rel=\"nofollow\">Encontre solu\u00e7\u00f5es no manual<\/a>\n<\/div>\n<\/li><\/ul><\/div><script>( window.advanced_ads_ready || jQuery( document ).ready ).call( null, function() {var $lavraslider3137135881 = jQuery( \".lavra-slider-3137135881\" );$lavraslider3137135881.on( \"unslider.ready\", function() { jQuery( \"div.custom-slider ul li\" ).css( \"display\", \"block\" ); });$lavraslider3137135881.unslider({ delay:4000, autoplay:true, nav:false, arrows:false, infinite:true });$lavraslider3137135881.on(\"mouseover\", function() {$lavraslider3137135881.unslider(\"stop\");}).on(\"mouseout\", function() {$lavraslider3137135881.unslider(\"start\");});});<\/script><\/div><p>Dos 29.101 candidatos que pediram registro, a Justi\u00e7a Eleitoral rejeitou 1.888, o que representa 6,5% do total. Segundo dados dispon\u00edveis no portal do Tribunal Superior Eleitoral (TSE), 173 candidatos foram julgados inaptos por causa da Lei da Ficha Limpa, entre eles o ex-presidente Luiz In\u00e1cio Lula da Silva, que disputaria o Pal\u00e1cio do Planalto pelo PT.<!--more--><\/p>\n<p>A falta de requisitos para registro &#8211; como a n\u00e3o comprova\u00e7\u00e3o de pleno exerc\u00edcio dos direitos pol\u00edticos, alistamento eleitoral e filia\u00e7\u00e3o partid\u00e1ria &#8211; foi o principal motivo para indeferimento de candidaturas \u2013 75,46% do total de pedidos. Treze candidatos foram considerados inaptos a disputar as elei\u00e7\u00f5es por abuso de poder e outros cinco por gasto il\u00edcito de recursos.<\/p>\n<p><img fetchpriority=\"high\" decoding=\"async\" class=\"alignnone size-full wp-image-18067 aligncenter\" src=\"http:\/\/lavras.tv\/site\/wp-content\/uploads\/2018\/09\/Ficha-Limpa.jpg\" alt=\"Ficha-Limpa\" width=\"1575\" height=\"903\" srcset=\"https:\/\/lavras.tv\/site\/wp-content\/uploads\/2018\/09\/Ficha-Limpa.jpg 1575w, https:\/\/lavras.tv\/site\/wp-content\/uploads\/2018\/09\/Ficha-Limpa-150x86.jpg 150w, https:\/\/lavras.tv\/site\/wp-content\/uploads\/2018\/09\/Ficha-Limpa-300x172.jpg 300w, https:\/\/lavras.tv\/site\/wp-content\/uploads\/2018\/09\/Ficha-Limpa-1024x587.jpg 1024w\" sizes=\"(max-width: 1575px) 100vw, 1575px\" \/><\/p>\n<p>A Justi\u00e7a Eleitoral confirmou 27.213 candidaturas, um crescimento de 4% em rela\u00e7\u00e3o a 2014, quando 26.162 disputaram as elei\u00e7\u00f5es gerais \u2013 presidente, governador, senador, deputado federal, estadual e distrital. At\u00e9 agora, 682 candidatos renunciaram e tr\u00eas morreram.<\/p>\n<p>Embora a corrida presidencial seja a mais discutida no pa\u00eds, a elei\u00e7\u00e3o para a C\u00e2mara Legislativa do Distrito Federal (CLDF) \u00e9 a mais disputada: s\u00e3o 40,88 candidatos por vaga. A C\u00e2mara Legislativa tem 24 cadeiras e se apresentaram 981 concorrentes.<\/p>\n<p>As 26 assembleias legislativas t\u00eam 1.035 cadeiras e 17.950 candidatos, o que d\u00e1 em m\u00e9dia 17,34 concorrentes por vaga. Para as 513 vagas na C\u00e2mara dos Deputados, s\u00e3o 8.595 postulantes (16,75 por vaga).<\/p>\n<p>Do total de candidatos, 13 disputam a Presid\u00eancia da Rep\u00fablica, 202 concorrem a governador dos 26 estados e do Distrito Federal e 358 postulam o Senado. Neste ano, est\u00e3o em disputa duas cadeiras de senador por estado, totalizando 54 vagas.<\/p>\n<p>O PSL foi o partido que lan\u00e7ou o maior n\u00famero de candidatos pa\u00eds afora \u2013 1.543, 5,3% do total. Al\u00e9m do presidenci\u00e1vel Jair Bolsonaro, 942 concorrem a deputado estadual, 488 a deputado federal, 24 a deputado distrital, 22 a senador, 14 a governador, 11 a vice-governador e 41 a suplente de senador.<\/p>\n<p>Na sequ\u00eancia v\u00eam o PSOL, com 1.347 concorrentes e o PT, com 1.309 candidatos. Al\u00e9m do presidenci\u00e1vel Guilherme Boulos, o PSOL lan\u00e7ou candidatos a governador em 25 estados. O PT tem candidato a presidente, Fernando Haddad, e disputa 16 governos estaduais.<\/p>\n<p>Fonte: Ag\u00eancia Brasil<\/p>\n","protected":false},"excerpt":{"rendered":"<p>Dos 29.101 candidatos que pediram registro, a Justi\u00e7a Eleitoral rejeitou 1.888, o que representa 6,5% do total. Segundo dados dispon\u00edveis no portal do Tribunal Superior Eleitoral (TSE), 173 candidatos foram julgados inaptos por causa da Lei da Ficha Limpa, entre eles o ex-presidente Luiz In\u00e1cio Lula da Silva, que disputaria o Pal\u00e1cio do Planalto pelo [&hellip;]<\/p>\n","protected":false},"author":2,"featured_media":18067,"comment_status":"closed","ping_status":"open","sticky":false,"template":"","format":"standard","meta":{"advgb_blocks_editor_width":"","advgb_blocks_columns_visual_guide":"","_exactmetrics_skip_tracking":false,"_exactmetrics_sitenote_active":false,"_exactmetrics_sitenote_note":"","_exactmetrics_sitenote_category":0,"footnotes":""},"categories":[7,12],"tags":[3281,5204,5205,396],"class_list":["post-18066","post","type-post","status-publish","format-standard","has-post-thumbnail","hentry","category-destaques","category-politica","tag-eleicoes-2018","tag-ficha-limpa","tag-lei-da-ficha-limpa","tag-politica"],"better_featured_image":{"id":18067,"alt_text":"","caption":"","description":"","media_type":"image","media_details":{"width":1575,"height":903,"file":"2018\/09\/Ficha-Limpa.jpg","sizes":{"thumbnail":{"file":"Ficha-Limpa-150x86.jpg","width":150,"height":86,"mime-type":"image\/jpeg","source_url":"https:\/\/lavras.tv\/site\/wp-content\/uploads\/2018\/09\/Ficha-Limpa-150x86.jpg"},"medium":{"file":"Ficha-Limpa-300x172.jpg","width":300,"height":172,"mime-type":"image\/jpeg","source_url":"https:\/\/lavras.tv\/site\/wp-content\/uploads\/2018\/09\/Ficha-Limpa-300x172.jpg"},"large":{"file":"Ficha-Limpa-1024x587.jpg","width":1024,"height":587,"mime-type":"image\/jpeg","source_url":"https:\/\/lavras.tv\/site\/wp-content\/uploads\/2018\/09\/Ficha-Limpa-1024x587.jpg"},"featured-slider-img":{"file":"Ficha-Limpa-640x480.jpg","width":640,"height":480,"mime-type":"image\/jpeg","source_url":"https:\/\/lavras.tv\/site\/wp-content\/uploads\/2018\/09\/Ficha-Limpa-640x480.jpg"},"featured-post-img":{"file":"Ficha-Limpa-480x320.jpg","width":480,"height":320,"mime-type":"image\/jpeg","source_url":"https:\/\/lavras.tv\/site\/wp-content\/uploads\/2018\/09\/Ficha-Limpa-480x320.jpg"},"sow-carousel-default":{"file":"Ficha-Limpa-272x182.jpg","width":272,"height":182,"mime-type":"image\/jpeg","source_url":"https:\/\/lavras.tv\/site\/wp-content\/uploads\/2018\/09\/Ficha-Limpa-272x182.jpg"}},"image_meta":{"aperture":"0","credit":"","camera":"","caption":"","created_timestamp":"0","copyright":"","focal_length":"0","iso":"0","shutter_speed":"0","title":"","orientation":"0","keywords":[]}},"post":18066,"source_url":"https:\/\/lavras.tv\/site\/wp-content\/uploads\/2018\/09\/Ficha-Limpa.jpg"},"author_meta":{"display_name":"Lavras TV","author_link":"https:\/\/lavras.tv\/site\/author\/lavrastv\/"},"featured_img":"https:\/\/lavras.tv\/site\/wp-content\/uploads\/2018\/09\/Ficha-Limpa-300x172.jpg","coauthors":[],"tax_additional":{"categories":{"linked":["<a href=\"https:\/\/lavras.tv\/site\/category\/destaques\/\" class=\"advgb-post-tax-term\">Destaques<\/a>","<a href=\"https:\/\/lavras.tv\/site\/category\/politica\/\" class=\"advgb-post-tax-term\">Pol\u00edtica<\/a>"],"unlinked":["<span class=\"advgb-post-tax-term\">Destaques<\/span>","<span class=\"advgb-post-tax-term\">Pol\u00edtica<\/span>"]},"tags":{"linked":["<a href=\"https:\/\/lavras.tv\/site\/category\/politica\/\" class=\"advgb-post-tax-term\">elei\u00e7\u00f5es 2018<\/a>","<a href=\"https:\/\/lavras.tv\/site\/category\/politica\/\" class=\"advgb-post-tax-term\">ficha limpa<\/a>","<a href=\"https:\/\/lavras.tv\/site\/category\/politica\/\" class=\"advgb-post-tax-term\">lei da ficha limpa<\/a>","<a href=\"https:\/\/lavras.tv\/site\/category\/politica\/\" class=\"advgb-post-tax-term\">pol\u00edtica<\/a>"],"unlinked":["<span class=\"advgb-post-tax-term\">elei\u00e7\u00f5es 2018<\/span>","<span class=\"advgb-post-tax-term\">ficha limpa<\/span>","<span class=\"advgb-post-tax-term\">lei da ficha limpa<\/span>","<span class=\"advgb-post-tax-term\">pol\u00edtica<\/span>"]}},"comment_count":"0","relative_dates":{"created":"Publicado 8 anos atr\u00e1s","modified":"Atualizado 8 anos atr\u00e1s"},"absolute_dates":{"created":"Publicado em 25 de setembro de 2018","modified":"Atualizado em 25 de setembro de 2018"},"absolute_dates_time":{"created":"Publicado em 25 de setembro de 2018 09:45","modified":"Atualizado em 25 de setembro de 2018 09:45"},"featured_img_caption":"","series_order":"","_links":{"self":[{"href":"https:\/\/lavras.tv\/site\/wp-json\/wp\/v2\/posts\/18066","targetHints":{"allow":["GET"]}}],"collection":[{"href":"https:\/\/lavras.tv\/site\/wp-json\/wp\/v2\/posts"}],"about":[{"href":"https:\/\/lavras.tv\/site\/wp-json\/wp\/v2\/types\/post"}],"author":[{"embeddable":true,"href":"https:\/\/lavras.tv\/site\/wp-json\/wp\/v2\/users\/2"}],"replies":[{"embeddable":true,"href":"https:\/\/lavras.tv\/site\/wp-json\/wp\/v2\/comments?post=18066"}],"version-history":[{"count":1,"href":"https:\/\/lavras.tv\/site\/wp-json\/wp\/v2\/posts\/18066\/revisions"}],"predecessor-version":[{"id":18068,"href":"https:\/\/lavras.tv\/site\/wp-json\/wp\/v2\/posts\/18066\/revisions\/18068"}],"wp:featuredmedia":[{"embeddable":true,"href":"https:\/\/lavras.tv\/site\/wp-json\/wp\/v2\/media\/18067"}],"wp:attachment":[{"href":"https:\/\/lavras.tv\/site\/wp-json\/wp\/v2\/media?parent=18066"}],"wp:term":[{"taxonomy":"category","embeddable":true,"href":"https:\/\/lavras.tv\/site\/wp-json\/wp\/v2\/categories?post=18066"},{"taxonomy":"post_tag","embeddable":true,"href":"https:\/\/lavras.tv\/site\/wp-json\/wp\/v2\/tags?post=18066"}],"curies":[{"name":"wp","href":"https:\/\/api.w.org\/{rel}","templated":true}]}}