{"id":18123,"date":"2018-10-01T10:02:31","date_gmt":"2018-10-01T13:02:31","guid":{"rendered":"http:\/\/lavras.tv\/site\/?p=18123"},"modified":"2018-10-01T10:02:31","modified_gmt":"2018-10-01T13:02:31","slug":"estao-abertas-as-inscricoes-para-a-corrida-unilavras-2018","status":"publish","type":"post","link":"https:\/\/lavras.tv\/site\/2018\/10\/01\/estao-abertas-as-inscricoes-para-a-corrida-unilavras-2018\/","title":{"rendered":"Est\u00e3o abertas as inscri\u00e7\u00f5es para a Corrida Unilavras 2018"},"content":{"rendered":"<div class=\"lavra-antes-do-conteudo_2\" id=\"lavra-2774296550\"><div id=\"lavra-slider-27\" class=\"custom-slider lavra-slider-1244102323 lavra-slider\"><ul><li><div style=\"margin-left: auto;margin-right: auto;text-align: center;\" id=\"lavra-772059011\"><a href=\"https:\/\/sistemas.lavras.mg.gov.br\/portalcidadao\/#df1b1a7c7b2a290bcb31e32771e610784662739a88807c0dacac58ede5f391a7530e299dc302d611ee73cb143fc22eaf93592e53e7b5bdb01b00a0b8d28dae460c141dd2ff83412e4dc1c31b16b25f33144a9e5620ea73b13f5bc1c59411d98439ad226e8af03840603796067d87afe130812cf3de24982d0e306f9e61e764e5\" aria-label=\"Lavras-TV&#8211;720x104px (1) (1)\"><img src=\"https:\/\/lavras.tv\/site\/wp-content\/uploads\/2025\/01\/Lavras-TV-720x104px-1-1.png\" alt=\"\"  srcset=\"https:\/\/lavras.tv\/site\/wp-content\/uploads\/2025\/01\/Lavras-TV-720x104px-1-1.png 720w, https:\/\/lavras.tv\/site\/wp-content\/uploads\/2025\/01\/Lavras-TV-720x104px-1-1-470x68.png 470w, https:\/\/lavras.tv\/site\/wp-content\/uploads\/2025\/01\/Lavras-TV-720x104px-1-1-170x25.png 170w, https:\/\/lavras.tv\/site\/wp-content\/uploads\/2025\/01\/Lavras-TV-720x104px-1-1-200x29.png 200w\" sizes=\"(max-width: 720px) 100vw, 720px\" width=\"720\" height=\"104\"  style=\"display: inline-block;\" \/><\/a><\/div><\/li><li><a href=\"https:\/\/sistemas.lavras.mg.gov.br\/portalcidadao\/#df1b1a7c7b2a290bcb31e32771e610784662739a88807c0dacac58ede5f391a7530e299dc302d611ee73cb143fc22eaf93592e53e7b5bdb01b00a0b8d28dae460c141dd2ff83412e4dc1c31b16b25f33144a9e5620ea73b13f5bc1c59411d98439ad226e8af03840603796067d87afe130812cf3de24982d0e306f9e61e764e5\" aria-label=\"Banner_Emprego_PortallavrasTV\"><img src=\"https:\/\/lavras.tv\/site\/wp-content\/uploads\/2025\/03\/Banner_Emprego_PortallavrasTV.png\" alt=\"\"  srcset=\"https:\/\/lavras.tv\/site\/wp-content\/uploads\/2025\/03\/Banner_Emprego_PortallavrasTV.png 720w, https:\/\/lavras.tv\/site\/wp-content\/uploads\/2025\/03\/Banner_Emprego_PortallavrasTV-470x68.png 470w, https:\/\/lavras.tv\/site\/wp-content\/uploads\/2025\/03\/Banner_Emprego_PortallavrasTV-170x25.png 170w, https:\/\/lavras.tv\/site\/wp-content\/uploads\/2025\/03\/Banner_Emprego_PortallavrasTV-200x29.png 200w\" sizes=\"(max-width: 720px) 100vw, 720px\" width=\"720\" height=\"104\"   \/><\/a><\/li><li><a href=\"https:\/\/sistemas.lavras.mg.gov.br\/portalcidadao\/#df1b1a7c7b2a290bcb31e32771e610784662739a88807c0dacac58ede5f391a7530e299dc302d611ee73cb143fc22eaf93592e53e7b5bdb01b00a0b8d28dae460c141dd2ff83412e4dc1c31b16b25f33144a9e5620ea73b13f5bc1c59411d98439ad226e8af03840603796067d87afe130812cf3de24982d0e306f9e61e764e5\" aria-label=\"Banner_Obras_PortallavrasTV\"><img src=\"https:\/\/lavras.tv\/site\/wp-content\/uploads\/2025\/03\/Banner_Obras_PortallavrasTV.png\" alt=\"\"  srcset=\"https:\/\/lavras.tv\/site\/wp-content\/uploads\/2025\/03\/Banner_Obras_PortallavrasTV.png 720w, https:\/\/lavras.tv\/site\/wp-content\/uploads\/2025\/03\/Banner_Obras_PortallavrasTV-470x68.png 470w, https:\/\/lavras.tv\/site\/wp-content\/uploads\/2025\/03\/Banner_Obras_PortallavrasTV-170x25.png 170w, https:\/\/lavras.tv\/site\/wp-content\/uploads\/2025\/03\/Banner_Obras_PortallavrasTV-200x29.png 200w\" sizes=\"(max-width: 720px) 100vw, 720px\" width=\"720\" height=\"104\"   \/><\/a><\/li><li><div style=\"margin-left: auto;margin-right: auto;text-align: center;\" id=\"lavra-1473148853\"><a href=\"https:\/\/sistemas.lavras.mg.gov.br\/portalcidadao\/#df1b1a7c7b2a290bcb31e32771e610784662739a88807c0dacac58ede5f391a7530e299dc302d611ee73cb143fc22eaf93592e53e7b5bdb01b00a0b8d28dae460c141dd2ff83412e4dc1c31b16b25f33144a9e5620ea73b13f5bc1c59411d98439ad226e8af03840603796067d87afe130812cf3de24982d0e306f9e61e764e5\" aria-label=\"Banner_Educa\u00e7\u00e3o_PortallavrasTV\"><img src=\"https:\/\/lavras.tv\/site\/wp-content\/uploads\/2025\/01\/Banner_Educacao_PortallavrasTV.png\" alt=\"\"  srcset=\"https:\/\/lavras.tv\/site\/wp-content\/uploads\/2025\/01\/Banner_Educacao_PortallavrasTV.png 720w, https:\/\/lavras.tv\/site\/wp-content\/uploads\/2025\/01\/Banner_Educacao_PortallavrasTV-470x68.png 470w, https:\/\/lavras.tv\/site\/wp-content\/uploads\/2025\/01\/Banner_Educacao_PortallavrasTV-170x25.png 170w, https:\/\/lavras.tv\/site\/wp-content\/uploads\/2025\/01\/Banner_Educacao_PortallavrasTV-200x29.png 200w\" sizes=\"(max-width: 720px) 100vw, 720px\" width=\"720\" height=\"104\"  style=\"display: inline-block;\" \/><\/a><\/div><\/li><li><a href=\"https:\/\/sistemas.lavras.mg.gov.br\/portalcidadao\/#df1b1a7c7b2a290bcb31e32771e610784662739a88807c0dacac58ede5f391a7530e299dc302d611ee73cb143fc22eaf93592e53e7b5bdb01b00a0b8d28dae460c141dd2ff83412e4dc1c31b16b25f33144a9e5620ea73b13f5bc1c59411d98439ad226e8af03840603796067d87afe130812cf3de24982d0e306f9e61e764e5\" aria-label=\"Banner_Sa\u00fade_PortallavrasTV\"><img src=\"https:\/\/lavras.tv\/site\/wp-content\/uploads\/2025\/03\/Banner_Saude_PortallavrasTV.png\" alt=\"\"  srcset=\"https:\/\/lavras.tv\/site\/wp-content\/uploads\/2025\/03\/Banner_Saude_PortallavrasTV.png 720w, https:\/\/lavras.tv\/site\/wp-content\/uploads\/2025\/03\/Banner_Saude_PortallavrasTV-470x68.png 470w, https:\/\/lavras.tv\/site\/wp-content\/uploads\/2025\/03\/Banner_Saude_PortallavrasTV-170x25.png 170w, https:\/\/lavras.tv\/site\/wp-content\/uploads\/2025\/03\/Banner_Saude_PortallavrasTV-200x29.png 200w\" sizes=\"(max-width: 720px) 100vw, 720px\" width=\"720\" height=\"104\"   \/><\/a><\/li><li><div id=\"lavra-802645517\" style=\"width:720px;height:104px;background-color:#ddd;overflow:scroll;\">\n\t<strong>Sa\u00edda da depura\u00e7\u00e3o de an\u00fancios<\/strong>\n\t<br><br>\n\tO an\u00fancio n\u00e3o \u00e9 exibido na p\u00e1gina<br><br>post atual: Est\u00e3o abertas as inscri\u00e7\u00f5es para a Corrida Unilavras 2018, ID: 18123<br><br><span style=\"color: red;\">O post atual n\u00e3o \u00e9 id\u00eantico ao post principal.<\/span><br><br>An\u00fancios: ROXO - TOPO INTERNA - ROTATIVO 2 (197)<br \/>Grupo de an\u00fancios: Princ_Meio01_720x104 (27)<br><br>Condi\u00e7\u00f5es de exibi\u00e7\u00e3o<div style=\"margin-bottom: 20px; white-space: pre-wrap; font-family: monospace; width: 100%; background: #ffe9e9;\"><strong>condi\u00e7\u00f5es gerais<\/strong><table border=\"1\"><thead><tr><th><\/th><th>An\u00fancios<\/th><th>wp_the_query<\/th><\/tr><\/thead><tr><td>is_main_query<\/td><td>1<\/td><td>1<\/td><\/tr><tr><td>is_rest_api<\/td><td>0<\/td><td>1<\/td><\/tr><tr><td>page<\/td><td>0<\/td><td>1<\/td><\/tr><tr><td>numpages<\/td><td>0<\/td><td>1<\/td><\/tr><tr><td>is_archive<\/td><td>1<\/td><td><\/td><\/tr><tr><td>is_search<\/td><td>1<\/td><td><\/td><\/tr><tr><td>is_home<\/td><td>1<\/td><td><\/td><\/tr><tr><td>is_404<\/td><td>1<\/td><td><\/td><\/tr><tr><td>is_attachment<\/td><td>1<\/td><td><\/td><\/tr><tr><td>is_singular<\/td><td>1<\/td><td><\/td><\/tr><tr><td>is_front_page<\/td><td>1<\/td><td><\/td><\/tr><tr><td>is_feed<\/td><td>1<\/td><td><\/td><\/tr><\/table><\/div><br><br><span style=\"color: red;\">Seu site usa HTTPS, mas o c\u00f3digo do an\u00fancio cont\u00e9m HTTP e pode n\u00e3o funcionar.<\/span>\t<br><br>\n\t<a style=\"color: green;\" href=\"https:\/\/wpadvancedads.com\/manual\/ad-debug-mode\/?utm_source=advanced-ads&utm_medium=link&utm_campaign=ad-debug-mode\" target=\"_blank\" rel=\"nofollow\">Encontre solu\u00e7\u00f5es no manual<\/a>\n<\/div>\n<\/li><\/ul><\/div><script>( window.advanced_ads_ready || jQuery( document ).ready ).call( null, function() {var $lavraslider1244102323 = jQuery( \".lavra-slider-1244102323\" );$lavraslider1244102323.on( \"unslider.ready\", function() { jQuery( \"div.custom-slider ul li\" ).css( \"display\", \"block\" ); });$lavraslider1244102323.unslider({ delay:4000, autoplay:true, nav:false, arrows:false, infinite:true });$lavraslider1244102323.on(\"mouseover\", function() {$lavraslider1244102323.unslider(\"stop\");}).on(\"mouseout\", function() {$lavraslider1244102323.unslider(\"start\");});});<\/script><\/div><p><span style=\"font-weight: 400;\">No dia 21 de outubro de 2018, acontecer\u00e1 a 4\u00aa Edi\u00e7\u00e3o da Corrida Unilavras, que v\u00eam a cada ano se consolidando no calend\u00e1rio de corridas de rua da regi\u00e3o de Lavras.<\/span><!--more--><\/p>\n<p><span style=\"font-weight: 400;\">A prova de 2018 contar\u00e1 com duas op\u00e7\u00f5es de percursos, um mais curto de 5km e outro mais longo de 10km, percorrendo v\u00e1rias ruas e avenidas da cidade de Lavras.<\/span><\/p>\n<p><span style=\"font-weight: 400;\">A largada para a Corrida ser\u00e1 realizada as 08h da manh\u00e3 em frente a portaria principal do Unilavras.<\/span><\/p>\n<p><img fetchpriority=\"high\" decoding=\"async\" class=\"alignnone size-full wp-image-18124 aligncenter\" src=\"http:\/\/lavras.tv\/site\/wp-content\/uploads\/2018\/10\/corrida-unilavras.jpg\" alt=\"corrida-unilavras\" width=\"760\" height=\"403\" srcset=\"https:\/\/lavras.tv\/site\/wp-content\/uploads\/2018\/10\/corrida-unilavras.jpg 760w, https:\/\/lavras.tv\/site\/wp-content\/uploads\/2018\/10\/corrida-unilavras-150x80.jpg 150w, https:\/\/lavras.tv\/site\/wp-content\/uploads\/2018\/10\/corrida-unilavras-300x159.jpg 300w\" sizes=\"(max-width: 760px) 100vw, 760px\" \/><\/p>\n<p><span style=\"font-weight: 400;\">Todos os atletas inscritos receber\u00e3o camiseta promocional do evento, n\u00famero do peito, hidrata\u00e7\u00e3o, medalha de participa\u00e7\u00e3o e brindes dos patrocinadores.<\/span><\/p>\n<p><span style=\"font-weight: 400;\">Os cinco primeiros colocados gerais de cada prova, assim como os tr\u00eas primeiros colocados da categoria Unilavras e por faixa et\u00e1ria receber\u00e3o premia\u00e7\u00e3o em trof\u00e9u. <\/span><\/p>\n<p><span style=\"font-weight: 400;\">Al\u00e9m da corrida adulta, o evento conta com a tradicional Corrida Kids, voltada para crian\u00e7as de 5 a 12 anos de idade, que ser\u00e3o divididas em v\u00e1rias baterias e categorias de acordo com a faixa et\u00e1ria. Para as crian\u00e7as, haver\u00e1 um espa\u00e7o kids com recrea\u00e7\u00e3o e atividades, que come\u00e7ar\u00e1 a funcionar a partir das 07 horas da manh\u00e3.<\/span><\/p>\n<p><span style=\"font-weight: 400;\">As inscri\u00e7\u00f5es poder\u00e3o ser realizadas por meio do link a seguir: <\/span><a href=\"https:\/\/keepsporting.com\/cr\/Fu3CkJZtPvZ4JoaXe\/corrida-unilavras-2018\"><span style=\"font-weight: 400;\">https:\/\/keepsporting.com\/cr\/Fu3CkJZtPvZ4JoaXe\/corrida-unilavras-2018<\/span><\/a><\/p>\n<p>Fonte: ASDELA<\/p>\n","protected":false},"excerpt":{"rendered":"<p>No dia 21 de outubro de 2018, acontecer\u00e1 a 4\u00aa Edi\u00e7\u00e3o da Corrida Unilavras, que v\u00eam a cada ano se consolidando no calend\u00e1rio de corridas de rua da regi\u00e3o de Lavras.<\/p>\n","protected":false},"author":2,"featured_media":18124,"comment_status":"closed","ping_status":"open","sticky":false,"template":"","format":"standard","meta":{"advgb_blocks_editor_width":"","advgb_blocks_columns_visual_guide":"","_exactmetrics_skip_tracking":false,"_exactmetrics_sitenote_active":false,"_exactmetrics_sitenote_note":"","_exactmetrics_sitenote_category":0,"footnotes":""},"categories":[7,3],"tags":[145,603,2149,405],"class_list":["post-18123","post","type-post","status-publish","format-standard","has-post-thumbnail","hentry","category-destaques","category-esportes","tag-asdela","tag-corrida-unilavras","tag-inscricao","tag-unilavras"],"better_featured_image":{"id":18124,"alt_text":"","caption":"","description":"","media_type":"image","media_details":{"width":760,"height":403,"file":"2018\/10\/corrida-unilavras.jpg","sizes":{"thumbnail":{"file":"corrida-unilavras-150x80.jpg","width":150,"height":80,"mime-type":"image\/jpeg","source_url":"https:\/\/lavras.tv\/site\/wp-content\/uploads\/2018\/10\/corrida-unilavras-150x80.jpg"},"medium":{"file":"corrida-unilavras-300x159.jpg","width":300,"height":159,"mime-type":"image\/jpeg","source_url":"https:\/\/lavras.tv\/site\/wp-content\/uploads\/2018\/10\/corrida-unilavras-300x159.jpg"},"featured-slider-img":{"file":"corrida-unilavras-640x403.jpg","width":640,"height":403,"mime-type":"image\/jpeg","source_url":"https:\/\/lavras.tv\/site\/wp-content\/uploads\/2018\/10\/corrida-unilavras-640x403.jpg"},"featured-post-img":{"file":"corrida-unilavras-480x320.jpg","width":480,"height":320,"mime-type":"image\/jpeg","source_url":"https:\/\/lavras.tv\/site\/wp-content\/uploads\/2018\/10\/corrida-unilavras-480x320.jpg"},"sow-carousel-default":{"file":"corrida-unilavras-272x182.jpg","width":272,"height":182,"mime-type":"image\/jpeg","source_url":"https:\/\/lavras.tv\/site\/wp-content\/uploads\/2018\/10\/corrida-unilavras-272x182.jpg"}},"image_meta":{"aperture":"0","credit":"","camera":"","caption":"","created_timestamp":"0","copyright":"","focal_length":"0","iso":"0","shutter_speed":"0","title":"","orientation":"0","keywords":[]}},"post":18123,"source_url":"https:\/\/lavras.tv\/site\/wp-content\/uploads\/2018\/10\/corrida-unilavras.jpg"},"author_meta":{"display_name":"Lavras TV","author_link":"https:\/\/lavras.tv\/site\/author\/lavrastv\/"},"featured_img":"https:\/\/lavras.tv\/site\/wp-content\/uploads\/2018\/10\/corrida-unilavras-300x159.jpg","coauthors":[],"tax_additional":{"categories":{"linked":["<a href=\"https:\/\/lavras.tv\/site\/category\/destaques\/\" class=\"advgb-post-tax-term\">Destaques<\/a>","<a href=\"https:\/\/lavras.tv\/site\/category\/esportes\/\" class=\"advgb-post-tax-term\">Esportes<\/a>"],"unlinked":["<span class=\"advgb-post-tax-term\">Destaques<\/span>","<span class=\"advgb-post-tax-term\">Esportes<\/span>"]},"tags":{"linked":["<a href=\"https:\/\/lavras.tv\/site\/category\/esportes\/\" class=\"advgb-post-tax-term\">asdela<\/a>","<a href=\"https:\/\/lavras.tv\/site\/category\/esportes\/\" class=\"advgb-post-tax-term\">corrida unilavras<\/a>","<a href=\"https:\/\/lavras.tv\/site\/category\/esportes\/\" class=\"advgb-post-tax-term\">inscri\u00e7\u00e3o<\/a>","<a href=\"https:\/\/lavras.tv\/site\/category\/esportes\/\" class=\"advgb-post-tax-term\">unilavras<\/a>"],"unlinked":["<span class=\"advgb-post-tax-term\">asdela<\/span>","<span class=\"advgb-post-tax-term\">corrida unilavras<\/span>","<span class=\"advgb-post-tax-term\">inscri\u00e7\u00e3o<\/span>","<span class=\"advgb-post-tax-term\">unilavras<\/span>"]}},"comment_count":"0","relative_dates":{"created":"Publicado 8 anos atr\u00e1s","modified":"Atualizado 8 anos atr\u00e1s"},"absolute_dates":{"created":"Publicado em 1 de outubro de 2018","modified":"Atualizado em 1 de outubro de 2018"},"absolute_dates_time":{"created":"Publicado em 1 de outubro de 2018 10:02","modified":"Atualizado em 1 de outubro de 2018 10:02"},"featured_img_caption":"","series_order":"","_links":{"self":[{"href":"https:\/\/lavras.tv\/site\/wp-json\/wp\/v2\/posts\/18123","targetHints":{"allow":["GET"]}}],"collection":[{"href":"https:\/\/lavras.tv\/site\/wp-json\/wp\/v2\/posts"}],"about":[{"href":"https:\/\/lavras.tv\/site\/wp-json\/wp\/v2\/types\/post"}],"author":[{"embeddable":true,"href":"https:\/\/lavras.tv\/site\/wp-json\/wp\/v2\/users\/2"}],"replies":[{"embeddable":true,"href":"https:\/\/lavras.tv\/site\/wp-json\/wp\/v2\/comments?post=18123"}],"version-history":[{"count":1,"href":"https:\/\/lavras.tv\/site\/wp-json\/wp\/v2\/posts\/18123\/revisions"}],"predecessor-version":[{"id":18125,"href":"https:\/\/lavras.tv\/site\/wp-json\/wp\/v2\/posts\/18123\/revisions\/18125"}],"wp:featuredmedia":[{"embeddable":true,"href":"https:\/\/lavras.tv\/site\/wp-json\/wp\/v2\/media\/18124"}],"wp:attachment":[{"href":"https:\/\/lavras.tv\/site\/wp-json\/wp\/v2\/media?parent=18123"}],"wp:term":[{"taxonomy":"category","embeddable":true,"href":"https:\/\/lavras.tv\/site\/wp-json\/wp\/v2\/categories?post=18123"},{"taxonomy":"post_tag","embeddable":true,"href":"https:\/\/lavras.tv\/site\/wp-json\/wp\/v2\/tags?post=18123"}],"curies":[{"name":"wp","href":"https:\/\/api.w.org\/{rel}","templated":true}]}}