{"id":1815,"date":"2016-08-25T11:25:28","date_gmt":"2016-08-25T11:25:28","guid":{"rendered":"http:\/\/lavras.tv\/site\/?p=1815"},"modified":"2016-08-25T11:37:01","modified_gmt":"2016-08-25T11:37:01","slug":"confira-a-agenda-de-cursos-gratuitos-do-senar-mg","status":"publish","type":"post","link":"https:\/\/lavras.tv\/site\/2016\/08\/25\/confira-a-agenda-de-cursos-gratuitos-do-senar-mg\/","title":{"rendered":"Confira a agenda de cursos gratuitos do Senar-MG"},"content":{"rendered":"<div class=\"lavra-antes-do-conteudo_2\" id=\"lavra-2442346272\"><div id=\"lavra-slider-27\" class=\"custom-slider lavra-slider-1345762348 lavra-slider\"><ul><li><div style=\"margin-left: auto;margin-right: auto;text-align: center;\" id=\"lavra-1214662955\"><a href=\"https:\/\/sistemas.lavras.mg.gov.br\/portalcidadao\/#df1b1a7c7b2a290bcb31e32771e610784662739a88807c0dacac58ede5f391a7530e299dc302d611ee73cb143fc22eaf93592e53e7b5bdb01b00a0b8d28dae460c141dd2ff83412e4dc1c31b16b25f33144a9e5620ea73b13f5bc1c59411d98439ad226e8af03840603796067d87afe130812cf3de24982d0e306f9e61e764e5\" aria-label=\"Lavras-TV&#8211;720x104px (1) (1)\"><img src=\"https:\/\/lavras.tv\/site\/wp-content\/uploads\/2025\/01\/Lavras-TV-720x104px-1-1.png\" alt=\"\"  srcset=\"https:\/\/lavras.tv\/site\/wp-content\/uploads\/2025\/01\/Lavras-TV-720x104px-1-1.png 720w, https:\/\/lavras.tv\/site\/wp-content\/uploads\/2025\/01\/Lavras-TV-720x104px-1-1-470x68.png 470w, https:\/\/lavras.tv\/site\/wp-content\/uploads\/2025\/01\/Lavras-TV-720x104px-1-1-170x25.png 170w, https:\/\/lavras.tv\/site\/wp-content\/uploads\/2025\/01\/Lavras-TV-720x104px-1-1-200x29.png 200w\" sizes=\"(max-width: 720px) 100vw, 720px\" width=\"720\" height=\"104\"  style=\"display: inline-block;\" \/><\/a><\/div><\/li><li><a href=\"https:\/\/sistemas.lavras.mg.gov.br\/portalcidadao\/#df1b1a7c7b2a290bcb31e32771e610784662739a88807c0dacac58ede5f391a7530e299dc302d611ee73cb143fc22eaf93592e53e7b5bdb01b00a0b8d28dae460c141dd2ff83412e4dc1c31b16b25f33144a9e5620ea73b13f5bc1c59411d98439ad226e8af03840603796067d87afe130812cf3de24982d0e306f9e61e764e5\" aria-label=\"Banner_Emprego_PortallavrasTV\"><img src=\"https:\/\/lavras.tv\/site\/wp-content\/uploads\/2025\/03\/Banner_Emprego_PortallavrasTV.png\" alt=\"\"  srcset=\"https:\/\/lavras.tv\/site\/wp-content\/uploads\/2025\/03\/Banner_Emprego_PortallavrasTV.png 720w, https:\/\/lavras.tv\/site\/wp-content\/uploads\/2025\/03\/Banner_Emprego_PortallavrasTV-470x68.png 470w, https:\/\/lavras.tv\/site\/wp-content\/uploads\/2025\/03\/Banner_Emprego_PortallavrasTV-170x25.png 170w, https:\/\/lavras.tv\/site\/wp-content\/uploads\/2025\/03\/Banner_Emprego_PortallavrasTV-200x29.png 200w\" sizes=\"(max-width: 720px) 100vw, 720px\" width=\"720\" height=\"104\"   \/><\/a><\/li><li><a href=\"https:\/\/sistemas.lavras.mg.gov.br\/portalcidadao\/#df1b1a7c7b2a290bcb31e32771e610784662739a88807c0dacac58ede5f391a7530e299dc302d611ee73cb143fc22eaf93592e53e7b5bdb01b00a0b8d28dae460c141dd2ff83412e4dc1c31b16b25f33144a9e5620ea73b13f5bc1c59411d98439ad226e8af03840603796067d87afe130812cf3de24982d0e306f9e61e764e5\" aria-label=\"Banner_Obras_PortallavrasTV\"><img src=\"https:\/\/lavras.tv\/site\/wp-content\/uploads\/2025\/03\/Banner_Obras_PortallavrasTV.png\" alt=\"\"  srcset=\"https:\/\/lavras.tv\/site\/wp-content\/uploads\/2025\/03\/Banner_Obras_PortallavrasTV.png 720w, https:\/\/lavras.tv\/site\/wp-content\/uploads\/2025\/03\/Banner_Obras_PortallavrasTV-470x68.png 470w, https:\/\/lavras.tv\/site\/wp-content\/uploads\/2025\/03\/Banner_Obras_PortallavrasTV-170x25.png 170w, https:\/\/lavras.tv\/site\/wp-content\/uploads\/2025\/03\/Banner_Obras_PortallavrasTV-200x29.png 200w\" sizes=\"(max-width: 720px) 100vw, 720px\" width=\"720\" height=\"104\"   \/><\/a><\/li><li><div style=\"margin-left: auto;margin-right: auto;text-align: center;\" id=\"lavra-757351017\"><a href=\"https:\/\/sistemas.lavras.mg.gov.br\/portalcidadao\/#df1b1a7c7b2a290bcb31e32771e610784662739a88807c0dacac58ede5f391a7530e299dc302d611ee73cb143fc22eaf93592e53e7b5bdb01b00a0b8d28dae460c141dd2ff83412e4dc1c31b16b25f33144a9e5620ea73b13f5bc1c59411d98439ad226e8af03840603796067d87afe130812cf3de24982d0e306f9e61e764e5\" aria-label=\"Banner_Educa\u00e7\u00e3o_PortallavrasTV\"><img src=\"https:\/\/lavras.tv\/site\/wp-content\/uploads\/2025\/01\/Banner_Educacao_PortallavrasTV.png\" alt=\"\"  srcset=\"https:\/\/lavras.tv\/site\/wp-content\/uploads\/2025\/01\/Banner_Educacao_PortallavrasTV.png 720w, https:\/\/lavras.tv\/site\/wp-content\/uploads\/2025\/01\/Banner_Educacao_PortallavrasTV-470x68.png 470w, https:\/\/lavras.tv\/site\/wp-content\/uploads\/2025\/01\/Banner_Educacao_PortallavrasTV-170x25.png 170w, https:\/\/lavras.tv\/site\/wp-content\/uploads\/2025\/01\/Banner_Educacao_PortallavrasTV-200x29.png 200w\" sizes=\"(max-width: 720px) 100vw, 720px\" width=\"720\" height=\"104\"  style=\"display: inline-block;\" \/><\/a><\/div><\/li><li><a href=\"https:\/\/sistemas.lavras.mg.gov.br\/portalcidadao\/#df1b1a7c7b2a290bcb31e32771e610784662739a88807c0dacac58ede5f391a7530e299dc302d611ee73cb143fc22eaf93592e53e7b5bdb01b00a0b8d28dae460c141dd2ff83412e4dc1c31b16b25f33144a9e5620ea73b13f5bc1c59411d98439ad226e8af03840603796067d87afe130812cf3de24982d0e306f9e61e764e5\" aria-label=\"Banner_Sa\u00fade_PortallavrasTV\"><img src=\"https:\/\/lavras.tv\/site\/wp-content\/uploads\/2025\/03\/Banner_Saude_PortallavrasTV.png\" alt=\"\"  srcset=\"https:\/\/lavras.tv\/site\/wp-content\/uploads\/2025\/03\/Banner_Saude_PortallavrasTV.png 720w, https:\/\/lavras.tv\/site\/wp-content\/uploads\/2025\/03\/Banner_Saude_PortallavrasTV-470x68.png 470w, https:\/\/lavras.tv\/site\/wp-content\/uploads\/2025\/03\/Banner_Saude_PortallavrasTV-170x25.png 170w, https:\/\/lavras.tv\/site\/wp-content\/uploads\/2025\/03\/Banner_Saude_PortallavrasTV-200x29.png 200w\" sizes=\"(max-width: 720px) 100vw, 720px\" width=\"720\" height=\"104\"   \/><\/a><\/li><li><div id=\"lavra-169718409\" style=\"width:720px;height:104px;background-color:#ddd;overflow:scroll;\">\n\t<strong>Sa\u00edda da depura\u00e7\u00e3o de an\u00fancios<\/strong>\n\t<br><br>\n\tO an\u00fancio n\u00e3o \u00e9 exibido na p\u00e1gina<br><br>post atual: Confira a agenda de cursos gratuitos do Senar-MG, ID: 1815<br><br><span style=\"color: red;\">O post atual n\u00e3o \u00e9 id\u00eantico ao post principal.<\/span><br><br>An\u00fancios: ROXO - TOPO INTERNA - ROTATIVO 2 (197)<br \/>Grupo de an\u00fancios: Princ_Meio01_720x104 (27)<br><br>Condi\u00e7\u00f5es de exibi\u00e7\u00e3o<div style=\"margin-bottom: 20px; white-space: pre-wrap; font-family: monospace; width: 100%; background: #ffe9e9;\"><strong>condi\u00e7\u00f5es gerais<\/strong><table border=\"1\"><thead><tr><th><\/th><th>An\u00fancios<\/th><th>wp_the_query<\/th><\/tr><\/thead><tr><td>is_main_query<\/td><td>1<\/td><td>1<\/td><\/tr><tr><td>is_rest_api<\/td><td>0<\/td><td>1<\/td><\/tr><tr><td>page<\/td><td>0<\/td><td>1<\/td><\/tr><tr><td>numpages<\/td><td>0<\/td><td>1<\/td><\/tr><tr><td>is_archive<\/td><td>1<\/td><td><\/td><\/tr><tr><td>is_search<\/td><td>1<\/td><td><\/td><\/tr><tr><td>is_home<\/td><td>1<\/td><td><\/td><\/tr><tr><td>is_404<\/td><td>1<\/td><td><\/td><\/tr><tr><td>is_attachment<\/td><td>1<\/td><td><\/td><\/tr><tr><td>is_singular<\/td><td>1<\/td><td><\/td><\/tr><tr><td>is_front_page<\/td><td>1<\/td><td><\/td><\/tr><tr><td>is_feed<\/td><td>1<\/td><td><\/td><\/tr><\/table><\/div><br><br><span style=\"color: red;\">Seu site usa HTTPS, mas o c\u00f3digo do an\u00fancio cont\u00e9m HTTP e pode n\u00e3o funcionar.<\/span>\t<br><br>\n\t<a style=\"color: green;\" href=\"https:\/\/wpadvancedads.com\/manual\/ad-debug-mode\/?utm_source=advanced-ads&utm_medium=link&utm_campaign=ad-debug-mode\" target=\"_blank\" rel=\"nofollow\">Encontre solu\u00e7\u00f5es no manual<\/a>\n<\/div>\n<\/li><\/ul><\/div><script>( window.advanced_ads_ready || jQuery( document ).ready ).call( null, function() {var $lavraslider1345762348 = jQuery( \".lavra-slider-1345762348\" );$lavraslider1345762348.on( \"unslider.ready\", function() { jQuery( \"div.custom-slider ul li\" ).css( \"display\", \"block\" ); });$lavraslider1345762348.unslider({ delay:4000, autoplay:true, nav:false, arrows:false, infinite:true });$lavraslider1345762348.on(\"mouseover\", function() {$lavraslider1345762348.unslider(\"stop\");}).on(\"mouseout\", function() {$lavraslider1345762348.unslider(\"start\");});});<\/script><\/div><p class=\"x_MsoNormal\" align=\"center\"><b><i>AGENDA \u2013 29\/08 a 03\/09\/2016<\/i><\/b><!--more--><\/p>\n<p class=\"x_MsoNormal\" align=\"center\"><b><i>Programa\u00e7\u00e3o de Treinamentos do Escrit\u00f3rio Senar\/MG &#8211; Regional Lavras<\/i><\/b><\/p>\n<p class=\"x_MsoNormal\" align=\"center\"><b><i><u>FORMA\u00c7\u00c3O PROFISSIONAL RURAL<\/u><\/i><\/b><\/p>\n<p class=\"x_MsoNormal\"><b>CURSO DE APARA\u00c7\u00c3O DE CASCOS E FERRAGEAMENTO<\/b><\/p>\n<p class=\"x_MsoNormal\">Data: 29\/08 a 02\/09\/2016<b><\/b><\/p>\n<p class=\"x_MsoNormal\">Contato: Sindicato dos Produtores Rurais de Santa Rita do Sapuca\u00ed \u2013 Tel.: (35) 3471-1109<\/p>\n<p class=\"x_MsoNormal\"><b>CURSO DE RETROESCAVADEIRA<\/b><\/p>\n<p class=\"x_MsoNormal\">Data: 29\/08 a 31\/08\/2016<b><\/b><\/p>\n<p class=\"x_MsoNormal\">Contato: Sindicato dos Produtores Rurais de Tr\u00eas Pontas \u2013 Tel.: (35) 3265-1664<\/p>\n<p class=\"x_MsoNormal\"><b>CURSO ART. PASTEURIZA\u00c7\u00c3O DO LEITE \/ FABRICA\u00c7\u00c3O DE DERIVADOS DO LEITE<\/b><\/p>\n<p class=\"x_MsoNormal\">Data: 29\/08 a 02\/09\/2016<b><\/b><\/p>\n<p class=\"x_MsoNormal\">Contato: Sindicato dos Produtores Rurais de Cambu\u00ed \u2013 Tel.: (35) 3431-1559<\/p>\n<p class=\"x_MsoNormal\"><b>CURSO DE BENEFICIAMENTO DE GR\u00c3OS, CEREAIS E AFINS \/ CAF\u00c9<\/b><\/p>\n<p class=\"x_MsoNormal\">Data: 29\/08 a 31\/08\/2016<b><\/b><\/p>\n<p class=\"x_MsoNormal\">Contato: Sindicato dos Produtores Rurais de Campo Belo \u2013 Tel.: (35) 3831-1564<\/p>\n<p class=\"x_MsoNormal\"><b>\u00a0<\/b><\/p>\n<p class=\"x_MsoNormal\"><b>CURSO DE VAQUEIRO<\/b><\/p>\n<p class=\"x_MsoNormal\">Data: 29\/08 a 02\/09\/2016<b><\/b><\/p>\n<p class=\"x_MsoNormal\">Contato: Sindicato dos Produtores Rurais de Boa Esperan\u00e7a \u2013 Tel.: (35) 3851-1977<\/p>\n<p class=\"x_MsoNormal\"><b>CURSO DE CLASSIFICA\u00c7\u00c3O E DEGUSTA\u00c7\u00c3O DE CAF\u00c9<\/b><\/p>\n<p class=\"x_MsoNormal\">Data: 29\/08 a 08\/09\/2016<\/p>\n<p class=\"x_MsoNormal\">Contato: Sindicato dos Produtores Rurais de Tr\u00eas Pontas \u2013 Tel.: (35) 3265-1664<\/p>\n<p class=\"x_MsoNormal\"><b>CURSO DE MECANIZA\u00c7\u00c3O AGR\u00cdCOLA \/ OPERA\u00c7\u00c3O COM IMPLEMENTOS<\/b><\/p>\n<p class=\"x_MsoNormal\">Data: 29\/08 a 02\/09\/2016<\/p>\n<p class=\"x_MsoNormal\">Contato: Sindicato dos Produtores Rurais de Lavras \u2013 Tel.: (35) 3821-6230<\/p>\n<p class=\"x_MsoNormal\"><b>CURSO DE CRIA E RECRIA DE BEZERRAS<\/b><\/p>\n<p class=\"x_MsoNormal\">Data: 29\/08 a 31\/08\/2016<\/p>\n<p class=\"x_MsoNormal\">Contato: Associa\u00e7\u00e3o Produtores Rurais e Agricultores Familiares de Nazareno \u2013 Tel.: (35) 99828-9424<\/p>\n<p class=\"x_MsoNormal\"><b>CURSO DE CASQUEAMENTO<\/b><\/p>\n<p class=\"x_MsoNormal\">Data: 01\/09 a 03\/09\/2016<\/p>\n<p class=\"x_MsoNormal\">Contato: Associa\u00e7\u00e3o Produtores Rurais e Agricultores Familiares de Nazareno \u2013 Tel.: (35) 99828-9424<\/p>\n<p class=\"x_MsoNormal\"><b>CURSO DE BOMBEIRO HIDR\u00c1ULICO<\/b><\/p>\n<p class=\"x_MsoNormal\">Data: 29\/08 a 02\/09\/2016<\/p>\n<p class=\"x_MsoNormal\">Contato: Sindicato dos Produtores Rurais de Campo Belo \u2013 Tel.: (35)\u00a0 3831-1564<\/p>\n<p class=\"x_MsoNormal\"><b>CURSO DE COLHEDORA DE CAF\u00c9 ARRASTO<\/b><\/p>\n<p class=\"x_MsoNormal\">Data: 29\/08 a 01\/09\/2016<\/p>\n<p class=\"x_MsoNormal\">Contato: Sindicato dos Produtores Rurais de Boa Esperan\u00e7a \u2013 Tel.: (35) 3851-1977<\/p>\n<p class=\"x_MsoNormal\"><b>CURSO DE AGROT\u00d3XICO \/ TRATORIZADO<\/b><\/p>\n<p class=\"x_MsoNormal\">Data: 29\/08 a 31\/08\/2016<\/p>\n<p class=\"x_MsoNormal\">Contato: Cooperativa dos Morangueiros Pantanense \/ Pouso Alegre \u2013 Tel.: (35) 3427-1073<\/p>\n<p class=\"x_MsoNormal\"><b>CURSO DE MOTOSSERRA\u00a0<\/b><\/p>\n<p class=\"x_MsoNormal\">Data: 01\/09 a 03\/09\/2016<\/p>\n<p class=\"x_MsoNormal\">Contato: Sindicato dos Produtores Rurais de Candeias \u2013 Tel.: (35) 3833-1479<\/p>\n<p class=\"x_MsoNormal\"><b>CURSO DE AGROT\u00d3XICO \/ TRATORIZADO<\/b><\/p>\n<p class=\"x_MsoNormal\">Data: 29\/08 a 31\/08\/2016<\/p>\n<p class=\"x_MsoNormal\">Contato: Sindicato dos Produtores Rurais de Tr\u00eas Pontas \u2013 Tel.: (35) 3265-1664<\/p>\n<p class=\"x_MsoNormal\"><b>PROGRAMA JOVEM NO CAMPO<\/b><\/p>\n<p class=\"x_MsoNormal\">Data: 29\/08 a 02\/09\/2016<\/p>\n<p class=\"x_MsoNormal\">Contato: Sindicato dos Produtores Rurais de Itajub\u00e1 \u2013 Tel.: (35) 3622-1562<\/p>\n<p class=\"x_MsoNormal\"><b>PROGRAMA JOVEM NO CAMPO<\/b><\/p>\n<p class=\"x_MsoNormal\">Data: 29\/08 a 02\/09\/2016<\/p>\n<p class=\"x_MsoNormal\">Contato: Sindicato dos Produtores Rurais de Itajub\u00e1 \u2013 Tel.: (35) 3622-1562<\/p>\n<p class=\"x_MsoNormal\"><b>CURSO DE MOTOSSERRA<\/b><\/p>\n<p class=\"x_MsoNormal\">Data: 29\/08 a 31\/08\/2016<\/p>\n<p class=\"x_MsoNormal\">Contato: Sindicato dos Produtores Rurais de Lavras \u2013 Tel.: (35) 3821-6230<\/p>\n<p class=\"x_MsoNormal\"><b>CURSO DE INSEMINADOR<\/b><\/p>\n<p class=\"x_MsoNormal\">Data: 30\/08 a 02\/09\/2016<\/p>\n<p class=\"x_MsoNormal\">Contato: Sindicato dos Produtores de Itamonte \u2013 Tel.: (35) 3363-1221<\/p>\n<p class=\"x_MsoNormal\"><b>CURSO DE PREPARO DO CAF\u00c9 P\u00d3S-COLHEITA VIA SECA<\/b><\/p>\n<p class=\"x_MsoNormal\">Data: 29\/08 a 30\/08\/2016<\/p>\n<p class=\"x_MsoNormal\">Contato: AGRIFAM \/ Nat\u00e9rcia \u2013 Tel.: (35) 99827-9347<\/p>\n<p class=\"x_MsoNormal\"><b>CURSO DE FABRICA\u00c7\u00c3O E CONSERVA\u00c7\u00c3O DE ALIMENTOS \/ COMPOTAS ETC<\/b><\/p>\n<p class=\"x_MsoNormal\">Data: 29\/08 a 02\/09\/2016<\/p>\n<p class=\"x_MsoNormal\">Contato: Sindicato dos Produtores Rurais de El\u00f3i Mendes \u2013 Tel.: (35) 3264-1344<\/p>\n<p class=\"x_MsoNormal\"><b>CURSO DE FRUTICULTURA \/ ORG\u00c2NICO<\/b><\/p>\n<p class=\"x_MsoNormal\">Data: 30\/08 a 03\/09\/2016<\/p>\n<p class=\"x_MsoNormal\">Contato: Sindicato dos Produtores Rurais de Cambu\u00ed \u2013 Tel.: (35) 3431-1559<\/p>\n<p class=\"x_MsoNormal\"><b>CURSO DE MECANIZA\u00c7\u00c3O AGR\u00cdCOLA \/ OPERA\u00c7\u00c3O COM TRATOR \/ PLANTADORA<\/b><\/p>\n<p class=\"x_MsoNormal\">Data: 29\/08 a 02\/09\/2016<\/p>\n<p class=\"x_MsoNormal\">Contato: Sindicato dos Produtores Rurais de Carmo da Mata \u2013 Tel.: (35) 3383-1244<\/p>\n<p class=\"x_MsoNormal\"><b>CURSO DE AGROT\u00d3XICOS \/ MANUAL E TRATORIZADO<\/b><\/p>\n<p class=\"x_MsoNormal\">Data: 29\/08 a 01\/09\/2016<\/p>\n<p class=\"x_MsoNormal\">Contato: Sindicato dos Produtores Rurais de El\u00f3i Mendes \u2013 Tel.: (35) 3264-1344<\/p>\n<p class=\"x_MsoNormal\"><b>CURSO DE INSEMINADOR<\/b><\/p>\n<p class=\"x_MsoNormal\">Data: 30\/08 a 02\/09\/2016<\/p>\n<p class=\"x_MsoNormal\">Contato: Sindicato dos Produtores Rurais de Pedralva \u2013 Tel.: (35) 3663-1100<\/p>\n<p class=\"x_MsoNormal\" align=\"center\"><b><i><u>PROMO\u00c7\u00c3O SOCIAL<\/u><\/i><\/b><\/p>\n<p class=\"x_MsoNormal\"><b>\u00a0<\/b><\/p>\n<p class=\"x_MsoNormal\"><b>\u00a0<\/b><\/p>\n<p class=\"x_MsoNormal\"><b>PLANEJAMENTO DE CARD\u00c1PIOS<\/b><\/p>\n<p class=\"x_MsoNormal\">Data: 29\/08 a 02\/09\/2016<\/p>\n<p class=\"x_MsoNormal\">Contato: Sindicato dos Produtores Rurais de Tr\u00eas Pontas \u2013 Tel.: (35) 3472-1203<\/p>\n<p class=\"x_MsoNormal\"><b>PREVEN\u00c7\u00c3O DE ACIDENTES<\/b><\/p>\n<p class=\"x_MsoNormal\">Data: 29\/08 a 01\/09\/2016<\/p>\n<p class=\"x_MsoNormal\">Contato: STR Assal. e Agricultores Familiares de S\u00e3o Francisco de Paula \u2013 Tel.: (35) 3332-1380<\/p>\n<p class=\"x_MsoNormal\"><b>SA\u00daDE NA TERCEIRA IDADE \/ CUIDADOS B\u00c1SICOS COM O IDOSO<\/b><\/p>\n<p class=\"x_MsoNormal\">Data: 29\/08 a 02\/09\/2016<\/p>\n<p class=\"x_MsoNormal\">Contato: Sindicato dos Produtores Rurais de Monsenhor Paulo \u2013 Tel.: (35) 3263-1279<\/p>\n","protected":false},"excerpt":{"rendered":"<p>AGENDA \u2013 29\/08 a 03\/09\/2016<\/p>\n","protected":false},"author":2,"featured_media":1311,"comment_status":"closed","ping_status":"open","sticky":false,"template":"","format":"standard","meta":{"advgb_blocks_editor_width":"","advgb_blocks_columns_visual_guide":"","_exactmetrics_skip_tracking":false,"_exactmetrics_sitenote_active":false,"_exactmetrics_sitenote_note":"","_exactmetrics_sitenote_category":0,"footnotes":""},"categories":[7,2],"tags":[605,475],"class_list":["post-1815","post","type-post","status-publish","format-standard","has-post-thumbnail","hentry","category-destaques","category-noticias","tag-agenda-senar-sul-de-minas","tag-senar-mg"],"better_featured_image":{"id":1311,"alt_text":"","caption":"","description":"","media_type":"image","media_details":{"width":3000,"height":2000,"file":"2016\/08\/senar2.jpg","sizes":{"thumbnail":{"file":"senar2-150x100.jpg","width":150,"height":100,"mime-type":"image\/jpeg","source_url":"https:\/\/lavras.tv\/site\/wp-content\/uploads\/2016\/08\/senar2-150x100.jpg"},"medium":{"file":"senar2-300x200.jpg","width":300,"height":200,"mime-type":"image\/jpeg","source_url":"https:\/\/lavras.tv\/site\/wp-content\/uploads\/2016\/08\/senar2-300x200.jpg"},"large":{"file":"senar2-1024x683.jpg","width":1024,"height":683,"mime-type":"image\/jpeg","source_url":"https:\/\/lavras.tv\/site\/wp-content\/uploads\/2016\/08\/senar2-1024x683.jpg"},"featured-slider-img":{"file":"senar2-640x480.jpg","width":640,"height":480,"mime-type":"image\/jpeg","source_url":"https:\/\/lavras.tv\/site\/wp-content\/uploads\/2016\/08\/senar2-640x480.jpg"},"featured-post-img":{"file":"senar2-480x320.jpg","width":480,"height":320,"mime-type":"image\/jpeg","source_url":"https:\/\/lavras.tv\/site\/wp-content\/uploads\/2016\/08\/senar2-480x320.jpg"},"sow-carousel-default":{"file":"senar2-272x182.jpg","width":272,"height":182,"mime-type":"image\/jpeg","source_url":"https:\/\/lavras.tv\/site\/wp-content\/uploads\/2016\/08\/senar2-272x182.jpg"}},"image_meta":{"aperture":"0","credit":"","camera":"","caption":"","created_timestamp":"0","copyright":"","focal_length":"0","iso":"0","shutter_speed":"0","title":"","orientation":"0","keywords":[]}},"post":1310,"source_url":"https:\/\/lavras.tv\/site\/wp-content\/uploads\/2016\/08\/senar2.jpg"},"author_meta":{"display_name":"Lavras TV","author_link":"https:\/\/lavras.tv\/site\/author\/lavrastv\/"},"featured_img":"https:\/\/lavras.tv\/site\/wp-content\/uploads\/2016\/08\/senar2-300x200.jpg","coauthors":[],"tax_additional":{"categories":{"linked":["<a href=\"https:\/\/lavras.tv\/site\/category\/destaques\/\" class=\"advgb-post-tax-term\">Destaques<\/a>","<a href=\"https:\/\/lavras.tv\/site\/category\/noticias\/\" class=\"advgb-post-tax-term\">Not\u00edcias<\/a>"],"unlinked":["<span class=\"advgb-post-tax-term\">Destaques<\/span>","<span class=\"advgb-post-tax-term\">Not\u00edcias<\/span>"]},"tags":{"linked":["<a href=\"https:\/\/lavras.tv\/site\/category\/noticias\/\" class=\"advgb-post-tax-term\">agenda senar sul de minas<\/a>","<a href=\"https:\/\/lavras.tv\/site\/category\/noticias\/\" class=\"advgb-post-tax-term\">senar mg<\/a>"],"unlinked":["<span class=\"advgb-post-tax-term\">agenda senar sul de minas<\/span>","<span class=\"advgb-post-tax-term\">senar mg<\/span>"]}},"comment_count":"0","relative_dates":{"created":"Publicado 10 anos atr\u00e1s","modified":"Atualizado 10 anos atr\u00e1s"},"absolute_dates":{"created":"Publicado em 25 de agosto de 2016","modified":"Atualizado em 25 de agosto de 2016"},"absolute_dates_time":{"created":"Publicado em 25 de agosto de 2016 11:25","modified":"Atualizado em 25 de agosto de 2016 11:37"},"featured_img_caption":"","series_order":"","_links":{"self":[{"href":"https:\/\/lavras.tv\/site\/wp-json\/wp\/v2\/posts\/1815","targetHints":{"allow":["GET"]}}],"collection":[{"href":"https:\/\/lavras.tv\/site\/wp-json\/wp\/v2\/posts"}],"about":[{"href":"https:\/\/lavras.tv\/site\/wp-json\/wp\/v2\/types\/post"}],"author":[{"embeddable":true,"href":"https:\/\/lavras.tv\/site\/wp-json\/wp\/v2\/users\/2"}],"replies":[{"embeddable":true,"href":"https:\/\/lavras.tv\/site\/wp-json\/wp\/v2\/comments?post=1815"}],"version-history":[{"count":2,"href":"https:\/\/lavras.tv\/site\/wp-json\/wp\/v2\/posts\/1815\/revisions"}],"predecessor-version":[{"id":1820,"href":"https:\/\/lavras.tv\/site\/wp-json\/wp\/v2\/posts\/1815\/revisions\/1820"}],"wp:featuredmedia":[{"embeddable":true,"href":"https:\/\/lavras.tv\/site\/wp-json\/wp\/v2\/media\/1311"}],"wp:attachment":[{"href":"https:\/\/lavras.tv\/site\/wp-json\/wp\/v2\/media?parent=1815"}],"wp:term":[{"taxonomy":"category","embeddable":true,"href":"https:\/\/lavras.tv\/site\/wp-json\/wp\/v2\/categories?post=1815"},{"taxonomy":"post_tag","embeddable":true,"href":"https:\/\/lavras.tv\/site\/wp-json\/wp\/v2\/tags?post=1815"}],"curies":[{"name":"wp","href":"https:\/\/api.w.org\/{rel}","templated":true}]}}