{"id":18166,"date":"2018-10-03T09:10:12","date_gmt":"2018-10-03T12:10:12","guid":{"rendered":"http:\/\/lavras.tv\/site\/?p=18166"},"modified":"2018-10-03T09:10:12","modified_gmt":"2018-10-03T12:10:12","slug":"justica-eleitoral-esclarece-boato-sobre-voto-incompleto-ou-parcial","status":"publish","type":"post","link":"https:\/\/lavras.tv\/site\/2018\/10\/03\/justica-eleitoral-esclarece-boato-sobre-voto-incompleto-ou-parcial\/","title":{"rendered":"Justi\u00e7a Eleitoral esclarece boato sobre voto incompleto ou parcial"},"content":{"rendered":"<div class=\"lavra-antes-do-conteudo_2\" id=\"lavra-3008221349\"><div id=\"lavra-slider-27\" class=\"custom-slider lavra-slider-297772794 lavra-slider\"><ul><li><div style=\"margin-left: auto;margin-right: auto;text-align: center;\" id=\"lavra-3210009438\"><a href=\"https:\/\/sistemas.lavras.mg.gov.br\/portalcidadao\/#df1b1a7c7b2a290bcb31e32771e610784662739a88807c0dacac58ede5f391a7530e299dc302d611ee73cb143fc22eaf93592e53e7b5bdb01b00a0b8d28dae460c141dd2ff83412e4dc1c31b16b25f33144a9e5620ea73b13f5bc1c59411d98439ad226e8af03840603796067d87afe130812cf3de24982d0e306f9e61e764e5\" aria-label=\"Lavras-TV&#8211;720x104px (1) (1)\"><img src=\"https:\/\/lavras.tv\/site\/wp-content\/uploads\/2025\/01\/Lavras-TV-720x104px-1-1.png\" alt=\"\"  srcset=\"https:\/\/lavras.tv\/site\/wp-content\/uploads\/2025\/01\/Lavras-TV-720x104px-1-1.png 720w, https:\/\/lavras.tv\/site\/wp-content\/uploads\/2025\/01\/Lavras-TV-720x104px-1-1-470x68.png 470w, https:\/\/lavras.tv\/site\/wp-content\/uploads\/2025\/01\/Lavras-TV-720x104px-1-1-170x25.png 170w, https:\/\/lavras.tv\/site\/wp-content\/uploads\/2025\/01\/Lavras-TV-720x104px-1-1-200x29.png 200w\" sizes=\"(max-width: 720px) 100vw, 720px\" width=\"720\" height=\"104\"  style=\"display: inline-block;\" \/><\/a><\/div><\/li><li><a href=\"https:\/\/sistemas.lavras.mg.gov.br\/portalcidadao\/#df1b1a7c7b2a290bcb31e32771e610784662739a88807c0dacac58ede5f391a7530e299dc302d611ee73cb143fc22eaf93592e53e7b5bdb01b00a0b8d28dae460c141dd2ff83412e4dc1c31b16b25f33144a9e5620ea73b13f5bc1c59411d98439ad226e8af03840603796067d87afe130812cf3de24982d0e306f9e61e764e5\" aria-label=\"Banner_Emprego_PortallavrasTV\"><img src=\"https:\/\/lavras.tv\/site\/wp-content\/uploads\/2025\/03\/Banner_Emprego_PortallavrasTV.png\" alt=\"\"  srcset=\"https:\/\/lavras.tv\/site\/wp-content\/uploads\/2025\/03\/Banner_Emprego_PortallavrasTV.png 720w, https:\/\/lavras.tv\/site\/wp-content\/uploads\/2025\/03\/Banner_Emprego_PortallavrasTV-470x68.png 470w, https:\/\/lavras.tv\/site\/wp-content\/uploads\/2025\/03\/Banner_Emprego_PortallavrasTV-170x25.png 170w, https:\/\/lavras.tv\/site\/wp-content\/uploads\/2025\/03\/Banner_Emprego_PortallavrasTV-200x29.png 200w\" sizes=\"(max-width: 720px) 100vw, 720px\" width=\"720\" height=\"104\"   \/><\/a><\/li><li><a href=\"https:\/\/sistemas.lavras.mg.gov.br\/portalcidadao\/#df1b1a7c7b2a290bcb31e32771e610784662739a88807c0dacac58ede5f391a7530e299dc302d611ee73cb143fc22eaf93592e53e7b5bdb01b00a0b8d28dae460c141dd2ff83412e4dc1c31b16b25f33144a9e5620ea73b13f5bc1c59411d98439ad226e8af03840603796067d87afe130812cf3de24982d0e306f9e61e764e5\" aria-label=\"Banner_Obras_PortallavrasTV\"><img src=\"https:\/\/lavras.tv\/site\/wp-content\/uploads\/2025\/03\/Banner_Obras_PortallavrasTV.png\" alt=\"\"  srcset=\"https:\/\/lavras.tv\/site\/wp-content\/uploads\/2025\/03\/Banner_Obras_PortallavrasTV.png 720w, https:\/\/lavras.tv\/site\/wp-content\/uploads\/2025\/03\/Banner_Obras_PortallavrasTV-470x68.png 470w, https:\/\/lavras.tv\/site\/wp-content\/uploads\/2025\/03\/Banner_Obras_PortallavrasTV-170x25.png 170w, https:\/\/lavras.tv\/site\/wp-content\/uploads\/2025\/03\/Banner_Obras_PortallavrasTV-200x29.png 200w\" sizes=\"(max-width: 720px) 100vw, 720px\" width=\"720\" height=\"104\"   \/><\/a><\/li><li><div style=\"margin-left: auto;margin-right: auto;text-align: center;\" id=\"lavra-768211872\"><a href=\"https:\/\/sistemas.lavras.mg.gov.br\/portalcidadao\/#df1b1a7c7b2a290bcb31e32771e610784662739a88807c0dacac58ede5f391a7530e299dc302d611ee73cb143fc22eaf93592e53e7b5bdb01b00a0b8d28dae460c141dd2ff83412e4dc1c31b16b25f33144a9e5620ea73b13f5bc1c59411d98439ad226e8af03840603796067d87afe130812cf3de24982d0e306f9e61e764e5\" aria-label=\"Banner_Educa\u00e7\u00e3o_PortallavrasTV\"><img src=\"https:\/\/lavras.tv\/site\/wp-content\/uploads\/2025\/01\/Banner_Educacao_PortallavrasTV.png\" alt=\"\"  srcset=\"https:\/\/lavras.tv\/site\/wp-content\/uploads\/2025\/01\/Banner_Educacao_PortallavrasTV.png 720w, https:\/\/lavras.tv\/site\/wp-content\/uploads\/2025\/01\/Banner_Educacao_PortallavrasTV-470x68.png 470w, https:\/\/lavras.tv\/site\/wp-content\/uploads\/2025\/01\/Banner_Educacao_PortallavrasTV-170x25.png 170w, https:\/\/lavras.tv\/site\/wp-content\/uploads\/2025\/01\/Banner_Educacao_PortallavrasTV-200x29.png 200w\" sizes=\"(max-width: 720px) 100vw, 720px\" width=\"720\" height=\"104\"  style=\"display: inline-block;\" \/><\/a><\/div><\/li><li><a href=\"https:\/\/sistemas.lavras.mg.gov.br\/portalcidadao\/#df1b1a7c7b2a290bcb31e32771e610784662739a88807c0dacac58ede5f391a7530e299dc302d611ee73cb143fc22eaf93592e53e7b5bdb01b00a0b8d28dae460c141dd2ff83412e4dc1c31b16b25f33144a9e5620ea73b13f5bc1c59411d98439ad226e8af03840603796067d87afe130812cf3de24982d0e306f9e61e764e5\" aria-label=\"Banner_Sa\u00fade_PortallavrasTV\"><img src=\"https:\/\/lavras.tv\/site\/wp-content\/uploads\/2025\/03\/Banner_Saude_PortallavrasTV.png\" alt=\"\"  srcset=\"https:\/\/lavras.tv\/site\/wp-content\/uploads\/2025\/03\/Banner_Saude_PortallavrasTV.png 720w, https:\/\/lavras.tv\/site\/wp-content\/uploads\/2025\/03\/Banner_Saude_PortallavrasTV-470x68.png 470w, https:\/\/lavras.tv\/site\/wp-content\/uploads\/2025\/03\/Banner_Saude_PortallavrasTV-170x25.png 170w, https:\/\/lavras.tv\/site\/wp-content\/uploads\/2025\/03\/Banner_Saude_PortallavrasTV-200x29.png 200w\" sizes=\"(max-width: 720px) 100vw, 720px\" width=\"720\" height=\"104\"   \/><\/a><\/li><li><div id=\"lavra-243545155\" style=\"width:720px;height:104px;background-color:#ddd;overflow:scroll;\">\n\t<strong>Sa\u00edda da depura\u00e7\u00e3o de an\u00fancios<\/strong>\n\t<br><br>\n\tO an\u00fancio n\u00e3o \u00e9 exibido na p\u00e1gina<br><br>post atual: Justi\u00e7a Eleitoral esclarece boato sobre voto incompleto ou parcial, ID: 18166<br><br><span style=\"color: red;\">O post atual n\u00e3o \u00e9 id\u00eantico ao post principal.<\/span><br><br>An\u00fancios: ROXO - TOPO INTERNA - ROTATIVO 2 (197)<br \/>Grupo de an\u00fancios: Princ_Meio01_720x104 (27)<br><br>Condi\u00e7\u00f5es de exibi\u00e7\u00e3o<div style=\"margin-bottom: 20px; white-space: pre-wrap; font-family: monospace; width: 100%; background: #ffe9e9;\"><strong>condi\u00e7\u00f5es gerais<\/strong><table border=\"1\"><thead><tr><th><\/th><th>An\u00fancios<\/th><th>wp_the_query<\/th><\/tr><\/thead><tr><td>is_main_query<\/td><td>1<\/td><td>1<\/td><\/tr><tr><td>is_rest_api<\/td><td>0<\/td><td>1<\/td><\/tr><tr><td>page<\/td><td>0<\/td><td>1<\/td><\/tr><tr><td>numpages<\/td><td>0<\/td><td>1<\/td><\/tr><tr><td>is_archive<\/td><td>1<\/td><td><\/td><\/tr><tr><td>is_search<\/td><td>1<\/td><td><\/td><\/tr><tr><td>is_home<\/td><td>1<\/td><td><\/td><\/tr><tr><td>is_404<\/td><td>1<\/td><td><\/td><\/tr><tr><td>is_attachment<\/td><td>1<\/td><td><\/td><\/tr><tr><td>is_singular<\/td><td>1<\/td><td><\/td><\/tr><tr><td>is_front_page<\/td><td>1<\/td><td><\/td><\/tr><tr><td>is_feed<\/td><td>1<\/td><td><\/td><\/tr><\/table><\/div><br><br><span style=\"color: red;\">Seu site usa HTTPS, mas o c\u00f3digo do an\u00fancio cont\u00e9m HTTP e pode n\u00e3o funcionar.<\/span>\t<br><br>\n\t<a style=\"color: green;\" href=\"https:\/\/wpadvancedads.com\/manual\/ad-debug-mode\/?utm_source=advanced-ads&utm_medium=link&utm_campaign=ad-debug-mode\" target=\"_blank\" rel=\"nofollow\">Encontre solu\u00e7\u00f5es no manual<\/a>\n<\/div>\n<\/li><\/ul><\/div><script>( window.advanced_ads_ready || jQuery( document ).ready ).call( null, function() {var $lavraslider297772794 = jQuery( \".lavra-slider-297772794\" );$lavraslider297772794.on( \"unslider.ready\", function() { jQuery( \"div.custom-slider ul li\" ).css( \"display\", \"block\" ); });$lavraslider297772794.unslider({ delay:4000, autoplay:true, nav:false, arrows:false, infinite:true });$lavraslider297772794.on(\"mouseover\", function() {$lavraslider297772794.unslider(\"stop\");}).on(\"mouseout\", function() {$lavraslider297772794.unslider(\"start\");});});<\/script><\/div><p>A Justi\u00e7a Eleitoral alerta que os eleitores devem votar em todos os cargos, ainda que anule ou vote em branco. O eleitor pode votar em um candidato, em branco ou nulo para o cargo que quiser, n\u00e3o h\u00e1 nenhuma restri\u00e7\u00e3o para isso. N\u00e3o existe a figura do \u201cvoto parcial\u201d.\u00a0<!--more--><br \/>\nPor\u00e9m, se houver alguma eventualidade (a pessoa passar mal, por exemplo) e o eleitor tiver votado apenas no primeiro cargo (deputado federal), o voto que ele tiver registrado ser\u00e1 contabilizado normalmente e os demais que ele n\u00e3o registrar ser\u00e3o considerados nulos. Ao teclar o \u201cconfirma\u201d, se efetiva o registro de cada escolha feita pelo eleitor, seja para voto v\u00e1lido, nulo ou branco.<\/p>\n<p>Tamb\u00e9m pode acontecer, em casos muito raros, de uma urna \u201ctravar\u201d. Nessas situa\u00e7\u00f5es, o voto de um eleitor que estava na metade do procedimento, por exemplo, \u00e9 reiniciado.<\/p>\n<p><img fetchpriority=\"high\" decoding=\"async\" class=\"alignnone size-full wp-image-2599 aligncenter\" src=\"http:\/\/lavras.tv\/site\/wp-content\/uploads\/2016\/09\/eleitor-na-urna.jpg\" alt=\"eleitor-na-urna\" width=\"800\" height=\"500\" srcset=\"https:\/\/lavras.tv\/site\/wp-content\/uploads\/2016\/09\/eleitor-na-urna.jpg 800w, https:\/\/lavras.tv\/site\/wp-content\/uploads\/2016\/09\/eleitor-na-urna-150x94.jpg 150w, https:\/\/lavras.tv\/site\/wp-content\/uploads\/2016\/09\/eleitor-na-urna-300x188.jpg 300w\" sizes=\"(max-width: 800px) 100vw, 800px\" \/><br \/>\n<b>Simulador de vota\u00e7\u00e3o<\/b><\/p>\n<p>H\u00e1 uma ferramenta de orienta\u00e7\u00e3o aos eleitores que est\u00e1 dispon\u00edvel no site do Tribunal: o\u00a0<a title=\"\" href=\"http:\/\/www.tse.jus.br\/eleicoes\/eleicoes-2018\/simulador-de-votacao-na-urna-eletronica\" target=\"_blank\">simulador de vota\u00e7\u00e3o<\/a>. Desenvolvido pelo TSE, o\u00a0<i>software<\/i>\u00a0apresenta uma lista de candidatos e partidos fict\u00edcios para cada cargo (<i>Partido dos Esportes, Partido dos Ritmos Musicais, Partido das Profiss\u00f5es, Partido das Festas Populares e Partido do Folclore<\/i>). O eleitor pode navegar pelos partidos usando as setas para direita e para esquerda no alto da p\u00e1gina. Antes de votar no simulador, o usu\u00e1rio deve escolher o turno da elei\u00e7\u00e3o que deseja participar: primeiro ou segundo.<\/p>\n<p>No fim da vota\u00e7\u00e3o, ou a qualquer momento, o eleitor poder\u00e1 retornar \u00e0 p\u00e1gina inicial, escolher o turno e reiniciar a vota\u00e7\u00e3o (basta clicar no\u00a0<i>link<\/i>\u00a0 \u201cnova simula\u00e7\u00e3o\u201d). Devido a seu car\u00e1ter did\u00e1tico, caso o usu\u00e1rio fa\u00e7a um procedimento incorreto durante a vota\u00e7\u00e3o, o simulador apresentar\u00e1 uma mensagem explicativa e a tela ser\u00e1 bloqueada at\u00e9 que ele clique na mensagem apresentada.<\/p>\n<p>Fonte: TRE<\/p>\n","protected":false},"excerpt":{"rendered":"<p>A Justi\u00e7a Eleitoral alerta que os eleitores devem votar em todos os cargos, ainda que anule ou vote em branco. O eleitor pode votar em um candidato, em branco ou nulo para o cargo que quiser, n\u00e3o h\u00e1 nenhuma restri\u00e7\u00e3o para isso. N\u00e3o existe a figura do \u201cvoto parcial\u201d.\u00a0<\/p>\n","protected":false},"author":2,"featured_media":2599,"comment_status":"closed","ping_status":"open","sticky":false,"template":"","format":"standard","meta":{"advgb_blocks_editor_width":"","advgb_blocks_columns_visual_guide":"","_exactmetrics_skip_tracking":false,"_exactmetrics_sitenote_active":false,"_exactmetrics_sitenote_note":"","_exactmetrics_sitenote_category":0,"footnotes":""},"categories":[7,12],"tags":[423,5235,5237,5236],"class_list":["post-18166","post","type-post","status-publish","format-standard","has-post-thumbnail","hentry","category-destaques","category-politica","tag-eleicoes","tag-voto-em-branco","tag-voto-nulo","tag-voto-parcial"],"better_featured_image":{"id":2599,"alt_text":"","caption":"","description":"","media_type":"image","media_details":{"width":800,"height":500,"file":"2016\/09\/eleitor-na-urna.jpg","sizes":{"thumbnail":{"file":"eleitor-na-urna-150x94.jpg","width":150,"height":94,"mime-type":"image\/jpeg","source_url":"https:\/\/lavras.tv\/site\/wp-content\/uploads\/2016\/09\/eleitor-na-urna-150x94.jpg"},"medium":{"file":"eleitor-na-urna-300x188.jpg","width":300,"height":188,"mime-type":"image\/jpeg","source_url":"https:\/\/lavras.tv\/site\/wp-content\/uploads\/2016\/09\/eleitor-na-urna-300x188.jpg"},"featured-slider-img":{"file":"eleitor-na-urna-640x480.jpg","width":640,"height":480,"mime-type":"image\/jpeg","source_url":"https:\/\/lavras.tv\/site\/wp-content\/uploads\/2016\/09\/eleitor-na-urna-640x480.jpg"},"featured-post-img":{"file":"eleitor-na-urna-480x320.jpg","width":480,"height":320,"mime-type":"image\/jpeg","source_url":"https:\/\/lavras.tv\/site\/wp-content\/uploads\/2016\/09\/eleitor-na-urna-480x320.jpg"},"sow-carousel-default":{"file":"eleitor-na-urna-272x182.jpg","width":272,"height":182,"mime-type":"image\/jpeg","source_url":"https:\/\/lavras.tv\/site\/wp-content\/uploads\/2016\/09\/eleitor-na-urna-272x182.jpg"}},"image_meta":{"aperture":"0","credit":"","camera":"","caption":"","created_timestamp":"0","copyright":"","focal_length":"0","iso":"0","shutter_speed":"0","title":"","orientation":"0","keywords":[]}},"post":2598,"source_url":"https:\/\/lavras.tv\/site\/wp-content\/uploads\/2016\/09\/eleitor-na-urna.jpg"},"author_meta":{"display_name":"Lavras TV","author_link":"https:\/\/lavras.tv\/site\/author\/lavrastv\/"},"featured_img":"https:\/\/lavras.tv\/site\/wp-content\/uploads\/2016\/09\/eleitor-na-urna-300x188.jpg","coauthors":[],"tax_additional":{"categories":{"linked":["<a href=\"https:\/\/lavras.tv\/site\/category\/destaques\/\" class=\"advgb-post-tax-term\">Destaques<\/a>","<a href=\"https:\/\/lavras.tv\/site\/category\/politica\/\" class=\"advgb-post-tax-term\">Pol\u00edtica<\/a>"],"unlinked":["<span class=\"advgb-post-tax-term\">Destaques<\/span>","<span class=\"advgb-post-tax-term\">Pol\u00edtica<\/span>"]},"tags":{"linked":["<a href=\"https:\/\/lavras.tv\/site\/category\/politica\/\" class=\"advgb-post-tax-term\">elei\u00e7\u00f5es<\/a>","<a href=\"https:\/\/lavras.tv\/site\/category\/politica\/\" class=\"advgb-post-tax-term\">voto em branco<\/a>","<a href=\"https:\/\/lavras.tv\/site\/category\/politica\/\" class=\"advgb-post-tax-term\">voto nulo<\/a>","<a href=\"https:\/\/lavras.tv\/site\/category\/politica\/\" class=\"advgb-post-tax-term\">voto parcial<\/a>"],"unlinked":["<span class=\"advgb-post-tax-term\">elei\u00e7\u00f5es<\/span>","<span class=\"advgb-post-tax-term\">voto em branco<\/span>","<span class=\"advgb-post-tax-term\">voto nulo<\/span>","<span class=\"advgb-post-tax-term\">voto parcial<\/span>"]}},"comment_count":"0","relative_dates":{"created":"Publicado 8 anos atr\u00e1s","modified":"Atualizado 8 anos atr\u00e1s"},"absolute_dates":{"created":"Publicado em 3 de outubro de 2018","modified":"Atualizado em 3 de outubro de 2018"},"absolute_dates_time":{"created":"Publicado em 3 de outubro de 2018 09:10","modified":"Atualizado em 3 de outubro de 2018 09:10"},"featured_img_caption":"","series_order":"","_links":{"self":[{"href":"https:\/\/lavras.tv\/site\/wp-json\/wp\/v2\/posts\/18166","targetHints":{"allow":["GET"]}}],"collection":[{"href":"https:\/\/lavras.tv\/site\/wp-json\/wp\/v2\/posts"}],"about":[{"href":"https:\/\/lavras.tv\/site\/wp-json\/wp\/v2\/types\/post"}],"author":[{"embeddable":true,"href":"https:\/\/lavras.tv\/site\/wp-json\/wp\/v2\/users\/2"}],"replies":[{"embeddable":true,"href":"https:\/\/lavras.tv\/site\/wp-json\/wp\/v2\/comments?post=18166"}],"version-history":[{"count":1,"href":"https:\/\/lavras.tv\/site\/wp-json\/wp\/v2\/posts\/18166\/revisions"}],"predecessor-version":[{"id":18167,"href":"https:\/\/lavras.tv\/site\/wp-json\/wp\/v2\/posts\/18166\/revisions\/18167"}],"wp:featuredmedia":[{"embeddable":true,"href":"https:\/\/lavras.tv\/site\/wp-json\/wp\/v2\/media\/2599"}],"wp:attachment":[{"href":"https:\/\/lavras.tv\/site\/wp-json\/wp\/v2\/media?parent=18166"}],"wp:term":[{"taxonomy":"category","embeddable":true,"href":"https:\/\/lavras.tv\/site\/wp-json\/wp\/v2\/categories?post=18166"},{"taxonomy":"post_tag","embeddable":true,"href":"https:\/\/lavras.tv\/site\/wp-json\/wp\/v2\/tags?post=18166"}],"curies":[{"name":"wp","href":"https:\/\/api.w.org\/{rel}","templated":true}]}}