{"id":1821,"date":"2016-08-25T12:11:10","date_gmt":"2016-08-25T12:11:10","guid":{"rendered":"http:\/\/lavras.tv\/site\/?p=1821"},"modified":"2016-08-26T10:43:50","modified_gmt":"2016-08-26T10:43:50","slug":"cartorios-eleitorais-tem-plantao-no-fim-de-semana","status":"publish","type":"post","link":"https:\/\/lavras.tv\/site\/2016\/08\/25\/cartorios-eleitorais-tem-plantao-no-fim-de-semana\/","title":{"rendered":"Cart\u00f3rios Eleitorais tem plant\u00e3o no fim de semana"},"content":{"rendered":"<div class=\"lavra-antes-do-conteudo_2\" id=\"lavra-1001217956\"><div id=\"lavra-slider-27\" class=\"custom-slider lavra-slider-2269576633 lavra-slider\"><ul><li><div style=\"margin-left: auto;margin-right: auto;text-align: center;\" id=\"lavra-261550570\"><a href=\"https:\/\/sistemas.lavras.mg.gov.br\/portalcidadao\/#df1b1a7c7b2a290bcb31e32771e610784662739a88807c0dacac58ede5f391a7530e299dc302d611ee73cb143fc22eaf93592e53e7b5bdb01b00a0b8d28dae460c141dd2ff83412e4dc1c31b16b25f33144a9e5620ea73b13f5bc1c59411d98439ad226e8af03840603796067d87afe130812cf3de24982d0e306f9e61e764e5\" aria-label=\"Lavras-TV&#8211;720x104px (1) (1)\"><img src=\"https:\/\/lavras.tv\/site\/wp-content\/uploads\/2025\/01\/Lavras-TV-720x104px-1-1.png\" alt=\"\"  srcset=\"https:\/\/lavras.tv\/site\/wp-content\/uploads\/2025\/01\/Lavras-TV-720x104px-1-1.png 720w, https:\/\/lavras.tv\/site\/wp-content\/uploads\/2025\/01\/Lavras-TV-720x104px-1-1-470x68.png 470w, https:\/\/lavras.tv\/site\/wp-content\/uploads\/2025\/01\/Lavras-TV-720x104px-1-1-170x25.png 170w, https:\/\/lavras.tv\/site\/wp-content\/uploads\/2025\/01\/Lavras-TV-720x104px-1-1-200x29.png 200w\" sizes=\"(max-width: 720px) 100vw, 720px\" width=\"720\" height=\"104\"  style=\"display: inline-block;\" \/><\/a><\/div><\/li><li><a href=\"https:\/\/sistemas.lavras.mg.gov.br\/portalcidadao\/#df1b1a7c7b2a290bcb31e32771e610784662739a88807c0dacac58ede5f391a7530e299dc302d611ee73cb143fc22eaf93592e53e7b5bdb01b00a0b8d28dae460c141dd2ff83412e4dc1c31b16b25f33144a9e5620ea73b13f5bc1c59411d98439ad226e8af03840603796067d87afe130812cf3de24982d0e306f9e61e764e5\" aria-label=\"Banner_Emprego_PortallavrasTV\"><img src=\"https:\/\/lavras.tv\/site\/wp-content\/uploads\/2025\/03\/Banner_Emprego_PortallavrasTV.png\" alt=\"\"  srcset=\"https:\/\/lavras.tv\/site\/wp-content\/uploads\/2025\/03\/Banner_Emprego_PortallavrasTV.png 720w, https:\/\/lavras.tv\/site\/wp-content\/uploads\/2025\/03\/Banner_Emprego_PortallavrasTV-470x68.png 470w, https:\/\/lavras.tv\/site\/wp-content\/uploads\/2025\/03\/Banner_Emprego_PortallavrasTV-170x25.png 170w, https:\/\/lavras.tv\/site\/wp-content\/uploads\/2025\/03\/Banner_Emprego_PortallavrasTV-200x29.png 200w\" sizes=\"(max-width: 720px) 100vw, 720px\" width=\"720\" height=\"104\"   \/><\/a><\/li><li><a href=\"https:\/\/sistemas.lavras.mg.gov.br\/portalcidadao\/#df1b1a7c7b2a290bcb31e32771e610784662739a88807c0dacac58ede5f391a7530e299dc302d611ee73cb143fc22eaf93592e53e7b5bdb01b00a0b8d28dae460c141dd2ff83412e4dc1c31b16b25f33144a9e5620ea73b13f5bc1c59411d98439ad226e8af03840603796067d87afe130812cf3de24982d0e306f9e61e764e5\" aria-label=\"Banner_Obras_PortallavrasTV\"><img src=\"https:\/\/lavras.tv\/site\/wp-content\/uploads\/2025\/03\/Banner_Obras_PortallavrasTV.png\" alt=\"\"  srcset=\"https:\/\/lavras.tv\/site\/wp-content\/uploads\/2025\/03\/Banner_Obras_PortallavrasTV.png 720w, https:\/\/lavras.tv\/site\/wp-content\/uploads\/2025\/03\/Banner_Obras_PortallavrasTV-470x68.png 470w, https:\/\/lavras.tv\/site\/wp-content\/uploads\/2025\/03\/Banner_Obras_PortallavrasTV-170x25.png 170w, https:\/\/lavras.tv\/site\/wp-content\/uploads\/2025\/03\/Banner_Obras_PortallavrasTV-200x29.png 200w\" sizes=\"(max-width: 720px) 100vw, 720px\" width=\"720\" height=\"104\"   \/><\/a><\/li><li><div style=\"margin-left: auto;margin-right: auto;text-align: center;\" id=\"lavra-1825664289\"><a href=\"https:\/\/sistemas.lavras.mg.gov.br\/portalcidadao\/#df1b1a7c7b2a290bcb31e32771e610784662739a88807c0dacac58ede5f391a7530e299dc302d611ee73cb143fc22eaf93592e53e7b5bdb01b00a0b8d28dae460c141dd2ff83412e4dc1c31b16b25f33144a9e5620ea73b13f5bc1c59411d98439ad226e8af03840603796067d87afe130812cf3de24982d0e306f9e61e764e5\" aria-label=\"Banner_Educa\u00e7\u00e3o_PortallavrasTV\"><img src=\"https:\/\/lavras.tv\/site\/wp-content\/uploads\/2025\/01\/Banner_Educacao_PortallavrasTV.png\" alt=\"\"  srcset=\"https:\/\/lavras.tv\/site\/wp-content\/uploads\/2025\/01\/Banner_Educacao_PortallavrasTV.png 720w, https:\/\/lavras.tv\/site\/wp-content\/uploads\/2025\/01\/Banner_Educacao_PortallavrasTV-470x68.png 470w, https:\/\/lavras.tv\/site\/wp-content\/uploads\/2025\/01\/Banner_Educacao_PortallavrasTV-170x25.png 170w, https:\/\/lavras.tv\/site\/wp-content\/uploads\/2025\/01\/Banner_Educacao_PortallavrasTV-200x29.png 200w\" sizes=\"(max-width: 720px) 100vw, 720px\" width=\"720\" height=\"104\"  style=\"display: inline-block;\" \/><\/a><\/div><\/li><li><a href=\"https:\/\/sistemas.lavras.mg.gov.br\/portalcidadao\/#df1b1a7c7b2a290bcb31e32771e610784662739a88807c0dacac58ede5f391a7530e299dc302d611ee73cb143fc22eaf93592e53e7b5bdb01b00a0b8d28dae460c141dd2ff83412e4dc1c31b16b25f33144a9e5620ea73b13f5bc1c59411d98439ad226e8af03840603796067d87afe130812cf3de24982d0e306f9e61e764e5\" aria-label=\"Banner_Sa\u00fade_PortallavrasTV\"><img src=\"https:\/\/lavras.tv\/site\/wp-content\/uploads\/2025\/03\/Banner_Saude_PortallavrasTV.png\" alt=\"\"  srcset=\"https:\/\/lavras.tv\/site\/wp-content\/uploads\/2025\/03\/Banner_Saude_PortallavrasTV.png 720w, https:\/\/lavras.tv\/site\/wp-content\/uploads\/2025\/03\/Banner_Saude_PortallavrasTV-470x68.png 470w, https:\/\/lavras.tv\/site\/wp-content\/uploads\/2025\/03\/Banner_Saude_PortallavrasTV-170x25.png 170w, https:\/\/lavras.tv\/site\/wp-content\/uploads\/2025\/03\/Banner_Saude_PortallavrasTV-200x29.png 200w\" sizes=\"(max-width: 720px) 100vw, 720px\" width=\"720\" height=\"104\"   \/><\/a><\/li><li><div id=\"lavra-2899329733\" style=\"width:720px;height:104px;background-color:#ddd;overflow:scroll;\">\n\t<strong>Sa\u00edda da depura\u00e7\u00e3o de an\u00fancios<\/strong>\n\t<br><br>\n\tO an\u00fancio n\u00e3o \u00e9 exibido na p\u00e1gina<br><br>post atual: Cart\u00f3rios Eleitorais tem plant\u00e3o no fim de semana, ID: 1821<br><br><span style=\"color: red;\">O post atual n\u00e3o \u00e9 id\u00eantico ao post principal.<\/span><br><br>An\u00fancios: ROXO - TOPO INTERNA - ROTATIVO 2 (197)<br \/>Grupo de an\u00fancios: Princ_Meio01_720x104 (27)<br><br>Condi\u00e7\u00f5es de exibi\u00e7\u00e3o<div style=\"margin-bottom: 20px; white-space: pre-wrap; font-family: monospace; width: 100%; background: #ffe9e9;\"><strong>condi\u00e7\u00f5es gerais<\/strong><table border=\"1\"><thead><tr><th><\/th><th>An\u00fancios<\/th><th>wp_the_query<\/th><\/tr><\/thead><tr><td>is_main_query<\/td><td>1<\/td><td>1<\/td><\/tr><tr><td>is_rest_api<\/td><td>0<\/td><td>1<\/td><\/tr><tr><td>page<\/td><td>0<\/td><td>1<\/td><\/tr><tr><td>numpages<\/td><td>0<\/td><td>1<\/td><\/tr><tr><td>is_archive<\/td><td>1<\/td><td><\/td><\/tr><tr><td>is_search<\/td><td>1<\/td><td><\/td><\/tr><tr><td>is_home<\/td><td>1<\/td><td><\/td><\/tr><tr><td>is_404<\/td><td>1<\/td><td><\/td><\/tr><tr><td>is_attachment<\/td><td>1<\/td><td><\/td><\/tr><tr><td>is_singular<\/td><td>1<\/td><td><\/td><\/tr><tr><td>is_front_page<\/td><td>1<\/td><td><\/td><\/tr><tr><td>is_feed<\/td><td>1<\/td><td><\/td><\/tr><\/table><\/div><br><br><span style=\"color: red;\">Seu site usa HTTPS, mas o c\u00f3digo do an\u00fancio cont\u00e9m HTTP e pode n\u00e3o funcionar.<\/span>\t<br><br>\n\t<a style=\"color: green;\" href=\"https:\/\/wpadvancedads.com\/manual\/ad-debug-mode\/?utm_source=advanced-ads&utm_medium=link&utm_campaign=ad-debug-mode\" target=\"_blank\" rel=\"nofollow\">Encontre solu\u00e7\u00f5es no manual<\/a>\n<\/div>\n<\/li><\/ul><\/div><script>( window.advanced_ads_ready || jQuery( document ).ready ).call( null, function() {var $lavraslider2269576633 = jQuery( \".lavra-slider-2269576633\" );$lavraslider2269576633.on( \"unslider.ready\", function() { jQuery( \"div.custom-slider ul li\" ).css( \"display\", \"block\" ); });$lavraslider2269576633.unslider({ delay:4000, autoplay:true, nav:false, arrows:false, infinite:true });$lavraslider2269576633.on(\"mouseover\", function() {$lavraslider2269576633.unslider(\"stop\");}).on(\"mouseout\", function() {$lavraslider2269576633.unslider(\"start\");});});<\/script><\/div><p>Durante o per\u00edodo eleitoral, os cart\u00f3rios eleitorais de Minas Gerais v\u00e3o funcionar aos s\u00e1bados, domingos e feriados, de\u00a013h\u00a0\u00e0s\u00a018h.\u00a0<!--more-->Para os eleitores, s\u00f3 est\u00e3o dispon\u00edveis nos locais de atendimento da Justi\u00e7a Eleitoral os servi\u00e7os: segunda via do t\u00edtulo e emiss\u00e3o de certid\u00f5es eleitorais. A\u00a0data limite\u00a0para que o eleitor solicite a segunda via do seu t\u00edtulo no cart\u00f3rio de sua inscri\u00e7\u00e3o \u00e9 o dia\u00a0<b>22 de setembro<\/b>, dez dias antes das elei\u00e7\u00f5es (2 de outubro).<\/p>\n<p>Os demais servi\u00e7os ser\u00e3o retomados a partir de novembro. Isso porque em todas as elei\u00e7\u00f5es, o cadastro \u00e9 fechado 150 dias antes do pleito, de acordo com o Calend\u00e1rio Eleitoral expedido pelo TSE, baseado no que disp\u00f5e a Lei 9.504\/1997. Neste ano, esse prazo terminou no dia 4 de maio.<\/p>\n<p><b>O eleitor poder\u00e1 buscar os servi\u00e7os da Justi\u00e7a Eleitoral em Lavras no seguinte endere\u00e7o:\u00a0<\/b><\/p>\n<p><b>&#8211; Avenida Ernesto Matioli, 1171 &#8211; Bela Vista<\/b><\/p>\n<p>Confira os\u00a0<a title=\"\" href=\"http:\/\/www.tre-mg.jus.br\/eleitor\/zonas-eleitorais\/consulta-enderecos-de-zonas-eleitorais\" target=\"_blank\">locais de atendimento<\/a>\u00a0ao eleitor em todo o Estado.<\/p>\n<p>Tamb\u00e9m o\u00a0<b>Disque-Eleitor\u00a0(148) <\/b>funciona em regime de plant\u00e3o aos\u00a0<b>s\u00e1bados, domingos e feriados<\/b>, das\u00a08h \u00e0s 19h. O hor\u00e1rio de funcionamento de segunda a sexta \u00e9 das 7h \u00e0s 19h. Desde o in\u00edcio deste m\u00eas, o servi\u00e7o recebeu mais de 5 mil liga\u00e7\u00f5es, incluindo os finais de semana.<\/p>\n<p>&nbsp;<\/p>\n<p>Fonte: TRE-MG<\/p>\n<p>Foto: Lavras 24 Horas<\/p>\n","protected":false},"excerpt":{"rendered":"<p>Durante o per\u00edodo eleitoral, os cart\u00f3rios eleitorais de Minas Gerais v\u00e3o funcionar aos s\u00e1bados, domingos e feriados, de\u00a013h\u00a0\u00e0s\u00a018h.\u00a0<\/p>\n","protected":false},"author":2,"featured_media":1822,"comment_status":"closed","ping_status":"open","sticky":false,"template":"","format":"standard","meta":{"advgb_blocks_editor_width":"","advgb_blocks_columns_visual_guide":"","_exactmetrics_skip_tracking":false,"_exactmetrics_sitenote_active":false,"_exactmetrics_sitenote_note":"","_exactmetrics_sitenote_category":0,"footnotes":""},"categories":[7,12],"tags":[609,418,610,461],"class_list":["post-1821","post","type-post","status-publish","format-standard","has-post-thumbnail","hentry","category-destaques","category-politica","tag-cartorio-eleitoral-lavras-mg","tag-eleicoes-2016","tag-plantao-cartorio-eleitoral","tag-tre-mg"],"better_featured_image":{"id":1822,"alt_text":"","caption":"","description":"","media_type":"image","media_details":{"width":960,"height":720,"file":"2016\/08\/cart\u00f3rio-eleitoral-Lavras.jpg","sizes":{"thumbnail":{"file":"cart\u00f3rio-eleitoral-Lavras-150x113.jpg","width":150,"height":113,"mime-type":"image\/jpeg","source_url":"https:\/\/lavras.tv\/site\/wp-content\/uploads\/2016\/08\/cart\u00f3rio-eleitoral-Lavras-150x113.jpg"},"medium":{"file":"cart\u00f3rio-eleitoral-Lavras-300x225.jpg","width":300,"height":225,"mime-type":"image\/jpeg","source_url":"https:\/\/lavras.tv\/site\/wp-content\/uploads\/2016\/08\/cart\u00f3rio-eleitoral-Lavras-300x225.jpg"},"featured-slider-img":{"file":"cart\u00f3rio-eleitoral-Lavras-640x480.jpg","width":640,"height":480,"mime-type":"image\/jpeg","source_url":"https:\/\/lavras.tv\/site\/wp-content\/uploads\/2016\/08\/cart\u00f3rio-eleitoral-Lavras-640x480.jpg"},"featured-post-img":{"file":"cart\u00f3rio-eleitoral-Lavras-480x320.jpg","width":480,"height":320,"mime-type":"image\/jpeg","source_url":"https:\/\/lavras.tv\/site\/wp-content\/uploads\/2016\/08\/cart\u00f3rio-eleitoral-Lavras-480x320.jpg"},"sow-carousel-default":{"file":"cart\u00f3rio-eleitoral-Lavras-272x182.jpg","width":272,"height":182,"mime-type":"image\/jpeg","source_url":"https:\/\/lavras.tv\/site\/wp-content\/uploads\/2016\/08\/cart\u00f3rio-eleitoral-Lavras-272x182.jpg"}},"image_meta":{"aperture":"2.8","credit":"","camera":"DSC-W510","caption":"","created_timestamp":"1312381240","copyright":"Copyright 2009","focal_length":"4.7","iso":"80","shutter_speed":"0.004","title":"","orientation":"1","keywords":[]}},"post":1821,"source_url":"https:\/\/lavras.tv\/site\/wp-content\/uploads\/2016\/08\/cart\u00f3rio-eleitoral-Lavras.jpg"},"author_meta":{"display_name":"Lavras TV","author_link":"https:\/\/lavras.tv\/site\/author\/lavrastv\/"},"featured_img":"https:\/\/lavras.tv\/site\/wp-content\/uploads\/2016\/08\/cart\u00f3rio-eleitoral-Lavras-300x225.jpg","coauthors":[],"tax_additional":{"categories":{"linked":["<a href=\"https:\/\/lavras.tv\/site\/category\/destaques\/\" class=\"advgb-post-tax-term\">Destaques<\/a>","<a href=\"https:\/\/lavras.tv\/site\/category\/politica\/\" class=\"advgb-post-tax-term\">Pol\u00edtica<\/a>"],"unlinked":["<span class=\"advgb-post-tax-term\">Destaques<\/span>","<span class=\"advgb-post-tax-term\">Pol\u00edtica<\/span>"]},"tags":{"linked":["<a href=\"https:\/\/lavras.tv\/site\/category\/politica\/\" class=\"advgb-post-tax-term\">cart\u00f3rio eleitoral lavras mg<\/a>","<a href=\"https:\/\/lavras.tv\/site\/category\/politica\/\" class=\"advgb-post-tax-term\">elei\u00e7\u00f5es 2016<\/a>","<a href=\"https:\/\/lavras.tv\/site\/category\/politica\/\" class=\"advgb-post-tax-term\">plant\u00e3o cart\u00f3rio eleitoral<\/a>","<a href=\"https:\/\/lavras.tv\/site\/category\/politica\/\" class=\"advgb-post-tax-term\">tre-mg<\/a>"],"unlinked":["<span class=\"advgb-post-tax-term\">cart\u00f3rio eleitoral lavras mg<\/span>","<span class=\"advgb-post-tax-term\">elei\u00e7\u00f5es 2016<\/span>","<span class=\"advgb-post-tax-term\">plant\u00e3o cart\u00f3rio eleitoral<\/span>","<span class=\"advgb-post-tax-term\">tre-mg<\/span>"]}},"comment_count":"0","relative_dates":{"created":"Publicado 10 anos atr\u00e1s","modified":"Atualizado 10 anos atr\u00e1s"},"absolute_dates":{"created":"Publicado em 25 de agosto de 2016","modified":"Atualizado em 26 de agosto de 2016"},"absolute_dates_time":{"created":"Publicado em 25 de agosto de 2016 12:11","modified":"Atualizado em 26 de agosto de 2016 10:43"},"featured_img_caption":"","series_order":"","_links":{"self":[{"href":"https:\/\/lavras.tv\/site\/wp-json\/wp\/v2\/posts\/1821","targetHints":{"allow":["GET"]}}],"collection":[{"href":"https:\/\/lavras.tv\/site\/wp-json\/wp\/v2\/posts"}],"about":[{"href":"https:\/\/lavras.tv\/site\/wp-json\/wp\/v2\/types\/post"}],"author":[{"embeddable":true,"href":"https:\/\/lavras.tv\/site\/wp-json\/wp\/v2\/users\/2"}],"replies":[{"embeddable":true,"href":"https:\/\/lavras.tv\/site\/wp-json\/wp\/v2\/comments?post=1821"}],"version-history":[{"count":3,"href":"https:\/\/lavras.tv\/site\/wp-json\/wp\/v2\/posts\/1821\/revisions"}],"predecessor-version":[{"id":1836,"href":"https:\/\/lavras.tv\/site\/wp-json\/wp\/v2\/posts\/1821\/revisions\/1836"}],"wp:featuredmedia":[{"embeddable":true,"href":"https:\/\/lavras.tv\/site\/wp-json\/wp\/v2\/media\/1822"}],"wp:attachment":[{"href":"https:\/\/lavras.tv\/site\/wp-json\/wp\/v2\/media?parent=1821"}],"wp:term":[{"taxonomy":"category","embeddable":true,"href":"https:\/\/lavras.tv\/site\/wp-json\/wp\/v2\/categories?post=1821"},{"taxonomy":"post_tag","embeddable":true,"href":"https:\/\/lavras.tv\/site\/wp-json\/wp\/v2\/tags?post=1821"}],"curies":[{"name":"wp","href":"https:\/\/api.w.org\/{rel}","templated":true}]}}