{"id":1824,"date":"2016-08-25T14:33:50","date_gmt":"2016-08-25T14:33:50","guid":{"rendered":"http:\/\/lavras.tv\/site\/?p=1824"},"modified":"2016-08-25T14:34:46","modified_gmt":"2016-08-25T14:34:46","slug":"ribeirao-vermelho-e-a-unica-cidade-de-mg-a-ter-apenas-mulheres-candidatas","status":"publish","type":"post","link":"https:\/\/lavras.tv\/site\/2016\/08\/25\/ribeirao-vermelho-e-a-unica-cidade-de-mg-a-ter-apenas-mulheres-candidatas\/","title":{"rendered":"Ribeir\u00e3o Vermelho \u00e9 a \u00fanica cidade de MG a ter apenas mulheres candidatas"},"content":{"rendered":"<div class=\"lavra-antes-do-conteudo_2\" id=\"lavra-4211485134\"><div id=\"lavra-slider-27\" class=\"custom-slider lavra-slider-1474246784 lavra-slider\"><ul><li><div style=\"margin-left: auto;margin-right: auto;text-align: center;\" id=\"lavra-440465188\"><a href=\"https:\/\/sistemas.lavras.mg.gov.br\/portalcidadao\/#df1b1a7c7b2a290bcb31e32771e610784662739a88807c0dacac58ede5f391a7530e299dc302d611ee73cb143fc22eaf93592e53e7b5bdb01b00a0b8d28dae460c141dd2ff83412e4dc1c31b16b25f33144a9e5620ea73b13f5bc1c59411d98439ad226e8af03840603796067d87afe130812cf3de24982d0e306f9e61e764e5\" aria-label=\"Lavras-TV&#8211;720x104px (1) (1)\"><img src=\"https:\/\/lavras.tv\/site\/wp-content\/uploads\/2025\/01\/Lavras-TV-720x104px-1-1.png\" alt=\"\"  srcset=\"https:\/\/lavras.tv\/site\/wp-content\/uploads\/2025\/01\/Lavras-TV-720x104px-1-1.png 720w, https:\/\/lavras.tv\/site\/wp-content\/uploads\/2025\/01\/Lavras-TV-720x104px-1-1-470x68.png 470w, https:\/\/lavras.tv\/site\/wp-content\/uploads\/2025\/01\/Lavras-TV-720x104px-1-1-170x25.png 170w, https:\/\/lavras.tv\/site\/wp-content\/uploads\/2025\/01\/Lavras-TV-720x104px-1-1-200x29.png 200w\" sizes=\"(max-width: 720px) 100vw, 720px\" width=\"720\" height=\"104\"  style=\"display: inline-block;\" \/><\/a><\/div><\/li><li><a href=\"https:\/\/sistemas.lavras.mg.gov.br\/portalcidadao\/#df1b1a7c7b2a290bcb31e32771e610784662739a88807c0dacac58ede5f391a7530e299dc302d611ee73cb143fc22eaf93592e53e7b5bdb01b00a0b8d28dae460c141dd2ff83412e4dc1c31b16b25f33144a9e5620ea73b13f5bc1c59411d98439ad226e8af03840603796067d87afe130812cf3de24982d0e306f9e61e764e5\" aria-label=\"Banner_Emprego_PortallavrasTV\"><img src=\"https:\/\/lavras.tv\/site\/wp-content\/uploads\/2025\/03\/Banner_Emprego_PortallavrasTV.png\" alt=\"\"  srcset=\"https:\/\/lavras.tv\/site\/wp-content\/uploads\/2025\/03\/Banner_Emprego_PortallavrasTV.png 720w, https:\/\/lavras.tv\/site\/wp-content\/uploads\/2025\/03\/Banner_Emprego_PortallavrasTV-470x68.png 470w, https:\/\/lavras.tv\/site\/wp-content\/uploads\/2025\/03\/Banner_Emprego_PortallavrasTV-170x25.png 170w, https:\/\/lavras.tv\/site\/wp-content\/uploads\/2025\/03\/Banner_Emprego_PortallavrasTV-200x29.png 200w\" sizes=\"(max-width: 720px) 100vw, 720px\" width=\"720\" height=\"104\"   \/><\/a><\/li><li><a href=\"https:\/\/sistemas.lavras.mg.gov.br\/portalcidadao\/#df1b1a7c7b2a290bcb31e32771e610784662739a88807c0dacac58ede5f391a7530e299dc302d611ee73cb143fc22eaf93592e53e7b5bdb01b00a0b8d28dae460c141dd2ff83412e4dc1c31b16b25f33144a9e5620ea73b13f5bc1c59411d98439ad226e8af03840603796067d87afe130812cf3de24982d0e306f9e61e764e5\" aria-label=\"Banner_Obras_PortallavrasTV\"><img src=\"https:\/\/lavras.tv\/site\/wp-content\/uploads\/2025\/03\/Banner_Obras_PortallavrasTV.png\" alt=\"\"  srcset=\"https:\/\/lavras.tv\/site\/wp-content\/uploads\/2025\/03\/Banner_Obras_PortallavrasTV.png 720w, https:\/\/lavras.tv\/site\/wp-content\/uploads\/2025\/03\/Banner_Obras_PortallavrasTV-470x68.png 470w, https:\/\/lavras.tv\/site\/wp-content\/uploads\/2025\/03\/Banner_Obras_PortallavrasTV-170x25.png 170w, https:\/\/lavras.tv\/site\/wp-content\/uploads\/2025\/03\/Banner_Obras_PortallavrasTV-200x29.png 200w\" sizes=\"(max-width: 720px) 100vw, 720px\" width=\"720\" height=\"104\"   \/><\/a><\/li><li><div style=\"margin-left: auto;margin-right: auto;text-align: center;\" id=\"lavra-3888348408\"><a href=\"https:\/\/sistemas.lavras.mg.gov.br\/portalcidadao\/#df1b1a7c7b2a290bcb31e32771e610784662739a88807c0dacac58ede5f391a7530e299dc302d611ee73cb143fc22eaf93592e53e7b5bdb01b00a0b8d28dae460c141dd2ff83412e4dc1c31b16b25f33144a9e5620ea73b13f5bc1c59411d98439ad226e8af03840603796067d87afe130812cf3de24982d0e306f9e61e764e5\" aria-label=\"Banner_Educa\u00e7\u00e3o_PortallavrasTV\"><img src=\"https:\/\/lavras.tv\/site\/wp-content\/uploads\/2025\/01\/Banner_Educacao_PortallavrasTV.png\" alt=\"\"  srcset=\"https:\/\/lavras.tv\/site\/wp-content\/uploads\/2025\/01\/Banner_Educacao_PortallavrasTV.png 720w, https:\/\/lavras.tv\/site\/wp-content\/uploads\/2025\/01\/Banner_Educacao_PortallavrasTV-470x68.png 470w, https:\/\/lavras.tv\/site\/wp-content\/uploads\/2025\/01\/Banner_Educacao_PortallavrasTV-170x25.png 170w, https:\/\/lavras.tv\/site\/wp-content\/uploads\/2025\/01\/Banner_Educacao_PortallavrasTV-200x29.png 200w\" sizes=\"(max-width: 720px) 100vw, 720px\" width=\"720\" height=\"104\"  style=\"display: inline-block;\" \/><\/a><\/div><\/li><li><a href=\"https:\/\/sistemas.lavras.mg.gov.br\/portalcidadao\/#df1b1a7c7b2a290bcb31e32771e610784662739a88807c0dacac58ede5f391a7530e299dc302d611ee73cb143fc22eaf93592e53e7b5bdb01b00a0b8d28dae460c141dd2ff83412e4dc1c31b16b25f33144a9e5620ea73b13f5bc1c59411d98439ad226e8af03840603796067d87afe130812cf3de24982d0e306f9e61e764e5\" aria-label=\"Banner_Sa\u00fade_PortallavrasTV\"><img src=\"https:\/\/lavras.tv\/site\/wp-content\/uploads\/2025\/03\/Banner_Saude_PortallavrasTV.png\" alt=\"\"  srcset=\"https:\/\/lavras.tv\/site\/wp-content\/uploads\/2025\/03\/Banner_Saude_PortallavrasTV.png 720w, https:\/\/lavras.tv\/site\/wp-content\/uploads\/2025\/03\/Banner_Saude_PortallavrasTV-470x68.png 470w, https:\/\/lavras.tv\/site\/wp-content\/uploads\/2025\/03\/Banner_Saude_PortallavrasTV-170x25.png 170w, https:\/\/lavras.tv\/site\/wp-content\/uploads\/2025\/03\/Banner_Saude_PortallavrasTV-200x29.png 200w\" sizes=\"(max-width: 720px) 100vw, 720px\" width=\"720\" height=\"104\"   \/><\/a><\/li><li><div id=\"lavra-4164862740\" style=\"width:720px;height:104px;background-color:#ddd;overflow:scroll;\">\n\t<strong>Sa\u00edda da depura\u00e7\u00e3o de an\u00fancios<\/strong>\n\t<br><br>\n\tO an\u00fancio n\u00e3o \u00e9 exibido na p\u00e1gina<br><br>post atual: Ribeir\u00e3o Vermelho \u00e9 a \u00fanica cidade de MG a ter apenas mulheres candidatas, ID: 1824<br><br><span style=\"color: red;\">O post atual n\u00e3o \u00e9 id\u00eantico ao post principal.<\/span><br><br>An\u00fancios: ROXO - TOPO INTERNA - ROTATIVO 2 (197)<br \/>Grupo de an\u00fancios: Princ_Meio01_720x104 (27)<br><br>Condi\u00e7\u00f5es de exibi\u00e7\u00e3o<div style=\"margin-bottom: 20px; white-space: pre-wrap; font-family: monospace; width: 100%; background: #ffe9e9;\"><strong>condi\u00e7\u00f5es gerais<\/strong><table border=\"1\"><thead><tr><th><\/th><th>An\u00fancios<\/th><th>wp_the_query<\/th><\/tr><\/thead><tr><td>is_main_query<\/td><td>1<\/td><td>1<\/td><\/tr><tr><td>is_rest_api<\/td><td>0<\/td><td>1<\/td><\/tr><tr><td>page<\/td><td>0<\/td><td>1<\/td><\/tr><tr><td>numpages<\/td><td>0<\/td><td>1<\/td><\/tr><tr><td>is_archive<\/td><td>1<\/td><td><\/td><\/tr><tr><td>is_search<\/td><td>1<\/td><td><\/td><\/tr><tr><td>is_home<\/td><td>1<\/td><td><\/td><\/tr><tr><td>is_404<\/td><td>1<\/td><td><\/td><\/tr><tr><td>is_attachment<\/td><td>1<\/td><td><\/td><\/tr><tr><td>is_singular<\/td><td>1<\/td><td><\/td><\/tr><tr><td>is_front_page<\/td><td>1<\/td><td><\/td><\/tr><tr><td>is_feed<\/td><td>1<\/td><td><\/td><\/tr><\/table><\/div><br><br><span style=\"color: red;\">Seu site usa HTTPS, mas o c\u00f3digo do an\u00fancio cont\u00e9m HTTP e pode n\u00e3o funcionar.<\/span>\t<br><br>\n\t<a style=\"color: green;\" href=\"https:\/\/wpadvancedads.com\/manual\/ad-debug-mode\/?utm_source=advanced-ads&utm_medium=link&utm_campaign=ad-debug-mode\" target=\"_blank\" rel=\"nofollow\">Encontre solu\u00e7\u00f5es no manual<\/a>\n<\/div>\n<\/li><\/ul><\/div><script>( window.advanced_ads_ready || jQuery( document ).ready ).call( null, function() {var $lavraslider1474246784 = jQuery( \".lavra-slider-1474246784\" );$lavraslider1474246784.on( \"unslider.ready\", function() { jQuery( \"div.custom-slider ul li\" ).css( \"display\", \"block\" ); });$lavraslider1474246784.unslider({ delay:4000, autoplay:true, nav:false, arrows:false, infinite:true });$lavraslider1474246784.on(\"mouseover\", function() {$lavraslider1474246784.unslider(\"stop\");}).on(\"mouseout\", function() {$lavraslider1474246784.unslider(\"start\");});});<\/script><\/div><p>O n\u00famero de mulheres candidatas as prefeituras do Sul de Minas diminuiu em compara\u00e7\u00e3o com as elei\u00e7\u00f5es de 2012. De acordo com Tribunal Regional Eleitoral (TRE) de Minas Gerais, antes 10,36% dos nomes eram de mulheres, agora s\u00e3o 9,30%. Mas em Ribeir\u00e3o Vermelho (MG), a disputa \u00e9 apenas feminina.<\/p>\n<p>A situa\u00e7\u00e3o \u00e9 t\u00e3o incomum que o pequeno munic\u00edpio, que tem pouco mais de 4 mil habitantes, \u00e9 o \u00fanico do estado em que as elei\u00e7\u00f5es para prefeito est\u00e3o sendo disputadas s\u00f3 por mulheres.<\/p>\n<figure id=\"attachment_1825\" aria-describedby=\"caption-attachment-1825\" style=\"width: 531px\" class=\"wp-caption aligncenter\"><img fetchpriority=\"high\" decoding=\"async\" class=\"wp-image-1825 size-full\" src=\"http:\/\/lavras.tv\/site\/wp-content\/uploads\/2016\/08\/redriver-.jpg\" alt=\"redriver\" width=\"531\" height=\"295\" srcset=\"https:\/\/lavras.tv\/site\/wp-content\/uploads\/2016\/08\/redriver-.jpg 531w, https:\/\/lavras.tv\/site\/wp-content\/uploads\/2016\/08\/redriver--150x83.jpg 150w, https:\/\/lavras.tv\/site\/wp-content\/uploads\/2016\/08\/redriver--300x167.jpg 300w\" sizes=\"(max-width: 531px) 100vw, 531px\" \/><figcaption id=\"caption-attachment-1825\" class=\"wp-caption-text\">Ana Rosa Lasmar (esquerda) e Delma Batista de Souza (direita)<\/figcaption><\/figure>\n<p>Ana Rosa Lasmar (PSD) j\u00e1 foi prefeita por dois mandatos, mas \u00e9 a primeira vez que concorre com outra mulher.\u00a0 \u201cAcho que as duas candidatas s\u00e3o muito corajosas, porque est\u00e3o encarando a popula\u00e7\u00e3o, encarando trabalhar o terceiro turno, porque s\u00e3o m\u00e3es, donas de casa. Ent\u00e3o eu acho que isso vai fazer a diferen\u00e7a na campanha e na pol\u00edtica para quem o povo escolher e eleger\u201d, diz ela.<\/p>\n<p>Delma Batista de Souza (PT) j\u00e1 foi vereadora por dois mandatos e \u00e9 a atual vice-prefeita. \u201cIsso demonstra que a nossa cidade est\u00e1 evoluindo na pol\u00edtica feminina. E um diferencial na nossa cidade \u00e9 que n\u00e3o existe preconceito, machismo aceito\u201d, afirma ela.<\/p>\n<p>Dos 161 munic\u00edpios do Sul de Minas,\u00a0 em apenas 40 existem candidatas ao cargo de prefeito, ou seja, quase 25% deles.<\/p>\n<p>\u201cA divis\u00e3o social do trabalho em que as mulheres t\u00eam obriga\u00e7\u00e3o de cuidar do lar, dos filhos, da casa, e o marido trabalhar especialmente e manter a quest\u00e3o econ\u00f4mica do lar \u00e9 muito forte aqui no Brasil. Ent\u00e3o o que acontece? A mulher n\u00e3o se enxerga enquanto algu\u00e9m ocupando cargos p\u00fablicos, j\u00e1 que ela n\u00e3o tem o poder de mando na vida privada dela. Ent\u00e3o quem manda normalmente \u00e9 o homem, ent\u00e3o ela n\u00e3o se enxerga candidata ou depois eleita j\u00e1 que ela vai ter que de fato comandar\u201d, analisa a soci\u00f3loga Terezinha Richartz.<\/p>\n<p>Ainda conforme o TRE, o n\u00famero total de candidatos a prefeito tamb\u00e9m diminuiu. Em 2012, 462 nomes disputaram as prefeituras da regi\u00e3o. agora s\u00e3o 434. E o n\u00famero de mulheres tamb\u00e9m diminuiu, de 10,36%, para 9,30%.<\/p>\n<p>&nbsp;<\/p>\n<p>Fonte: G1 Sul de Minas<\/p>\n","protected":false},"excerpt":{"rendered":"<p>O n\u00famero de mulheres candidatas as prefeituras do Sul de Minas diminuiu em compara\u00e7\u00e3o com as elei\u00e7\u00f5es de 2012. De acordo com Tribunal Regional Eleitoral (TRE) de Minas Gerais, antes 10,36% dos nomes eram de mulheres, agora s\u00e3o 9,30%. Mas em Ribeir\u00e3o Vermelho (MG), a disputa \u00e9 apenas feminina. A situa\u00e7\u00e3o \u00e9 t\u00e3o incomum que [&hellip;]<\/p>\n","protected":false},"author":2,"featured_media":1825,"comment_status":"closed","ping_status":"open","sticky":false,"template":"","format":"standard","meta":{"advgb_blocks_editor_width":"","advgb_blocks_columns_visual_guide":"","_exactmetrics_skip_tracking":false,"_exactmetrics_sitenote_active":false,"_exactmetrics_sitenote_note":"","_exactmetrics_sitenote_category":0,"footnotes":""},"categories":[7,12],"tags":[611,612,418,377],"class_list":["post-1824","post","type-post","status-publish","format-standard","has-post-thumbnail","hentry","category-destaques","category-politica","tag-ana-rosa-lasmar","tag-delma-batista-de-souza","tag-eleicoes-2016","tag-ribeirao-vermelho-mg"],"better_featured_image":{"id":1825,"alt_text":"","caption":"","description":"","media_type":"image","media_details":{"width":531,"height":295,"file":"2016\/08\/redriver-.jpg","sizes":{"thumbnail":{"file":"redriver--150x83.jpg","width":150,"height":83,"mime-type":"image\/jpeg","source_url":"https:\/\/lavras.tv\/site\/wp-content\/uploads\/2016\/08\/redriver--150x83.jpg"},"medium":{"file":"redriver--300x167.jpg","width":300,"height":167,"mime-type":"image\/jpeg","source_url":"https:\/\/lavras.tv\/site\/wp-content\/uploads\/2016\/08\/redriver--300x167.jpg"},"featured-post-img":{"file":"redriver--480x295.jpg","width":480,"height":295,"mime-type":"image\/jpeg","source_url":"https:\/\/lavras.tv\/site\/wp-content\/uploads\/2016\/08\/redriver--480x295.jpg"},"sow-carousel-default":{"file":"redriver--272x182.jpg","width":272,"height":182,"mime-type":"image\/jpeg","source_url":"https:\/\/lavras.tv\/site\/wp-content\/uploads\/2016\/08\/redriver--272x182.jpg"}},"image_meta":{"aperture":"0","credit":"","camera":"","caption":"","created_timestamp":"0","copyright":"","focal_length":"0","iso":"0","shutter_speed":"0","title":"","orientation":"0","keywords":[]}},"post":1824,"source_url":"https:\/\/lavras.tv\/site\/wp-content\/uploads\/2016\/08\/redriver-.jpg"},"author_meta":{"display_name":"Lavras TV","author_link":"https:\/\/lavras.tv\/site\/author\/lavrastv\/"},"featured_img":"https:\/\/lavras.tv\/site\/wp-content\/uploads\/2016\/08\/redriver--300x167.jpg","coauthors":[],"tax_additional":{"categories":{"linked":["<a href=\"https:\/\/lavras.tv\/site\/category\/destaques\/\" class=\"advgb-post-tax-term\">Destaques<\/a>","<a href=\"https:\/\/lavras.tv\/site\/category\/politica\/\" class=\"advgb-post-tax-term\">Pol\u00edtica<\/a>"],"unlinked":["<span class=\"advgb-post-tax-term\">Destaques<\/span>","<span class=\"advgb-post-tax-term\">Pol\u00edtica<\/span>"]},"tags":{"linked":["<a href=\"https:\/\/lavras.tv\/site\/category\/politica\/\" class=\"advgb-post-tax-term\">ana rosa lasmar<\/a>","<a href=\"https:\/\/lavras.tv\/site\/category\/politica\/\" class=\"advgb-post-tax-term\">delma batista de souza<\/a>","<a href=\"https:\/\/lavras.tv\/site\/category\/politica\/\" class=\"advgb-post-tax-term\">elei\u00e7\u00f5es 2016<\/a>","<a href=\"https:\/\/lavras.tv\/site\/category\/politica\/\" class=\"advgb-post-tax-term\">ribeir\u00e3o vermelho mg<\/a>"],"unlinked":["<span class=\"advgb-post-tax-term\">ana rosa lasmar<\/span>","<span class=\"advgb-post-tax-term\">delma batista de souza<\/span>","<span class=\"advgb-post-tax-term\">elei\u00e7\u00f5es 2016<\/span>","<span class=\"advgb-post-tax-term\">ribeir\u00e3o vermelho mg<\/span>"]}},"comment_count":"0","relative_dates":{"created":"Publicado 10 anos atr\u00e1s","modified":"Atualizado 10 anos atr\u00e1s"},"absolute_dates":{"created":"Publicado em 25 de agosto de 2016","modified":"Atualizado em 25 de agosto de 2016"},"absolute_dates_time":{"created":"Publicado em 25 de agosto de 2016 14:33","modified":"Atualizado em 25 de agosto de 2016 14:34"},"featured_img_caption":"","series_order":"","_links":{"self":[{"href":"https:\/\/lavras.tv\/site\/wp-json\/wp\/v2\/posts\/1824","targetHints":{"allow":["GET"]}}],"collection":[{"href":"https:\/\/lavras.tv\/site\/wp-json\/wp\/v2\/posts"}],"about":[{"href":"https:\/\/lavras.tv\/site\/wp-json\/wp\/v2\/types\/post"}],"author":[{"embeddable":true,"href":"https:\/\/lavras.tv\/site\/wp-json\/wp\/v2\/users\/2"}],"replies":[{"embeddable":true,"href":"https:\/\/lavras.tv\/site\/wp-json\/wp\/v2\/comments?post=1824"}],"version-history":[{"count":2,"href":"https:\/\/lavras.tv\/site\/wp-json\/wp\/v2\/posts\/1824\/revisions"}],"predecessor-version":[{"id":1827,"href":"https:\/\/lavras.tv\/site\/wp-json\/wp\/v2\/posts\/1824\/revisions\/1827"}],"wp:featuredmedia":[{"embeddable":true,"href":"https:\/\/lavras.tv\/site\/wp-json\/wp\/v2\/media\/1825"}],"wp:attachment":[{"href":"https:\/\/lavras.tv\/site\/wp-json\/wp\/v2\/media?parent=1824"}],"wp:term":[{"taxonomy":"category","embeddable":true,"href":"https:\/\/lavras.tv\/site\/wp-json\/wp\/v2\/categories?post=1824"},{"taxonomy":"post_tag","embeddable":true,"href":"https:\/\/lavras.tv\/site\/wp-json\/wp\/v2\/tags?post=1824"}],"curies":[{"name":"wp","href":"https:\/\/api.w.org\/{rel}","templated":true}]}}