{"id":18321,"date":"2018-10-15T09:06:44","date_gmt":"2018-10-15T12:06:44","guid":{"rendered":"http:\/\/lavras.tv\/site\/?p=18321"},"modified":"2018-10-15T09:06:44","modified_gmt":"2018-10-15T12:06:44","slug":"eleicoes-2018-mesarios-ja-podem-obter-declaracao-de-dias-trabalhados","status":"publish","type":"post","link":"https:\/\/lavras.tv\/site\/2018\/10\/15\/eleicoes-2018-mesarios-ja-podem-obter-declaracao-de-dias-trabalhados\/","title":{"rendered":"Elei\u00e7\u00f5es 2018: Mes\u00e1rios j\u00e1 podem obter declara\u00e7\u00e3o de dias trabalhados"},"content":{"rendered":"<div class=\"lavra-antes-do-conteudo_2\" id=\"lavra-285527940\"><div id=\"lavra-slider-27\" class=\"custom-slider lavra-slider-3746734630 lavra-slider\"><ul><li><div style=\"margin-left: auto;margin-right: auto;text-align: center;\" id=\"lavra-2209518572\"><a href=\"https:\/\/sistemas.lavras.mg.gov.br\/portalcidadao\/#df1b1a7c7b2a290bcb31e32771e610784662739a88807c0dacac58ede5f391a7530e299dc302d611ee73cb143fc22eaf93592e53e7b5bdb01b00a0b8d28dae460c141dd2ff83412e4dc1c31b16b25f33144a9e5620ea73b13f5bc1c59411d98439ad226e8af03840603796067d87afe130812cf3de24982d0e306f9e61e764e5\" aria-label=\"Lavras-TV&#8211;720x104px (1) (1)\"><img src=\"https:\/\/lavras.tv\/site\/wp-content\/uploads\/2025\/01\/Lavras-TV-720x104px-1-1.png\" alt=\"\"  srcset=\"https:\/\/lavras.tv\/site\/wp-content\/uploads\/2025\/01\/Lavras-TV-720x104px-1-1.png 720w, https:\/\/lavras.tv\/site\/wp-content\/uploads\/2025\/01\/Lavras-TV-720x104px-1-1-470x68.png 470w, https:\/\/lavras.tv\/site\/wp-content\/uploads\/2025\/01\/Lavras-TV-720x104px-1-1-170x25.png 170w, https:\/\/lavras.tv\/site\/wp-content\/uploads\/2025\/01\/Lavras-TV-720x104px-1-1-200x29.png 200w\" sizes=\"(max-width: 720px) 100vw, 720px\" width=\"720\" height=\"104\"  style=\"display: inline-block;\" \/><\/a><\/div><\/li><li><a href=\"https:\/\/sistemas.lavras.mg.gov.br\/portalcidadao\/#df1b1a7c7b2a290bcb31e32771e610784662739a88807c0dacac58ede5f391a7530e299dc302d611ee73cb143fc22eaf93592e53e7b5bdb01b00a0b8d28dae460c141dd2ff83412e4dc1c31b16b25f33144a9e5620ea73b13f5bc1c59411d98439ad226e8af03840603796067d87afe130812cf3de24982d0e306f9e61e764e5\" aria-label=\"Banner_Emprego_PortallavrasTV\"><img src=\"https:\/\/lavras.tv\/site\/wp-content\/uploads\/2025\/03\/Banner_Emprego_PortallavrasTV.png\" alt=\"\"  srcset=\"https:\/\/lavras.tv\/site\/wp-content\/uploads\/2025\/03\/Banner_Emprego_PortallavrasTV.png 720w, https:\/\/lavras.tv\/site\/wp-content\/uploads\/2025\/03\/Banner_Emprego_PortallavrasTV-470x68.png 470w, https:\/\/lavras.tv\/site\/wp-content\/uploads\/2025\/03\/Banner_Emprego_PortallavrasTV-170x25.png 170w, https:\/\/lavras.tv\/site\/wp-content\/uploads\/2025\/03\/Banner_Emprego_PortallavrasTV-200x29.png 200w\" sizes=\"(max-width: 720px) 100vw, 720px\" width=\"720\" height=\"104\"   \/><\/a><\/li><li><a href=\"https:\/\/sistemas.lavras.mg.gov.br\/portalcidadao\/#df1b1a7c7b2a290bcb31e32771e610784662739a88807c0dacac58ede5f391a7530e299dc302d611ee73cb143fc22eaf93592e53e7b5bdb01b00a0b8d28dae460c141dd2ff83412e4dc1c31b16b25f33144a9e5620ea73b13f5bc1c59411d98439ad226e8af03840603796067d87afe130812cf3de24982d0e306f9e61e764e5\" aria-label=\"Banner_Obras_PortallavrasTV\"><img src=\"https:\/\/lavras.tv\/site\/wp-content\/uploads\/2025\/03\/Banner_Obras_PortallavrasTV.png\" alt=\"\"  srcset=\"https:\/\/lavras.tv\/site\/wp-content\/uploads\/2025\/03\/Banner_Obras_PortallavrasTV.png 720w, https:\/\/lavras.tv\/site\/wp-content\/uploads\/2025\/03\/Banner_Obras_PortallavrasTV-470x68.png 470w, https:\/\/lavras.tv\/site\/wp-content\/uploads\/2025\/03\/Banner_Obras_PortallavrasTV-170x25.png 170w, https:\/\/lavras.tv\/site\/wp-content\/uploads\/2025\/03\/Banner_Obras_PortallavrasTV-200x29.png 200w\" sizes=\"(max-width: 720px) 100vw, 720px\" width=\"720\" height=\"104\"   \/><\/a><\/li><li><div style=\"margin-left: auto;margin-right: auto;text-align: center;\" id=\"lavra-3313294755\"><a href=\"https:\/\/sistemas.lavras.mg.gov.br\/portalcidadao\/#df1b1a7c7b2a290bcb31e32771e610784662739a88807c0dacac58ede5f391a7530e299dc302d611ee73cb143fc22eaf93592e53e7b5bdb01b00a0b8d28dae460c141dd2ff83412e4dc1c31b16b25f33144a9e5620ea73b13f5bc1c59411d98439ad226e8af03840603796067d87afe130812cf3de24982d0e306f9e61e764e5\" aria-label=\"Banner_Educa\u00e7\u00e3o_PortallavrasTV\"><img src=\"https:\/\/lavras.tv\/site\/wp-content\/uploads\/2025\/01\/Banner_Educacao_PortallavrasTV.png\" alt=\"\"  srcset=\"https:\/\/lavras.tv\/site\/wp-content\/uploads\/2025\/01\/Banner_Educacao_PortallavrasTV.png 720w, https:\/\/lavras.tv\/site\/wp-content\/uploads\/2025\/01\/Banner_Educacao_PortallavrasTV-470x68.png 470w, https:\/\/lavras.tv\/site\/wp-content\/uploads\/2025\/01\/Banner_Educacao_PortallavrasTV-170x25.png 170w, https:\/\/lavras.tv\/site\/wp-content\/uploads\/2025\/01\/Banner_Educacao_PortallavrasTV-200x29.png 200w\" sizes=\"(max-width: 720px) 100vw, 720px\" width=\"720\" height=\"104\"  style=\"display: inline-block;\" \/><\/a><\/div><\/li><li><a href=\"https:\/\/sistemas.lavras.mg.gov.br\/portalcidadao\/#df1b1a7c7b2a290bcb31e32771e610784662739a88807c0dacac58ede5f391a7530e299dc302d611ee73cb143fc22eaf93592e53e7b5bdb01b00a0b8d28dae460c141dd2ff83412e4dc1c31b16b25f33144a9e5620ea73b13f5bc1c59411d98439ad226e8af03840603796067d87afe130812cf3de24982d0e306f9e61e764e5\" aria-label=\"Banner_Sa\u00fade_PortallavrasTV\"><img src=\"https:\/\/lavras.tv\/site\/wp-content\/uploads\/2025\/03\/Banner_Saude_PortallavrasTV.png\" alt=\"\"  srcset=\"https:\/\/lavras.tv\/site\/wp-content\/uploads\/2025\/03\/Banner_Saude_PortallavrasTV.png 720w, https:\/\/lavras.tv\/site\/wp-content\/uploads\/2025\/03\/Banner_Saude_PortallavrasTV-470x68.png 470w, https:\/\/lavras.tv\/site\/wp-content\/uploads\/2025\/03\/Banner_Saude_PortallavrasTV-170x25.png 170w, https:\/\/lavras.tv\/site\/wp-content\/uploads\/2025\/03\/Banner_Saude_PortallavrasTV-200x29.png 200w\" sizes=\"(max-width: 720px) 100vw, 720px\" width=\"720\" height=\"104\"   \/><\/a><\/li><li><div id=\"lavra-88743242\" style=\"width:720px;height:104px;background-color:#ddd;overflow:scroll;\">\n\t<strong>Sa\u00edda da depura\u00e7\u00e3o de an\u00fancios<\/strong>\n\t<br><br>\n\tO an\u00fancio n\u00e3o \u00e9 exibido na p\u00e1gina<br><br>post atual: Elei\u00e7\u00f5es 2018: Mes\u00e1rios j\u00e1 podem obter declara\u00e7\u00e3o de dias trabalhados, ID: 18321<br><br><span style=\"color: red;\">O post atual n\u00e3o \u00e9 id\u00eantico ao post principal.<\/span><br><br>An\u00fancios: ROXO - TOPO INTERNA - ROTATIVO 2 (197)<br \/>Grupo de an\u00fancios: Princ_Meio01_720x104 (27)<br><br>Condi\u00e7\u00f5es de exibi\u00e7\u00e3o<div style=\"margin-bottom: 20px; white-space: pre-wrap; font-family: monospace; width: 100%; background: #ffe9e9;\"><strong>condi\u00e7\u00f5es gerais<\/strong><table border=\"1\"><thead><tr><th><\/th><th>An\u00fancios<\/th><th>wp_the_query<\/th><\/tr><\/thead><tr><td>is_main_query<\/td><td>1<\/td><td>1<\/td><\/tr><tr><td>is_rest_api<\/td><td>0<\/td><td>1<\/td><\/tr><tr><td>page<\/td><td>0<\/td><td>1<\/td><\/tr><tr><td>numpages<\/td><td>0<\/td><td>1<\/td><\/tr><tr><td>is_archive<\/td><td>1<\/td><td><\/td><\/tr><tr><td>is_search<\/td><td>1<\/td><td><\/td><\/tr><tr><td>is_home<\/td><td>1<\/td><td><\/td><\/tr><tr><td>is_404<\/td><td>1<\/td><td><\/td><\/tr><tr><td>is_attachment<\/td><td>1<\/td><td><\/td><\/tr><tr><td>is_singular<\/td><td>1<\/td><td><\/td><\/tr><tr><td>is_front_page<\/td><td>1<\/td><td><\/td><\/tr><tr><td>is_feed<\/td><td>1<\/td><td><\/td><\/tr><\/table><\/div><br><br><span style=\"color: red;\">Seu site usa HTTPS, mas o c\u00f3digo do an\u00fancio cont\u00e9m HTTP e pode n\u00e3o funcionar.<\/span>\t<br><br>\n\t<a style=\"color: green;\" href=\"https:\/\/wpadvancedads.com\/manual\/ad-debug-mode\/?utm_source=advanced-ads&utm_medium=link&utm_campaign=ad-debug-mode\" target=\"_blank\" rel=\"nofollow\">Encontre solu\u00e7\u00f5es no manual<\/a>\n<\/div>\n<\/li><\/ul><\/div><script>( window.advanced_ads_ready || jQuery( document ).ready ).call( null, function() {var $lavraslider3746734630 = jQuery( \".lavra-slider-3746734630\" );$lavraslider3746734630.on( \"unslider.ready\", function() { jQuery( \"div.custom-slider ul li\" ).css( \"display\", \"block\" ); });$lavraslider3746734630.unslider({ delay:4000, autoplay:true, nav:false, arrows:false, infinite:true });$lavraslider3746734630.on(\"mouseover\", function() {$lavraslider3746734630.unslider(\"stop\");}).on(\"mouseout\", function() {$lavraslider3746734630.unslider(\"start\");});});<\/script><\/div><p>Est\u00e1 dispon\u00edvel para os mes\u00e1rios que trabalharam no primeiro turno das Elei\u00e7\u00f5es 2018 um servi\u00e7o in\u00e9dito da Justi\u00e7a Eleitoral. <!--more-->Por meio do\u00a0<a href=\"http:\/\/www.tse.jus.br\/eleitor\/mesario\/declaracao-de-dias-trabalhados\">Canal do Mes\u00e1rio<\/a>, na p\u00e1gina do\u00a0<a href=\"http:\/\/www.tse.jus.br\/\">Tribunal Superior Eleitoral<\/a>\u00a0(TSE), \u00e9 poss\u00edvel obter a \u201cDeclara\u00e7\u00e3o de dias trabalhados\u201d, documento que comprova a atua\u00e7\u00e3o no dia da vota\u00e7\u00e3o e garante o direito de folga em dobro pelo dia trabalhado. O novo servi\u00e7o proporciona maior agilidade para a obten\u00e7\u00e3o do documento.<\/p>\n<p><img fetchpriority=\"high\" decoding=\"async\" class=\"alignnone size-full wp-image-18322 aligncenter\" src=\"http:\/\/lavras.tv\/site\/wp-content\/uploads\/2018\/10\/mesario-2.jpg\" alt=\"mesario (2)\" width=\"640\" height=\"399\" srcset=\"https:\/\/lavras.tv\/site\/wp-content\/uploads\/2018\/10\/mesario-2.jpg 640w, https:\/\/lavras.tv\/site\/wp-content\/uploads\/2018\/10\/mesario-2-150x94.jpg 150w, https:\/\/lavras.tv\/site\/wp-content\/uploads\/2018\/10\/mesario-2-300x187.jpg 300w\" sizes=\"(max-width: 640px) 100vw, 640px\" \/><\/p>\n<p>Para a obter a \u201cDeclara\u00e7\u00e3o de dias trabalhados\u201d via internet, o mes\u00e1rio precisa ter feito o registro de presen\u00e7a no terminal do mes\u00e1rio da urna eletr\u00f4nica, tanto no in\u00edcio quanto no encerramento dos trabalhos. Nas demais elei\u00e7\u00f5es, os mes\u00e1rios s\u00f3 conseguiam o documento nos cart\u00f3rios eleitorais, que tamb\u00e9m continuar\u00e3o fornecendo o documento.<\/p>\n<p>O novo servi\u00e7o busca facilitar e uniformizar o atendimento da Justi\u00e7a Eleitoral aos mes\u00e1rios. Em fun\u00e7\u00e3o das diferentes caracter\u00edsticas das v\u00e1rias regi\u00f5es do pa\u00eds, era comum uma grande disparidade para o fornecimento do documento. Em determinados locais, os mes\u00e1rios recebiam a declara\u00e7\u00e3o no mesmo dia da vota\u00e7\u00e3o. Em outros, o documento levava at\u00e9 60 dias para ser entregue.<\/p>\n<p>Fonte: TSE<\/p>\n","protected":false},"excerpt":{"rendered":"<p>Est\u00e1 dispon\u00edvel para os mes\u00e1rios que trabalharam no primeiro turno das Elei\u00e7\u00f5es 2018 um servi\u00e7o in\u00e9dito da Justi\u00e7a Eleitoral.<\/p>\n","protected":false},"author":2,"featured_media":18322,"comment_status":"closed","ping_status":"open","sticky":false,"template":"","format":"standard","meta":{"advgb_blocks_editor_width":"","advgb_blocks_columns_visual_guide":"","_exactmetrics_skip_tracking":false,"_exactmetrics_sitenote_active":false,"_exactmetrics_sitenote_note":"","_exactmetrics_sitenote_category":0,"footnotes":""},"categories":[7,12],"tags":[2808,3281,5264,2671],"class_list":["post-18321","post","type-post","status-publish","format-standard","has-post-thumbnail","hentry","category-destaques","category-politica","tag-declaracao","tag-eleicoes-2018","tag-mesario","tag-tre"],"better_featured_image":{"id":18322,"alt_text":"","caption":"","description":"","media_type":"image","media_details":{"width":640,"height":399,"file":"2018\/10\/mesario-2.jpg","sizes":{"thumbnail":{"file":"mesario-2-150x94.jpg","width":150,"height":94,"mime-type":"image\/jpeg","source_url":"https:\/\/lavras.tv\/site\/wp-content\/uploads\/2018\/10\/mesario-2-150x94.jpg"},"medium":{"file":"mesario-2-300x187.jpg","width":300,"height":187,"mime-type":"image\/jpeg","source_url":"https:\/\/lavras.tv\/site\/wp-content\/uploads\/2018\/10\/mesario-2-300x187.jpg"},"featured-slider-img":{"file":"mesario-2-640x399.jpg","width":640,"height":399,"mime-type":"image\/jpeg","source_url":"https:\/\/lavras.tv\/site\/wp-content\/uploads\/2018\/10\/mesario-2-640x399.jpg"},"featured-post-img":{"file":"mesario-2-480x320.jpg","width":480,"height":320,"mime-type":"image\/jpeg","source_url":"https:\/\/lavras.tv\/site\/wp-content\/uploads\/2018\/10\/mesario-2-480x320.jpg"},"sow-carousel-default":{"file":"mesario-2-272x182.jpg","width":272,"height":182,"mime-type":"image\/jpeg","source_url":"https:\/\/lavras.tv\/site\/wp-content\/uploads\/2018\/10\/mesario-2-272x182.jpg"}},"image_meta":{"aperture":"0","credit":"","camera":"","caption":"","created_timestamp":"0","copyright":"","focal_length":"0","iso":"0","shutter_speed":"0","title":"","orientation":"0","keywords":[]}},"post":18321,"source_url":"https:\/\/lavras.tv\/site\/wp-content\/uploads\/2018\/10\/mesario-2.jpg"},"author_meta":{"display_name":"Lavras TV","author_link":"https:\/\/lavras.tv\/site\/author\/lavrastv\/"},"featured_img":"https:\/\/lavras.tv\/site\/wp-content\/uploads\/2018\/10\/mesario-2-300x187.jpg","coauthors":[],"tax_additional":{"categories":{"linked":["<a href=\"https:\/\/lavras.tv\/site\/category\/destaques\/\" class=\"advgb-post-tax-term\">Destaques<\/a>","<a href=\"https:\/\/lavras.tv\/site\/category\/politica\/\" class=\"advgb-post-tax-term\">Pol\u00edtica<\/a>"],"unlinked":["<span class=\"advgb-post-tax-term\">Destaques<\/span>","<span class=\"advgb-post-tax-term\">Pol\u00edtica<\/span>"]},"tags":{"linked":["<a href=\"https:\/\/lavras.tv\/site\/category\/politica\/\" class=\"advgb-post-tax-term\">declara\u00e7\u00e3o<\/a>","<a href=\"https:\/\/lavras.tv\/site\/category\/politica\/\" class=\"advgb-post-tax-term\">elei\u00e7\u00f5es 2018<\/a>","<a href=\"https:\/\/lavras.tv\/site\/category\/politica\/\" class=\"advgb-post-tax-term\">mes\u00e1rio<\/a>","<a href=\"https:\/\/lavras.tv\/site\/category\/politica\/\" class=\"advgb-post-tax-term\">TRE<\/a>"],"unlinked":["<span class=\"advgb-post-tax-term\">declara\u00e7\u00e3o<\/span>","<span class=\"advgb-post-tax-term\">elei\u00e7\u00f5es 2018<\/span>","<span class=\"advgb-post-tax-term\">mes\u00e1rio<\/span>","<span class=\"advgb-post-tax-term\">TRE<\/span>"]}},"comment_count":"0","relative_dates":{"created":"Publicado 8 anos atr\u00e1s","modified":"Atualizado 8 anos atr\u00e1s"},"absolute_dates":{"created":"Publicado em 15 de outubro de 2018","modified":"Atualizado em 15 de outubro de 2018"},"absolute_dates_time":{"created":"Publicado em 15 de outubro de 2018 09:06","modified":"Atualizado em 15 de outubro de 2018 09:06"},"featured_img_caption":"","series_order":"","_links":{"self":[{"href":"https:\/\/lavras.tv\/site\/wp-json\/wp\/v2\/posts\/18321","targetHints":{"allow":["GET"]}}],"collection":[{"href":"https:\/\/lavras.tv\/site\/wp-json\/wp\/v2\/posts"}],"about":[{"href":"https:\/\/lavras.tv\/site\/wp-json\/wp\/v2\/types\/post"}],"author":[{"embeddable":true,"href":"https:\/\/lavras.tv\/site\/wp-json\/wp\/v2\/users\/2"}],"replies":[{"embeddable":true,"href":"https:\/\/lavras.tv\/site\/wp-json\/wp\/v2\/comments?post=18321"}],"version-history":[{"count":1,"href":"https:\/\/lavras.tv\/site\/wp-json\/wp\/v2\/posts\/18321\/revisions"}],"predecessor-version":[{"id":18323,"href":"https:\/\/lavras.tv\/site\/wp-json\/wp\/v2\/posts\/18321\/revisions\/18323"}],"wp:featuredmedia":[{"embeddable":true,"href":"https:\/\/lavras.tv\/site\/wp-json\/wp\/v2\/media\/18322"}],"wp:attachment":[{"href":"https:\/\/lavras.tv\/site\/wp-json\/wp\/v2\/media?parent=18321"}],"wp:term":[{"taxonomy":"category","embeddable":true,"href":"https:\/\/lavras.tv\/site\/wp-json\/wp\/v2\/categories?post=18321"},{"taxonomy":"post_tag","embeddable":true,"href":"https:\/\/lavras.tv\/site\/wp-json\/wp\/v2\/tags?post=18321"}],"curies":[{"name":"wp","href":"https:\/\/api.w.org\/{rel}","templated":true}]}}