{"id":18351,"date":"2018-10-16T10:27:38","date_gmt":"2018-10-16T13:27:38","guid":{"rendered":"http:\/\/lavras.tv\/site\/?p=18351"},"modified":"2018-10-16T10:27:38","modified_gmt":"2018-10-16T13:27:38","slug":"eleitores-que-nao-votaram-poderao-justificar-ausencia-as-urnas-pela-internet","status":"publish","type":"post","link":"https:\/\/lavras.tv\/site\/2018\/10\/16\/eleitores-que-nao-votaram-poderao-justificar-ausencia-as-urnas-pela-internet\/","title":{"rendered":"Eleitores que n\u00e3o votaram poder\u00e3o justificar aus\u00eancia \u00e0s urnas pela internet"},"content":{"rendered":"<div class=\"lavra-antes-do-conteudo_2\" id=\"lavra-3909212725\"><div id=\"lavra-slider-27\" class=\"custom-slider lavra-slider-1027535329 lavra-slider\"><ul><li><div style=\"margin-left: auto;margin-right: auto;text-align: center;\" id=\"lavra-3937629795\"><a href=\"https:\/\/sistemas.lavras.mg.gov.br\/portalcidadao\/#df1b1a7c7b2a290bcb31e32771e610784662739a88807c0dacac58ede5f391a7530e299dc302d611ee73cb143fc22eaf93592e53e7b5bdb01b00a0b8d28dae460c141dd2ff83412e4dc1c31b16b25f33144a9e5620ea73b13f5bc1c59411d98439ad226e8af03840603796067d87afe130812cf3de24982d0e306f9e61e764e5\" aria-label=\"Lavras-TV&#8211;720x104px (1) (1)\"><img src=\"https:\/\/lavras.tv\/site\/wp-content\/uploads\/2025\/01\/Lavras-TV-720x104px-1-1.png\" alt=\"\"  srcset=\"https:\/\/lavras.tv\/site\/wp-content\/uploads\/2025\/01\/Lavras-TV-720x104px-1-1.png 720w, https:\/\/lavras.tv\/site\/wp-content\/uploads\/2025\/01\/Lavras-TV-720x104px-1-1-470x68.png 470w, https:\/\/lavras.tv\/site\/wp-content\/uploads\/2025\/01\/Lavras-TV-720x104px-1-1-170x25.png 170w, https:\/\/lavras.tv\/site\/wp-content\/uploads\/2025\/01\/Lavras-TV-720x104px-1-1-200x29.png 200w\" sizes=\"(max-width: 720px) 100vw, 720px\" width=\"720\" height=\"104\"  style=\"display: inline-block;\" \/><\/a><\/div><\/li><li><a href=\"https:\/\/sistemas.lavras.mg.gov.br\/portalcidadao\/#df1b1a7c7b2a290bcb31e32771e610784662739a88807c0dacac58ede5f391a7530e299dc302d611ee73cb143fc22eaf93592e53e7b5bdb01b00a0b8d28dae460c141dd2ff83412e4dc1c31b16b25f33144a9e5620ea73b13f5bc1c59411d98439ad226e8af03840603796067d87afe130812cf3de24982d0e306f9e61e764e5\" aria-label=\"Banner_Emprego_PortallavrasTV\"><img src=\"https:\/\/lavras.tv\/site\/wp-content\/uploads\/2025\/03\/Banner_Emprego_PortallavrasTV.png\" alt=\"\"  srcset=\"https:\/\/lavras.tv\/site\/wp-content\/uploads\/2025\/03\/Banner_Emprego_PortallavrasTV.png 720w, https:\/\/lavras.tv\/site\/wp-content\/uploads\/2025\/03\/Banner_Emprego_PortallavrasTV-470x68.png 470w, https:\/\/lavras.tv\/site\/wp-content\/uploads\/2025\/03\/Banner_Emprego_PortallavrasTV-170x25.png 170w, https:\/\/lavras.tv\/site\/wp-content\/uploads\/2025\/03\/Banner_Emprego_PortallavrasTV-200x29.png 200w\" sizes=\"(max-width: 720px) 100vw, 720px\" width=\"720\" height=\"104\"   \/><\/a><\/li><li><a href=\"https:\/\/sistemas.lavras.mg.gov.br\/portalcidadao\/#df1b1a7c7b2a290bcb31e32771e610784662739a88807c0dacac58ede5f391a7530e299dc302d611ee73cb143fc22eaf93592e53e7b5bdb01b00a0b8d28dae460c141dd2ff83412e4dc1c31b16b25f33144a9e5620ea73b13f5bc1c59411d98439ad226e8af03840603796067d87afe130812cf3de24982d0e306f9e61e764e5\" aria-label=\"Banner_Obras_PortallavrasTV\"><img src=\"https:\/\/lavras.tv\/site\/wp-content\/uploads\/2025\/03\/Banner_Obras_PortallavrasTV.png\" alt=\"\"  srcset=\"https:\/\/lavras.tv\/site\/wp-content\/uploads\/2025\/03\/Banner_Obras_PortallavrasTV.png 720w, https:\/\/lavras.tv\/site\/wp-content\/uploads\/2025\/03\/Banner_Obras_PortallavrasTV-470x68.png 470w, https:\/\/lavras.tv\/site\/wp-content\/uploads\/2025\/03\/Banner_Obras_PortallavrasTV-170x25.png 170w, https:\/\/lavras.tv\/site\/wp-content\/uploads\/2025\/03\/Banner_Obras_PortallavrasTV-200x29.png 200w\" sizes=\"(max-width: 720px) 100vw, 720px\" width=\"720\" height=\"104\"   \/><\/a><\/li><li><div style=\"margin-left: auto;margin-right: auto;text-align: center;\" id=\"lavra-3541434163\"><a href=\"https:\/\/sistemas.lavras.mg.gov.br\/portalcidadao\/#df1b1a7c7b2a290bcb31e32771e610784662739a88807c0dacac58ede5f391a7530e299dc302d611ee73cb143fc22eaf93592e53e7b5bdb01b00a0b8d28dae460c141dd2ff83412e4dc1c31b16b25f33144a9e5620ea73b13f5bc1c59411d98439ad226e8af03840603796067d87afe130812cf3de24982d0e306f9e61e764e5\" aria-label=\"Banner_Educa\u00e7\u00e3o_PortallavrasTV\"><img src=\"https:\/\/lavras.tv\/site\/wp-content\/uploads\/2025\/01\/Banner_Educacao_PortallavrasTV.png\" alt=\"\"  srcset=\"https:\/\/lavras.tv\/site\/wp-content\/uploads\/2025\/01\/Banner_Educacao_PortallavrasTV.png 720w, https:\/\/lavras.tv\/site\/wp-content\/uploads\/2025\/01\/Banner_Educacao_PortallavrasTV-470x68.png 470w, https:\/\/lavras.tv\/site\/wp-content\/uploads\/2025\/01\/Banner_Educacao_PortallavrasTV-170x25.png 170w, https:\/\/lavras.tv\/site\/wp-content\/uploads\/2025\/01\/Banner_Educacao_PortallavrasTV-200x29.png 200w\" sizes=\"(max-width: 720px) 100vw, 720px\" width=\"720\" height=\"104\"  style=\"display: inline-block;\" \/><\/a><\/div><\/li><li><a href=\"https:\/\/sistemas.lavras.mg.gov.br\/portalcidadao\/#df1b1a7c7b2a290bcb31e32771e610784662739a88807c0dacac58ede5f391a7530e299dc302d611ee73cb143fc22eaf93592e53e7b5bdb01b00a0b8d28dae460c141dd2ff83412e4dc1c31b16b25f33144a9e5620ea73b13f5bc1c59411d98439ad226e8af03840603796067d87afe130812cf3de24982d0e306f9e61e764e5\" aria-label=\"Banner_Sa\u00fade_PortallavrasTV\"><img src=\"https:\/\/lavras.tv\/site\/wp-content\/uploads\/2025\/03\/Banner_Saude_PortallavrasTV.png\" alt=\"\"  srcset=\"https:\/\/lavras.tv\/site\/wp-content\/uploads\/2025\/03\/Banner_Saude_PortallavrasTV.png 720w, https:\/\/lavras.tv\/site\/wp-content\/uploads\/2025\/03\/Banner_Saude_PortallavrasTV-470x68.png 470w, https:\/\/lavras.tv\/site\/wp-content\/uploads\/2025\/03\/Banner_Saude_PortallavrasTV-170x25.png 170w, https:\/\/lavras.tv\/site\/wp-content\/uploads\/2025\/03\/Banner_Saude_PortallavrasTV-200x29.png 200w\" sizes=\"(max-width: 720px) 100vw, 720px\" width=\"720\" height=\"104\"   \/><\/a><\/li><li><div id=\"lavra-3344588688\" style=\"width:720px;height:104px;background-color:#ddd;overflow:scroll;\">\n\t<strong>Sa\u00edda da depura\u00e7\u00e3o de an\u00fancios<\/strong>\n\t<br><br>\n\tO an\u00fancio n\u00e3o \u00e9 exibido na p\u00e1gina<br><br>post atual: Eleitores que n\u00e3o votaram poder\u00e3o justificar aus\u00eancia \u00e0s urnas pela internet, ID: 18351<br><br><span style=\"color: red;\">O post atual n\u00e3o \u00e9 id\u00eantico ao post principal.<\/span><br><br>An\u00fancios: ROXO - TOPO INTERNA - ROTATIVO 2 (197)<br \/>Grupo de an\u00fancios: Princ_Meio01_720x104 (27)<br><br>Condi\u00e7\u00f5es de exibi\u00e7\u00e3o<div style=\"margin-bottom: 20px; white-space: pre-wrap; font-family: monospace; width: 100%; background: #ffe9e9;\"><strong>condi\u00e7\u00f5es gerais<\/strong><table border=\"1\"><thead><tr><th><\/th><th>An\u00fancios<\/th><th>wp_the_query<\/th><\/tr><\/thead><tr><td>is_main_query<\/td><td>1<\/td><td>1<\/td><\/tr><tr><td>is_rest_api<\/td><td>0<\/td><td>1<\/td><\/tr><tr><td>page<\/td><td>0<\/td><td>1<\/td><\/tr><tr><td>numpages<\/td><td>0<\/td><td>1<\/td><\/tr><tr><td>is_archive<\/td><td>1<\/td><td><\/td><\/tr><tr><td>is_search<\/td><td>1<\/td><td><\/td><\/tr><tr><td>is_home<\/td><td>1<\/td><td><\/td><\/tr><tr><td>is_404<\/td><td>1<\/td><td><\/td><\/tr><tr><td>is_attachment<\/td><td>1<\/td><td><\/td><\/tr><tr><td>is_singular<\/td><td>1<\/td><td><\/td><\/tr><tr><td>is_front_page<\/td><td>1<\/td><td><\/td><\/tr><tr><td>is_feed<\/td><td>1<\/td><td><\/td><\/tr><\/table><\/div><br><br><span style=\"color: red;\">Seu site usa HTTPS, mas o c\u00f3digo do an\u00fancio cont\u00e9m HTTP e pode n\u00e3o funcionar.<\/span>\t<br><br>\n\t<a style=\"color: green;\" href=\"https:\/\/wpadvancedads.com\/manual\/ad-debug-mode\/?utm_source=advanced-ads&utm_medium=link&utm_campaign=ad-debug-mode\" target=\"_blank\" rel=\"nofollow\">Encontre solu\u00e7\u00f5es no manual<\/a>\n<\/div>\n<\/li><\/ul><\/div><script>( window.advanced_ads_ready || jQuery( document ).ready ).call( null, function() {var $lavraslider1027535329 = jQuery( \".lavra-slider-1027535329\" );$lavraslider1027535329.on( \"unslider.ready\", function() { jQuery( \"div.custom-slider ul li\" ).css( \"display\", \"block\" ); });$lavraslider1027535329.unslider({ delay:4000, autoplay:true, nav:false, arrows:false, infinite:true });$lavraslider1027535329.on(\"mouseover\", function() {$lavraslider1027535329.unslider(\"stop\");}).on(\"mouseout\", function() {$lavraslider1027535329.unslider(\"start\");});});<\/script><\/div><p>Os\u00a0eleitores mineiros que n\u00e3o compareceram \u00e0s urnas\u00a0no primeiro turno das Elei\u00e7\u00f5es 2018 e n\u00e3o justificaram a aus\u00eancia no pr\u00f3prio dia da vota\u00e7\u00e3o t\u00eam\u00a0at\u00e9 06 de dezembro\u00a0para apresentar o\u00a0requerimento de justificativa\u00a0\u00e0 Justi\u00e7a Eleitoral.<!--more--> O pedido pode ser feito por meio de formul\u00e1rio entregue\u00a0no seu\u00a0cart\u00f3rio eleitoral ou pela internet, usando o\u00a0<a class=\"external-link\" title=\"\" href=\"https:\/\/justifica.tse.jus.br\/\" target=\"_blank\">sistema Justifica<\/a>, dispon\u00edvel no site do TRE-MG.<\/p>\n<p><img fetchpriority=\"high\" decoding=\"async\" class=\"alignnone size-full wp-image-18352 aligncenter\" src=\"http:\/\/lavras.tv\/site\/wp-content\/uploads\/2018\/10\/justificativa-eleicao-online.jpg\" alt=\"justificativa-eleicao-online\" width=\"515\" height=\"269\" srcset=\"https:\/\/lavras.tv\/site\/wp-content\/uploads\/2018\/10\/justificativa-eleicao-online.jpg 515w, https:\/\/lavras.tv\/site\/wp-content\/uploads\/2018\/10\/justificativa-eleicao-online-150x78.jpg 150w, https:\/\/lavras.tv\/site\/wp-content\/uploads\/2018\/10\/justificativa-eleicao-online-300x157.jpg 300w\" sizes=\"(max-width: 515px) 100vw, 515px\" \/><\/p>\n<p>Para acessar o sistema, basta clicar o menu &#8220;Eleitor e Elei\u00e7\u00f5es\u201d, selecionar o item\u00a0&#8220;<a class=\"internal-link\" title=\"\" href=\"http:\/\/www.tre-mg.jus.br\/eleitor\/justificativa-eleitoral\/justificativa-eleitoral-1\" target=\"_blank\">Justificativa Eleitoral<\/a>&#8221;\u00a0e seguir as instru\u00e7\u00f5es. O cidad\u00e3o dever\u00e1 identificar-se corretamente no formul\u00e1rio,\u00a0informar o motivo da aus\u00eancia\u00a0\u00e0s urnas e anexar, de forma digitalizada, o\u00a0comprovante da impossibilidade de comparecimento. O\u00a0deferimento n\u00e3o \u00e9 autom\u00e1tico, vai depender da\u00a0an\u00e1lise do juiz eleitoral. Como o voto \u00e9 obrigat\u00f3rio, s\u00f3 motivos considerados justos pelo magistrado dispensar\u00e3o o eleitor de pagamento de multa. O\u00a0andamento do pedido pode ser acompanhado pelo sistema, que envia e-mail ao eleitor cadastrado para informar sobre o deferimento ou indeferimento do pedido de justificativa.<\/p>\n<p>O eleitor que\u00a0n\u00e3o votou e n\u00e3o teve motivo justo\u00a0para isso deve procurar pessoalmente qualquer cart\u00f3rio eleitoral, a qualquer tempo, para\u00a0poss\u00edvel pagamento de multa\u00a0e regulariza\u00e7\u00e3o de sua situa\u00e7\u00e3o. Al\u00e9m do pagamento de multa, quem deixa de votar e n\u00e3o justifica a aus\u00eancia \u00e0s urnas fica sujeito a uma s\u00e9rie de san\u00e7\u00f5es previstas em lei, como o impedimento de solicitar passaporte e de fazer matr\u00edcula em institui\u00e7\u00e3o de ensino superior. Quem\u00a0n\u00e3o votar em tr\u00eas turnos seguidos, n\u00e3o apresentar justificativa e n\u00e3o quitar as multas devidas ter\u00e1 o\u00a0t\u00edtulo de eleitor cancelado.<\/p>\n<p>Importante: n\u00e3o \u00e9 necess\u00e1rio justificar aus\u00eancia ao primeiro turno para poder votar no segundo turno.<\/p>\n<p>Fonte: TRE-MG<\/p>\n","protected":false},"excerpt":{"rendered":"<p>Os\u00a0eleitores mineiros que n\u00e3o compareceram \u00e0s urnas\u00a0no primeiro turno das Elei\u00e7\u00f5es 2018 e n\u00e3o justificaram a aus\u00eancia no pr\u00f3prio dia da vota\u00e7\u00e3o t\u00eam\u00a0at\u00e9 06 de dezembro\u00a0para apresentar o\u00a0requerimento de justificativa\u00a0\u00e0 Justi\u00e7a Eleitoral.<\/p>\n","protected":false},"author":2,"featured_media":18352,"comment_status":"closed","ping_status":"open","sticky":false,"template":"","format":"standard","meta":{"advgb_blocks_editor_width":"","advgb_blocks_columns_visual_guide":"","_exactmetrics_skip_tracking":false,"_exactmetrics_sitenote_active":false,"_exactmetrics_sitenote_note":"","_exactmetrics_sitenote_category":0,"footnotes":""},"categories":[7,12],"tags":[5271,423,2281,5269,5272,3848,461,2729,5270],"class_list":["post-18351","post","type-post","status-publish","format-standard","has-post-thumbnail","hentry","category-destaques","category-politica","tag-ausente","tag-eleicoes","tag-internet","tag-justificar-voto","tag-nao-votei","tag-on-line","tag-tre-mg","tag-tse","tag-voto-eletronico"],"better_featured_image":{"id":18352,"alt_text":"","caption":"","description":"","media_type":"image","media_details":{"width":515,"height":269,"file":"2018\/10\/justificativa-eleicao-online.jpg","sizes":{"thumbnail":{"file":"justificativa-eleicao-online-150x78.jpg","width":150,"height":78,"mime-type":"image\/jpeg","source_url":"https:\/\/lavras.tv\/site\/wp-content\/uploads\/2018\/10\/justificativa-eleicao-online-150x78.jpg"},"medium":{"file":"justificativa-eleicao-online-300x157.jpg","width":300,"height":157,"mime-type":"image\/jpeg","source_url":"https:\/\/lavras.tv\/site\/wp-content\/uploads\/2018\/10\/justificativa-eleicao-online-300x157.jpg"},"featured-post-img":{"file":"justificativa-eleicao-online-480x269.jpg","width":480,"height":269,"mime-type":"image\/jpeg","source_url":"https:\/\/lavras.tv\/site\/wp-content\/uploads\/2018\/10\/justificativa-eleicao-online-480x269.jpg"},"sow-carousel-default":{"file":"justificativa-eleicao-online-272x182.jpg","width":272,"height":182,"mime-type":"image\/jpeg","source_url":"https:\/\/lavras.tv\/site\/wp-content\/uploads\/2018\/10\/justificativa-eleicao-online-272x182.jpg"}},"image_meta":{"aperture":"0","credit":"","camera":"","caption":"","created_timestamp":"0","copyright":"","focal_length":"0","iso":"0","shutter_speed":"0","title":"","orientation":"1","keywords":[]}},"post":18351,"source_url":"https:\/\/lavras.tv\/site\/wp-content\/uploads\/2018\/10\/justificativa-eleicao-online.jpg"},"author_meta":{"display_name":"Lavras TV","author_link":"https:\/\/lavras.tv\/site\/author\/lavrastv\/"},"featured_img":"https:\/\/lavras.tv\/site\/wp-content\/uploads\/2018\/10\/justificativa-eleicao-online-300x157.jpg","coauthors":[],"tax_additional":{"categories":{"linked":["<a href=\"https:\/\/lavras.tv\/site\/category\/destaques\/\" class=\"advgb-post-tax-term\">Destaques<\/a>","<a href=\"https:\/\/lavras.tv\/site\/category\/politica\/\" class=\"advgb-post-tax-term\">Pol\u00edtica<\/a>"],"unlinked":["<span class=\"advgb-post-tax-term\">Destaques<\/span>","<span class=\"advgb-post-tax-term\">Pol\u00edtica<\/span>"]},"tags":{"linked":["<a href=\"https:\/\/lavras.tv\/site\/category\/politica\/\" class=\"advgb-post-tax-term\">ausente<\/a>","<a href=\"https:\/\/lavras.tv\/site\/category\/politica\/\" class=\"advgb-post-tax-term\">elei\u00e7\u00f5es<\/a>","<a href=\"https:\/\/lavras.tv\/site\/category\/politica\/\" class=\"advgb-post-tax-term\">internet<\/a>","<a href=\"https:\/\/lavras.tv\/site\/category\/politica\/\" class=\"advgb-post-tax-term\">justificar voto<\/a>","<a href=\"https:\/\/lavras.tv\/site\/category\/politica\/\" class=\"advgb-post-tax-term\">n\u00e3o votei<\/a>","<a href=\"https:\/\/lavras.tv\/site\/category\/politica\/\" class=\"advgb-post-tax-term\">on line<\/a>","<a href=\"https:\/\/lavras.tv\/site\/category\/politica\/\" class=\"advgb-post-tax-term\">tre-mg<\/a>","<a href=\"https:\/\/lavras.tv\/site\/category\/politica\/\" class=\"advgb-post-tax-term\">tse<\/a>","<a href=\"https:\/\/lavras.tv\/site\/category\/politica\/\" class=\"advgb-post-tax-term\">voto eletr\u00f4nico<\/a>"],"unlinked":["<span class=\"advgb-post-tax-term\">ausente<\/span>","<span class=\"advgb-post-tax-term\">elei\u00e7\u00f5es<\/span>","<span class=\"advgb-post-tax-term\">internet<\/span>","<span class=\"advgb-post-tax-term\">justificar voto<\/span>","<span class=\"advgb-post-tax-term\">n\u00e3o votei<\/span>","<span class=\"advgb-post-tax-term\">on line<\/span>","<span class=\"advgb-post-tax-term\">tre-mg<\/span>","<span class=\"advgb-post-tax-term\">tse<\/span>","<span class=\"advgb-post-tax-term\">voto eletr\u00f4nico<\/span>"]}},"comment_count":"0","relative_dates":{"created":"Publicado 8 anos atr\u00e1s","modified":"Atualizado 8 anos atr\u00e1s"},"absolute_dates":{"created":"Publicado em 16 de outubro de 2018","modified":"Atualizado em 16 de outubro de 2018"},"absolute_dates_time":{"created":"Publicado em 16 de outubro de 2018 10:27","modified":"Atualizado em 16 de outubro de 2018 10:27"},"featured_img_caption":"","series_order":"","_links":{"self":[{"href":"https:\/\/lavras.tv\/site\/wp-json\/wp\/v2\/posts\/18351","targetHints":{"allow":["GET"]}}],"collection":[{"href":"https:\/\/lavras.tv\/site\/wp-json\/wp\/v2\/posts"}],"about":[{"href":"https:\/\/lavras.tv\/site\/wp-json\/wp\/v2\/types\/post"}],"author":[{"embeddable":true,"href":"https:\/\/lavras.tv\/site\/wp-json\/wp\/v2\/users\/2"}],"replies":[{"embeddable":true,"href":"https:\/\/lavras.tv\/site\/wp-json\/wp\/v2\/comments?post=18351"}],"version-history":[{"count":1,"href":"https:\/\/lavras.tv\/site\/wp-json\/wp\/v2\/posts\/18351\/revisions"}],"predecessor-version":[{"id":18353,"href":"https:\/\/lavras.tv\/site\/wp-json\/wp\/v2\/posts\/18351\/revisions\/18353"}],"wp:featuredmedia":[{"embeddable":true,"href":"https:\/\/lavras.tv\/site\/wp-json\/wp\/v2\/media\/18352"}],"wp:attachment":[{"href":"https:\/\/lavras.tv\/site\/wp-json\/wp\/v2\/media?parent=18351"}],"wp:term":[{"taxonomy":"category","embeddable":true,"href":"https:\/\/lavras.tv\/site\/wp-json\/wp\/v2\/categories?post=18351"},{"taxonomy":"post_tag","embeddable":true,"href":"https:\/\/lavras.tv\/site\/wp-json\/wp\/v2\/tags?post=18351"}],"curies":[{"name":"wp","href":"https:\/\/api.w.org\/{rel}","templated":true}]}}