{"id":1837,"date":"2016-08-26T10:49:10","date_gmt":"2016-08-26T10:49:10","guid":{"rendered":"http:\/\/lavras.tv\/site\/?p=1837"},"modified":"2016-08-26T10:49:10","modified_gmt":"2016-08-26T10:49:10","slug":"eleicoes-2016-confira-as-regras-para-a-veiculacao-de-propaganda-eleitoral-na-internet","status":"publish","type":"post","link":"https:\/\/lavras.tv\/site\/2016\/08\/26\/eleicoes-2016-confira-as-regras-para-a-veiculacao-de-propaganda-eleitoral-na-internet\/","title":{"rendered":"Elei\u00e7\u00f5es 2016: confira as regras para a veicula\u00e7\u00e3o de propaganda eleitoral na internet"},"content":{"rendered":"<div class=\"lavra-antes-do-conteudo_2\" id=\"lavra-1782253930\"><div id=\"lavra-slider-27\" class=\"custom-slider lavra-slider-3005801635 lavra-slider\"><ul><li><div style=\"margin-left: auto;margin-right: auto;text-align: center;\" id=\"lavra-1538113010\"><a href=\"https:\/\/sistemas.lavras.mg.gov.br\/portalcidadao\/#df1b1a7c7b2a290bcb31e32771e610784662739a88807c0dacac58ede5f391a7530e299dc302d611ee73cb143fc22eaf93592e53e7b5bdb01b00a0b8d28dae460c141dd2ff83412e4dc1c31b16b25f33144a9e5620ea73b13f5bc1c59411d98439ad226e8af03840603796067d87afe130812cf3de24982d0e306f9e61e764e5\" aria-label=\"Lavras-TV&#8211;720x104px (1) (1)\"><img src=\"https:\/\/lavras.tv\/site\/wp-content\/uploads\/2025\/01\/Lavras-TV-720x104px-1-1.png\" alt=\"\"  srcset=\"https:\/\/lavras.tv\/site\/wp-content\/uploads\/2025\/01\/Lavras-TV-720x104px-1-1.png 720w, https:\/\/lavras.tv\/site\/wp-content\/uploads\/2025\/01\/Lavras-TV-720x104px-1-1-470x68.png 470w, https:\/\/lavras.tv\/site\/wp-content\/uploads\/2025\/01\/Lavras-TV-720x104px-1-1-170x25.png 170w, https:\/\/lavras.tv\/site\/wp-content\/uploads\/2025\/01\/Lavras-TV-720x104px-1-1-200x29.png 200w\" sizes=\"(max-width: 720px) 100vw, 720px\" width=\"720\" height=\"104\"  style=\"display: inline-block;\" \/><\/a><\/div><\/li><li><a href=\"https:\/\/sistemas.lavras.mg.gov.br\/portalcidadao\/#df1b1a7c7b2a290bcb31e32771e610784662739a88807c0dacac58ede5f391a7530e299dc302d611ee73cb143fc22eaf93592e53e7b5bdb01b00a0b8d28dae460c141dd2ff83412e4dc1c31b16b25f33144a9e5620ea73b13f5bc1c59411d98439ad226e8af03840603796067d87afe130812cf3de24982d0e306f9e61e764e5\" aria-label=\"Banner_Emprego_PortallavrasTV\"><img src=\"https:\/\/lavras.tv\/site\/wp-content\/uploads\/2025\/03\/Banner_Emprego_PortallavrasTV.png\" alt=\"\"  srcset=\"https:\/\/lavras.tv\/site\/wp-content\/uploads\/2025\/03\/Banner_Emprego_PortallavrasTV.png 720w, https:\/\/lavras.tv\/site\/wp-content\/uploads\/2025\/03\/Banner_Emprego_PortallavrasTV-470x68.png 470w, https:\/\/lavras.tv\/site\/wp-content\/uploads\/2025\/03\/Banner_Emprego_PortallavrasTV-170x25.png 170w, https:\/\/lavras.tv\/site\/wp-content\/uploads\/2025\/03\/Banner_Emprego_PortallavrasTV-200x29.png 200w\" sizes=\"(max-width: 720px) 100vw, 720px\" width=\"720\" height=\"104\"   \/><\/a><\/li><li><a href=\"https:\/\/sistemas.lavras.mg.gov.br\/portalcidadao\/#df1b1a7c7b2a290bcb31e32771e610784662739a88807c0dacac58ede5f391a7530e299dc302d611ee73cb143fc22eaf93592e53e7b5bdb01b00a0b8d28dae460c141dd2ff83412e4dc1c31b16b25f33144a9e5620ea73b13f5bc1c59411d98439ad226e8af03840603796067d87afe130812cf3de24982d0e306f9e61e764e5\" aria-label=\"Banner_Obras_PortallavrasTV\"><img src=\"https:\/\/lavras.tv\/site\/wp-content\/uploads\/2025\/03\/Banner_Obras_PortallavrasTV.png\" alt=\"\"  srcset=\"https:\/\/lavras.tv\/site\/wp-content\/uploads\/2025\/03\/Banner_Obras_PortallavrasTV.png 720w, https:\/\/lavras.tv\/site\/wp-content\/uploads\/2025\/03\/Banner_Obras_PortallavrasTV-470x68.png 470w, https:\/\/lavras.tv\/site\/wp-content\/uploads\/2025\/03\/Banner_Obras_PortallavrasTV-170x25.png 170w, https:\/\/lavras.tv\/site\/wp-content\/uploads\/2025\/03\/Banner_Obras_PortallavrasTV-200x29.png 200w\" sizes=\"(max-width: 720px) 100vw, 720px\" width=\"720\" height=\"104\"   \/><\/a><\/li><li><div style=\"margin-left: auto;margin-right: auto;text-align: center;\" id=\"lavra-3642595177\"><a href=\"https:\/\/sistemas.lavras.mg.gov.br\/portalcidadao\/#df1b1a7c7b2a290bcb31e32771e610784662739a88807c0dacac58ede5f391a7530e299dc302d611ee73cb143fc22eaf93592e53e7b5bdb01b00a0b8d28dae460c141dd2ff83412e4dc1c31b16b25f33144a9e5620ea73b13f5bc1c59411d98439ad226e8af03840603796067d87afe130812cf3de24982d0e306f9e61e764e5\" aria-label=\"Banner_Educa\u00e7\u00e3o_PortallavrasTV\"><img src=\"https:\/\/lavras.tv\/site\/wp-content\/uploads\/2025\/01\/Banner_Educacao_PortallavrasTV.png\" alt=\"\"  srcset=\"https:\/\/lavras.tv\/site\/wp-content\/uploads\/2025\/01\/Banner_Educacao_PortallavrasTV.png 720w, https:\/\/lavras.tv\/site\/wp-content\/uploads\/2025\/01\/Banner_Educacao_PortallavrasTV-470x68.png 470w, https:\/\/lavras.tv\/site\/wp-content\/uploads\/2025\/01\/Banner_Educacao_PortallavrasTV-170x25.png 170w, https:\/\/lavras.tv\/site\/wp-content\/uploads\/2025\/01\/Banner_Educacao_PortallavrasTV-200x29.png 200w\" sizes=\"(max-width: 720px) 100vw, 720px\" width=\"720\" height=\"104\"  style=\"display: inline-block;\" \/><\/a><\/div><\/li><li><a href=\"https:\/\/sistemas.lavras.mg.gov.br\/portalcidadao\/#df1b1a7c7b2a290bcb31e32771e610784662739a88807c0dacac58ede5f391a7530e299dc302d611ee73cb143fc22eaf93592e53e7b5bdb01b00a0b8d28dae460c141dd2ff83412e4dc1c31b16b25f33144a9e5620ea73b13f5bc1c59411d98439ad226e8af03840603796067d87afe130812cf3de24982d0e306f9e61e764e5\" aria-label=\"Banner_Sa\u00fade_PortallavrasTV\"><img src=\"https:\/\/lavras.tv\/site\/wp-content\/uploads\/2025\/03\/Banner_Saude_PortallavrasTV.png\" alt=\"\"  srcset=\"https:\/\/lavras.tv\/site\/wp-content\/uploads\/2025\/03\/Banner_Saude_PortallavrasTV.png 720w, https:\/\/lavras.tv\/site\/wp-content\/uploads\/2025\/03\/Banner_Saude_PortallavrasTV-470x68.png 470w, https:\/\/lavras.tv\/site\/wp-content\/uploads\/2025\/03\/Banner_Saude_PortallavrasTV-170x25.png 170w, https:\/\/lavras.tv\/site\/wp-content\/uploads\/2025\/03\/Banner_Saude_PortallavrasTV-200x29.png 200w\" sizes=\"(max-width: 720px) 100vw, 720px\" width=\"720\" height=\"104\"   \/><\/a><\/li><li><div id=\"lavra-639254591\" style=\"width:720px;height:104px;background-color:#ddd;overflow:scroll;\">\n\t<strong>Sa\u00edda da depura\u00e7\u00e3o de an\u00fancios<\/strong>\n\t<br><br>\n\tO an\u00fancio n\u00e3o \u00e9 exibido na p\u00e1gina<br><br>post atual: Elei\u00e7\u00f5es 2016: confira as regras para a veicula\u00e7\u00e3o de propaganda eleitoral na internet, ID: 1837<br><br><span style=\"color: red;\">O post atual n\u00e3o \u00e9 id\u00eantico ao post principal.<\/span><br><br>An\u00fancios: ROXO - TOPO INTERNA - ROTATIVO 2 (197)<br \/>Grupo de an\u00fancios: Princ_Meio01_720x104 (27)<br><br>Condi\u00e7\u00f5es de exibi\u00e7\u00e3o<div style=\"margin-bottom: 20px; white-space: pre-wrap; font-family: monospace; width: 100%; background: #ffe9e9;\"><strong>condi\u00e7\u00f5es gerais<\/strong><table border=\"1\"><thead><tr><th><\/th><th>An\u00fancios<\/th><th>wp_the_query<\/th><\/tr><\/thead><tr><td>is_main_query<\/td><td>1<\/td><td>1<\/td><\/tr><tr><td>is_rest_api<\/td><td>0<\/td><td>1<\/td><\/tr><tr><td>page<\/td><td>0<\/td><td>1<\/td><\/tr><tr><td>numpages<\/td><td>0<\/td><td>1<\/td><\/tr><tr><td>is_archive<\/td><td>1<\/td><td><\/td><\/tr><tr><td>is_search<\/td><td>1<\/td><td><\/td><\/tr><tr><td>is_home<\/td><td>1<\/td><td><\/td><\/tr><tr><td>is_404<\/td><td>1<\/td><td><\/td><\/tr><tr><td>is_attachment<\/td><td>1<\/td><td><\/td><\/tr><tr><td>is_singular<\/td><td>1<\/td><td><\/td><\/tr><tr><td>is_front_page<\/td><td>1<\/td><td><\/td><\/tr><tr><td>is_feed<\/td><td>1<\/td><td><\/td><\/tr><\/table><\/div><br><br><span style=\"color: red;\">Seu site usa HTTPS, mas o c\u00f3digo do an\u00fancio cont\u00e9m HTTP e pode n\u00e3o funcionar.<\/span>\t<br><br>\n\t<a style=\"color: green;\" href=\"https:\/\/wpadvancedads.com\/manual\/ad-debug-mode\/?utm_source=advanced-ads&utm_medium=link&utm_campaign=ad-debug-mode\" target=\"_blank\" rel=\"nofollow\">Encontre solu\u00e7\u00f5es no manual<\/a>\n<\/div>\n<\/li><\/ul><\/div><script>( window.advanced_ads_ready || jQuery( document ).ready ).call( null, function() {var $lavraslider3005801635 = jQuery( \".lavra-slider-3005801635\" );$lavraslider3005801635.on( \"unslider.ready\", function() { jQuery( \"div.custom-slider ul li\" ).css( \"display\", \"block\" ); });$lavraslider3005801635.unslider({ delay:4000, autoplay:true, nav:false, arrows:false, infinite:true });$lavraslider3005801635.on(\"mouseover\", function() {$lavraslider3005801635.unslider(\"stop\");}).on(\"mouseout\", function() {$lavraslider3005801635.unslider(\"start\");});});<\/script><\/div><p>A propaganda eleitoral de partidos pol\u00edticos, candidatos e coliga\u00e7\u00f5es est\u00e1 permitida desde esta ter\u00e7a-feira (16). Neste ano, em virtude do limite de gastos imposto pela legisla\u00e7\u00e3o, a internet ser\u00e1 uma importante ferramenta de comunica\u00e7\u00e3o com os eleitores. A <a class=\"external-link\" title=\"\" href=\"http:\/\/www.tse.jus.br\/legislacao-tse\/res\/2015\/RES234572015.html\" target=\"_blank\">Resolu\u00e7\u00e3o do Tribunal Superior Eleitoral (TSE) n\u00ba 23.457\/2015<\/a> estabelece as regras que precisam ser respeitadas para a realiza\u00e7\u00e3o de propaganda na internet e nas redes sociais.<\/p>\n<p>De acordo com a norma, a propaganda eleitoral na internet pode ser feita em site do candidato, do partido ou da coliga\u00e7\u00e3o, com endere\u00e7o eletr\u00f4nico comunicado \u00e0 Justi\u00e7a Eleitoral. O site deve estar hospedado em provedor de servi\u00e7o de internet estabelecido no Brasil. Tamb\u00e9m \u00e9 permitido o envio de mensagens eletr\u00f4nicas para endere\u00e7os cadastrados gratuitamente pelo candidato, partido ou coliga\u00e7\u00e3o. Nesses casos, a comunica\u00e7\u00e3o dever\u00e1 dispor de mecanismo que permita o descadastramento do cidad\u00e3o.<\/p>\n<p>A legisla\u00e7\u00e3o tamb\u00e9m permite a veicula\u00e7\u00e3o em blogs, redes sociais e sites de mensagens instant\u00e2neas de conte\u00fado gerado ou editado por candidatos, partidos ou coliga\u00e7\u00f5es ou de iniciativa de qualquer pessoa.<\/p>\n<p>O ministro Admar Gonzaga, do Tribunal Superior Eleitoral, ressalta que a Justi\u00e7a Eleitoral \u201cvai estar de olho\u201d para coibir poss\u00edveis abusos. \u201cAs redes sociais s\u00e3o um ambiente que carrega certa liberdade. Mas essa liberdade \u00e9 controlada, pois o autor da mensagem n\u00e3o pode caluniar, injuriar ou ofender algu\u00e9m. Nesses casos, certamente haver\u00e1 algum tipo de san\u00e7\u00e3o por parte da Justi\u00e7a Eleitoral\u201d, afirma o ministro. \u201cO que queremos \u00e9 uma propaganda mais honesta, de porta em porta, com o eleitor olhando de frente para seu candidato, para, assim, decidir de acordo com as propostas que lhe s\u00e3o oferecidas\u201d, acrescenta.<\/p>\n<p><strong>Proibi\u00e7\u00f5es<\/strong><\/p>\n<p>A legisla\u00e7\u00e3o pro\u00edbe a veicula\u00e7\u00e3o de qualquer tipo de propaganda eleitoral paga na internet e nas redes sociais. Tamb\u00e9m \u00e9 vedada a veicula\u00e7\u00e3o de propaganda eleitoral, mesmo que gratuitamente, em sites de pessoas jur\u00eddicas, com ou sem fins lucrativos, e em sites oficiais ou hospedados por \u00f3rg\u00e3os ou entidades da Administra\u00e7\u00e3o P\u00fablica direta ou indireta da Uni\u00e3o, dos estados, do Distrito Federal e dos munic\u00edpios.<\/p>\n<p>A venda de cadastro de endere\u00e7os eletr\u00f4nicos e a realiza\u00e7\u00e3o de propaganda via telemarketing, em qualquer hor\u00e1rio, tamb\u00e9m s\u00e3o proibidas. A legisla\u00e7\u00e3o ainda impede a atribui\u00e7\u00e3o indevida de conte\u00fado a terceiro, inclusive candidato, partido ou coliga\u00e7\u00e3o.<\/p>\n<p>&#8220;As pessoas que participam do processo eleitoral, ainda de forma oculta, podem ser rastreadas. Hoje em dia, h\u00e1 ferramentas que possibilitam esse tipo de busca. O TSE tem conv\u00eanio com a Pol\u00edcia Federal, que permite o rastreamento da fonte de determinada propaganda ilegal. Nos casos de propaganda irregular, h\u00e1 imposi\u00e7\u00e3o de multa, que pode variar de R$ 5 mil a R$ 30 mil, assim como a repercuss\u00e3o criminal do autor de propaganda acusando algu\u00e9m de um crime que n\u00e3o cometeu\u201d, explica o ministro Admar Gonzaga.<\/p>\n<p><em>Reproduzido do site do TSE<\/em><\/p>\n","protected":false},"excerpt":{"rendered":"<p>A propaganda eleitoral de partidos pol\u00edticos, candidatos e coliga\u00e7\u00f5es est\u00e1 permitida desde esta ter\u00e7a-feira (16). Neste ano, em virtude do limite de gastos imposto pela legisla\u00e7\u00e3o, a internet ser\u00e1 uma importante ferramenta de comunica\u00e7\u00e3o com os eleitores. A Resolu\u00e7\u00e3o do Tribunal Superior Eleitoral (TSE) n\u00ba 23.457\/2015 estabelece as regras que precisam ser respeitadas para a [&hellip;]<\/p>\n","protected":false},"author":2,"featured_media":1839,"comment_status":"closed","ping_status":"open","sticky":false,"template":"","format":"standard","meta":{"advgb_blocks_editor_width":"","advgb_blocks_columns_visual_guide":"","_exactmetrics_skip_tracking":false,"_exactmetrics_sitenote_active":false,"_exactmetrics_sitenote_note":"","_exactmetrics_sitenote_category":0,"footnotes":""},"categories":[7,12],"tags":[418,613,461],"class_list":["post-1837","post","type-post","status-publish","format-standard","has-post-thumbnail","hentry","category-destaques","category-politica","tag-eleicoes-2016","tag-regras-eleicao-na-internet","tag-tre-mg"],"better_featured_image":{"id":1839,"alt_text":"","caption":"","description":"","media_type":"image","media_details":{"width":400,"height":300,"file":"2016\/08\/web.jpg","sizes":{"thumbnail":{"file":"web-150x113.jpg","width":150,"height":113,"mime-type":"image\/jpeg","source_url":"https:\/\/lavras.tv\/site\/wp-content\/uploads\/2016\/08\/web-150x113.jpg"},"medium":{"file":"web-300x225.jpg","width":300,"height":225,"mime-type":"image\/jpeg","source_url":"https:\/\/lavras.tv\/site\/wp-content\/uploads\/2016\/08\/web-300x225.jpg"},"sow-carousel-default":{"file":"web-272x182.jpg","width":272,"height":182,"mime-type":"image\/jpeg","source_url":"https:\/\/lavras.tv\/site\/wp-content\/uploads\/2016\/08\/web-272x182.jpg"}},"image_meta":{"aperture":"0","credit":"","camera":"","caption":"","created_timestamp":"0","copyright":"","focal_length":"0","iso":"0","shutter_speed":"0","title":"","orientation":"0","keywords":[]}},"post":1837,"source_url":"https:\/\/lavras.tv\/site\/wp-content\/uploads\/2016\/08\/web.jpg"},"author_meta":{"display_name":"Lavras TV","author_link":"https:\/\/lavras.tv\/site\/author\/lavrastv\/"},"featured_img":"https:\/\/lavras.tv\/site\/wp-content\/uploads\/2016\/08\/web-300x225.jpg","coauthors":[],"tax_additional":{"categories":{"linked":["<a href=\"https:\/\/lavras.tv\/site\/category\/destaques\/\" class=\"advgb-post-tax-term\">Destaques<\/a>","<a href=\"https:\/\/lavras.tv\/site\/category\/politica\/\" class=\"advgb-post-tax-term\">Pol\u00edtica<\/a>"],"unlinked":["<span class=\"advgb-post-tax-term\">Destaques<\/span>","<span class=\"advgb-post-tax-term\">Pol\u00edtica<\/span>"]},"tags":{"linked":["<a href=\"https:\/\/lavras.tv\/site\/category\/politica\/\" class=\"advgb-post-tax-term\">elei\u00e7\u00f5es 2016<\/a>","<a href=\"https:\/\/lavras.tv\/site\/category\/politica\/\" class=\"advgb-post-tax-term\">REGRAS ELEI\u00c7\u00c3O NA INTERNET<\/a>","<a href=\"https:\/\/lavras.tv\/site\/category\/politica\/\" class=\"advgb-post-tax-term\">tre-mg<\/a>"],"unlinked":["<span class=\"advgb-post-tax-term\">elei\u00e7\u00f5es 2016<\/span>","<span class=\"advgb-post-tax-term\">REGRAS ELEI\u00c7\u00c3O NA INTERNET<\/span>","<span class=\"advgb-post-tax-term\">tre-mg<\/span>"]}},"comment_count":"0","relative_dates":{"created":"Publicado 10 anos atr\u00e1s","modified":"Atualizado 10 anos atr\u00e1s"},"absolute_dates":{"created":"Publicado em 26 de agosto de 2016","modified":"Atualizado em 26 de agosto de 2016"},"absolute_dates_time":{"created":"Publicado em 26 de agosto de 2016 10:49","modified":"Atualizado em 26 de agosto de 2016 10:49"},"featured_img_caption":"","series_order":"","_links":{"self":[{"href":"https:\/\/lavras.tv\/site\/wp-json\/wp\/v2\/posts\/1837","targetHints":{"allow":["GET"]}}],"collection":[{"href":"https:\/\/lavras.tv\/site\/wp-json\/wp\/v2\/posts"}],"about":[{"href":"https:\/\/lavras.tv\/site\/wp-json\/wp\/v2\/types\/post"}],"author":[{"embeddable":true,"href":"https:\/\/lavras.tv\/site\/wp-json\/wp\/v2\/users\/2"}],"replies":[{"embeddable":true,"href":"https:\/\/lavras.tv\/site\/wp-json\/wp\/v2\/comments?post=1837"}],"version-history":[{"count":1,"href":"https:\/\/lavras.tv\/site\/wp-json\/wp\/v2\/posts\/1837\/revisions"}],"predecessor-version":[{"id":1840,"href":"https:\/\/lavras.tv\/site\/wp-json\/wp\/v2\/posts\/1837\/revisions\/1840"}],"wp:featuredmedia":[{"embeddable":true,"href":"https:\/\/lavras.tv\/site\/wp-json\/wp\/v2\/media\/1839"}],"wp:attachment":[{"href":"https:\/\/lavras.tv\/site\/wp-json\/wp\/v2\/media?parent=1837"}],"wp:term":[{"taxonomy":"category","embeddable":true,"href":"https:\/\/lavras.tv\/site\/wp-json\/wp\/v2\/categories?post=1837"},{"taxonomy":"post_tag","embeddable":true,"href":"https:\/\/lavras.tv\/site\/wp-json\/wp\/v2\/tags?post=1837"}],"curies":[{"name":"wp","href":"https:\/\/api.w.org\/{rel}","templated":true}]}}