{"id":18412,"date":"2018-10-19T09:39:15","date_gmt":"2018-10-19T12:39:15","guid":{"rendered":"http:\/\/lavras.tv\/site\/?p=18412"},"modified":"2018-10-19T09:39:15","modified_gmt":"2018-10-19T12:39:15","slug":"lavras-e-a-campea-da-fase-regional-do-jimi-e-garante-vagas-na-etapa-estadual-dos-jogos","status":"publish","type":"post","link":"https:\/\/lavras.tv\/site\/2018\/10\/19\/lavras-e-a-campea-da-fase-regional-do-jimi-e-garante-vagas-na-etapa-estadual-dos-jogos\/","title":{"rendered":"Lavras \u00e9 a campe\u00e3 da fase regional do Jimi e garante vagas na etapa estadual dos jogos"},"content":{"rendered":"<div class=\"lavra-antes-do-conteudo_2\" id=\"lavra-1834835875\"><div id=\"lavra-slider-27\" class=\"custom-slider lavra-slider-4117033789 lavra-slider\"><ul><li><div style=\"margin-left: auto;margin-right: auto;text-align: center;\" id=\"lavra-2484445932\"><a href=\"https:\/\/sistemas.lavras.mg.gov.br\/portalcidadao\/#df1b1a7c7b2a290bcb31e32771e610784662739a88807c0dacac58ede5f391a7530e299dc302d611ee73cb143fc22eaf93592e53e7b5bdb01b00a0b8d28dae460c141dd2ff83412e4dc1c31b16b25f33144a9e5620ea73b13f5bc1c59411d98439ad226e8af03840603796067d87afe130812cf3de24982d0e306f9e61e764e5\" aria-label=\"Lavras-TV&#8211;720x104px (1) (1)\"><img src=\"https:\/\/lavras.tv\/site\/wp-content\/uploads\/2025\/01\/Lavras-TV-720x104px-1-1.png\" alt=\"\"  srcset=\"https:\/\/lavras.tv\/site\/wp-content\/uploads\/2025\/01\/Lavras-TV-720x104px-1-1.png 720w, https:\/\/lavras.tv\/site\/wp-content\/uploads\/2025\/01\/Lavras-TV-720x104px-1-1-470x68.png 470w, https:\/\/lavras.tv\/site\/wp-content\/uploads\/2025\/01\/Lavras-TV-720x104px-1-1-170x25.png 170w, https:\/\/lavras.tv\/site\/wp-content\/uploads\/2025\/01\/Lavras-TV-720x104px-1-1-200x29.png 200w\" sizes=\"(max-width: 720px) 100vw, 720px\" width=\"720\" height=\"104\"  style=\"display: inline-block;\" \/><\/a><\/div><\/li><li><a href=\"https:\/\/sistemas.lavras.mg.gov.br\/portalcidadao\/#df1b1a7c7b2a290bcb31e32771e610784662739a88807c0dacac58ede5f391a7530e299dc302d611ee73cb143fc22eaf93592e53e7b5bdb01b00a0b8d28dae460c141dd2ff83412e4dc1c31b16b25f33144a9e5620ea73b13f5bc1c59411d98439ad226e8af03840603796067d87afe130812cf3de24982d0e306f9e61e764e5\" aria-label=\"Banner_Emprego_PortallavrasTV\"><img src=\"https:\/\/lavras.tv\/site\/wp-content\/uploads\/2025\/03\/Banner_Emprego_PortallavrasTV.png\" alt=\"\"  srcset=\"https:\/\/lavras.tv\/site\/wp-content\/uploads\/2025\/03\/Banner_Emprego_PortallavrasTV.png 720w, https:\/\/lavras.tv\/site\/wp-content\/uploads\/2025\/03\/Banner_Emprego_PortallavrasTV-470x68.png 470w, https:\/\/lavras.tv\/site\/wp-content\/uploads\/2025\/03\/Banner_Emprego_PortallavrasTV-170x25.png 170w, https:\/\/lavras.tv\/site\/wp-content\/uploads\/2025\/03\/Banner_Emprego_PortallavrasTV-200x29.png 200w\" sizes=\"(max-width: 720px) 100vw, 720px\" width=\"720\" height=\"104\"   \/><\/a><\/li><li><a href=\"https:\/\/sistemas.lavras.mg.gov.br\/portalcidadao\/#df1b1a7c7b2a290bcb31e32771e610784662739a88807c0dacac58ede5f391a7530e299dc302d611ee73cb143fc22eaf93592e53e7b5bdb01b00a0b8d28dae460c141dd2ff83412e4dc1c31b16b25f33144a9e5620ea73b13f5bc1c59411d98439ad226e8af03840603796067d87afe130812cf3de24982d0e306f9e61e764e5\" aria-label=\"Banner_Obras_PortallavrasTV\"><img src=\"https:\/\/lavras.tv\/site\/wp-content\/uploads\/2025\/03\/Banner_Obras_PortallavrasTV.png\" alt=\"\"  srcset=\"https:\/\/lavras.tv\/site\/wp-content\/uploads\/2025\/03\/Banner_Obras_PortallavrasTV.png 720w, https:\/\/lavras.tv\/site\/wp-content\/uploads\/2025\/03\/Banner_Obras_PortallavrasTV-470x68.png 470w, https:\/\/lavras.tv\/site\/wp-content\/uploads\/2025\/03\/Banner_Obras_PortallavrasTV-170x25.png 170w, https:\/\/lavras.tv\/site\/wp-content\/uploads\/2025\/03\/Banner_Obras_PortallavrasTV-200x29.png 200w\" sizes=\"(max-width: 720px) 100vw, 720px\" width=\"720\" height=\"104\"   \/><\/a><\/li><li><div style=\"margin-left: auto;margin-right: auto;text-align: center;\" id=\"lavra-3659206263\"><a href=\"https:\/\/sistemas.lavras.mg.gov.br\/portalcidadao\/#df1b1a7c7b2a290bcb31e32771e610784662739a88807c0dacac58ede5f391a7530e299dc302d611ee73cb143fc22eaf93592e53e7b5bdb01b00a0b8d28dae460c141dd2ff83412e4dc1c31b16b25f33144a9e5620ea73b13f5bc1c59411d98439ad226e8af03840603796067d87afe130812cf3de24982d0e306f9e61e764e5\" aria-label=\"Banner_Educa\u00e7\u00e3o_PortallavrasTV\"><img src=\"https:\/\/lavras.tv\/site\/wp-content\/uploads\/2025\/01\/Banner_Educacao_PortallavrasTV.png\" alt=\"\"  srcset=\"https:\/\/lavras.tv\/site\/wp-content\/uploads\/2025\/01\/Banner_Educacao_PortallavrasTV.png 720w, https:\/\/lavras.tv\/site\/wp-content\/uploads\/2025\/01\/Banner_Educacao_PortallavrasTV-470x68.png 470w, https:\/\/lavras.tv\/site\/wp-content\/uploads\/2025\/01\/Banner_Educacao_PortallavrasTV-170x25.png 170w, https:\/\/lavras.tv\/site\/wp-content\/uploads\/2025\/01\/Banner_Educacao_PortallavrasTV-200x29.png 200w\" sizes=\"(max-width: 720px) 100vw, 720px\" width=\"720\" height=\"104\"  style=\"display: inline-block;\" \/><\/a><\/div><\/li><li><a href=\"https:\/\/sistemas.lavras.mg.gov.br\/portalcidadao\/#df1b1a7c7b2a290bcb31e32771e610784662739a88807c0dacac58ede5f391a7530e299dc302d611ee73cb143fc22eaf93592e53e7b5bdb01b00a0b8d28dae460c141dd2ff83412e4dc1c31b16b25f33144a9e5620ea73b13f5bc1c59411d98439ad226e8af03840603796067d87afe130812cf3de24982d0e306f9e61e764e5\" aria-label=\"Banner_Sa\u00fade_PortallavrasTV\"><img src=\"https:\/\/lavras.tv\/site\/wp-content\/uploads\/2025\/03\/Banner_Saude_PortallavrasTV.png\" alt=\"\"  srcset=\"https:\/\/lavras.tv\/site\/wp-content\/uploads\/2025\/03\/Banner_Saude_PortallavrasTV.png 720w, https:\/\/lavras.tv\/site\/wp-content\/uploads\/2025\/03\/Banner_Saude_PortallavrasTV-470x68.png 470w, https:\/\/lavras.tv\/site\/wp-content\/uploads\/2025\/03\/Banner_Saude_PortallavrasTV-170x25.png 170w, https:\/\/lavras.tv\/site\/wp-content\/uploads\/2025\/03\/Banner_Saude_PortallavrasTV-200x29.png 200w\" sizes=\"(max-width: 720px) 100vw, 720px\" width=\"720\" height=\"104\"   \/><\/a><\/li><li><div id=\"lavra-556885698\" style=\"width:720px;height:104px;background-color:#ddd;overflow:scroll;\">\n\t<strong>Sa\u00edda da depura\u00e7\u00e3o de an\u00fancios<\/strong>\n\t<br><br>\n\tO an\u00fancio n\u00e3o \u00e9 exibido na p\u00e1gina<br><br>post atual: Lavras \u00e9 a campe\u00e3 da fase regional do Jimi e garante vagas na etapa estadual dos jogos, ID: 18412<br><br><span style=\"color: red;\">O post atual n\u00e3o \u00e9 id\u00eantico ao post principal.<\/span><br><br>An\u00fancios: ROXO - TOPO INTERNA - ROTATIVO 2 (197)<br \/>Grupo de an\u00fancios: Princ_Meio01_720x104 (27)<br><br>Condi\u00e7\u00f5es de exibi\u00e7\u00e3o<div style=\"margin-bottom: 20px; white-space: pre-wrap; font-family: monospace; width: 100%; background: #ffe9e9;\"><strong>condi\u00e7\u00f5es gerais<\/strong><table border=\"1\"><thead><tr><th><\/th><th>An\u00fancios<\/th><th>wp_the_query<\/th><\/tr><\/thead><tr><td>is_main_query<\/td><td>1<\/td><td>1<\/td><\/tr><tr><td>is_rest_api<\/td><td>0<\/td><td>1<\/td><\/tr><tr><td>page<\/td><td>0<\/td><td>1<\/td><\/tr><tr><td>numpages<\/td><td>0<\/td><td>1<\/td><\/tr><tr><td>is_archive<\/td><td>1<\/td><td><\/td><\/tr><tr><td>is_search<\/td><td>1<\/td><td><\/td><\/tr><tr><td>is_home<\/td><td>1<\/td><td><\/td><\/tr><tr><td>is_404<\/td><td>1<\/td><td><\/td><\/tr><tr><td>is_attachment<\/td><td>1<\/td><td><\/td><\/tr><tr><td>is_singular<\/td><td>1<\/td><td><\/td><\/tr><tr><td>is_front_page<\/td><td>1<\/td><td><\/td><\/tr><tr><td>is_feed<\/td><td>1<\/td><td><\/td><\/tr><\/table><\/div><br><br><span style=\"color: red;\">Seu site usa HTTPS, mas o c\u00f3digo do an\u00fancio cont\u00e9m HTTP e pode n\u00e3o funcionar.<\/span>\t<br><br>\n\t<a style=\"color: green;\" href=\"https:\/\/wpadvancedads.com\/manual\/ad-debug-mode\/?utm_source=advanced-ads&utm_medium=link&utm_campaign=ad-debug-mode\" target=\"_blank\" rel=\"nofollow\">Encontre solu\u00e7\u00f5es no manual<\/a>\n<\/div>\n<\/li><\/ul><\/div><script>( window.advanced_ads_ready || jQuery( document ).ready ).call( null, function() {var $lavraslider4117033789 = jQuery( \".lavra-slider-4117033789\" );$lavraslider4117033789.on( \"unslider.ready\", function() { jQuery( \"div.custom-slider ul li\" ).css( \"display\", \"block\" ); });$lavraslider4117033789.unslider({ delay:4000, autoplay:true, nav:false, arrows:false, infinite:true });$lavraslider4117033789.on(\"mouseover\", function() {$lavraslider4117033789.unslider(\"stop\");}).on(\"mouseout\", function() {$lavraslider4117033789.unslider(\"start\");});});<\/script><\/div><p style=\"font-weight: 400;\">O feriado de 12 de outubro em Lavras foi de esporte, com a realiza\u00e7\u00e3o da Etapa Regional do JIMI (Jogos do Interior de Minas) promovida pelo Governo Municipal de Lavras. Atletas de 24 cidades da regi\u00e3o disputaram\u00a0basquete, futsal, handebol e voleibol, masculino e feminino.<!--more--><\/p>\n<p style=\"font-weight: 400;\">O JIMI \u00e9 um programa esportivo de integra\u00e7\u00e3o entre os munic\u00edpios do Estado, com a finalidade de desenvolver o interc\u00e2mbio social e esportivo, difundir a pr\u00e1tica das v\u00e1rias modalidades esportivas e dar oportunidade aos jovens atletas.<\/p>\n<p style=\"font-weight: 400;\"><img fetchpriority=\"high\" decoding=\"async\" class=\"alignnone size-full wp-image-18413 aligncenter\" src=\"http:\/\/lavras.tv\/site\/wp-content\/uploads\/2018\/10\/jimi-1.jpg\" alt=\"jimi\" width=\"800\" height=\"600\" srcset=\"https:\/\/lavras.tv\/site\/wp-content\/uploads\/2018\/10\/jimi-1.jpg 800w, https:\/\/lavras.tv\/site\/wp-content\/uploads\/2018\/10\/jimi-1-150x113.jpg 150w, https:\/\/lavras.tv\/site\/wp-content\/uploads\/2018\/10\/jimi-1-300x225.jpg 300w, https:\/\/lavras.tv\/site\/wp-content\/uploads\/2018\/10\/jimi-1-640x480.jpg 640w\" sizes=\"(max-width: 800px) 100vw, 800px\" \/><\/p>\n<p style=\"font-weight: 400;\">Os jogos foram disputados de 10 a 14 de outubro, no Gin\u00e1sio da SELT, Gin\u00e1sio do LTC, CIUNI da UFLA e no Gin\u00e1sio do 8\u00ba BPM.<\/p>\n<p style=\"font-weight: 400;\">Lavras participou das modalidades\u00a0Basquete Masculino, V\u00f4lei Masculino, Handebol Feminino e Masculino, e Futsal Feminino e Masculino, conquistando o 1\u00ba lugar na classifica\u00e7\u00e3o geral, com 72 pontos e vai para a Etapa Estadual em Uberl\u00e2ndia, com o Futsal Feminino e Masculino e Handebol Feminino e Masculino, al\u00e9m de modalidades como Atletismo, Ciclismo e outras.<\/p>\n<p style=\"font-weight: 400;\">Veja como ficou a classifica\u00e7\u00e3o em cada modalidade:<\/p>\n<p style=\"font-weight: 400;\"><b><strong>Voleibol Feminino<\/strong><\/b><\/p>\n<p style=\"font-weight: 400;\">1\u00b0 lugar: Varginha<\/p>\n<p style=\"font-weight: 400;\">2\u00b0 lugar: Perd\u00f5es<\/p>\n<p style=\"font-weight: 400;\">3\u00b0 lugar: Congonhas<\/p>\n<p style=\"font-weight: 400;\">\n<p style=\"font-weight: 400;\"><b><strong>Voleibol Masculino<\/strong><\/b><\/p>\n<p style=\"font-weight: 400;\">1\u00b0 lugar: Tr\u00eas Cora\u00e7\u00f5es<\/p>\n<p style=\"font-weight: 400;\">2\u00b0 lugar: Barroso<\/p>\n<p style=\"font-weight: 400;\">3\u00b0 lugar: Perd\u00f5es<\/p>\n<p style=\"font-weight: 400;\">\n<p style=\"font-weight: 400;\"><b><strong>Handebol Feminino:<\/strong><\/b><\/p>\n<p style=\"font-weight: 400;\">1\u00b0 lugar: Conselheiro Lafaiete<\/p>\n<p style=\"font-weight: 400;\">2\u00b0 lugar: Lavras<\/p>\n<p style=\"font-weight: 400;\">\n<p style=\"font-weight: 400;\"><b><strong>Handebol Masculino<\/strong><\/b><\/p>\n<p style=\"font-weight: 400;\">1\u00b0 lugar: S\u00e3o Louren\u00e7o<\/p>\n<p style=\"font-weight: 400;\">2\u00b0 lugar: Lavras<\/p>\n<p style=\"font-weight: 400;\">\n<p style=\"font-weight: 400;\"><b><strong>Futsal Feminino<\/strong><\/b><\/p>\n<p style=\"font-weight: 400;\">1\u00b0 lugar: Lavras<\/p>\n<p style=\"font-weight: 400;\">2\u00b0 lugar: Itajub\u00e1<\/p>\n<p style=\"font-weight: 400;\">3\u00b0 lugar: S\u00e3o Louren\u00e7o<\/p>\n<p style=\"font-weight: 400;\">\n<p style=\"font-weight: 400;\"><b><strong>Futsal Masculino<\/strong><\/b><\/p>\n<p style=\"font-weight: 400;\">1\u00b0 lugar: Juiz de Fora<\/p>\n<p style=\"font-weight: 400;\">2\u00b0 lugar: Lavras<\/p>\n<p style=\"font-weight: 400;\">3\u00b0 lugar: Goian\u00e1<\/p>\n<p style=\"font-weight: 400;\">\n<p style=\"font-weight: 400;\"><b><strong>Basquete Feminino<\/strong><\/b><\/p>\n<p style=\"font-weight: 400;\">1\u00b0 lugar: Conselheiro Lafaiete<\/p>\n<p style=\"font-weight: 400;\">2\u00b0 lugar: S\u00e3o Louren\u00e7o<\/p>\n<p style=\"font-weight: 400;\">3\u00b0 lugar: Varginha<\/p>\n<p style=\"font-weight: 400;\">\n<p style=\"font-weight: 400;\"><b><strong>Basquete Masculino<\/strong><\/b><\/p>\n<p style=\"font-weight: 400;\">1\u00b0 lugar: S\u00e3o Jo\u00e3o del-Rei<\/p>\n<p style=\"font-weight: 400;\">2\u00b0 lugar: Juiz de Fora<\/p>\n<p style=\"font-weight: 400;\">3\u00b0 lugar: Cataguases<\/p>\n<p style=\"font-weight: 400;\">\n<p style=\"font-weight: 400;\">Fonte: Prefeitura de Lavras<\/p>\n","protected":false},"excerpt":{"rendered":"<p>O feriado de 12 de outubro em Lavras foi de esporte, com a realiza\u00e7\u00e3o da Etapa Regional do JIMI (Jogos do Interior de Minas) promovida pelo Governo Municipal de Lavras. Atletas de 24 cidades da regi\u00e3o disputaram\u00a0basquete, futsal, handebol e voleibol, masculino e feminino.<\/p>\n","protected":false},"author":2,"featured_media":18413,"comment_status":"closed","ping_status":"open","sticky":false,"template":"","format":"standard","meta":{"advgb_blocks_editor_width":"","advgb_blocks_columns_visual_guide":"","_exactmetrics_skip_tracking":false,"_exactmetrics_sitenote_active":false,"_exactmetrics_sitenote_note":"","_exactmetrics_sitenote_category":0,"footnotes":""},"categories":[7,3],"tags":[689,34],"class_list":["post-18412","post","type-post","status-publish","format-standard","has-post-thumbnail","hentry","category-destaques","category-esportes","tag-jimi","tag-lavras"],"better_featured_image":{"id":18413,"alt_text":"","caption":"","description":"","media_type":"image","media_details":{"width":800,"height":600,"file":"2018\/10\/jimi-1.jpg","sizes":{"thumbnail":{"file":"jimi-1-150x113.jpg","width":150,"height":113,"mime-type":"image\/jpeg","source_url":"https:\/\/lavras.tv\/site\/wp-content\/uploads\/2018\/10\/jimi-1-150x113.jpg"},"medium":{"file":"jimi-1-300x225.jpg","width":300,"height":225,"mime-type":"image\/jpeg","source_url":"https:\/\/lavras.tv\/site\/wp-content\/uploads\/2018\/10\/jimi-1-300x225.jpg"},"featured-slider-img":{"file":"jimi-1-640x480.jpg","width":640,"height":480,"mime-type":"image\/jpeg","source_url":"https:\/\/lavras.tv\/site\/wp-content\/uploads\/2018\/10\/jimi-1-640x480.jpg"},"featured-post-img":{"file":"jimi-1-480x320.jpg","width":480,"height":320,"mime-type":"image\/jpeg","source_url":"https:\/\/lavras.tv\/site\/wp-content\/uploads\/2018\/10\/jimi-1-480x320.jpg"},"sow-carousel-default":{"file":"jimi-1-272x182.jpg","width":272,"height":182,"mime-type":"image\/jpeg","source_url":"https:\/\/lavras.tv\/site\/wp-content\/uploads\/2018\/10\/jimi-1-272x182.jpg"}},"image_meta":{"aperture":"0","credit":"","camera":"","caption":"","created_timestamp":"0","copyright":"","focal_length":"0","iso":"0","shutter_speed":"0","title":"","orientation":"0","keywords":[]}},"post":18412,"source_url":"https:\/\/lavras.tv\/site\/wp-content\/uploads\/2018\/10\/jimi-1.jpg"},"author_meta":{"display_name":"Lavras TV","author_link":"https:\/\/lavras.tv\/site\/author\/lavrastv\/"},"featured_img":"https:\/\/lavras.tv\/site\/wp-content\/uploads\/2018\/10\/jimi-1-300x225.jpg","coauthors":[],"tax_additional":{"categories":{"linked":["<a href=\"https:\/\/lavras.tv\/site\/category\/destaques\/\" class=\"advgb-post-tax-term\">Destaques<\/a>","<a href=\"https:\/\/lavras.tv\/site\/category\/esportes\/\" class=\"advgb-post-tax-term\">Esportes<\/a>"],"unlinked":["<span class=\"advgb-post-tax-term\">Destaques<\/span>","<span class=\"advgb-post-tax-term\">Esportes<\/span>"]},"tags":{"linked":["<a href=\"https:\/\/lavras.tv\/site\/category\/esportes\/\" class=\"advgb-post-tax-term\">jimi<\/a>","<a href=\"https:\/\/lavras.tv\/site\/category\/esportes\/\" class=\"advgb-post-tax-term\">lavras<\/a>"],"unlinked":["<span class=\"advgb-post-tax-term\">jimi<\/span>","<span class=\"advgb-post-tax-term\">lavras<\/span>"]}},"comment_count":"0","relative_dates":{"created":"Publicado 8 anos atr\u00e1s","modified":"Atualizado 8 anos atr\u00e1s"},"absolute_dates":{"created":"Publicado em 19 de outubro de 2018","modified":"Atualizado em 19 de outubro de 2018"},"absolute_dates_time":{"created":"Publicado em 19 de outubro de 2018 09:39","modified":"Atualizado em 19 de outubro de 2018 09:39"},"featured_img_caption":"","series_order":"","_links":{"self":[{"href":"https:\/\/lavras.tv\/site\/wp-json\/wp\/v2\/posts\/18412","targetHints":{"allow":["GET"]}}],"collection":[{"href":"https:\/\/lavras.tv\/site\/wp-json\/wp\/v2\/posts"}],"about":[{"href":"https:\/\/lavras.tv\/site\/wp-json\/wp\/v2\/types\/post"}],"author":[{"embeddable":true,"href":"https:\/\/lavras.tv\/site\/wp-json\/wp\/v2\/users\/2"}],"replies":[{"embeddable":true,"href":"https:\/\/lavras.tv\/site\/wp-json\/wp\/v2\/comments?post=18412"}],"version-history":[{"count":1,"href":"https:\/\/lavras.tv\/site\/wp-json\/wp\/v2\/posts\/18412\/revisions"}],"predecessor-version":[{"id":18414,"href":"https:\/\/lavras.tv\/site\/wp-json\/wp\/v2\/posts\/18412\/revisions\/18414"}],"wp:featuredmedia":[{"embeddable":true,"href":"https:\/\/lavras.tv\/site\/wp-json\/wp\/v2\/media\/18413"}],"wp:attachment":[{"href":"https:\/\/lavras.tv\/site\/wp-json\/wp\/v2\/media?parent=18412"}],"wp:term":[{"taxonomy":"category","embeddable":true,"href":"https:\/\/lavras.tv\/site\/wp-json\/wp\/v2\/categories?post=18412"},{"taxonomy":"post_tag","embeddable":true,"href":"https:\/\/lavras.tv\/site\/wp-json\/wp\/v2\/tags?post=18412"}],"curies":[{"name":"wp","href":"https:\/\/api.w.org\/{rel}","templated":true}]}}