{"id":18427,"date":"2018-10-22T10:05:59","date_gmt":"2018-10-22T13:05:59","guid":{"rendered":"http:\/\/lavras.tv\/site\/?p=18427"},"modified":"2018-10-22T10:06:45","modified_gmt":"2018-10-22T13:06:45","slug":"lavras-sediara-partidas-da-super-liga-c-de-volei-em-novembro","status":"publish","type":"post","link":"https:\/\/lavras.tv\/site\/2018\/10\/22\/lavras-sediara-partidas-da-super-liga-c-de-volei-em-novembro\/","title":{"rendered":"Lavras sediar\u00e1 partidas da Super Liga C de V\u00f4lei em novembro"},"content":{"rendered":"<div class=\"lavra-antes-do-conteudo_2\" id=\"lavra-492804381\"><div id=\"lavra-slider-27\" class=\"custom-slider lavra-slider-1409198602 lavra-slider\"><ul><li><div style=\"margin-left: auto;margin-right: auto;text-align: center;\" id=\"lavra-2759058433\"><a href=\"https:\/\/sistemas.lavras.mg.gov.br\/portalcidadao\/#df1b1a7c7b2a290bcb31e32771e610784662739a88807c0dacac58ede5f391a7530e299dc302d611ee73cb143fc22eaf93592e53e7b5bdb01b00a0b8d28dae460c141dd2ff83412e4dc1c31b16b25f33144a9e5620ea73b13f5bc1c59411d98439ad226e8af03840603796067d87afe130812cf3de24982d0e306f9e61e764e5\" aria-label=\"Lavras-TV&#8211;720x104px (1) (1)\"><img src=\"https:\/\/lavras.tv\/site\/wp-content\/uploads\/2025\/01\/Lavras-TV-720x104px-1-1.png\" alt=\"\"  srcset=\"https:\/\/lavras.tv\/site\/wp-content\/uploads\/2025\/01\/Lavras-TV-720x104px-1-1.png 720w, https:\/\/lavras.tv\/site\/wp-content\/uploads\/2025\/01\/Lavras-TV-720x104px-1-1-470x68.png 470w, https:\/\/lavras.tv\/site\/wp-content\/uploads\/2025\/01\/Lavras-TV-720x104px-1-1-170x25.png 170w, https:\/\/lavras.tv\/site\/wp-content\/uploads\/2025\/01\/Lavras-TV-720x104px-1-1-200x29.png 200w\" sizes=\"(max-width: 720px) 100vw, 720px\" width=\"720\" height=\"104\"  style=\"display: inline-block;\" \/><\/a><\/div><\/li><li><a href=\"https:\/\/sistemas.lavras.mg.gov.br\/portalcidadao\/#df1b1a7c7b2a290bcb31e32771e610784662739a88807c0dacac58ede5f391a7530e299dc302d611ee73cb143fc22eaf93592e53e7b5bdb01b00a0b8d28dae460c141dd2ff83412e4dc1c31b16b25f33144a9e5620ea73b13f5bc1c59411d98439ad226e8af03840603796067d87afe130812cf3de24982d0e306f9e61e764e5\" aria-label=\"Banner_Emprego_PortallavrasTV\"><img src=\"https:\/\/lavras.tv\/site\/wp-content\/uploads\/2025\/03\/Banner_Emprego_PortallavrasTV.png\" alt=\"\"  srcset=\"https:\/\/lavras.tv\/site\/wp-content\/uploads\/2025\/03\/Banner_Emprego_PortallavrasTV.png 720w, https:\/\/lavras.tv\/site\/wp-content\/uploads\/2025\/03\/Banner_Emprego_PortallavrasTV-470x68.png 470w, https:\/\/lavras.tv\/site\/wp-content\/uploads\/2025\/03\/Banner_Emprego_PortallavrasTV-170x25.png 170w, https:\/\/lavras.tv\/site\/wp-content\/uploads\/2025\/03\/Banner_Emprego_PortallavrasTV-200x29.png 200w\" sizes=\"(max-width: 720px) 100vw, 720px\" width=\"720\" height=\"104\"   \/><\/a><\/li><li><a href=\"https:\/\/sistemas.lavras.mg.gov.br\/portalcidadao\/#df1b1a7c7b2a290bcb31e32771e610784662739a88807c0dacac58ede5f391a7530e299dc302d611ee73cb143fc22eaf93592e53e7b5bdb01b00a0b8d28dae460c141dd2ff83412e4dc1c31b16b25f33144a9e5620ea73b13f5bc1c59411d98439ad226e8af03840603796067d87afe130812cf3de24982d0e306f9e61e764e5\" aria-label=\"Banner_Obras_PortallavrasTV\"><img src=\"https:\/\/lavras.tv\/site\/wp-content\/uploads\/2025\/03\/Banner_Obras_PortallavrasTV.png\" alt=\"\"  srcset=\"https:\/\/lavras.tv\/site\/wp-content\/uploads\/2025\/03\/Banner_Obras_PortallavrasTV.png 720w, https:\/\/lavras.tv\/site\/wp-content\/uploads\/2025\/03\/Banner_Obras_PortallavrasTV-470x68.png 470w, https:\/\/lavras.tv\/site\/wp-content\/uploads\/2025\/03\/Banner_Obras_PortallavrasTV-170x25.png 170w, https:\/\/lavras.tv\/site\/wp-content\/uploads\/2025\/03\/Banner_Obras_PortallavrasTV-200x29.png 200w\" sizes=\"(max-width: 720px) 100vw, 720px\" width=\"720\" height=\"104\"   \/><\/a><\/li><li><div style=\"margin-left: auto;margin-right: auto;text-align: center;\" id=\"lavra-16898751\"><a href=\"https:\/\/sistemas.lavras.mg.gov.br\/portalcidadao\/#df1b1a7c7b2a290bcb31e32771e610784662739a88807c0dacac58ede5f391a7530e299dc302d611ee73cb143fc22eaf93592e53e7b5bdb01b00a0b8d28dae460c141dd2ff83412e4dc1c31b16b25f33144a9e5620ea73b13f5bc1c59411d98439ad226e8af03840603796067d87afe130812cf3de24982d0e306f9e61e764e5\" aria-label=\"Banner_Educa\u00e7\u00e3o_PortallavrasTV\"><img src=\"https:\/\/lavras.tv\/site\/wp-content\/uploads\/2025\/01\/Banner_Educacao_PortallavrasTV.png\" alt=\"\"  srcset=\"https:\/\/lavras.tv\/site\/wp-content\/uploads\/2025\/01\/Banner_Educacao_PortallavrasTV.png 720w, https:\/\/lavras.tv\/site\/wp-content\/uploads\/2025\/01\/Banner_Educacao_PortallavrasTV-470x68.png 470w, https:\/\/lavras.tv\/site\/wp-content\/uploads\/2025\/01\/Banner_Educacao_PortallavrasTV-170x25.png 170w, https:\/\/lavras.tv\/site\/wp-content\/uploads\/2025\/01\/Banner_Educacao_PortallavrasTV-200x29.png 200w\" sizes=\"(max-width: 720px) 100vw, 720px\" width=\"720\" height=\"104\"  style=\"display: inline-block;\" \/><\/a><\/div><\/li><li><a href=\"https:\/\/sistemas.lavras.mg.gov.br\/portalcidadao\/#df1b1a7c7b2a290bcb31e32771e610784662739a88807c0dacac58ede5f391a7530e299dc302d611ee73cb143fc22eaf93592e53e7b5bdb01b00a0b8d28dae460c141dd2ff83412e4dc1c31b16b25f33144a9e5620ea73b13f5bc1c59411d98439ad226e8af03840603796067d87afe130812cf3de24982d0e306f9e61e764e5\" aria-label=\"Banner_Sa\u00fade_PortallavrasTV\"><img src=\"https:\/\/lavras.tv\/site\/wp-content\/uploads\/2025\/03\/Banner_Saude_PortallavrasTV.png\" alt=\"\"  srcset=\"https:\/\/lavras.tv\/site\/wp-content\/uploads\/2025\/03\/Banner_Saude_PortallavrasTV.png 720w, https:\/\/lavras.tv\/site\/wp-content\/uploads\/2025\/03\/Banner_Saude_PortallavrasTV-470x68.png 470w, https:\/\/lavras.tv\/site\/wp-content\/uploads\/2025\/03\/Banner_Saude_PortallavrasTV-170x25.png 170w, https:\/\/lavras.tv\/site\/wp-content\/uploads\/2025\/03\/Banner_Saude_PortallavrasTV-200x29.png 200w\" sizes=\"(max-width: 720px) 100vw, 720px\" width=\"720\" height=\"104\"   \/><\/a><\/li><li><div id=\"lavra-3614260278\" style=\"width:720px;height:104px;background-color:#ddd;overflow:scroll;\">\n\t<strong>Sa\u00edda da depura\u00e7\u00e3o de an\u00fancios<\/strong>\n\t<br><br>\n\tO an\u00fancio n\u00e3o \u00e9 exibido na p\u00e1gina<br><br>post atual: Lavras sediar\u00e1 partidas da Super Liga C de V\u00f4lei em novembro, ID: 18427<br><br><span style=\"color: red;\">O post atual n\u00e3o \u00e9 id\u00eantico ao post principal.<\/span><br><br>An\u00fancios: ROXO - TOPO INTERNA - ROTATIVO 2 (197)<br \/>Grupo de an\u00fancios: Princ_Meio01_720x104 (27)<br><br>Condi\u00e7\u00f5es de exibi\u00e7\u00e3o<div style=\"margin-bottom: 20px; white-space: pre-wrap; font-family: monospace; width: 100%; background: #ffe9e9;\"><strong>condi\u00e7\u00f5es gerais<\/strong><table border=\"1\"><thead><tr><th><\/th><th>An\u00fancios<\/th><th>wp_the_query<\/th><\/tr><\/thead><tr><td>is_main_query<\/td><td>1<\/td><td>1<\/td><\/tr><tr><td>is_rest_api<\/td><td>0<\/td><td>1<\/td><\/tr><tr><td>page<\/td><td>0<\/td><td>1<\/td><\/tr><tr><td>numpages<\/td><td>0<\/td><td>1<\/td><\/tr><tr><td>is_archive<\/td><td>1<\/td><td><\/td><\/tr><tr><td>is_search<\/td><td>1<\/td><td><\/td><\/tr><tr><td>is_home<\/td><td>1<\/td><td><\/td><\/tr><tr><td>is_404<\/td><td>1<\/td><td><\/td><\/tr><tr><td>is_attachment<\/td><td>1<\/td><td><\/td><\/tr><tr><td>is_singular<\/td><td>1<\/td><td><\/td><\/tr><tr><td>is_front_page<\/td><td>1<\/td><td><\/td><\/tr><tr><td>is_feed<\/td><td>1<\/td><td><\/td><\/tr><\/table><\/div><br><br><span style=\"color: red;\">Seu site usa HTTPS, mas o c\u00f3digo do an\u00fancio cont\u00e9m HTTP e pode n\u00e3o funcionar.<\/span>\t<br><br>\n\t<a style=\"color: green;\" href=\"https:\/\/wpadvancedads.com\/manual\/ad-debug-mode\/?utm_source=advanced-ads&utm_medium=link&utm_campaign=ad-debug-mode\" target=\"_blank\" rel=\"nofollow\">Encontre solu\u00e7\u00f5es no manual<\/a>\n<\/div>\n<\/li><\/ul><\/div><script>( window.advanced_ads_ready || jQuery( document ).ready ).call( null, function() {var $lavraslider1409198602 = jQuery( \".lavra-slider-1409198602\" );$lavraslider1409198602.on( \"unslider.ready\", function() { jQuery( \"div.custom-slider ul li\" ).css( \"display\", \"block\" ); });$lavraslider1409198602.unslider({ delay:4000, autoplay:true, nav:false, arrows:false, infinite:true });$lavraslider1409198602.on(\"mouseover\", function() {$lavraslider1409198602.unslider(\"stop\");}).on(\"mouseout\", function() {$lavraslider1409198602.unslider(\"start\");});});<\/script><\/div><p>A Confedera\u00e7\u00e3o Brasileira de Voleibol (CBV) divulgou\u00a0 os detalhes da disputa da primeira edi\u00e7\u00e3o da Superliga C masculina. A competi\u00e7\u00e3o substitui a extinta Ta\u00e7a Prata e serve como acesso \u00e0 Superliga B, segunda divis\u00e3o da principal competi\u00e7\u00e3o nacional do v\u00f4lei, e acontecer\u00e1 entre 9 e 12 de novembro nas cidades de Lavras (MG) e de S\u00e3o Jos\u00e9 dos Campos (SP). Ser\u00e3o duas vagas em disputa que dar\u00e3o acesso \u00e0 Superliga B.<\/p>\n<p><img fetchpriority=\"high\" decoding=\"async\" class=\"alignnone size-full wp-image-17942\" src=\"http:\/\/lavras.tv\/site\/wp-content\/uploads\/2018\/09\/volei-ltc-e1537274158581.jpg\" alt=\"volei ltc\" width=\"1449\" height=\"902\" srcset=\"https:\/\/lavras.tv\/site\/wp-content\/uploads\/2018\/09\/volei-ltc-e1537274158581.jpg 1449w, https:\/\/lavras.tv\/site\/wp-content\/uploads\/2018\/09\/volei-ltc-e1537274158581-150x93.jpg 150w, https:\/\/lavras.tv\/site\/wp-content\/uploads\/2018\/09\/volei-ltc-e1537274158581-300x187.jpg 300w, https:\/\/lavras.tv\/site\/wp-content\/uploads\/2018\/09\/volei-ltc-e1537274158581-1024x637.jpg 1024w\" sizes=\"(max-width: 1449px) 100vw, 1449px\" \/><\/p>\n<p>A Superliga C masculina contar\u00e1 com a participa\u00e7\u00e3o de sete clubes espalhados nas duas sedes. Pelo formato definido para o torneio, os times ser\u00e3o divididos dois grupos. O campe\u00e3o de cada grupo garantir\u00e1 a vaga na Superliga B.<\/p>\n<p>Em S\u00e3o Jos\u00e9 dos Campos as partidas acontecer\u00e3o entre os dias 9 e 11 de novembro, no gin\u00e1sio do SESI. As quatro equipes participantes do grupo na cidade paulista jogar\u00e3o entre si. Est\u00e3o na disputa o S\u00e3o Jos\u00e9 dos Campos (SP), o Santos F.C. (SP), o AIG-Nagumo (SP) e o V\u00f4lei Potiguar\/Natal (RN).<\/p>\n<p>Na cidade de Lavras a competi\u00e7\u00e3o ser\u00e1 entre 10 e 12 de novembro, no gin\u00e1sio do Lavras T\u00eanis Clube. Na briga pela vaga de acesso \u00e0 Superliga B estar\u00e3o o Lavras V\u00f4lei (MG), o Uberl\u00e2ndia\/Gabarito\/Start Qu\u00edmica (MG) e a AABB-Rio (RJ).<\/p>\n<p><img decoding=\"async\" class=\"alignnone size-full wp-image-18429 aligncenter\" src=\"http:\/\/lavras.tv\/site\/wp-content\/uploads\/2018\/10\/WhatsApp-Image-2018-10-22-at-09.50.29.jpeg\" alt=\"WhatsApp Image 2018-10-22 at 09.50.29\" width=\"1280\" height=\"720\" srcset=\"https:\/\/lavras.tv\/site\/wp-content\/uploads\/2018\/10\/WhatsApp-Image-2018-10-22-at-09.50.29.jpeg 1280w, https:\/\/lavras.tv\/site\/wp-content\/uploads\/2018\/10\/WhatsApp-Image-2018-10-22-at-09.50.29-150x84.jpeg 150w, https:\/\/lavras.tv\/site\/wp-content\/uploads\/2018\/10\/WhatsApp-Image-2018-10-22-at-09.50.29-300x169.jpeg 300w, https:\/\/lavras.tv\/site\/wp-content\/uploads\/2018\/10\/WhatsApp-Image-2018-10-22-at-09.50.29-1024x576.jpeg 1024w\" sizes=\"(max-width: 1280px) 100vw, 1280px\" \/><\/p>\n<p>Fonte: Olimp\u00edada Todo Dia<\/p>\n","protected":false},"excerpt":{"rendered":"<p>A Confedera\u00e7\u00e3o Brasileira de Voleibol (CBV) divulgou\u00a0 os detalhes da disputa da primeira edi\u00e7\u00e3o da Superliga C masculina. A competi\u00e7\u00e3o substitui a extinta Ta\u00e7a Prata e serve como acesso \u00e0 Superliga B, segunda divis\u00e3o da principal competi\u00e7\u00e3o nacional do v\u00f4lei, e acontecer\u00e1 entre 9 e 12 de novembro nas cidades de Lavras (MG) e de [&hellip;]<\/p>\n","protected":false},"author":2,"featured_media":17942,"comment_status":"closed","ping_status":"open","sticky":false,"template":"","format":"standard","meta":{"advgb_blocks_editor_width":"","advgb_blocks_columns_visual_guide":"","_exactmetrics_skip_tracking":false,"_exactmetrics_sitenote_active":false,"_exactmetrics_sitenote_note":"","_exactmetrics_sitenote_category":0,"footnotes":""},"categories":[7,3],"tags":[1930,5289,34,4439,1032,1210,5287,5286,5288,690],"class_list":["post-18427","post","type-post","status-publish","format-standard","has-post-thumbnail","hentry","category-destaques","category-esportes","tag-1930","tag-aabb-rio","tag-lavras","tag-lavras-volei","tag-ltc","tag-sada-cruzeiro","tag-santos-fc","tag-super-liga-c","tag-uberlandiagabaritostart-quimica","tag-volei"],"better_featured_image":{"id":17942,"alt_text":"","caption":"","description":"","media_type":"image","media_details":{"width":1449,"height":902,"file":"2018\/09\/volei-ltc-e1537274158581.jpg","sizes":{"thumbnail":{"file":"volei-ltc-e1537274158581-150x93.jpg","width":150,"height":93,"mime-type":"image\/jpeg","source_url":"https:\/\/lavras.tv\/site\/wp-content\/uploads\/2018\/09\/volei-ltc-e1537274158581-150x93.jpg"},"medium":{"file":"volei-ltc-e1537274158581-300x187.jpg","width":300,"height":187,"mime-type":"image\/jpeg","source_url":"https:\/\/lavras.tv\/site\/wp-content\/uploads\/2018\/09\/volei-ltc-e1537274158581-300x187.jpg"},"large":{"file":"volei-ltc-e1537274158581-1024x637.jpg","width":1024,"height":637,"mime-type":"image\/jpeg","source_url":"https:\/\/lavras.tv\/site\/wp-content\/uploads\/2018\/09\/volei-ltc-e1537274158581-1024x637.jpg"},"featured-slider-img":{"file":"volei-ltc-e1537274158581-640x480.jpg","width":640,"height":480,"mime-type":"image\/jpeg","source_url":"https:\/\/lavras.tv\/site\/wp-content\/uploads\/2018\/09\/volei-ltc-e1537274158581-640x480.jpg"},"featured-post-img":{"file":"volei-ltc-e1537274158581-480x320.jpg","width":480,"height":320,"mime-type":"image\/jpeg","source_url":"https:\/\/lavras.tv\/site\/wp-content\/uploads\/2018\/09\/volei-ltc-e1537274158581-480x320.jpg"},"sow-carousel-default":{"file":"volei-ltc-e1537274158581-272x182.jpg","width":272,"height":182,"mime-type":"image\/jpeg","source_url":"https:\/\/lavras.tv\/site\/wp-content\/uploads\/2018\/09\/volei-ltc-e1537274158581-272x182.jpg"}},"image_meta":{"aperture":"0","credit":"","camera":"","caption":"","created_timestamp":"0","copyright":"","focal_length":"0","iso":"0","shutter_speed":"0","title":"","orientation":"0","keywords":[]}},"post":17941,"source_url":"https:\/\/lavras.tv\/site\/wp-content\/uploads\/2018\/09\/volei-ltc-e1537274158581.jpg"},"author_meta":{"display_name":"Lavras TV","author_link":"https:\/\/lavras.tv\/site\/author\/lavrastv\/"},"featured_img":"https:\/\/lavras.tv\/site\/wp-content\/uploads\/2018\/09\/volei-ltc-e1537274158581-300x187.jpg","coauthors":[],"tax_additional":{"categories":{"linked":["<a href=\"https:\/\/lavras.tv\/site\/category\/destaques\/\" class=\"advgb-post-tax-term\">Destaques<\/a>","<a href=\"https:\/\/lavras.tv\/site\/category\/esportes\/\" class=\"advgb-post-tax-term\">Esportes<\/a>"],"unlinked":["<span class=\"advgb-post-tax-term\">Destaques<\/span>","<span class=\"advgb-post-tax-term\">Esportes<\/span>"]},"tags":{"linked":["<a href=\"https:\/\/lavras.tv\/site\/category\/esportes\/\" class=\"advgb-post-tax-term\">2018<\/a>","<a href=\"https:\/\/lavras.tv\/site\/category\/esportes\/\" class=\"advgb-post-tax-term\">AABB-Rio<\/a>","<a href=\"https:\/\/lavras.tv\/site\/category\/esportes\/\" class=\"advgb-post-tax-term\">lavras<\/a>","<a href=\"https:\/\/lavras.tv\/site\/category\/esportes\/\" class=\"advgb-post-tax-term\">Lavras V\u00f4lei<\/a>","<a href=\"https:\/\/lavras.tv\/site\/category\/esportes\/\" class=\"advgb-post-tax-term\">LTC<\/a>","<a href=\"https:\/\/lavras.tv\/site\/category\/esportes\/\" class=\"advgb-post-tax-term\">sada cruzeiro<\/a>","<a href=\"https:\/\/lavras.tv\/site\/category\/esportes\/\" class=\"advgb-post-tax-term\">Santos FC<\/a>","<a href=\"https:\/\/lavras.tv\/site\/category\/esportes\/\" class=\"advgb-post-tax-term\">super liga c<\/a>","<a href=\"https:\/\/lavras.tv\/site\/category\/esportes\/\" class=\"advgb-post-tax-term\">Uberl\u00e2ndia\/Gabarito\/Start Qu\u00edmica<\/a>","<a href=\"https:\/\/lavras.tv\/site\/category\/esportes\/\" class=\"advgb-post-tax-term\">volei<\/a>"],"unlinked":["<span class=\"advgb-post-tax-term\">2018<\/span>","<span class=\"advgb-post-tax-term\">AABB-Rio<\/span>","<span class=\"advgb-post-tax-term\">lavras<\/span>","<span class=\"advgb-post-tax-term\">Lavras V\u00f4lei<\/span>","<span class=\"advgb-post-tax-term\">LTC<\/span>","<span class=\"advgb-post-tax-term\">sada cruzeiro<\/span>","<span class=\"advgb-post-tax-term\">Santos FC<\/span>","<span class=\"advgb-post-tax-term\">super liga c<\/span>","<span class=\"advgb-post-tax-term\">Uberl\u00e2ndia\/Gabarito\/Start Qu\u00edmica<\/span>","<span class=\"advgb-post-tax-term\">volei<\/span>"]}},"comment_count":"0","relative_dates":{"created":"Publicado 8 anos atr\u00e1s","modified":"Atualizado 8 anos atr\u00e1s"},"absolute_dates":{"created":"Publicado em 22 de outubro de 2018","modified":"Atualizado em 22 de outubro de 2018"},"absolute_dates_time":{"created":"Publicado em 22 de outubro de 2018 10:05","modified":"Atualizado em 22 de outubro de 2018 10:06"},"featured_img_caption":"","series_order":"","_links":{"self":[{"href":"https:\/\/lavras.tv\/site\/wp-json\/wp\/v2\/posts\/18427","targetHints":{"allow":["GET"]}}],"collection":[{"href":"https:\/\/lavras.tv\/site\/wp-json\/wp\/v2\/posts"}],"about":[{"href":"https:\/\/lavras.tv\/site\/wp-json\/wp\/v2\/types\/post"}],"author":[{"embeddable":true,"href":"https:\/\/lavras.tv\/site\/wp-json\/wp\/v2\/users\/2"}],"replies":[{"embeddable":true,"href":"https:\/\/lavras.tv\/site\/wp-json\/wp\/v2\/comments?post=18427"}],"version-history":[{"count":2,"href":"https:\/\/lavras.tv\/site\/wp-json\/wp\/v2\/posts\/18427\/revisions"}],"predecessor-version":[{"id":18430,"href":"https:\/\/lavras.tv\/site\/wp-json\/wp\/v2\/posts\/18427\/revisions\/18430"}],"wp:featuredmedia":[{"embeddable":true,"href":"https:\/\/lavras.tv\/site\/wp-json\/wp\/v2\/media\/17942"}],"wp:attachment":[{"href":"https:\/\/lavras.tv\/site\/wp-json\/wp\/v2\/media?parent=18427"}],"wp:term":[{"taxonomy":"category","embeddable":true,"href":"https:\/\/lavras.tv\/site\/wp-json\/wp\/v2\/categories?post=18427"},{"taxonomy":"post_tag","embeddable":true,"href":"https:\/\/lavras.tv\/site\/wp-json\/wp\/v2\/tags?post=18427"}],"curies":[{"name":"wp","href":"https:\/\/api.w.org\/{rel}","templated":true}]}}