{"id":1845,"date":"2016-08-26T11:23:13","date_gmt":"2016-08-26T11:23:13","guid":{"rendered":"http:\/\/lavras.tv\/site\/?p=1845"},"modified":"2016-08-26T11:23:13","modified_gmt":"2016-08-26T11:23:13","slug":"cafeicultores-de-luminarias-sao-suspeitos-de-contaminar-nascente","status":"publish","type":"post","link":"https:\/\/lavras.tv\/site\/2016\/08\/26\/cafeicultores-de-luminarias-sao-suspeitos-de-contaminar-nascente\/","title":{"rendered":"Cafeicultores de Lumin\u00e1rias s\u00e3o suspeitos de contaminar nascente"},"content":{"rendered":"<div class=\"lavra-antes-do-conteudo_2\" id=\"lavra-3493135902\"><div id=\"lavra-slider-27\" class=\"custom-slider lavra-slider-3860885827 lavra-slider\"><ul><li><div style=\"margin-left: auto;margin-right: auto;text-align: center;\" id=\"lavra-2277360800\"><a href=\"https:\/\/sistemas.lavras.mg.gov.br\/portalcidadao\/#df1b1a7c7b2a290bcb31e32771e610784662739a88807c0dacac58ede5f391a7530e299dc302d611ee73cb143fc22eaf93592e53e7b5bdb01b00a0b8d28dae460c141dd2ff83412e4dc1c31b16b25f33144a9e5620ea73b13f5bc1c59411d98439ad226e8af03840603796067d87afe130812cf3de24982d0e306f9e61e764e5\" aria-label=\"Lavras-TV&#8211;720x104px (1) (1)\"><img src=\"https:\/\/lavras.tv\/site\/wp-content\/uploads\/2025\/01\/Lavras-TV-720x104px-1-1.png\" alt=\"\"  srcset=\"https:\/\/lavras.tv\/site\/wp-content\/uploads\/2025\/01\/Lavras-TV-720x104px-1-1.png 720w, https:\/\/lavras.tv\/site\/wp-content\/uploads\/2025\/01\/Lavras-TV-720x104px-1-1-470x68.png 470w, https:\/\/lavras.tv\/site\/wp-content\/uploads\/2025\/01\/Lavras-TV-720x104px-1-1-170x25.png 170w, https:\/\/lavras.tv\/site\/wp-content\/uploads\/2025\/01\/Lavras-TV-720x104px-1-1-200x29.png 200w\" sizes=\"(max-width: 720px) 100vw, 720px\" width=\"720\" height=\"104\"  style=\"display: inline-block;\" \/><\/a><\/div><\/li><li><a href=\"https:\/\/sistemas.lavras.mg.gov.br\/portalcidadao\/#df1b1a7c7b2a290bcb31e32771e610784662739a88807c0dacac58ede5f391a7530e299dc302d611ee73cb143fc22eaf93592e53e7b5bdb01b00a0b8d28dae460c141dd2ff83412e4dc1c31b16b25f33144a9e5620ea73b13f5bc1c59411d98439ad226e8af03840603796067d87afe130812cf3de24982d0e306f9e61e764e5\" aria-label=\"Banner_Emprego_PortallavrasTV\"><img src=\"https:\/\/lavras.tv\/site\/wp-content\/uploads\/2025\/03\/Banner_Emprego_PortallavrasTV.png\" alt=\"\"  srcset=\"https:\/\/lavras.tv\/site\/wp-content\/uploads\/2025\/03\/Banner_Emprego_PortallavrasTV.png 720w, https:\/\/lavras.tv\/site\/wp-content\/uploads\/2025\/03\/Banner_Emprego_PortallavrasTV-470x68.png 470w, https:\/\/lavras.tv\/site\/wp-content\/uploads\/2025\/03\/Banner_Emprego_PortallavrasTV-170x25.png 170w, https:\/\/lavras.tv\/site\/wp-content\/uploads\/2025\/03\/Banner_Emprego_PortallavrasTV-200x29.png 200w\" sizes=\"(max-width: 720px) 100vw, 720px\" width=\"720\" height=\"104\"   \/><\/a><\/li><li><a href=\"https:\/\/sistemas.lavras.mg.gov.br\/portalcidadao\/#df1b1a7c7b2a290bcb31e32771e610784662739a88807c0dacac58ede5f391a7530e299dc302d611ee73cb143fc22eaf93592e53e7b5bdb01b00a0b8d28dae460c141dd2ff83412e4dc1c31b16b25f33144a9e5620ea73b13f5bc1c59411d98439ad226e8af03840603796067d87afe130812cf3de24982d0e306f9e61e764e5\" aria-label=\"Banner_Obras_PortallavrasTV\"><img src=\"https:\/\/lavras.tv\/site\/wp-content\/uploads\/2025\/03\/Banner_Obras_PortallavrasTV.png\" alt=\"\"  srcset=\"https:\/\/lavras.tv\/site\/wp-content\/uploads\/2025\/03\/Banner_Obras_PortallavrasTV.png 720w, https:\/\/lavras.tv\/site\/wp-content\/uploads\/2025\/03\/Banner_Obras_PortallavrasTV-470x68.png 470w, https:\/\/lavras.tv\/site\/wp-content\/uploads\/2025\/03\/Banner_Obras_PortallavrasTV-170x25.png 170w, https:\/\/lavras.tv\/site\/wp-content\/uploads\/2025\/03\/Banner_Obras_PortallavrasTV-200x29.png 200w\" sizes=\"(max-width: 720px) 100vw, 720px\" width=\"720\" height=\"104\"   \/><\/a><\/li><li><div style=\"margin-left: auto;margin-right: auto;text-align: center;\" id=\"lavra-264305600\"><a href=\"https:\/\/sistemas.lavras.mg.gov.br\/portalcidadao\/#df1b1a7c7b2a290bcb31e32771e610784662739a88807c0dacac58ede5f391a7530e299dc302d611ee73cb143fc22eaf93592e53e7b5bdb01b00a0b8d28dae460c141dd2ff83412e4dc1c31b16b25f33144a9e5620ea73b13f5bc1c59411d98439ad226e8af03840603796067d87afe130812cf3de24982d0e306f9e61e764e5\" aria-label=\"Banner_Educa\u00e7\u00e3o_PortallavrasTV\"><img src=\"https:\/\/lavras.tv\/site\/wp-content\/uploads\/2025\/01\/Banner_Educacao_PortallavrasTV.png\" alt=\"\"  srcset=\"https:\/\/lavras.tv\/site\/wp-content\/uploads\/2025\/01\/Banner_Educacao_PortallavrasTV.png 720w, https:\/\/lavras.tv\/site\/wp-content\/uploads\/2025\/01\/Banner_Educacao_PortallavrasTV-470x68.png 470w, https:\/\/lavras.tv\/site\/wp-content\/uploads\/2025\/01\/Banner_Educacao_PortallavrasTV-170x25.png 170w, https:\/\/lavras.tv\/site\/wp-content\/uploads\/2025\/01\/Banner_Educacao_PortallavrasTV-200x29.png 200w\" sizes=\"(max-width: 720px) 100vw, 720px\" width=\"720\" height=\"104\"  style=\"display: inline-block;\" \/><\/a><\/div><\/li><li><a href=\"https:\/\/sistemas.lavras.mg.gov.br\/portalcidadao\/#df1b1a7c7b2a290bcb31e32771e610784662739a88807c0dacac58ede5f391a7530e299dc302d611ee73cb143fc22eaf93592e53e7b5bdb01b00a0b8d28dae460c141dd2ff83412e4dc1c31b16b25f33144a9e5620ea73b13f5bc1c59411d98439ad226e8af03840603796067d87afe130812cf3de24982d0e306f9e61e764e5\" aria-label=\"Banner_Sa\u00fade_PortallavrasTV\"><img src=\"https:\/\/lavras.tv\/site\/wp-content\/uploads\/2025\/03\/Banner_Saude_PortallavrasTV.png\" alt=\"\"  srcset=\"https:\/\/lavras.tv\/site\/wp-content\/uploads\/2025\/03\/Banner_Saude_PortallavrasTV.png 720w, https:\/\/lavras.tv\/site\/wp-content\/uploads\/2025\/03\/Banner_Saude_PortallavrasTV-470x68.png 470w, https:\/\/lavras.tv\/site\/wp-content\/uploads\/2025\/03\/Banner_Saude_PortallavrasTV-170x25.png 170w, https:\/\/lavras.tv\/site\/wp-content\/uploads\/2025\/03\/Banner_Saude_PortallavrasTV-200x29.png 200w\" sizes=\"(max-width: 720px) 100vw, 720px\" width=\"720\" height=\"104\"   \/><\/a><\/li><li><div id=\"lavra-3404334270\" style=\"width:720px;height:104px;background-color:#ddd;overflow:scroll;\">\n\t<strong>Sa\u00edda da depura\u00e7\u00e3o de an\u00fancios<\/strong>\n\t<br><br>\n\tO an\u00fancio n\u00e3o \u00e9 exibido na p\u00e1gina<br><br>post atual: Cafeicultores de Lumin\u00e1rias s\u00e3o suspeitos de contaminar nascente, ID: 1845<br><br><span style=\"color: red;\">O post atual n\u00e3o \u00e9 id\u00eantico ao post principal.<\/span><br><br>An\u00fancios: ROXO - TOPO INTERNA - ROTATIVO 2 (197)<br \/>Grupo de an\u00fancios: Princ_Meio01_720x104 (27)<br><br>Condi\u00e7\u00f5es de exibi\u00e7\u00e3o<div style=\"margin-bottom: 20px; white-space: pre-wrap; font-family: monospace; width: 100%; background: #ffe9e9;\"><strong>condi\u00e7\u00f5es gerais<\/strong><table border=\"1\"><thead><tr><th><\/th><th>An\u00fancios<\/th><th>wp_the_query<\/th><\/tr><\/thead><tr><td>is_main_query<\/td><td>1<\/td><td>1<\/td><\/tr><tr><td>is_rest_api<\/td><td>0<\/td><td>1<\/td><\/tr><tr><td>page<\/td><td>0<\/td><td>1<\/td><\/tr><tr><td>numpages<\/td><td>0<\/td><td>1<\/td><\/tr><tr><td>is_archive<\/td><td>1<\/td><td><\/td><\/tr><tr><td>is_search<\/td><td>1<\/td><td><\/td><\/tr><tr><td>is_home<\/td><td>1<\/td><td><\/td><\/tr><tr><td>is_404<\/td><td>1<\/td><td><\/td><\/tr><tr><td>is_attachment<\/td><td>1<\/td><td><\/td><\/tr><tr><td>is_singular<\/td><td>1<\/td><td><\/td><\/tr><tr><td>is_front_page<\/td><td>1<\/td><td><\/td><\/tr><tr><td>is_feed<\/td><td>1<\/td><td><\/td><\/tr><\/table><\/div><br><br><span style=\"color: red;\">Seu site usa HTTPS, mas o c\u00f3digo do an\u00fancio cont\u00e9m HTTP e pode n\u00e3o funcionar.<\/span>\t<br><br>\n\t<a style=\"color: green;\" href=\"https:\/\/wpadvancedads.com\/manual\/ad-debug-mode\/?utm_source=advanced-ads&utm_medium=link&utm_campaign=ad-debug-mode\" target=\"_blank\" rel=\"nofollow\">Encontre solu\u00e7\u00f5es no manual<\/a>\n<\/div>\n<\/li><\/ul><\/div><script>( window.advanced_ads_ready || jQuery( document ).ready ).call( null, function() {var $lavraslider3860885827 = jQuery( \".lavra-slider-3860885827\" );$lavraslider3860885827.on( \"unslider.ready\", function() { jQuery( \"div.custom-slider ul li\" ).css( \"display\", \"block\" ); });$lavraslider3860885827.unslider({ delay:4000, autoplay:true, nav:false, arrows:false, infinite:true });$lavraslider3860885827.on(\"mouseover\", function() {$lavraslider3860885827.unslider(\"stop\");}).on(\"mouseout\", function() {$lavraslider3860885827.unslider(\"start\");});});<\/script><\/div><p>A Sexta C\u00e2mara C\u00edvel do Tribunal de Justi\u00e7a de Minas Gerais\u00a0proibiu dois cafeicultores, donos de uma fazenda na zona rural de Lumin\u00e1rias, no Sul de Minas, de utilizar a chamada \u201ccama de frango\u201d para o cultivo de caf\u00e9. <!--more-->Segundo o Minist\u00e9rio P\u00fablico de Minas (MPMG), autor da a\u00e7\u00e3o, o uso do substrato, a partir de fezes de aves, vinha contaminando o solo e uma nascente que pertence a uma \u00e1rea de preserva\u00e7\u00e3o permanente.<img fetchpriority=\"high\" decoding=\"async\" class=\" wp-image-1846 alignleft\" src=\"http:\/\/lavras.tv\/site\/wp-content\/uploads\/2016\/08\/cafezal.jpg\" alt=\"cafezal\" width=\"414\" height=\"202\" srcset=\"https:\/\/lavras.tv\/site\/wp-content\/uploads\/2016\/08\/cafezal.jpg 615w, https:\/\/lavras.tv\/site\/wp-content\/uploads\/2016\/08\/cafezal-150x73.jpg 150w, https:\/\/lavras.tv\/site\/wp-content\/uploads\/2016\/08\/cafezal-300x146.jpg 300w\" sizes=\"(max-width: 414px) 100vw, 414px\" \/><\/p>\n<p>A Promotoria de Justi\u00e7a de Defesa do Meio Ambiente de Lavras sustentou na a\u00e7\u00e3o que os fazendeiros n\u00e3o possu\u00edam licenciamento para o manejo do adubo. Al\u00e9m do pedido de antecipa\u00e7\u00e3o de tutela julgado pela Justi\u00e7a, o MPMG exige que, no julgamento final da a\u00e7\u00e3o, os cafeicultores sejam condenados a pagar R$ 22 mil para compensar os danos provocados ao meio ambiente. Eles devem legalizar as atividades no prazo de dois meses.<\/p>\n<p>Promotores alertam que o uso da \u201ccama de frango\u201d devem ser avaliadas com muito crit\u00e9rio, pois o adubo produz uma variedade de micro-organismos que podem causar doen\u00e7as, incluindo v\u00edrus, parasitas e bact\u00e9rias. \u201cO cheiro muitas vezes \u00e9 insuport\u00e1vel para quem vive nas redondezas das fazendas irregulares, como a tratada na a\u00e7\u00e3o. A prolifera\u00e7\u00e3o de moscas e roedores na regi\u00e3o do empreendimento \u00e9 sentida pelos moradores\u201d, diz nota assinada pelos promotores Carlos Alberto Ribeiro Moreira, de Lavras, e Bergson Cardoso Guimar\u00e3es, coordenador regional de Meio Ambiente.<\/p>\n<p>Inicialmente, os agentes do Minist\u00e9rio P\u00fablico buscavam na Justi\u00e7a a suspens\u00e3o total das atividades de cafeicultura na fazenda para que se evite mais danos ao meio ambiente. Os desembargadores que julgaram a a\u00e7\u00e3o do MPMG, entretanto, consideraram que a paralisa\u00e7\u00e3o geraria in\u00fameros desempregos e preju\u00edzos ao patrim\u00f4nio dos cafeicultores e decidiram apenas proibir que eles continuem usando a \u201ccama de frango\u201d.<\/p>\n<p>\u201cO meio ambiente demanda a ado\u00e7\u00e3o de pol\u00edtica preventiva, j\u00e1 que o dano ambiental, apesar de eventuais possibilidades de recupera\u00e7\u00e3o, recomposi\u00e7\u00e3o, compensa\u00e7\u00e3o ou repara\u00e7\u00e3o, \u00e9, na maioria das vezes, irrevers\u00edvel\u201d, destacou o relator do processo em sua decis\u00e3o.<\/p>\n<p>Fonte: Portal Uai<\/p>\n","protected":false},"excerpt":{"rendered":"<p>A Sexta C\u00e2mara C\u00edvel do Tribunal de Justi\u00e7a de Minas Gerais\u00a0proibiu dois cafeicultores, donos de uma fazenda na zona rural de Lumin\u00e1rias, no Sul de Minas, de utilizar a chamada \u201ccama de frango\u201d para o cultivo de caf\u00e9.<\/p>\n","protected":false},"author":2,"featured_media":1846,"comment_status":"closed","ping_status":"open","sticky":false,"template":"","format":"standard","meta":{"advgb_blocks_editor_width":"","advgb_blocks_columns_visual_guide":"","_exactmetrics_skip_tracking":false,"_exactmetrics_sitenote_active":false,"_exactmetrics_sitenote_note":"","_exactmetrics_sitenote_category":0,"footnotes":""},"categories":[7,2],"tags":[138,616,615],"class_list":["post-1845","post","type-post","status-publish","format-standard","has-post-thumbnail","hentry","category-destaques","category-noticias","tag-luminarias-mg","tag-ministerio-publico-lavras-mg","tag-mpmg"],"better_featured_image":{"id":1846,"alt_text":"","caption":"","description":"","media_type":"image","media_details":{"width":615,"height":300,"file":"2016\/08\/cafezal.jpg","sizes":{"thumbnail":{"file":"cafezal-150x73.jpg","width":150,"height":73,"mime-type":"image\/jpeg","source_url":"https:\/\/lavras.tv\/site\/wp-content\/uploads\/2016\/08\/cafezal-150x73.jpg"},"medium":{"file":"cafezal-300x146.jpg","width":300,"height":146,"mime-type":"image\/jpeg","source_url":"https:\/\/lavras.tv\/site\/wp-content\/uploads\/2016\/08\/cafezal-300x146.jpg"},"featured-post-img":{"file":"cafezal-480x300.jpg","width":480,"height":300,"mime-type":"image\/jpeg","source_url":"https:\/\/lavras.tv\/site\/wp-content\/uploads\/2016\/08\/cafezal-480x300.jpg"},"sow-carousel-default":{"file":"cafezal-272x182.jpg","width":272,"height":182,"mime-type":"image\/jpeg","source_url":"https:\/\/lavras.tv\/site\/wp-content\/uploads\/2016\/08\/cafezal-272x182.jpg"}},"image_meta":{"aperture":"0","credit":"","camera":"","caption":"","created_timestamp":"0","copyright":"","focal_length":"0","iso":"0","shutter_speed":"0","title":"","orientation":"0","keywords":[]}},"post":1845,"source_url":"https:\/\/lavras.tv\/site\/wp-content\/uploads\/2016\/08\/cafezal.jpg"},"author_meta":{"display_name":"Lavras TV","author_link":"https:\/\/lavras.tv\/site\/author\/lavrastv\/"},"featured_img":"https:\/\/lavras.tv\/site\/wp-content\/uploads\/2016\/08\/cafezal-300x146.jpg","coauthors":[],"tax_additional":{"categories":{"linked":["<a href=\"https:\/\/lavras.tv\/site\/category\/destaques\/\" class=\"advgb-post-tax-term\">Destaques<\/a>","<a href=\"https:\/\/lavras.tv\/site\/category\/noticias\/\" class=\"advgb-post-tax-term\">Not\u00edcias<\/a>"],"unlinked":["<span class=\"advgb-post-tax-term\">Destaques<\/span>","<span class=\"advgb-post-tax-term\">Not\u00edcias<\/span>"]},"tags":{"linked":["<a href=\"https:\/\/lavras.tv\/site\/category\/noticias\/\" class=\"advgb-post-tax-term\">lumin\u00e1rias mg<\/a>","<a href=\"https:\/\/lavras.tv\/site\/category\/noticias\/\" class=\"advgb-post-tax-term\">minist\u00e9rio p\u00fablico lavras mg<\/a>","<a href=\"https:\/\/lavras.tv\/site\/category\/noticias\/\" class=\"advgb-post-tax-term\">mpmg<\/a>"],"unlinked":["<span class=\"advgb-post-tax-term\">lumin\u00e1rias mg<\/span>","<span class=\"advgb-post-tax-term\">minist\u00e9rio p\u00fablico lavras mg<\/span>","<span class=\"advgb-post-tax-term\">mpmg<\/span>"]}},"comment_count":"0","relative_dates":{"created":"Publicado 10 anos atr\u00e1s","modified":"Atualizado 10 anos atr\u00e1s"},"absolute_dates":{"created":"Publicado em 26 de agosto de 2016","modified":"Atualizado em 26 de agosto de 2016"},"absolute_dates_time":{"created":"Publicado em 26 de agosto de 2016 11:23","modified":"Atualizado em 26 de agosto de 2016 11:23"},"featured_img_caption":"","series_order":"","_links":{"self":[{"href":"https:\/\/lavras.tv\/site\/wp-json\/wp\/v2\/posts\/1845","targetHints":{"allow":["GET"]}}],"collection":[{"href":"https:\/\/lavras.tv\/site\/wp-json\/wp\/v2\/posts"}],"about":[{"href":"https:\/\/lavras.tv\/site\/wp-json\/wp\/v2\/types\/post"}],"author":[{"embeddable":true,"href":"https:\/\/lavras.tv\/site\/wp-json\/wp\/v2\/users\/2"}],"replies":[{"embeddable":true,"href":"https:\/\/lavras.tv\/site\/wp-json\/wp\/v2\/comments?post=1845"}],"version-history":[{"count":1,"href":"https:\/\/lavras.tv\/site\/wp-json\/wp\/v2\/posts\/1845\/revisions"}],"predecessor-version":[{"id":1847,"href":"https:\/\/lavras.tv\/site\/wp-json\/wp\/v2\/posts\/1845\/revisions\/1847"}],"wp:featuredmedia":[{"embeddable":true,"href":"https:\/\/lavras.tv\/site\/wp-json\/wp\/v2\/media\/1846"}],"wp:attachment":[{"href":"https:\/\/lavras.tv\/site\/wp-json\/wp\/v2\/media?parent=1845"}],"wp:term":[{"taxonomy":"category","embeddable":true,"href":"https:\/\/lavras.tv\/site\/wp-json\/wp\/v2\/categories?post=1845"},{"taxonomy":"post_tag","embeddable":true,"href":"https:\/\/lavras.tv\/site\/wp-json\/wp\/v2\/tags?post=1845"}],"curies":[{"name":"wp","href":"https:\/\/api.w.org\/{rel}","templated":true}]}}