{"id":18499,"date":"2018-10-25T09:27:35","date_gmt":"2018-10-25T12:27:35","guid":{"rendered":"http:\/\/lavras.tv\/site\/?p=18499"},"modified":"2018-10-25T09:27:35","modified_gmt":"2018-10-25T12:27:35","slug":"eleitor-que-nao-puder-votar-no-segundo-turno-deve-justificar-ausencia-as-urnas","status":"publish","type":"post","link":"https:\/\/lavras.tv\/site\/2018\/10\/25\/eleitor-que-nao-puder-votar-no-segundo-turno-deve-justificar-ausencia-as-urnas\/","title":{"rendered":"Eleitor que n\u00e3o puder votar no segundo turno deve justificar aus\u00eancia \u00e0s urnas"},"content":{"rendered":"<div class=\"lavra-antes-do-conteudo_2\" id=\"lavra-4231127154\"><div id=\"lavra-slider-27\" class=\"custom-slider lavra-slider-289266821 lavra-slider\"><ul><li><div style=\"margin-left: auto;margin-right: auto;text-align: center;\" id=\"lavra-920423831\"><a href=\"https:\/\/sistemas.lavras.mg.gov.br\/portalcidadao\/#df1b1a7c7b2a290bcb31e32771e610784662739a88807c0dacac58ede5f391a7530e299dc302d611ee73cb143fc22eaf93592e53e7b5bdb01b00a0b8d28dae460c141dd2ff83412e4dc1c31b16b25f33144a9e5620ea73b13f5bc1c59411d98439ad226e8af03840603796067d87afe130812cf3de24982d0e306f9e61e764e5\" aria-label=\"Lavras-TV&#8211;720x104px (1) (1)\"><img src=\"https:\/\/lavras.tv\/site\/wp-content\/uploads\/2025\/01\/Lavras-TV-720x104px-1-1.png\" alt=\"\"  srcset=\"https:\/\/lavras.tv\/site\/wp-content\/uploads\/2025\/01\/Lavras-TV-720x104px-1-1.png 720w, https:\/\/lavras.tv\/site\/wp-content\/uploads\/2025\/01\/Lavras-TV-720x104px-1-1-470x68.png 470w, https:\/\/lavras.tv\/site\/wp-content\/uploads\/2025\/01\/Lavras-TV-720x104px-1-1-170x25.png 170w, https:\/\/lavras.tv\/site\/wp-content\/uploads\/2025\/01\/Lavras-TV-720x104px-1-1-200x29.png 200w\" sizes=\"(max-width: 720px) 100vw, 720px\" width=\"720\" height=\"104\"  style=\"display: inline-block;\" \/><\/a><\/div><\/li><li><a href=\"https:\/\/sistemas.lavras.mg.gov.br\/portalcidadao\/#df1b1a7c7b2a290bcb31e32771e610784662739a88807c0dacac58ede5f391a7530e299dc302d611ee73cb143fc22eaf93592e53e7b5bdb01b00a0b8d28dae460c141dd2ff83412e4dc1c31b16b25f33144a9e5620ea73b13f5bc1c59411d98439ad226e8af03840603796067d87afe130812cf3de24982d0e306f9e61e764e5\" aria-label=\"Banner_Emprego_PortallavrasTV\"><img src=\"https:\/\/lavras.tv\/site\/wp-content\/uploads\/2025\/03\/Banner_Emprego_PortallavrasTV.png\" alt=\"\"  srcset=\"https:\/\/lavras.tv\/site\/wp-content\/uploads\/2025\/03\/Banner_Emprego_PortallavrasTV.png 720w, https:\/\/lavras.tv\/site\/wp-content\/uploads\/2025\/03\/Banner_Emprego_PortallavrasTV-470x68.png 470w, https:\/\/lavras.tv\/site\/wp-content\/uploads\/2025\/03\/Banner_Emprego_PortallavrasTV-170x25.png 170w, https:\/\/lavras.tv\/site\/wp-content\/uploads\/2025\/03\/Banner_Emprego_PortallavrasTV-200x29.png 200w\" sizes=\"(max-width: 720px) 100vw, 720px\" width=\"720\" height=\"104\"   \/><\/a><\/li><li><a href=\"https:\/\/sistemas.lavras.mg.gov.br\/portalcidadao\/#df1b1a7c7b2a290bcb31e32771e610784662739a88807c0dacac58ede5f391a7530e299dc302d611ee73cb143fc22eaf93592e53e7b5bdb01b00a0b8d28dae460c141dd2ff83412e4dc1c31b16b25f33144a9e5620ea73b13f5bc1c59411d98439ad226e8af03840603796067d87afe130812cf3de24982d0e306f9e61e764e5\" aria-label=\"Banner_Obras_PortallavrasTV\"><img src=\"https:\/\/lavras.tv\/site\/wp-content\/uploads\/2025\/03\/Banner_Obras_PortallavrasTV.png\" alt=\"\"  srcset=\"https:\/\/lavras.tv\/site\/wp-content\/uploads\/2025\/03\/Banner_Obras_PortallavrasTV.png 720w, https:\/\/lavras.tv\/site\/wp-content\/uploads\/2025\/03\/Banner_Obras_PortallavrasTV-470x68.png 470w, https:\/\/lavras.tv\/site\/wp-content\/uploads\/2025\/03\/Banner_Obras_PortallavrasTV-170x25.png 170w, https:\/\/lavras.tv\/site\/wp-content\/uploads\/2025\/03\/Banner_Obras_PortallavrasTV-200x29.png 200w\" sizes=\"(max-width: 720px) 100vw, 720px\" width=\"720\" height=\"104\"   \/><\/a><\/li><li><div style=\"margin-left: auto;margin-right: auto;text-align: center;\" id=\"lavra-103613535\"><a href=\"https:\/\/sistemas.lavras.mg.gov.br\/portalcidadao\/#df1b1a7c7b2a290bcb31e32771e610784662739a88807c0dacac58ede5f391a7530e299dc302d611ee73cb143fc22eaf93592e53e7b5bdb01b00a0b8d28dae460c141dd2ff83412e4dc1c31b16b25f33144a9e5620ea73b13f5bc1c59411d98439ad226e8af03840603796067d87afe130812cf3de24982d0e306f9e61e764e5\" aria-label=\"Banner_Educa\u00e7\u00e3o_PortallavrasTV\"><img src=\"https:\/\/lavras.tv\/site\/wp-content\/uploads\/2025\/01\/Banner_Educacao_PortallavrasTV.png\" alt=\"\"  srcset=\"https:\/\/lavras.tv\/site\/wp-content\/uploads\/2025\/01\/Banner_Educacao_PortallavrasTV.png 720w, https:\/\/lavras.tv\/site\/wp-content\/uploads\/2025\/01\/Banner_Educacao_PortallavrasTV-470x68.png 470w, https:\/\/lavras.tv\/site\/wp-content\/uploads\/2025\/01\/Banner_Educacao_PortallavrasTV-170x25.png 170w, https:\/\/lavras.tv\/site\/wp-content\/uploads\/2025\/01\/Banner_Educacao_PortallavrasTV-200x29.png 200w\" sizes=\"(max-width: 720px) 100vw, 720px\" width=\"720\" height=\"104\"  style=\"display: inline-block;\" \/><\/a><\/div><\/li><li><a href=\"https:\/\/sistemas.lavras.mg.gov.br\/portalcidadao\/#df1b1a7c7b2a290bcb31e32771e610784662739a88807c0dacac58ede5f391a7530e299dc302d611ee73cb143fc22eaf93592e53e7b5bdb01b00a0b8d28dae460c141dd2ff83412e4dc1c31b16b25f33144a9e5620ea73b13f5bc1c59411d98439ad226e8af03840603796067d87afe130812cf3de24982d0e306f9e61e764e5\" aria-label=\"Banner_Sa\u00fade_PortallavrasTV\"><img src=\"https:\/\/lavras.tv\/site\/wp-content\/uploads\/2025\/03\/Banner_Saude_PortallavrasTV.png\" alt=\"\"  srcset=\"https:\/\/lavras.tv\/site\/wp-content\/uploads\/2025\/03\/Banner_Saude_PortallavrasTV.png 720w, https:\/\/lavras.tv\/site\/wp-content\/uploads\/2025\/03\/Banner_Saude_PortallavrasTV-470x68.png 470w, https:\/\/lavras.tv\/site\/wp-content\/uploads\/2025\/03\/Banner_Saude_PortallavrasTV-170x25.png 170w, https:\/\/lavras.tv\/site\/wp-content\/uploads\/2025\/03\/Banner_Saude_PortallavrasTV-200x29.png 200w\" sizes=\"(max-width: 720px) 100vw, 720px\" width=\"720\" height=\"104\"   \/><\/a><\/li><li><div id=\"lavra-515404391\" style=\"width:720px;height:104px;background-color:#ddd;overflow:scroll;\">\n\t<strong>Sa\u00edda da depura\u00e7\u00e3o de an\u00fancios<\/strong>\n\t<br><br>\n\tO an\u00fancio n\u00e3o \u00e9 exibido na p\u00e1gina<br><br>post atual: Eleitor que n\u00e3o puder votar no segundo turno deve justificar aus\u00eancia \u00e0s urnas, ID: 18499<br><br><span style=\"color: red;\">O post atual n\u00e3o \u00e9 id\u00eantico ao post principal.<\/span><br><br>An\u00fancios: ROXO - TOPO INTERNA - ROTATIVO 2 (197)<br \/>Grupo de an\u00fancios: Princ_Meio01_720x104 (27)<br><br>Condi\u00e7\u00f5es de exibi\u00e7\u00e3o<div style=\"margin-bottom: 20px; white-space: pre-wrap; font-family: monospace; width: 100%; background: #ffe9e9;\"><strong>condi\u00e7\u00f5es gerais<\/strong><table border=\"1\"><thead><tr><th><\/th><th>An\u00fancios<\/th><th>wp_the_query<\/th><\/tr><\/thead><tr><td>is_main_query<\/td><td>1<\/td><td>1<\/td><\/tr><tr><td>is_rest_api<\/td><td>0<\/td><td>1<\/td><\/tr><tr><td>page<\/td><td>0<\/td><td>1<\/td><\/tr><tr><td>numpages<\/td><td>0<\/td><td>1<\/td><\/tr><tr><td>is_archive<\/td><td>1<\/td><td><\/td><\/tr><tr><td>is_search<\/td><td>1<\/td><td><\/td><\/tr><tr><td>is_home<\/td><td>1<\/td><td><\/td><\/tr><tr><td>is_404<\/td><td>1<\/td><td><\/td><\/tr><tr><td>is_attachment<\/td><td>1<\/td><td><\/td><\/tr><tr><td>is_singular<\/td><td>1<\/td><td><\/td><\/tr><tr><td>is_front_page<\/td><td>1<\/td><td><\/td><\/tr><tr><td>is_feed<\/td><td>1<\/td><td><\/td><\/tr><\/table><\/div><br><br><span style=\"color: red;\">Seu site usa HTTPS, mas o c\u00f3digo do an\u00fancio cont\u00e9m HTTP e pode n\u00e3o funcionar.<\/span>\t<br><br>\n\t<a style=\"color: green;\" href=\"https:\/\/wpadvancedads.com\/manual\/ad-debug-mode\/?utm_source=advanced-ads&utm_medium=link&utm_campaign=ad-debug-mode\" target=\"_blank\" rel=\"nofollow\">Encontre solu\u00e7\u00f5es no manual<\/a>\n<\/div>\n<\/li><\/ul><\/div><script>( window.advanced_ads_ready || jQuery( document ).ready ).call( null, function() {var $lavraslider289266821 = jQuery( \".lavra-slider-289266821\" );$lavraslider289266821.on( \"unslider.ready\", function() { jQuery( \"div.custom-slider ul li\" ).css( \"display\", \"block\" ); });$lavraslider289266821.unslider({ delay:4000, autoplay:true, nav:false, arrows:false, infinite:true });$lavraslider289266821.on(\"mouseover\", function() {$lavraslider289266821.unslider(\"stop\");}).on(\"mouseout\", function() {$lavraslider289266821.unslider(\"start\");});});<\/script><\/div><p>O\u00a0eleitor que n\u00e3o puder votar\u00a0no dia 28 de outubro dever\u00e1\u00a0justificar\u00a0a sua aus\u00eancia.<!--more--> A justificativa \u00e9 necess\u00e1ria para quem estiver fora de seu domic\u00edlio eleitoral no dia da elei\u00e7\u00e3o e para quem estiver em seu domic\u00edlio mas n\u00e3o puder comparecer \u00e0s urnas por \u00a0outros motivos, \u00a0como problemas de sa\u00fade, por exemplo.\u00a0O eleitor com voto facultativon\u00e3o precisa justificar a aus\u00eancia\u00a0(analfabetos, os maiores de 70 anos e quem tem\u00a016\u00a0ou 17 anos).<\/p>\n<p>No dia da vota\u00e7\u00e3o, quem estiver fora de seu domic\u00edlio eleitoral ou da cidade em que se cadastrou para o voto em tr\u00e2nsito poder\u00e1 procurar\u00a0qualquer se\u00e7\u00e3o eleitoral ou um posto de justificativa\u00a0para preencher e entregar o requerimento de justificativa, de 8h \u00e0s 17h. O\u00a0<a href=\"http:\/\/www.tse.jus.br\/arquivos\/tse-requerimento-de-justificativa-eleitoral-rje-dia-da-eleicao\">requerimento<\/a>\u00a0j\u00e1 est\u00e1 dispon\u00edvel na p\u00e1gina das Elei\u00e7\u00f5es 2018 no site do TRE de Minas.\u00a0\u00c9\u00a0importante lembrar que n\u00e3o \u00e9 poss\u00edvel justificar a aus\u00eancia ao primeiro turno no dia do segundo turno.<\/p>\n<p><img fetchpriority=\"high\" decoding=\"async\" class=\"alignnone size-full wp-image-18500 aligncenter\" src=\"http:\/\/lavras.tv\/site\/wp-content\/uploads\/2018\/10\/justifica-1-e1540470322897.jpeg\" alt=\"justifica\" width=\"409\" height=\"263\" srcset=\"https:\/\/lavras.tv\/site\/wp-content\/uploads\/2018\/10\/justifica-1-e1540470322897.jpeg 409w, https:\/\/lavras.tv\/site\/wp-content\/uploads\/2018\/10\/justifica-1-e1540470322897-150x96.jpeg 150w, https:\/\/lavras.tv\/site\/wp-content\/uploads\/2018\/10\/justifica-1-e1540470322897-300x193.jpeg 300w\" sizes=\"(max-width: 409px) 100vw, 409px\" \/><\/p>\n<p><strong>Postos de justificativa<\/strong><\/p>\n<p>&nbsp;<\/p>\n<p>Os eleitores podem conferir os endere\u00e7os de todos os postos de justificativa do pa\u00eds no\u00a0<a href=\"http:\/\/www.tse.jus.br\/eleicoes\/eleicoes-2018\/postos-mesas-de-justificativa\">site do TSE<\/a>.<\/p>\n<p><strong>Justificativa ap\u00f3s o pleito<\/strong><\/p>\n<p>Depois da elei\u00e7\u00e3o, o cidad\u00e3o poder\u00e1 procurar qualquer cart\u00f3rio eleitoral ou posto de atendimento para fazer a justificativa. Quem n\u00e3o votou no primeiro turno deve justificar a aus\u00eancia\u00a0at\u00e9 o dia 06 de dezembro. Quem n\u00e3o votar no\u00a0segundo turno\u00a0poder\u00e1 fazer a justificativa\u00a0at\u00e9 27 de dezembro. Nesse caso, ser\u00e1 necess\u00e1rio\u00a0comprovar o motivo da aus\u00eancia, apresentando documentos como um atestado m\u00e9dico ou comprovante de deslocamento.<\/p>\n<p>Os eleitores tamb\u00e9m poder\u00e3o justificar a aus\u00eancia \u00e0s urnas pela\u00a0internet, usando o sistema\u00a0<a href=\"https:\/\/justifica.tse.jus.br\/\">Justifica Web<\/a>, no mesmo prazo. O cidad\u00e3o dever\u00e1 identificar-se corretamente no formul\u00e1rio, preencher o motivo da justificativa e anexar, de forma digitalizada, o comprovante da impossibilidade de comparecimento.<\/p>\n<p>O eleitor que estiver no exterior no dia do pleito e quiser justificar a aus\u00eancia antes do retorno ao pa\u00eds dever\u00e1 encaminhar o formul\u00e1rio de justificativa diretamente ao cart\u00f3rio da sua zona eleitoral por meio de servi\u00e7os de postagem ou entreg\u00e1-lo nas miss\u00f5es diplom\u00e1ticas ou reparti\u00e7\u00f5es consulares localizadas no pa\u00eds em que estiver. A justificativa tamb\u00e9m pode ser feita pela internet (at\u00e9 06 de dezembro\/primeiro turno ou 27 de dezembro\/segundo turno), ou apresentada a um cart\u00f3rio eleitoral no per\u00edodo de 30 dias contados da data do retorno ao Brasil, apresentando-se um documento que comprove a viagem.<\/p>\n<p><strong>Consequ\u00eancias<\/strong><\/p>\n<p>O\u00a0eleitor que n\u00e3o votar e n\u00e3o justificar\u00a0a aus\u00eancia \u00e0s urnas ficar\u00e1 em d\u00e9bito com a Justi\u00e7a Eleitoral e estar\u00e1 sujeito a pagamento de multa e algumas\u00a0restri\u00e7\u00f5es previstas em lei, como a impossibilidade de emitir passaporte e de fazer matr\u00edcula em estabelecimento de ensino superior. Quem\u00a0n\u00e3o votar em tr\u00eas turnos seguidos, n\u00e3o apresentar justificativa e n\u00e3o quitar as multas devidas ter\u00e1 o\u00a0t\u00edtulo de eleitor cancelado.<\/p>\n<p>A regra\u00a0n\u00e3o se aplica aos eleitores cujo voto seja facultativo\u00a0(analfabetos, maiores de 16 e menores de 18 anos, e maiores de 70 anos) e aos que t\u00eam alguma defici\u00eancia f\u00edsica ou mental que torne imposs\u00edvel ou demasiadamente oneroso o cumprimento das obriga\u00e7\u00f5es eleitorais, que requererem sua justifica\u00e7\u00e3o pelo n\u00e3o cumprimento desses deveres.<\/p>\n<p>Outras informa\u00e7\u00f5es sobre justificativa eleitoral podem ser encontradas no\u00a0<a href=\"http:\/\/www.tre-mg.jus.br\/eleitor\/justificativa-eleitoral\/justificativa-eleitoral-1\">site do TRE<\/a>\u00a0ou solicitadas por meio do Disque-Eleitor (telefone 148), que atende de segunda a sexta de 7h \u00e0s 19h e aos finais de semana e feriados das 8h \u00e0s 18h.<\/p>\n<p>Fonte: TRE-MG<\/p>\n","protected":false},"excerpt":{"rendered":"<p>O\u00a0eleitor que n\u00e3o puder votar\u00a0no dia 28 de outubro dever\u00e1\u00a0justificar\u00a0a sua aus\u00eancia.<\/p>\n","protected":false},"author":2,"featured_media":18500,"comment_status":"closed","ping_status":"open","sticky":false,"template":"","format":"standard","meta":{"advgb_blocks_editor_width":"","advgb_blocks_columns_visual_guide":"","_exactmetrics_skip_tracking":false,"_exactmetrics_sitenote_active":false,"_exactmetrics_sitenote_note":"","_exactmetrics_sitenote_category":0,"footnotes":""},"categories":[7,12],"tags":[1930,1422,5307,5269,5308,1042,3289],"class_list":["post-18499","post","type-post","status-publish","format-standard","has-post-thumbnail","hentry","category-destaques","category-politica","tag-1930","tag-eleicao","tag-justifica","tag-justificar-voto","tag-onde-justifica","tag-segundo-turno","tag-voto"],"better_featured_image":{"id":18500,"alt_text":"","caption":"","description":"","media_type":"image","media_details":{"width":409,"height":263,"file":"2018\/10\/justifica-1-e1540470322897.jpeg","sizes":{"thumbnail":{"file":"justifica-1-e1540470322897-150x96.jpeg","width":150,"height":96,"mime-type":"image\/jpeg","source_url":"https:\/\/lavras.tv\/site\/wp-content\/uploads\/2018\/10\/justifica-1-e1540470322897-150x96.jpeg"},"medium":{"file":"justifica-1-e1540470322897-300x193.jpeg","width":300,"height":193,"mime-type":"image\/jpeg","source_url":"https:\/\/lavras.tv\/site\/wp-content\/uploads\/2018\/10\/justifica-1-e1540470322897-300x193.jpeg"},"featured-post-img":{"file":"justifica-1-480x263.jpeg","width":480,"height":263,"mime-type":"image\/jpeg","source_url":"https:\/\/lavras.tv\/site\/wp-content\/uploads\/2018\/10\/justifica-1-480x263.jpeg"},"sow-carousel-default":{"file":"justifica-1-e1540470322897-272x182.jpeg","width":272,"height":182,"mime-type":"image\/jpeg","source_url":"https:\/\/lavras.tv\/site\/wp-content\/uploads\/2018\/10\/justifica-1-e1540470322897-272x182.jpeg"}},"image_meta":{"aperture":"0","credit":"","camera":"","caption":"","created_timestamp":"0","copyright":"","focal_length":"0","iso":"0","shutter_speed":"0","title":"","orientation":"0","keywords":[]}},"post":18499,"source_url":"https:\/\/lavras.tv\/site\/wp-content\/uploads\/2018\/10\/justifica-1-e1540470322897.jpeg"},"author_meta":{"display_name":"Lavras TV","author_link":"https:\/\/lavras.tv\/site\/author\/lavrastv\/"},"featured_img":"https:\/\/lavras.tv\/site\/wp-content\/uploads\/2018\/10\/justifica-1-e1540470322897-300x193.jpeg","coauthors":[],"tax_additional":{"categories":{"linked":["<a href=\"https:\/\/lavras.tv\/site\/category\/destaques\/\" class=\"advgb-post-tax-term\">Destaques<\/a>","<a href=\"https:\/\/lavras.tv\/site\/category\/politica\/\" class=\"advgb-post-tax-term\">Pol\u00edtica<\/a>"],"unlinked":["<span class=\"advgb-post-tax-term\">Destaques<\/span>","<span class=\"advgb-post-tax-term\">Pol\u00edtica<\/span>"]},"tags":{"linked":["<a href=\"https:\/\/lavras.tv\/site\/category\/politica\/\" class=\"advgb-post-tax-term\">2018<\/a>","<a href=\"https:\/\/lavras.tv\/site\/category\/politica\/\" class=\"advgb-post-tax-term\">elei\u00e7\u00e3o<\/a>","<a href=\"https:\/\/lavras.tv\/site\/category\/politica\/\" class=\"advgb-post-tax-term\">justifica<\/a>","<a href=\"https:\/\/lavras.tv\/site\/category\/politica\/\" class=\"advgb-post-tax-term\">justificar voto<\/a>","<a href=\"https:\/\/lavras.tv\/site\/category\/politica\/\" class=\"advgb-post-tax-term\">onde justifica<\/a>","<a href=\"https:\/\/lavras.tv\/site\/category\/politica\/\" class=\"advgb-post-tax-term\">segundo turno<\/a>","<a href=\"https:\/\/lavras.tv\/site\/category\/politica\/\" class=\"advgb-post-tax-term\">voto<\/a>"],"unlinked":["<span class=\"advgb-post-tax-term\">2018<\/span>","<span class=\"advgb-post-tax-term\">elei\u00e7\u00e3o<\/span>","<span class=\"advgb-post-tax-term\">justifica<\/span>","<span class=\"advgb-post-tax-term\">justificar voto<\/span>","<span class=\"advgb-post-tax-term\">onde justifica<\/span>","<span class=\"advgb-post-tax-term\">segundo turno<\/span>","<span class=\"advgb-post-tax-term\">voto<\/span>"]}},"comment_count":"0","relative_dates":{"created":"Publicado 8 anos atr\u00e1s","modified":"Atualizado 8 anos atr\u00e1s"},"absolute_dates":{"created":"Publicado em 25 de outubro de 2018","modified":"Atualizado em 25 de outubro de 2018"},"absolute_dates_time":{"created":"Publicado em 25 de outubro de 2018 09:27","modified":"Atualizado em 25 de outubro de 2018 09:27"},"featured_img_caption":"","series_order":"","_links":{"self":[{"href":"https:\/\/lavras.tv\/site\/wp-json\/wp\/v2\/posts\/18499","targetHints":{"allow":["GET"]}}],"collection":[{"href":"https:\/\/lavras.tv\/site\/wp-json\/wp\/v2\/posts"}],"about":[{"href":"https:\/\/lavras.tv\/site\/wp-json\/wp\/v2\/types\/post"}],"author":[{"embeddable":true,"href":"https:\/\/lavras.tv\/site\/wp-json\/wp\/v2\/users\/2"}],"replies":[{"embeddable":true,"href":"https:\/\/lavras.tv\/site\/wp-json\/wp\/v2\/comments?post=18499"}],"version-history":[{"count":1,"href":"https:\/\/lavras.tv\/site\/wp-json\/wp\/v2\/posts\/18499\/revisions"}],"predecessor-version":[{"id":18501,"href":"https:\/\/lavras.tv\/site\/wp-json\/wp\/v2\/posts\/18499\/revisions\/18501"}],"wp:featuredmedia":[{"embeddable":true,"href":"https:\/\/lavras.tv\/site\/wp-json\/wp\/v2\/media\/18500"}],"wp:attachment":[{"href":"https:\/\/lavras.tv\/site\/wp-json\/wp\/v2\/media?parent=18499"}],"wp:term":[{"taxonomy":"category","embeddable":true,"href":"https:\/\/lavras.tv\/site\/wp-json\/wp\/v2\/categories?post=18499"},{"taxonomy":"post_tag","embeddable":true,"href":"https:\/\/lavras.tv\/site\/wp-json\/wp\/v2\/tags?post=18499"}],"curies":[{"name":"wp","href":"https:\/\/api.w.org\/{rel}","templated":true}]}}