{"id":18548,"date":"2018-10-29T10:52:54","date_gmt":"2018-10-29T13:52:54","guid":{"rendered":"http:\/\/lavras.tv\/site\/?p=18548"},"modified":"2018-10-29T10:52:54","modified_gmt":"2018-10-29T13:52:54","slug":"projeto-de-lavras-esta-entre-os-finalistas-do-premio-sebrae-prefeito-empreendedor","status":"publish","type":"post","link":"https:\/\/lavras.tv\/site\/2018\/10\/29\/projeto-de-lavras-esta-entre-os-finalistas-do-premio-sebrae-prefeito-empreendedor\/","title":{"rendered":"Projeto de Lavras est\u00e1 entre os finalistas do Pr\u00eamio Sebrae Prefeito Empreendedor"},"content":{"rendered":"<div class=\"lavra-antes-do-conteudo_2\" id=\"lavra-2415389168\"><div id=\"lavra-slider-27\" class=\"custom-slider lavra-slider-136536108 lavra-slider\"><ul><li><div style=\"margin-left: auto;margin-right: auto;text-align: center;\" id=\"lavra-3799640574\"><a href=\"https:\/\/sistemas.lavras.mg.gov.br\/portalcidadao\/#df1b1a7c7b2a290bcb31e32771e610784662739a88807c0dacac58ede5f391a7530e299dc302d611ee73cb143fc22eaf93592e53e7b5bdb01b00a0b8d28dae460c141dd2ff83412e4dc1c31b16b25f33144a9e5620ea73b13f5bc1c59411d98439ad226e8af03840603796067d87afe130812cf3de24982d0e306f9e61e764e5\" aria-label=\"Lavras-TV&#8211;720x104px (1) (1)\"><img src=\"https:\/\/lavras.tv\/site\/wp-content\/uploads\/2025\/01\/Lavras-TV-720x104px-1-1.png\" alt=\"\"  srcset=\"https:\/\/lavras.tv\/site\/wp-content\/uploads\/2025\/01\/Lavras-TV-720x104px-1-1.png 720w, https:\/\/lavras.tv\/site\/wp-content\/uploads\/2025\/01\/Lavras-TV-720x104px-1-1-470x68.png 470w, https:\/\/lavras.tv\/site\/wp-content\/uploads\/2025\/01\/Lavras-TV-720x104px-1-1-170x25.png 170w, https:\/\/lavras.tv\/site\/wp-content\/uploads\/2025\/01\/Lavras-TV-720x104px-1-1-200x29.png 200w\" sizes=\"(max-width: 720px) 100vw, 720px\" width=\"720\" height=\"104\"  style=\"display: inline-block;\" \/><\/a><\/div><\/li><li><a href=\"https:\/\/sistemas.lavras.mg.gov.br\/portalcidadao\/#df1b1a7c7b2a290bcb31e32771e610784662739a88807c0dacac58ede5f391a7530e299dc302d611ee73cb143fc22eaf93592e53e7b5bdb01b00a0b8d28dae460c141dd2ff83412e4dc1c31b16b25f33144a9e5620ea73b13f5bc1c59411d98439ad226e8af03840603796067d87afe130812cf3de24982d0e306f9e61e764e5\" aria-label=\"Banner_Emprego_PortallavrasTV\"><img src=\"https:\/\/lavras.tv\/site\/wp-content\/uploads\/2025\/03\/Banner_Emprego_PortallavrasTV.png\" alt=\"\"  srcset=\"https:\/\/lavras.tv\/site\/wp-content\/uploads\/2025\/03\/Banner_Emprego_PortallavrasTV.png 720w, https:\/\/lavras.tv\/site\/wp-content\/uploads\/2025\/03\/Banner_Emprego_PortallavrasTV-470x68.png 470w, https:\/\/lavras.tv\/site\/wp-content\/uploads\/2025\/03\/Banner_Emprego_PortallavrasTV-170x25.png 170w, https:\/\/lavras.tv\/site\/wp-content\/uploads\/2025\/03\/Banner_Emprego_PortallavrasTV-200x29.png 200w\" sizes=\"(max-width: 720px) 100vw, 720px\" width=\"720\" height=\"104\"   \/><\/a><\/li><li><a href=\"https:\/\/sistemas.lavras.mg.gov.br\/portalcidadao\/#df1b1a7c7b2a290bcb31e32771e610784662739a88807c0dacac58ede5f391a7530e299dc302d611ee73cb143fc22eaf93592e53e7b5bdb01b00a0b8d28dae460c141dd2ff83412e4dc1c31b16b25f33144a9e5620ea73b13f5bc1c59411d98439ad226e8af03840603796067d87afe130812cf3de24982d0e306f9e61e764e5\" aria-label=\"Banner_Obras_PortallavrasTV\"><img src=\"https:\/\/lavras.tv\/site\/wp-content\/uploads\/2025\/03\/Banner_Obras_PortallavrasTV.png\" alt=\"\"  srcset=\"https:\/\/lavras.tv\/site\/wp-content\/uploads\/2025\/03\/Banner_Obras_PortallavrasTV.png 720w, https:\/\/lavras.tv\/site\/wp-content\/uploads\/2025\/03\/Banner_Obras_PortallavrasTV-470x68.png 470w, https:\/\/lavras.tv\/site\/wp-content\/uploads\/2025\/03\/Banner_Obras_PortallavrasTV-170x25.png 170w, https:\/\/lavras.tv\/site\/wp-content\/uploads\/2025\/03\/Banner_Obras_PortallavrasTV-200x29.png 200w\" sizes=\"(max-width: 720px) 100vw, 720px\" width=\"720\" height=\"104\"   \/><\/a><\/li><li><div style=\"margin-left: auto;margin-right: auto;text-align: center;\" id=\"lavra-3984190922\"><a href=\"https:\/\/sistemas.lavras.mg.gov.br\/portalcidadao\/#df1b1a7c7b2a290bcb31e32771e610784662739a88807c0dacac58ede5f391a7530e299dc302d611ee73cb143fc22eaf93592e53e7b5bdb01b00a0b8d28dae460c141dd2ff83412e4dc1c31b16b25f33144a9e5620ea73b13f5bc1c59411d98439ad226e8af03840603796067d87afe130812cf3de24982d0e306f9e61e764e5\" aria-label=\"Banner_Educa\u00e7\u00e3o_PortallavrasTV\"><img src=\"https:\/\/lavras.tv\/site\/wp-content\/uploads\/2025\/01\/Banner_Educacao_PortallavrasTV.png\" alt=\"\"  srcset=\"https:\/\/lavras.tv\/site\/wp-content\/uploads\/2025\/01\/Banner_Educacao_PortallavrasTV.png 720w, https:\/\/lavras.tv\/site\/wp-content\/uploads\/2025\/01\/Banner_Educacao_PortallavrasTV-470x68.png 470w, https:\/\/lavras.tv\/site\/wp-content\/uploads\/2025\/01\/Banner_Educacao_PortallavrasTV-170x25.png 170w, https:\/\/lavras.tv\/site\/wp-content\/uploads\/2025\/01\/Banner_Educacao_PortallavrasTV-200x29.png 200w\" sizes=\"(max-width: 720px) 100vw, 720px\" width=\"720\" height=\"104\"  style=\"display: inline-block;\" \/><\/a><\/div><\/li><li><a href=\"https:\/\/sistemas.lavras.mg.gov.br\/portalcidadao\/#df1b1a7c7b2a290bcb31e32771e610784662739a88807c0dacac58ede5f391a7530e299dc302d611ee73cb143fc22eaf93592e53e7b5bdb01b00a0b8d28dae460c141dd2ff83412e4dc1c31b16b25f33144a9e5620ea73b13f5bc1c59411d98439ad226e8af03840603796067d87afe130812cf3de24982d0e306f9e61e764e5\" aria-label=\"Banner_Sa\u00fade_PortallavrasTV\"><img src=\"https:\/\/lavras.tv\/site\/wp-content\/uploads\/2025\/03\/Banner_Saude_PortallavrasTV.png\" alt=\"\"  srcset=\"https:\/\/lavras.tv\/site\/wp-content\/uploads\/2025\/03\/Banner_Saude_PortallavrasTV.png 720w, https:\/\/lavras.tv\/site\/wp-content\/uploads\/2025\/03\/Banner_Saude_PortallavrasTV-470x68.png 470w, https:\/\/lavras.tv\/site\/wp-content\/uploads\/2025\/03\/Banner_Saude_PortallavrasTV-170x25.png 170w, https:\/\/lavras.tv\/site\/wp-content\/uploads\/2025\/03\/Banner_Saude_PortallavrasTV-200x29.png 200w\" sizes=\"(max-width: 720px) 100vw, 720px\" width=\"720\" height=\"104\"   \/><\/a><\/li><li><div id=\"lavra-2030419590\" style=\"width:720px;height:104px;background-color:#ddd;overflow:scroll;\">\n\t<strong>Sa\u00edda da depura\u00e7\u00e3o de an\u00fancios<\/strong>\n\t<br><br>\n\tO an\u00fancio n\u00e3o \u00e9 exibido na p\u00e1gina<br><br>post atual: Projeto de Lavras est\u00e1 entre os finalistas do Pr\u00eamio Sebrae Prefeito Empreendedor, ID: 18548<br><br><span style=\"color: red;\">O post atual n\u00e3o \u00e9 id\u00eantico ao post principal.<\/span><br><br>An\u00fancios: ROXO - TOPO INTERNA - ROTATIVO 2 (197)<br \/>Grupo de an\u00fancios: Princ_Meio01_720x104 (27)<br><br>Condi\u00e7\u00f5es de exibi\u00e7\u00e3o<div style=\"margin-bottom: 20px; white-space: pre-wrap; font-family: monospace; width: 100%; background: #ffe9e9;\"><strong>condi\u00e7\u00f5es gerais<\/strong><table border=\"1\"><thead><tr><th><\/th><th>An\u00fancios<\/th><th>wp_the_query<\/th><\/tr><\/thead><tr><td>is_main_query<\/td><td>1<\/td><td>1<\/td><\/tr><tr><td>is_rest_api<\/td><td>0<\/td><td>1<\/td><\/tr><tr><td>page<\/td><td>0<\/td><td>1<\/td><\/tr><tr><td>numpages<\/td><td>0<\/td><td>1<\/td><\/tr><tr><td>is_archive<\/td><td>1<\/td><td><\/td><\/tr><tr><td>is_search<\/td><td>1<\/td><td><\/td><\/tr><tr><td>is_home<\/td><td>1<\/td><td><\/td><\/tr><tr><td>is_404<\/td><td>1<\/td><td><\/td><\/tr><tr><td>is_attachment<\/td><td>1<\/td><td><\/td><\/tr><tr><td>is_singular<\/td><td>1<\/td><td><\/td><\/tr><tr><td>is_front_page<\/td><td>1<\/td><td><\/td><\/tr><tr><td>is_feed<\/td><td>1<\/td><td><\/td><\/tr><\/table><\/div><br><br><span style=\"color: red;\">Seu site usa HTTPS, mas o c\u00f3digo do an\u00fancio cont\u00e9m HTTP e pode n\u00e3o funcionar.<\/span>\t<br><br>\n\t<a style=\"color: green;\" href=\"https:\/\/wpadvancedads.com\/manual\/ad-debug-mode\/?utm_source=advanced-ads&utm_medium=link&utm_campaign=ad-debug-mode\" target=\"_blank\" rel=\"nofollow\">Encontre solu\u00e7\u00f5es no manual<\/a>\n<\/div>\n<\/li><\/ul><\/div><script>( window.advanced_ads_ready || jQuery( document ).ready ).call( null, function() {var $lavraslider136536108 = jQuery( \".lavra-slider-136536108\" );$lavraslider136536108.on( \"unslider.ready\", function() { jQuery( \"div.custom-slider ul li\" ).css( \"display\", \"block\" ); });$lavraslider136536108.unslider({ delay:4000, autoplay:true, nav:false, arrows:false, infinite:true });$lavraslider136536108.on(\"mouseover\", function() {$lavraslider136536108.unslider(\"stop\");}).on(\"mouseout\", function() {$lavraslider136536108.unslider(\"start\");});});<\/script><\/div><p style=\"font-weight: 400;\">Trinta projetos de 26 cidades mineiras s\u00e3o finalistas da etapa estadual do Pr\u00eamio Sebrae Prefeito Empreendedor. Destes, tr\u00eas s\u00e3o do\u00a0<strong>Sul de Minas<\/strong>, das cidades de\u00a0<strong>Itajub\u00e1, Lavras e Paragua\u00e7u<\/strong>. A iniciativa do Sebrae destaca projetos e a\u00e7\u00f5es p\u00fablicas que beneficiam os pequenos neg\u00f3cios. Os vencedores da premia\u00e7\u00e3o ser\u00e3o conhecidos em novembro, em Belo Horizonte.\u00a0 Informa\u00e7\u00f5es:<a href=\"http:\/\/www.prefeitoempreendedor.sebrae.com.br\/\" data-saferedirecturl=\"https:\/\/www.google.com\/url?q=http:\/\/www.prefeitoempreendedor.sebrae.com.br&amp;source=gmail&amp;ust=1540906549518000&amp;usg=AFQjCNFcQGXUCSJpn3NyKgHzkdt1WEYe7w\">www.prefeitoempreendedor.sebrae.com.br<\/a>.<!--more--><\/p>\n<p style=\"font-weight: 400;\">\u00a0Dos mais de 100 munic\u00edpios mineiros inscritos na 10\u00aa edi\u00e7\u00e3o do Pr\u00eamio Sebrae Prefeito Empreendedor, 96 foram habilitados. Desses, 30 passaram para etapa final da premia\u00e7\u00e3o. \u201cA iniciativa tem o objetivo de estimular o empreendedorismo como ferramenta para o desenvolvimento local e fortalecimento dos pequenos neg\u00f3cios\u201d, explica o analista do Sebrae Minas Nilo Raposo.<\/p>\n<p style=\"font-weight: 400;\">\u00a0Est\u00e3o no p\u00e1reo da etapa estadual projetos das cidades de:\u00a0Carmo do Parana\u00edba, Governador Valadares, Itabira, Itajub\u00e1, Jana\u00faba, Jo\u00e3o Monlevade, Juiz de Fora, Lavras, Nova Serrana, Paragua\u00e7u, Passos, Patos de Minas, Porteirinha, Rodeiro, S\u00e3o Geraldo, S\u00e3o Gon\u00e7alo do Rio Abaixo, S\u00e3o Roque de Minas, Taiobeiras, Uberaba, Uberl\u00e2ndia e Uruana de Minas.<\/p>\n<p style=\"font-weight: 400;\">\u00a0Os finalistas concorrem\u00a0em oito categorias:\u00a0\u00a0<em>Inova\u00e7\u00e3o e sustentabilidade, Inclus\u00e3o produtiva e apoio ao MEI, Pequenos neg\u00f3cios no campo, Desburocratiza\u00e7\u00e3o e implementa\u00e7\u00e3o da Rede Simples, Compras governamentais de pequenos neg\u00f3cios, Coopera\u00e7\u00e3o intermunicipal para desenvolvimento econ\u00f4mico, Empreendedorismo na escola e Pol\u00edticas p\u00fablicas para desenvolvimento dos pequenos neg\u00f3cios.<\/em><\/p>\n<p style=\"font-weight: 400;\">\u00a0Os vencedores de cada categoria ser\u00e3o conhecidos no dia 13 de novembro. Eles receber\u00e3o certificado, trof\u00e9u e concorrer\u00e3o a etapa nacional da premia\u00e7\u00e3o em 2019, em Bras\u00edlia.<\/p>\n<p style=\"font-weight: 400;\">\u00a0<img fetchpriority=\"high\" decoding=\"async\" class=\"alignnone size-full wp-image-18549 aligncenter\" src=\"http:\/\/lavras.tv\/site\/wp-content\/uploads\/2018\/10\/ze-cherem-duti.jpg\" alt=\"ze cherem duti\" width=\"320\" height=\"213\" srcset=\"https:\/\/lavras.tv\/site\/wp-content\/uploads\/2018\/10\/ze-cherem-duti.jpg 320w, https:\/\/lavras.tv\/site\/wp-content\/uploads\/2018\/10\/ze-cherem-duti-150x100.jpg 150w, https:\/\/lavras.tv\/site\/wp-content\/uploads\/2018\/10\/ze-cherem-duti-300x200.jpg 300w, https:\/\/lavras.tv\/site\/wp-content\/uploads\/2018\/10\/ze-cherem-duti-272x182.jpg 272w\" sizes=\"(max-width: 320px) 100vw, 320px\" \/><\/p>\n<p style=\"font-weight: 400;\"><strong>Conhe\u00e7a os finalistas do Sul de Minas:<\/strong><\/p>\n<p style=\"font-weight: 400;\"><strong>Munic\u00edpio:<\/strong>\u00a0Lavras<\/p>\n<p style=\"font-weight: 400;\"><strong>T\u00edtulo do Projeto:<\/strong>\u00a0Rural +<\/p>\n<p style=\"font-weight: 400;\"><strong>Categoria do Pr\u00eamio:<\/strong>\u00a0Inclus\u00e3o Produtiva e Apoio ao MEI<\/p>\n<p style=\"font-weight: 400;\"><strong>Prefeito:<\/strong>\u00a0Jose Cherem<\/p>\n<p style=\"font-weight: 400;\">\n<p style=\"font-weight: 400;\"><strong>Projeto<\/strong><\/p>\n<p style=\"font-weight: 400;\">\u201cO Programa Rural +\u201d tem o objetivo de fortalecer as atividades rurais, por meio de a\u00e7\u00f5es de estrutura\u00e7\u00e3o de uma rede produtiva do campo. O programa prev\u00ea a participa\u00e7\u00e3o dos produtores da agricultura familiar nas compras p\u00fablicas do PNAE, formula\u00e7\u00e3o do card\u00e1pio escolar de acordo com a produ\u00e7\u00e3o local, implementa\u00e7\u00e3o do programa municipal de Insemina\u00e7\u00e3o Artificial em Tempo Fixo (IATF), programa de Regulariza\u00e7\u00e3o perante o Servi\u00e7o de Inspe\u00e7\u00e3o Municipal (S.I.M), al\u00e9m de programas de capacita\u00e7\u00e3o e implanta\u00e7\u00e3o de boas pr\u00e1ticas de produ\u00e7\u00e3o.<\/p>\n<p style=\"font-weight: 400;\">\u00a0Com o Rural + foi constatado um aumento de 430% no valor de fornecimento de alimentos para o PNAE em rela\u00e7\u00e3o a 2016; aumento 200% de ades\u00e3o ao SIM no ano de 2017, em rela\u00e7\u00e3o a todos os anos anteriores; expans\u00e3o da \u00e1rea da horta, aumentando em 28% o n\u00famero de fam\u00edlias beneficiadas; implanta\u00e7\u00e3o do sistema de capta\u00e7\u00e3o de \u00e1gua e preserva\u00e7\u00e3o das nascentes; capacita\u00e7\u00e3o dos produtores de hortali\u00e7as; aumento de 50% das vendas de produtos c\u00e1rneos defumados e queijos; incremento de 300% na produ\u00e7\u00e3o do queijo minas frescal.<\/p>\n<p style=\"font-weight: 400;\">\n<p style=\"font-weight: 400;\"><strong>Munic\u00edpio:<\/strong>\u00a0Itajub\u00e1<\/p>\n<p style=\"font-weight: 400;\"><strong>T\u00edtulo do Projeto:<\/strong>\u00a0Fomentar o ecossistema de empreendedorismo e inova\u00e7\u00e3o de Itajub\u00e1<\/p>\n<p style=\"font-weight: 400;\"><strong>Categoria do Pr\u00eamio:<\/strong>\u00a0Inova\u00e7\u00e3o e Sustentabilidade<\/p>\n<p style=\"font-weight: 400;\"><strong>Prefeito:<\/strong>\u00a0Rodrigo Imar Martinez Riera<\/p>\n<p style=\"font-weight: 400;\">\n<p style=\"font-weight: 400;\"><strong>Projeto<\/strong><\/p>\n<p style=\"font-weight: 400;\">Com o intuito de fomentar o ecossistema de empreendedorismo e inova\u00e7\u00e3o no munic\u00edpio, a Prefeitura de Itajub\u00e1 criou um projeto de a\u00e7\u00f5es sustent\u00e1veis e de impacto na gera\u00e7\u00e3o de emprego, renda e bem-estar da comunidade. Para isso, o munic\u00edpio criou a\u00e7\u00f5es efetivas de investimentos nas \u00e1reas social, ambiental e cultural, por meio da integra\u00e7\u00e3o ao Parque Cient\u00edfico e Tecnol\u00f3gico de Itajub\u00e1, revis\u00e3o do apoio do modelo operacional e ratifica\u00e7\u00e3o do apoio existente, estabelecimento de modelo sustent\u00e1vel para o programa de gera\u00e7\u00e3o de empreendimentos de base tecnol\u00f3gica, oferta de subs\u00eddio para loca\u00e7\u00e3o de espa\u00e7os e doa\u00e7\u00e3o de terrenos no munic\u00edpio, amplia\u00e7\u00e3o do escopo e melhoria na qualidade do atendimento ao empreendedor, amplia\u00e7\u00e3o da oferta de vagas gratuitas e cursos para qualifica\u00e7\u00e3o profissional.<\/p>\n<p style=\"font-weight: 400;\">\u00a0A partir dessas a\u00e7\u00f5es, os resultados obtidos foram: constru\u00e7\u00e3o, atrav\u00e9s de parceria p\u00fablico privada, de um espa\u00e7o cultural \u2018Teatro Municipal Christiane Riera\u2019; Incubadora Tecnol\u00f3gica de Cooperativas Populares que oferece apoio \u00e0 forma\u00e7\u00e3o e consolida\u00e7\u00e3o de Empreendimentos Econ\u00f4micos Solid\u00e1rios (EES); capacita\u00e7\u00e3o de 250 pessoas no Programa de Gera\u00e7\u00e3o de Empreendimentos de Base Tecnol\u00f3gica; aumento de 100% nos atendimentos e servi\u00e7os prestados na Sala Mineira do Empreendedor; Atendimento de aproximadamente tr\u00eas mil pessoas no polo Universidade Aberta Integrada de Minas Gerais (UAITEC) Itajub\u00e1.<\/p>\n<p style=\"font-weight: 400;\">\n<p style=\"font-weight: 400;\">\n<p style=\"font-weight: 400;\"><strong>Munic\u00edpio:<\/strong>\u00a0Paragua\u00e7u<\/p>\n<p style=\"font-weight: 400;\"><strong>T\u00edtulo do Projeto:<\/strong>\u00a0Feira do Terno de Paragua\u00e7u<\/p>\n<p style=\"font-weight: 400;\"><strong>Categoria do Pr\u00eamio:<\/strong>\u00a0Inova\u00e7\u00e3o e Sustentabilidade<\/p>\n<p style=\"font-weight: 400;\"><strong>Prefeito:<\/strong>\u00a0Jos\u00e9 Tib\u00farcio do Prado Neto<\/p>\n<p style=\"font-weight: 400;\"><strong>\u00a0<\/strong><\/p>\n<p style=\"font-weight: 400;\"><strong>Projeto<\/strong><\/p>\n<p style=\"font-weight: 400;\">A Feira do Terno tem como finalidade consolidar Paragua\u00e7u como Capital do Terno, por meio do investimento em capacita\u00e7\u00e3o de m\u00e3o de obra, profissionaliza\u00e7\u00e3o e promo\u00e7\u00e3o do setor. A iniciativa, aliada \u00e0 outras a\u00e7\u00f5es como, implanta\u00e7\u00e3o da Sala Mineira do Empreendedor e escola de corte e costura, aumento da oferta de trabalho a pessoas em situa\u00e7\u00e3o de vulnerabilidade social e conv\u00eanios com entidades de valoriza\u00e7\u00e3o dos pequenos neg\u00f3cios (Fiemg, Sebrae Minas e Associa\u00e7\u00e3o Comercial) para a realiza\u00e7\u00e3o de capacita\u00e7\u00f5es dos empres\u00e1rios, contribu\u00edram para o \u00eaxito do projeto.<\/p>\n<p style=\"font-weight: 400;\">\u00a0Ap\u00f3s a implanta\u00e7\u00e3o das a\u00e7\u00f5es foi identificado o aumento das vendas das confec\u00e7\u00f5es do munic\u00edpio, gera\u00e7\u00e3o de novas vagas de emprego que foram atendidas pelos alunos participantes do projeto de forma\u00e7\u00e3o de m\u00e3o de obra para as confec\u00e7\u00f5es, cria\u00e7\u00e3o de um ambiente econ\u00f4mico favor\u00e1vel para as empresas do munic\u00edpio e fortalecimento das vendas no varejo. Os resultados obtidos foram surpreendentes. As vendas no varejo surpreenderam a expectativa dos participantes da feira e deram mais poder de negocia\u00e7\u00e3o para os empres\u00e1rios, pois com o fortalecimento do varejo, encontraram um novo canal para escoar sua produ\u00e7\u00e3o, reduzindo a depend\u00eancia de uma pequena quantidade de compradores no atacado.<\/p>\n<p style=\"font-weight: 400;\">\n<p style=\"font-weight: 400;\">Fonte: Sebrae<\/p>\n","protected":false},"excerpt":{"rendered":"<p>Trinta projetos de 26 cidades mineiras s\u00e3o finalistas da etapa estadual do Pr\u00eamio Sebrae Prefeito Empreendedor. Destes, tr\u00eas s\u00e3o do\u00a0Sul de Minas, das cidades de\u00a0Itajub\u00e1, Lavras e Paragua\u00e7u. A iniciativa do Sebrae destaca projetos e a\u00e7\u00f5es p\u00fablicas que beneficiam os pequenos neg\u00f3cios. Os vencedores da premia\u00e7\u00e3o ser\u00e3o conhecidos em novembro, em Belo Horizonte.\u00a0 Informa\u00e7\u00f5es:www.prefeitoempreendedor.sebrae.com.br.<\/p>\n","protected":false},"author":2,"featured_media":18549,"comment_status":"closed","ping_status":"open","sticky":false,"template":"","format":"standard","meta":{"advgb_blocks_editor_width":"","advgb_blocks_columns_visual_guide":"","_exactmetrics_skip_tracking":false,"_exactmetrics_sitenote_active":false,"_exactmetrics_sitenote_note":"","_exactmetrics_sitenote_category":0,"footnotes":""},"categories":[7,12],"tags":[1930,34,5317,1287,252,70],"class_list":["post-18548","post","type-post","status-publish","format-standard","has-post-thumbnail","hentry","category-destaques","category-politica","tag-1930","tag-lavras","tag-prefeito-empreendedor","tag-premio","tag-sebrae","tag-sul-de-minas"],"better_featured_image":{"id":18549,"alt_text":"","caption":"","description":"","media_type":"image","media_details":{"width":320,"height":213,"file":"2018\/10\/ze-cherem-duti.jpg","sizes":{"thumbnail":{"file":"ze-cherem-duti-150x100.jpg","width":150,"height":100,"mime-type":"image\/jpeg","source_url":"https:\/\/lavras.tv\/site\/wp-content\/uploads\/2018\/10\/ze-cherem-duti-150x100.jpg"},"medium":{"file":"ze-cherem-duti-300x200.jpg","width":300,"height":200,"mime-type":"image\/jpeg","source_url":"https:\/\/lavras.tv\/site\/wp-content\/uploads\/2018\/10\/ze-cherem-duti-300x200.jpg"},"sow-carousel-default":{"file":"ze-cherem-duti-272x182.jpg","width":272,"height":182,"mime-type":"image\/jpeg","source_url":"https:\/\/lavras.tv\/site\/wp-content\/uploads\/2018\/10\/ze-cherem-duti-272x182.jpg"}},"image_meta":{"aperture":"0","credit":"","camera":"","caption":"","created_timestamp":"0","copyright":"","focal_length":"0","iso":"0","shutter_speed":"0","title":"","orientation":"0","keywords":[]}},"post":18548,"source_url":"https:\/\/lavras.tv\/site\/wp-content\/uploads\/2018\/10\/ze-cherem-duti.jpg"},"author_meta":{"display_name":"Lavras TV","author_link":"https:\/\/lavras.tv\/site\/author\/lavrastv\/"},"featured_img":"https:\/\/lavras.tv\/site\/wp-content\/uploads\/2018\/10\/ze-cherem-duti-300x200.jpg","coauthors":[],"tax_additional":{"categories":{"linked":["<a href=\"https:\/\/lavras.tv\/site\/category\/destaques\/\" class=\"advgb-post-tax-term\">Destaques<\/a>","<a href=\"https:\/\/lavras.tv\/site\/category\/politica\/\" class=\"advgb-post-tax-term\">Pol\u00edtica<\/a>"],"unlinked":["<span class=\"advgb-post-tax-term\">Destaques<\/span>","<span class=\"advgb-post-tax-term\">Pol\u00edtica<\/span>"]},"tags":{"linked":["<a href=\"https:\/\/lavras.tv\/site\/category\/politica\/\" class=\"advgb-post-tax-term\">2018<\/a>","<a href=\"https:\/\/lavras.tv\/site\/category\/politica\/\" class=\"advgb-post-tax-term\">lavras<\/a>","<a href=\"https:\/\/lavras.tv\/site\/category\/politica\/\" class=\"advgb-post-tax-term\">prefeito empreendedor<\/a>","<a href=\"https:\/\/lavras.tv\/site\/category\/politica\/\" class=\"advgb-post-tax-term\">pr\u00eamio<\/a>","<a href=\"https:\/\/lavras.tv\/site\/category\/politica\/\" class=\"advgb-post-tax-term\">sebrae<\/a>","<a href=\"https:\/\/lavras.tv\/site\/category\/politica\/\" class=\"advgb-post-tax-term\">sul de minas<\/a>"],"unlinked":["<span class=\"advgb-post-tax-term\">2018<\/span>","<span class=\"advgb-post-tax-term\">lavras<\/span>","<span class=\"advgb-post-tax-term\">prefeito empreendedor<\/span>","<span class=\"advgb-post-tax-term\">pr\u00eamio<\/span>","<span class=\"advgb-post-tax-term\">sebrae<\/span>","<span class=\"advgb-post-tax-term\">sul de minas<\/span>"]}},"comment_count":"0","relative_dates":{"created":"Publicado 8 anos atr\u00e1s","modified":"Atualizado 8 anos atr\u00e1s"},"absolute_dates":{"created":"Publicado em 29 de outubro de 2018","modified":"Atualizado em 29 de outubro de 2018"},"absolute_dates_time":{"created":"Publicado em 29 de outubro de 2018 10:52","modified":"Atualizado em 29 de outubro de 2018 10:52"},"featured_img_caption":"","series_order":"","_links":{"self":[{"href":"https:\/\/lavras.tv\/site\/wp-json\/wp\/v2\/posts\/18548","targetHints":{"allow":["GET"]}}],"collection":[{"href":"https:\/\/lavras.tv\/site\/wp-json\/wp\/v2\/posts"}],"about":[{"href":"https:\/\/lavras.tv\/site\/wp-json\/wp\/v2\/types\/post"}],"author":[{"embeddable":true,"href":"https:\/\/lavras.tv\/site\/wp-json\/wp\/v2\/users\/2"}],"replies":[{"embeddable":true,"href":"https:\/\/lavras.tv\/site\/wp-json\/wp\/v2\/comments?post=18548"}],"version-history":[{"count":1,"href":"https:\/\/lavras.tv\/site\/wp-json\/wp\/v2\/posts\/18548\/revisions"}],"predecessor-version":[{"id":18550,"href":"https:\/\/lavras.tv\/site\/wp-json\/wp\/v2\/posts\/18548\/revisions\/18550"}],"wp:featuredmedia":[{"embeddable":true,"href":"https:\/\/lavras.tv\/site\/wp-json\/wp\/v2\/media\/18549"}],"wp:attachment":[{"href":"https:\/\/lavras.tv\/site\/wp-json\/wp\/v2\/media?parent=18548"}],"wp:term":[{"taxonomy":"category","embeddable":true,"href":"https:\/\/lavras.tv\/site\/wp-json\/wp\/v2\/categories?post=18548"},{"taxonomy":"post_tag","embeddable":true,"href":"https:\/\/lavras.tv\/site\/wp-json\/wp\/v2\/tags?post=18548"}],"curies":[{"name":"wp","href":"https:\/\/api.w.org\/{rel}","templated":true}]}}