{"id":18669,"date":"2018-11-07T09:13:41","date_gmt":"2018-11-07T11:13:41","guid":{"rendered":"http:\/\/lavras.tv\/site\/?p=18669"},"modified":"2018-11-07T09:13:41","modified_gmt":"2018-11-07T11:13:41","slug":"corrida-contra-o-cancer-sera-neste-fim-de-semana-em-lavras","status":"publish","type":"post","link":"https:\/\/lavras.tv\/site\/2018\/11\/07\/corrida-contra-o-cancer-sera-neste-fim-de-semana-em-lavras\/","title":{"rendered":"Corrida Contra o C\u00e2ncer ser\u00e1 neste fim de semana em Lavras"},"content":{"rendered":"<div class=\"lavra-antes-do-conteudo_2\" id=\"lavra-415473990\"><div id=\"lavra-slider-27\" class=\"custom-slider lavra-slider-395426386 lavra-slider\"><ul><li><div style=\"margin-left: auto;margin-right: auto;text-align: center;\" id=\"lavra-2804070798\"><a href=\"https:\/\/sistemas.lavras.mg.gov.br\/portalcidadao\/#df1b1a7c7b2a290bcb31e32771e610784662739a88807c0dacac58ede5f391a7530e299dc302d611ee73cb143fc22eaf93592e53e7b5bdb01b00a0b8d28dae460c141dd2ff83412e4dc1c31b16b25f33144a9e5620ea73b13f5bc1c59411d98439ad226e8af03840603796067d87afe130812cf3de24982d0e306f9e61e764e5\" aria-label=\"Lavras-TV&#8211;720x104px (1) (1)\"><img src=\"https:\/\/lavras.tv\/site\/wp-content\/uploads\/2025\/01\/Lavras-TV-720x104px-1-1.png\" alt=\"\"  srcset=\"https:\/\/lavras.tv\/site\/wp-content\/uploads\/2025\/01\/Lavras-TV-720x104px-1-1.png 720w, https:\/\/lavras.tv\/site\/wp-content\/uploads\/2025\/01\/Lavras-TV-720x104px-1-1-470x68.png 470w, https:\/\/lavras.tv\/site\/wp-content\/uploads\/2025\/01\/Lavras-TV-720x104px-1-1-170x25.png 170w, https:\/\/lavras.tv\/site\/wp-content\/uploads\/2025\/01\/Lavras-TV-720x104px-1-1-200x29.png 200w\" sizes=\"(max-width: 720px) 100vw, 720px\" width=\"720\" height=\"104\"  style=\"display: inline-block;\" \/><\/a><\/div><\/li><li><a href=\"https:\/\/sistemas.lavras.mg.gov.br\/portalcidadao\/#df1b1a7c7b2a290bcb31e32771e610784662739a88807c0dacac58ede5f391a7530e299dc302d611ee73cb143fc22eaf93592e53e7b5bdb01b00a0b8d28dae460c141dd2ff83412e4dc1c31b16b25f33144a9e5620ea73b13f5bc1c59411d98439ad226e8af03840603796067d87afe130812cf3de24982d0e306f9e61e764e5\" aria-label=\"Banner_Emprego_PortallavrasTV\"><img src=\"https:\/\/lavras.tv\/site\/wp-content\/uploads\/2025\/03\/Banner_Emprego_PortallavrasTV.png\" alt=\"\"  srcset=\"https:\/\/lavras.tv\/site\/wp-content\/uploads\/2025\/03\/Banner_Emprego_PortallavrasTV.png 720w, https:\/\/lavras.tv\/site\/wp-content\/uploads\/2025\/03\/Banner_Emprego_PortallavrasTV-470x68.png 470w, https:\/\/lavras.tv\/site\/wp-content\/uploads\/2025\/03\/Banner_Emprego_PortallavrasTV-170x25.png 170w, https:\/\/lavras.tv\/site\/wp-content\/uploads\/2025\/03\/Banner_Emprego_PortallavrasTV-200x29.png 200w\" sizes=\"(max-width: 720px) 100vw, 720px\" width=\"720\" height=\"104\"   \/><\/a><\/li><li><a href=\"https:\/\/sistemas.lavras.mg.gov.br\/portalcidadao\/#df1b1a7c7b2a290bcb31e32771e610784662739a88807c0dacac58ede5f391a7530e299dc302d611ee73cb143fc22eaf93592e53e7b5bdb01b00a0b8d28dae460c141dd2ff83412e4dc1c31b16b25f33144a9e5620ea73b13f5bc1c59411d98439ad226e8af03840603796067d87afe130812cf3de24982d0e306f9e61e764e5\" aria-label=\"Banner_Obras_PortallavrasTV\"><img src=\"https:\/\/lavras.tv\/site\/wp-content\/uploads\/2025\/03\/Banner_Obras_PortallavrasTV.png\" alt=\"\"  srcset=\"https:\/\/lavras.tv\/site\/wp-content\/uploads\/2025\/03\/Banner_Obras_PortallavrasTV.png 720w, https:\/\/lavras.tv\/site\/wp-content\/uploads\/2025\/03\/Banner_Obras_PortallavrasTV-470x68.png 470w, https:\/\/lavras.tv\/site\/wp-content\/uploads\/2025\/03\/Banner_Obras_PortallavrasTV-170x25.png 170w, https:\/\/lavras.tv\/site\/wp-content\/uploads\/2025\/03\/Banner_Obras_PortallavrasTV-200x29.png 200w\" sizes=\"(max-width: 720px) 100vw, 720px\" width=\"720\" height=\"104\"   \/><\/a><\/li><li><div style=\"margin-left: auto;margin-right: auto;text-align: center;\" id=\"lavra-1929223515\"><a href=\"https:\/\/sistemas.lavras.mg.gov.br\/portalcidadao\/#df1b1a7c7b2a290bcb31e32771e610784662739a88807c0dacac58ede5f391a7530e299dc302d611ee73cb143fc22eaf93592e53e7b5bdb01b00a0b8d28dae460c141dd2ff83412e4dc1c31b16b25f33144a9e5620ea73b13f5bc1c59411d98439ad226e8af03840603796067d87afe130812cf3de24982d0e306f9e61e764e5\" aria-label=\"Banner_Educa\u00e7\u00e3o_PortallavrasTV\"><img src=\"https:\/\/lavras.tv\/site\/wp-content\/uploads\/2025\/01\/Banner_Educacao_PortallavrasTV.png\" alt=\"\"  srcset=\"https:\/\/lavras.tv\/site\/wp-content\/uploads\/2025\/01\/Banner_Educacao_PortallavrasTV.png 720w, https:\/\/lavras.tv\/site\/wp-content\/uploads\/2025\/01\/Banner_Educacao_PortallavrasTV-470x68.png 470w, https:\/\/lavras.tv\/site\/wp-content\/uploads\/2025\/01\/Banner_Educacao_PortallavrasTV-170x25.png 170w, https:\/\/lavras.tv\/site\/wp-content\/uploads\/2025\/01\/Banner_Educacao_PortallavrasTV-200x29.png 200w\" sizes=\"(max-width: 720px) 100vw, 720px\" width=\"720\" height=\"104\"  style=\"display: inline-block;\" \/><\/a><\/div><\/li><li><a href=\"https:\/\/sistemas.lavras.mg.gov.br\/portalcidadao\/#df1b1a7c7b2a290bcb31e32771e610784662739a88807c0dacac58ede5f391a7530e299dc302d611ee73cb143fc22eaf93592e53e7b5bdb01b00a0b8d28dae460c141dd2ff83412e4dc1c31b16b25f33144a9e5620ea73b13f5bc1c59411d98439ad226e8af03840603796067d87afe130812cf3de24982d0e306f9e61e764e5\" aria-label=\"Banner_Sa\u00fade_PortallavrasTV\"><img src=\"https:\/\/lavras.tv\/site\/wp-content\/uploads\/2025\/03\/Banner_Saude_PortallavrasTV.png\" alt=\"\"  srcset=\"https:\/\/lavras.tv\/site\/wp-content\/uploads\/2025\/03\/Banner_Saude_PortallavrasTV.png 720w, https:\/\/lavras.tv\/site\/wp-content\/uploads\/2025\/03\/Banner_Saude_PortallavrasTV-470x68.png 470w, https:\/\/lavras.tv\/site\/wp-content\/uploads\/2025\/03\/Banner_Saude_PortallavrasTV-170x25.png 170w, https:\/\/lavras.tv\/site\/wp-content\/uploads\/2025\/03\/Banner_Saude_PortallavrasTV-200x29.png 200w\" sizes=\"(max-width: 720px) 100vw, 720px\" width=\"720\" height=\"104\"   \/><\/a><\/li><li><div id=\"lavra-2658202124\" style=\"width:720px;height:104px;background-color:#ddd;overflow:scroll;\">\n\t<strong>Sa\u00edda da depura\u00e7\u00e3o de an\u00fancios<\/strong>\n\t<br><br>\n\tO an\u00fancio n\u00e3o \u00e9 exibido na p\u00e1gina<br><br>post atual: Corrida Contra o C\u00e2ncer ser\u00e1 neste fim de semana em Lavras, ID: 18669<br><br><span style=\"color: red;\">O post atual n\u00e3o \u00e9 id\u00eantico ao post principal.<\/span><br><br>An\u00fancios: ROXO - TOPO INTERNA - ROTATIVO 2 (197)<br \/>Grupo de an\u00fancios: Princ_Meio01_720x104 (27)<br><br>Condi\u00e7\u00f5es de exibi\u00e7\u00e3o<div style=\"margin-bottom: 20px; white-space: pre-wrap; font-family: monospace; width: 100%; background: #ffe9e9;\"><strong>condi\u00e7\u00f5es gerais<\/strong><table border=\"1\"><thead><tr><th><\/th><th>An\u00fancios<\/th><th>wp_the_query<\/th><\/tr><\/thead><tr><td>is_main_query<\/td><td>1<\/td><td>1<\/td><\/tr><tr><td>is_rest_api<\/td><td>0<\/td><td>1<\/td><\/tr><tr><td>page<\/td><td>0<\/td><td>1<\/td><\/tr><tr><td>numpages<\/td><td>0<\/td><td>1<\/td><\/tr><tr><td>is_archive<\/td><td>1<\/td><td><\/td><\/tr><tr><td>is_search<\/td><td>1<\/td><td><\/td><\/tr><tr><td>is_home<\/td><td>1<\/td><td><\/td><\/tr><tr><td>is_404<\/td><td>1<\/td><td><\/td><\/tr><tr><td>is_attachment<\/td><td>1<\/td><td><\/td><\/tr><tr><td>is_singular<\/td><td>1<\/td><td><\/td><\/tr><tr><td>is_front_page<\/td><td>1<\/td><td><\/td><\/tr><tr><td>is_feed<\/td><td>1<\/td><td><\/td><\/tr><\/table><\/div><br><br><span style=\"color: red;\">Seu site usa HTTPS, mas o c\u00f3digo do an\u00fancio cont\u00e9m HTTP e pode n\u00e3o funcionar.<\/span>\t<br><br>\n\t<a style=\"color: green;\" href=\"https:\/\/wpadvancedads.com\/manual\/ad-debug-mode\/?utm_source=advanced-ads&utm_medium=link&utm_campaign=ad-debug-mode\" target=\"_blank\" rel=\"nofollow\">Encontre solu\u00e7\u00f5es no manual<\/a>\n<\/div>\n<\/li><\/ul><\/div><script>( window.advanced_ads_ready || jQuery( document ).ready ).call( null, function() {var $lavraslider395426386 = jQuery( \".lavra-slider-395426386\" );$lavraslider395426386.on( \"unslider.ready\", function() { jQuery( \"div.custom-slider ul li\" ).css( \"display\", \"block\" ); });$lavraslider395426386.unslider({ delay:4000, autoplay:true, nav:false, arrows:false, infinite:true });$lavraslider395426386.on(\"mouseover\", function() {$lavraslider395426386.unslider(\"stop\");}).on(\"mouseout\", function() {$lavraslider395426386.unslider(\"start\");});});<\/script><\/div><p>Venha participar deste tradicional evento esportivo, que re\u00fane o incentivo da pr\u00e1tica esportiva, a conscientiza\u00e7\u00e3o para preven\u00e7\u00e3o do c\u00e2ncer e sua ajuda para as melhorias e manuten\u00e7\u00e3o do Lar e Vida.<!--more--><\/p>\n<p>A prova deste ano ser\u00e1 no dia 11 de novembro, com largada prevista para as 8h da manh\u00e3, com trajeto de 6,8km. Al\u00e9m da prova principal, o evento contar\u00e1 com a Corrida Kids, que ter\u00e1 in\u00edcio a partir das 10h.<\/p>\n<div class=\"m_5707190016781326210gmail-text_exposed_show\">\n<p>A largada\/chegada e Corrida Kids ser\u00e3o na Pra\u00e7a Dr. Augusto Silva, no cora\u00e7\u00e3o da cidade de Lavras.<\/p>\n<p><img fetchpriority=\"high\" decoding=\"async\" class=\"alignnone size-full wp-image-7127 aligncenter\" src=\"http:\/\/lavras.tv\/site\/wp-content\/uploads\/2017\/03\/corrida.jpg\" alt=\"corrida\" width=\"831\" height=\"552\" srcset=\"https:\/\/lavras.tv\/site\/wp-content\/uploads\/2017\/03\/corrida.jpg 831w, https:\/\/lavras.tv\/site\/wp-content\/uploads\/2017\/03\/corrida-150x100.jpg 150w, https:\/\/lavras.tv\/site\/wp-content\/uploads\/2017\/03\/corrida-300x199.jpg 300w, https:\/\/lavras.tv\/site\/wp-content\/uploads\/2017\/03\/corrida-480x320.jpg 480w, https:\/\/lavras.tv\/site\/wp-content\/uploads\/2017\/03\/corrida-272x182.jpg 272w\" sizes=\"(max-width: 831px) 100vw, 831px\" \/><\/p>\n<p>Todos os inscritos receber\u00e3o camiseta oficial do evento, medalha de participa\u00e7\u00e3o, hidrata\u00e7\u00e3o e demais brindes.<\/p>\n<p>Al\u00e9m disso, haver\u00e1 premia\u00e7\u00e3o com trof\u00e9u para os cinco primeiros colocados gerais e para os tr\u00eas primeiros colocados de cada categoria por faixa et\u00e1ria.<\/p>\n<p>As inscri\u00e7\u00f5es poder\u00e3o ser feitas pelo site do Lar e Vida:\u00a0<a href=\"https:\/\/l.facebook.com\/l.php?u=http%3A%2F%2Fwww.larevida.org.br%2F&amp;h=AT3iYPvqw0oK_JT62jkIk-6fuyxS3T9hsGF3mBSAKqTIGdgQXyhghWeszw8-yYQ2Cfw0N9q7h2Nvmo8f_3aifwODEKz37Xr3c-KjP28psLrnRxHIfEv7VASYC5NPveiUcWCgk7T3lOpgtKcg1afByWGhsMusbiqeI_OEXKxEcA8wI5hH1vT__sVyQZWIgZnwyq-zh7f1Q8PEDp-el-aIIAZuwc8jYqu7Bz4NYyJPu0K8hxPgVUpxTAm565moeJtOxAguwhYsQU--HQ9OMU97Ei8VUEWODm9SdFltxaIGUzCt6QTkRXfd6bHnO-dG2H6ghn2Sg7DluMc818vDPSWppVu6nxEeJnKsaTNdlspMq2jhppkXOw3VV1QKGcFGUo5D43y5AlCN5KJInUM7u7xwl6oUTmo4vRbL\" target=\"_blank\" rel=\"noopener nofollow\" data-saferedirecturl=\"https:\/\/www.google.com\/url?q=https:\/\/l.facebook.com\/l.php?u%3Dhttp%253A%252F%252Fwww.larevida.org.br%252F%26h%3DAT3iYPvqw0oK_JT62jkIk-6fuyxS3T9hsGF3mBSAKqTIGdgQXyhghWeszw8-yYQ2Cfw0N9q7h2Nvmo8f_3aifwODEKz37Xr3c-KjP28psLrnRxHIfEv7VASYC5NPveiUcWCgk7T3lOpgtKcg1afByWGhsMusbiqeI_OEXKxEcA8wI5hH1vT__sVyQZWIgZnwyq-zh7f1Q8PEDp-el-aIIAZuwc8jYqu7Bz4NYyJPu0K8hxPgVUpxTAm565moeJtOxAguwhYsQU--HQ9OMU97Ei8VUEWODm9SdFltxaIGUzCt6QTkRXfd6bHnO-dG2H6ghn2Sg7DluMc818vDPSWppVu6nxEeJnKsaTNdlspMq2jhppkXOw3VV1QKGcFGUo5D43y5AlCN5KJInUM7u7xwl6oUTmo4vRbL&amp;source=gmail&amp;ust=1541674161213000&amp;usg=AFQjCNGUwZLl7-aE6aVB-7eJBhfM4rK2Vw\">http:\/\/www.larevida.org.<wbr \/>br\/<\/a>. Fique atento com os lote e prazos para garantir sua vaga!<\/p>\n<p>N\u00e3o fique de fora, venha correr e ajudar nobre causa!!!<\/p>\n<p><img decoding=\"async\" class=\"alignnone size-full wp-image-18230 aligncenter\" src=\"http:\/\/lavras.tv\/site\/wp-content\/uploads\/2018\/10\/Logo-Corrida-2018.jpg\" alt=\"Logo Corrida 2018\" width=\"960\" height=\"720\" srcset=\"https:\/\/lavras.tv\/site\/wp-content\/uploads\/2018\/10\/Logo-Corrida-2018.jpg 960w, https:\/\/lavras.tv\/site\/wp-content\/uploads\/2018\/10\/Logo-Corrida-2018-150x113.jpg 150w, https:\/\/lavras.tv\/site\/wp-content\/uploads\/2018\/10\/Logo-Corrida-2018-300x225.jpg 300w, https:\/\/lavras.tv\/site\/wp-content\/uploads\/2018\/10\/Logo-Corrida-2018-640x480.jpg 640w\" sizes=\"(max-width: 960px) 100vw, 960px\" \/><\/p>\n<\/div>\n","protected":false},"excerpt":{"rendered":"<p>Venha participar deste tradicional evento esportivo, que re\u00fane o incentivo da pr\u00e1tica esportiva, a conscientiza\u00e7\u00e3o para preven\u00e7\u00e3o do c\u00e2ncer e sua ajuda para as melhorias e manuten\u00e7\u00e3o do Lar e Vida.<\/p>\n","protected":false},"author":2,"featured_media":7127,"comment_status":"closed","ping_status":"open","sticky":false,"template":"","format":"standard","meta":{"advgb_blocks_editor_width":"","advgb_blocks_columns_visual_guide":"","_exactmetrics_skip_tracking":false,"_exactmetrics_sitenote_active":false,"_exactmetrics_sitenote_note":"","_exactmetrics_sitenote_category":0,"footnotes":""},"categories":[7,3],"tags":[145,4184,463,34,1217,927],"class_list":["post-18669","post","type-post","status-publish","format-standard","has-post-thumbnail","hentry","category-destaques","category-esportes","tag-asdela","tag-corrida-contra-o-cancer","tag-lar-e-vida","tag-lavras","tag-novembro-azul","tag-outubro-rosa"],"better_featured_image":{"id":7127,"alt_text":"","caption":"","description":"","media_type":"image","media_details":{"width":831,"height":552,"file":"2017\/03\/corrida.jpg","sizes":{"thumbnail":{"file":"corrida-150x100.jpg","width":150,"height":100,"mime-type":"image\/jpeg","source_url":"https:\/\/lavras.tv\/site\/wp-content\/uploads\/2017\/03\/corrida-150x100.jpg"},"medium":{"file":"corrida-300x199.jpg","width":300,"height":199,"mime-type":"image\/jpeg","source_url":"https:\/\/lavras.tv\/site\/wp-content\/uploads\/2017\/03\/corrida-300x199.jpg"},"featured-slider-img":{"file":"corrida-640x480.jpg","width":640,"height":480,"mime-type":"image\/jpeg","source_url":"https:\/\/lavras.tv\/site\/wp-content\/uploads\/2017\/03\/corrida-640x480.jpg"},"featured-post-img":{"file":"corrida-480x320.jpg","width":480,"height":320,"mime-type":"image\/jpeg","source_url":"https:\/\/lavras.tv\/site\/wp-content\/uploads\/2017\/03\/corrida-480x320.jpg"},"sow-carousel-default":{"file":"corrida-272x182.jpg","width":272,"height":182,"mime-type":"image\/jpeg","source_url":"https:\/\/lavras.tv\/site\/wp-content\/uploads\/2017\/03\/corrida-272x182.jpg"}},"image_meta":{"aperture":"5","credit":"ATILLA CHOPA","camera":"NIKON D300","caption":"","created_timestamp":"1394959676","copyright":"ATILLA CHOPA","focal_length":"10.5","iso":"200","shutter_speed":"0.0025","title":"","orientation":"1","keywords":[]}},"post":7126,"source_url":"https:\/\/lavras.tv\/site\/wp-content\/uploads\/2017\/03\/corrida.jpg"},"author_meta":{"display_name":"Lavras TV","author_link":"https:\/\/lavras.tv\/site\/author\/lavrastv\/"},"featured_img":"https:\/\/lavras.tv\/site\/wp-content\/uploads\/2017\/03\/corrida-300x199.jpg","coauthors":[],"tax_additional":{"categories":{"linked":["<a href=\"https:\/\/lavras.tv\/site\/category\/destaques\/\" class=\"advgb-post-tax-term\">Destaques<\/a>","<a href=\"https:\/\/lavras.tv\/site\/category\/esportes\/\" class=\"advgb-post-tax-term\">Esportes<\/a>"],"unlinked":["<span class=\"advgb-post-tax-term\">Destaques<\/span>","<span class=\"advgb-post-tax-term\">Esportes<\/span>"]},"tags":{"linked":["<a href=\"https:\/\/lavras.tv\/site\/category\/esportes\/\" class=\"advgb-post-tax-term\">asdela<\/a>","<a href=\"https:\/\/lavras.tv\/site\/category\/esportes\/\" class=\"advgb-post-tax-term\">Corrida contra o c\u00e2ncer<\/a>","<a href=\"https:\/\/lavras.tv\/site\/category\/esportes\/\" class=\"advgb-post-tax-term\">lar e vida<\/a>","<a href=\"https:\/\/lavras.tv\/site\/category\/esportes\/\" class=\"advgb-post-tax-term\">lavras<\/a>","<a href=\"https:\/\/lavras.tv\/site\/category\/esportes\/\" class=\"advgb-post-tax-term\">novembro azul<\/a>","<a href=\"https:\/\/lavras.tv\/site\/category\/esportes\/\" class=\"advgb-post-tax-term\">Outubro Rosa<\/a>"],"unlinked":["<span class=\"advgb-post-tax-term\">asdela<\/span>","<span class=\"advgb-post-tax-term\">Corrida contra o c\u00e2ncer<\/span>","<span class=\"advgb-post-tax-term\">lar e vida<\/span>","<span class=\"advgb-post-tax-term\">lavras<\/span>","<span class=\"advgb-post-tax-term\">novembro azul<\/span>","<span class=\"advgb-post-tax-term\">Outubro Rosa<\/span>"]}},"comment_count":"0","relative_dates":{"created":"Publicado 7 anos atr\u00e1s","modified":"Atualizado 7 anos atr\u00e1s"},"absolute_dates":{"created":"Publicado em 7 de novembro de 2018","modified":"Atualizado em 7 de novembro de 2018"},"absolute_dates_time":{"created":"Publicado em 7 de novembro de 2018 09:13","modified":"Atualizado em 7 de novembro de 2018 09:13"},"featured_img_caption":"","series_order":"","_links":{"self":[{"href":"https:\/\/lavras.tv\/site\/wp-json\/wp\/v2\/posts\/18669","targetHints":{"allow":["GET"]}}],"collection":[{"href":"https:\/\/lavras.tv\/site\/wp-json\/wp\/v2\/posts"}],"about":[{"href":"https:\/\/lavras.tv\/site\/wp-json\/wp\/v2\/types\/post"}],"author":[{"embeddable":true,"href":"https:\/\/lavras.tv\/site\/wp-json\/wp\/v2\/users\/2"}],"replies":[{"embeddable":true,"href":"https:\/\/lavras.tv\/site\/wp-json\/wp\/v2\/comments?post=18669"}],"version-history":[{"count":1,"href":"https:\/\/lavras.tv\/site\/wp-json\/wp\/v2\/posts\/18669\/revisions"}],"predecessor-version":[{"id":18670,"href":"https:\/\/lavras.tv\/site\/wp-json\/wp\/v2\/posts\/18669\/revisions\/18670"}],"wp:featuredmedia":[{"embeddable":true,"href":"https:\/\/lavras.tv\/site\/wp-json\/wp\/v2\/media\/7127"}],"wp:attachment":[{"href":"https:\/\/lavras.tv\/site\/wp-json\/wp\/v2\/media?parent=18669"}],"wp:term":[{"taxonomy":"category","embeddable":true,"href":"https:\/\/lavras.tv\/site\/wp-json\/wp\/v2\/categories?post=18669"},{"taxonomy":"post_tag","embeddable":true,"href":"https:\/\/lavras.tv\/site\/wp-json\/wp\/v2\/tags?post=18669"}],"curies":[{"name":"wp","href":"https:\/\/api.w.org\/{rel}","templated":true}]}}