{"id":18684,"date":"2018-11-07T10:18:20","date_gmt":"2018-11-07T12:18:20","guid":{"rendered":"http:\/\/lavras.tv\/site\/?p=18684"},"modified":"2018-11-07T10:18:20","modified_gmt":"2018-11-07T12:18:20","slug":"pimentel-escolhe-marco-antonio-para-transicao-que-comeca-amanha","status":"publish","type":"post","link":"https:\/\/lavras.tv\/site\/2018\/11\/07\/pimentel-escolhe-marco-antonio-para-transicao-que-comeca-amanha\/","title":{"rendered":"Pimentel escolhe Marco Ant\u00f4nio para transi\u00e7\u00e3o, que come\u00e7a amanh\u00e3"},"content":{"rendered":"<div class=\"lavra-antes-do-conteudo_2\" id=\"lavra-2934616720\"><div id=\"lavra-slider-27\" class=\"custom-slider lavra-slider-1494474821 lavra-slider\"><ul><li><div style=\"margin-left: auto;margin-right: auto;text-align: center;\" id=\"lavra-1886783739\"><a href=\"https:\/\/sistemas.lavras.mg.gov.br\/portalcidadao\/#df1b1a7c7b2a290bcb31e32771e610784662739a88807c0dacac58ede5f391a7530e299dc302d611ee73cb143fc22eaf93592e53e7b5bdb01b00a0b8d28dae460c141dd2ff83412e4dc1c31b16b25f33144a9e5620ea73b13f5bc1c59411d98439ad226e8af03840603796067d87afe130812cf3de24982d0e306f9e61e764e5\" aria-label=\"Lavras-TV&#8211;720x104px (1) (1)\"><img src=\"https:\/\/lavras.tv\/site\/wp-content\/uploads\/2025\/01\/Lavras-TV-720x104px-1-1.png\" alt=\"\"  srcset=\"https:\/\/lavras.tv\/site\/wp-content\/uploads\/2025\/01\/Lavras-TV-720x104px-1-1.png 720w, https:\/\/lavras.tv\/site\/wp-content\/uploads\/2025\/01\/Lavras-TV-720x104px-1-1-470x68.png 470w, https:\/\/lavras.tv\/site\/wp-content\/uploads\/2025\/01\/Lavras-TV-720x104px-1-1-170x25.png 170w, https:\/\/lavras.tv\/site\/wp-content\/uploads\/2025\/01\/Lavras-TV-720x104px-1-1-200x29.png 200w\" sizes=\"(max-width: 720px) 100vw, 720px\" width=\"720\" height=\"104\"  style=\"display: inline-block;\" \/><\/a><\/div><\/li><li><a href=\"https:\/\/sistemas.lavras.mg.gov.br\/portalcidadao\/#df1b1a7c7b2a290bcb31e32771e610784662739a88807c0dacac58ede5f391a7530e299dc302d611ee73cb143fc22eaf93592e53e7b5bdb01b00a0b8d28dae460c141dd2ff83412e4dc1c31b16b25f33144a9e5620ea73b13f5bc1c59411d98439ad226e8af03840603796067d87afe130812cf3de24982d0e306f9e61e764e5\" aria-label=\"Banner_Emprego_PortallavrasTV\"><img src=\"https:\/\/lavras.tv\/site\/wp-content\/uploads\/2025\/03\/Banner_Emprego_PortallavrasTV.png\" alt=\"\"  srcset=\"https:\/\/lavras.tv\/site\/wp-content\/uploads\/2025\/03\/Banner_Emprego_PortallavrasTV.png 720w, https:\/\/lavras.tv\/site\/wp-content\/uploads\/2025\/03\/Banner_Emprego_PortallavrasTV-470x68.png 470w, https:\/\/lavras.tv\/site\/wp-content\/uploads\/2025\/03\/Banner_Emprego_PortallavrasTV-170x25.png 170w, https:\/\/lavras.tv\/site\/wp-content\/uploads\/2025\/03\/Banner_Emprego_PortallavrasTV-200x29.png 200w\" sizes=\"(max-width: 720px) 100vw, 720px\" width=\"720\" height=\"104\"   \/><\/a><\/li><li><a href=\"https:\/\/sistemas.lavras.mg.gov.br\/portalcidadao\/#df1b1a7c7b2a290bcb31e32771e610784662739a88807c0dacac58ede5f391a7530e299dc302d611ee73cb143fc22eaf93592e53e7b5bdb01b00a0b8d28dae460c141dd2ff83412e4dc1c31b16b25f33144a9e5620ea73b13f5bc1c59411d98439ad226e8af03840603796067d87afe130812cf3de24982d0e306f9e61e764e5\" aria-label=\"Banner_Obras_PortallavrasTV\"><img src=\"https:\/\/lavras.tv\/site\/wp-content\/uploads\/2025\/03\/Banner_Obras_PortallavrasTV.png\" alt=\"\"  srcset=\"https:\/\/lavras.tv\/site\/wp-content\/uploads\/2025\/03\/Banner_Obras_PortallavrasTV.png 720w, https:\/\/lavras.tv\/site\/wp-content\/uploads\/2025\/03\/Banner_Obras_PortallavrasTV-470x68.png 470w, https:\/\/lavras.tv\/site\/wp-content\/uploads\/2025\/03\/Banner_Obras_PortallavrasTV-170x25.png 170w, https:\/\/lavras.tv\/site\/wp-content\/uploads\/2025\/03\/Banner_Obras_PortallavrasTV-200x29.png 200w\" sizes=\"(max-width: 720px) 100vw, 720px\" width=\"720\" height=\"104\"   \/><\/a><\/li><li><div style=\"margin-left: auto;margin-right: auto;text-align: center;\" id=\"lavra-2088871803\"><a href=\"https:\/\/sistemas.lavras.mg.gov.br\/portalcidadao\/#df1b1a7c7b2a290bcb31e32771e610784662739a88807c0dacac58ede5f391a7530e299dc302d611ee73cb143fc22eaf93592e53e7b5bdb01b00a0b8d28dae460c141dd2ff83412e4dc1c31b16b25f33144a9e5620ea73b13f5bc1c59411d98439ad226e8af03840603796067d87afe130812cf3de24982d0e306f9e61e764e5\" aria-label=\"Banner_Educa\u00e7\u00e3o_PortallavrasTV\"><img src=\"https:\/\/lavras.tv\/site\/wp-content\/uploads\/2025\/01\/Banner_Educacao_PortallavrasTV.png\" alt=\"\"  srcset=\"https:\/\/lavras.tv\/site\/wp-content\/uploads\/2025\/01\/Banner_Educacao_PortallavrasTV.png 720w, https:\/\/lavras.tv\/site\/wp-content\/uploads\/2025\/01\/Banner_Educacao_PortallavrasTV-470x68.png 470w, https:\/\/lavras.tv\/site\/wp-content\/uploads\/2025\/01\/Banner_Educacao_PortallavrasTV-170x25.png 170w, https:\/\/lavras.tv\/site\/wp-content\/uploads\/2025\/01\/Banner_Educacao_PortallavrasTV-200x29.png 200w\" sizes=\"(max-width: 720px) 100vw, 720px\" width=\"720\" height=\"104\"  style=\"display: inline-block;\" \/><\/a><\/div><\/li><li><a href=\"https:\/\/sistemas.lavras.mg.gov.br\/portalcidadao\/#df1b1a7c7b2a290bcb31e32771e610784662739a88807c0dacac58ede5f391a7530e299dc302d611ee73cb143fc22eaf93592e53e7b5bdb01b00a0b8d28dae460c141dd2ff83412e4dc1c31b16b25f33144a9e5620ea73b13f5bc1c59411d98439ad226e8af03840603796067d87afe130812cf3de24982d0e306f9e61e764e5\" aria-label=\"Banner_Sa\u00fade_PortallavrasTV\"><img src=\"https:\/\/lavras.tv\/site\/wp-content\/uploads\/2025\/03\/Banner_Saude_PortallavrasTV.png\" alt=\"\"  srcset=\"https:\/\/lavras.tv\/site\/wp-content\/uploads\/2025\/03\/Banner_Saude_PortallavrasTV.png 720w, https:\/\/lavras.tv\/site\/wp-content\/uploads\/2025\/03\/Banner_Saude_PortallavrasTV-470x68.png 470w, https:\/\/lavras.tv\/site\/wp-content\/uploads\/2025\/03\/Banner_Saude_PortallavrasTV-170x25.png 170w, https:\/\/lavras.tv\/site\/wp-content\/uploads\/2025\/03\/Banner_Saude_PortallavrasTV-200x29.png 200w\" sizes=\"(max-width: 720px) 100vw, 720px\" width=\"720\" height=\"104\"   \/><\/a><\/li><li><div id=\"lavra-1519669683\" style=\"width:720px;height:104px;background-color:#ddd;overflow:scroll;\">\n\t<strong>Sa\u00edda da depura\u00e7\u00e3o de an\u00fancios<\/strong>\n\t<br><br>\n\tO an\u00fancio n\u00e3o \u00e9 exibido na p\u00e1gina<br><br>post atual: Pimentel escolhe Marco Ant\u00f4nio para transi\u00e7\u00e3o, que come\u00e7a amanh\u00e3, ID: 18684<br><br><span style=\"color: red;\">O post atual n\u00e3o \u00e9 id\u00eantico ao post principal.<\/span><br><br>An\u00fancios: ROXO - TOPO INTERNA - ROTATIVO 2 (197)<br \/>Grupo de an\u00fancios: Princ_Meio01_720x104 (27)<br><br>Condi\u00e7\u00f5es de exibi\u00e7\u00e3o<div style=\"margin-bottom: 20px; white-space: pre-wrap; font-family: monospace; width: 100%; background: #ffe9e9;\"><strong>condi\u00e7\u00f5es gerais<\/strong><table border=\"1\"><thead><tr><th><\/th><th>An\u00fancios<\/th><th>wp_the_query<\/th><\/tr><\/thead><tr><td>is_main_query<\/td><td>1<\/td><td>1<\/td><\/tr><tr><td>is_rest_api<\/td><td>0<\/td><td>1<\/td><\/tr><tr><td>page<\/td><td>0<\/td><td>1<\/td><\/tr><tr><td>numpages<\/td><td>0<\/td><td>1<\/td><\/tr><tr><td>is_archive<\/td><td>1<\/td><td><\/td><\/tr><tr><td>is_search<\/td><td>1<\/td><td><\/td><\/tr><tr><td>is_home<\/td><td>1<\/td><td><\/td><\/tr><tr><td>is_404<\/td><td>1<\/td><td><\/td><\/tr><tr><td>is_attachment<\/td><td>1<\/td><td><\/td><\/tr><tr><td>is_singular<\/td><td>1<\/td><td><\/td><\/tr><tr><td>is_front_page<\/td><td>1<\/td><td><\/td><\/tr><tr><td>is_feed<\/td><td>1<\/td><td><\/td><\/tr><\/table><\/div><br><br><span style=\"color: red;\">Seu site usa HTTPS, mas o c\u00f3digo do an\u00fancio cont\u00e9m HTTP e pode n\u00e3o funcionar.<\/span>\t<br><br>\n\t<a style=\"color: green;\" href=\"https:\/\/wpadvancedads.com\/manual\/ad-debug-mode\/?utm_source=advanced-ads&utm_medium=link&utm_campaign=ad-debug-mode\" target=\"_blank\" rel=\"nofollow\">Encontre solu\u00e7\u00f5es no manual<\/a>\n<\/div>\n<\/li><\/ul><\/div><script>( window.advanced_ads_ready || jQuery( document ).ready ).call( null, function() {var $lavraslider1494474821 = jQuery( \".lavra-slider-1494474821\" );$lavraslider1494474821.on( \"unslider.ready\", function() { jQuery( \"div.custom-slider ul li\" ).css( \"display\", \"block\" ); });$lavraslider1494474821.unslider({ delay:4000, autoplay:true, nav:false, arrows:false, infinite:true });$lavraslider1494474821.on(\"mouseover\", function() {$lavraslider1494474821.unslider(\"stop\");}).on(\"mouseout\", function() {$lavraslider1494474821.unslider(\"start\");});});<\/script><\/div><p>O governador Fernando Pimentel (PT) escolheu o secret\u00e1rio da Casa Civil, Marco Ant\u00f4nio Rezende Teixeira, para comandar a transi\u00e7\u00e3o de seu governo por parte da atual gest\u00e3o. Al\u00e9m dele, ser\u00e3o escolhidos outros nomes do quadro estadual, como o secret\u00e1rio de Planejamento, Helv\u00e9cio Magalh\u00e3es.\u00a0<!--more--><\/p>\n<p>Como em toda transi\u00e7\u00e3o, a equipe \u00e9 composta por integrantes do governador eleito e do que est\u00e1 de sa\u00edda.<\/p>\n<p>O decreto com todos os nomes e a oficializa\u00e7\u00e3o do processo deve ser publicado amanh\u00e3 no Di\u00e1rio Oficial de Minas Gerais. Neste mesmo dia, Pimentel deve receber o governador eleito Romeu Zema (Novo) para afinar os detalhes.<\/p>\n<p><img fetchpriority=\"high\" decoding=\"async\" class=\"alignnone size-full wp-image-4630 aligncenter\" src=\"http:\/\/lavras.tv\/site\/wp-content\/uploads\/2016\/12\/pimentel.jpg\" alt=\"pimentel\" width=\"600\" height=\"400\" srcset=\"https:\/\/lavras.tv\/site\/wp-content\/uploads\/2016\/12\/pimentel.jpg 600w, https:\/\/lavras.tv\/site\/wp-content\/uploads\/2016\/12\/pimentel-150x100.jpg 150w, https:\/\/lavras.tv\/site\/wp-content\/uploads\/2016\/12\/pimentel-300x200.jpg 300w, https:\/\/lavras.tv\/site\/wp-content\/uploads\/2016\/12\/pimentel-480x320.jpg 480w, https:\/\/lavras.tv\/site\/wp-content\/uploads\/2016\/12\/pimentel-272x182.jpg 272w\" sizes=\"(max-width: 600px) 100vw, 600px\" \/><\/p>\n<p><strong>Munic\u00edpios<\/strong><br \/>\nNa sexta-feira, Zema tem encontro marcado com o presidente da Associa\u00e7\u00e3o Mineira de Munic\u00edpios, Julvan Lacerda. Na pauta: a d\u00edvida de mais de R$ 9 bilh\u00f5es do Estado com as prefeituras. O governador pode propor uma renegocia\u00e7\u00e3o, com parcelamento, do d\u00e9bito. Por\u00e9m, deixar\u00e1 qualquer proposta para depois que tiver acesso a todos os dados fiscais do Estado.<br \/>\n<strong>Mais rombo<\/strong><br \/>\nEnquanto se fala em redu\u00e7\u00e3o de custos, a Defensoria P\u00fablica quer aumentar despesas. Ontem, o Plen\u00e1rio da Assembleia Legislativa de Minas Gerais (ALMG) recebeu Projeto de Lei (PL) 5.442\/18, da Defensoria P\u00fablica, que prev\u00ea a revis\u00e3o anual dos subs\u00eddios e proventos dos membros do \u00f3rg\u00e3o, referente ao per\u00edodo de julho de 2016 a junho de 2018. O reajuste previsto \u00e9 de 7,52% e passar\u00e1 a vigorar a partir de janeiro do pr\u00f3ximo ano.<\/p>\n<p>A recomposi\u00e7\u00e3o corresponde ao \u00cdndice Nacional de Pre\u00e7os ao Consumido Amplo (IPCA) apurado no per\u00edodo mencionado. De acordo com a Defensoria, o impacto financeiro com a revis\u00e3o salarial ser\u00e1 de R$ 26,16 milh\u00f5es, considerando a folha com ativos e aposentados.<\/p>\n<p>S\u00e3o quatro categorias de defensores, que passar\u00e3o a receber sal\u00e1rios entre R$ 22.158 (de classe inicial) a R$ 29.405,10 (classe especial). O reajuste tamb\u00e9m ser\u00e1 concedido para o defensor p\u00fablico-geral, cujo sal\u00e1rio ser\u00e1 R$ 30.628,34; subdefensor p\u00fablico-geral e corregedor-geral, que passar\u00e3o a receber R$ 29.822,82, cada.<\/p>\n<p>No of\u00edcio que acompanha o projeto, o defensor p\u00fablico-geral explica que a proposi\u00e7\u00e3o n\u00e3o inclui os demais servidores, que foram contemplados com reposicionamento em carreira com a Lei 22.790, de 2017, a ser implementada at\u00e9 31 de dezembro deste ano.<\/p>\n<p><strong>Neg\u00f3cios em Portugal<\/strong><br \/>\nEmpres\u00e1rios de Minas Gerais est\u00e3o em Lisboa (Portugal) participando da Feira Web Summit, maior evento tecnol\u00f3gico do ano. A expectativa \u00e9 que as empresas realizem parcerias e neg\u00f3cios de pelo menos US$ 3 milh\u00f5es.<\/p>\n<p>Quarenta e tr\u00eas empres\u00e1rios e representantes de startups participam da miss\u00e3o, entre eles o o diretor da Fiemg, F\u00e1bio Sacioto, e o presidente do Sindicato da Ind\u00fastria de Software e da Tecnologia da Informa\u00e7\u00e3o do Estado de Minas Gerais (Sindinfor, Wellington Teixeira.<\/p>\n<p>Fonte: Hoje em Dia<\/p>\n","protected":false},"excerpt":{"rendered":"<p>O governador Fernando Pimentel (PT) escolheu o secret\u00e1rio da Casa Civil, Marco Ant\u00f4nio Rezende Teixeira, para comandar a transi\u00e7\u00e3o de seu governo por parte da atual gest\u00e3o. Al\u00e9m dele, ser\u00e3o escolhidos outros nomes do quadro estadual, como o secret\u00e1rio de Planejamento, Helv\u00e9cio Magalh\u00e3es.\u00a0<\/p>\n","protected":false},"author":2,"featured_media":4630,"comment_status":"closed","ping_status":"open","sticky":false,"template":"","format":"standard","meta":{"advgb_blocks_editor_width":"","advgb_blocks_columns_visual_guide":"","_exactmetrics_skip_tracking":false,"_exactmetrics_sitenote_active":false,"_exactmetrics_sitenote_note":"","_exactmetrics_sitenote_category":0,"footnotes":""},"categories":[12],"tags":[1137,964,137,5325],"class_list":["post-18684","post","type-post","status-publish","format-standard","has-post-thumbnail","hentry","category-politica","tag-equipe-de-transicao","tag-governo-de-minas-gerais","tag-pimentel","tag-romeu-zema"],"better_featured_image":{"id":4630,"alt_text":"","caption":"","description":"","media_type":"image","media_details":{"width":600,"height":400,"file":"2016\/12\/pimentel.jpg","sizes":{"thumbnail":{"file":"pimentel-150x100.jpg","width":150,"height":100,"mime-type":"image\/jpeg","source_url":"https:\/\/lavras.tv\/site\/wp-content\/uploads\/2016\/12\/pimentel-150x100.jpg"},"medium":{"file":"pimentel-300x200.jpg","width":300,"height":200,"mime-type":"image\/jpeg","source_url":"https:\/\/lavras.tv\/site\/wp-content\/uploads\/2016\/12\/pimentel-300x200.jpg"},"featured-post-img":{"file":"pimentel-480x320.jpg","width":480,"height":320,"mime-type":"image\/jpeg","source_url":"https:\/\/lavras.tv\/site\/wp-content\/uploads\/2016\/12\/pimentel-480x320.jpg"},"sow-carousel-default":{"file":"pimentel-272x182.jpg","width":272,"height":182,"mime-type":"image\/jpeg","source_url":"https:\/\/lavras.tv\/site\/wp-content\/uploads\/2016\/12\/pimentel-272x182.jpg"}},"image_meta":{"aperture":"8","credit":"","camera":"NIKON D810","caption":"","created_timestamp":"1392352390","copyright":"","focal_length":"45","iso":"3200","shutter_speed":"0.008","title":"","orientation":"1","keywords":[]}},"post":4629,"source_url":"https:\/\/lavras.tv\/site\/wp-content\/uploads\/2016\/12\/pimentel.jpg"},"author_meta":{"display_name":"Lavras TV","author_link":"https:\/\/lavras.tv\/site\/author\/lavrastv\/"},"featured_img":"https:\/\/lavras.tv\/site\/wp-content\/uploads\/2016\/12\/pimentel-300x200.jpg","coauthors":[],"tax_additional":{"categories":{"linked":["<a href=\"https:\/\/lavras.tv\/site\/category\/politica\/\" class=\"advgb-post-tax-term\">Pol\u00edtica<\/a>"],"unlinked":["<span class=\"advgb-post-tax-term\">Pol\u00edtica<\/span>"]},"tags":{"linked":["<a href=\"https:\/\/lavras.tv\/site\/category\/politica\/\" class=\"advgb-post-tax-term\">equipe de transi\u00e7\u00e3o<\/a>","<a href=\"https:\/\/lavras.tv\/site\/category\/politica\/\" class=\"advgb-post-tax-term\">Governo de Minas gerais<\/a>","<a href=\"https:\/\/lavras.tv\/site\/category\/politica\/\" class=\"advgb-post-tax-term\">pimentel<\/a>","<a href=\"https:\/\/lavras.tv\/site\/category\/politica\/\" class=\"advgb-post-tax-term\">Romeu Zema<\/a>"],"unlinked":["<span class=\"advgb-post-tax-term\">equipe de transi\u00e7\u00e3o<\/span>","<span class=\"advgb-post-tax-term\">Governo de Minas gerais<\/span>","<span class=\"advgb-post-tax-term\">pimentel<\/span>","<span class=\"advgb-post-tax-term\">Romeu Zema<\/span>"]}},"comment_count":"0","relative_dates":{"created":"Publicado 7 anos atr\u00e1s","modified":"Atualizado 7 anos atr\u00e1s"},"absolute_dates":{"created":"Publicado em 7 de novembro de 2018","modified":"Atualizado em 7 de novembro de 2018"},"absolute_dates_time":{"created":"Publicado em 7 de novembro de 2018 10:18","modified":"Atualizado em 7 de novembro de 2018 10:18"},"featured_img_caption":"","series_order":"","_links":{"self":[{"href":"https:\/\/lavras.tv\/site\/wp-json\/wp\/v2\/posts\/18684","targetHints":{"allow":["GET"]}}],"collection":[{"href":"https:\/\/lavras.tv\/site\/wp-json\/wp\/v2\/posts"}],"about":[{"href":"https:\/\/lavras.tv\/site\/wp-json\/wp\/v2\/types\/post"}],"author":[{"embeddable":true,"href":"https:\/\/lavras.tv\/site\/wp-json\/wp\/v2\/users\/2"}],"replies":[{"embeddable":true,"href":"https:\/\/lavras.tv\/site\/wp-json\/wp\/v2\/comments?post=18684"}],"version-history":[{"count":1,"href":"https:\/\/lavras.tv\/site\/wp-json\/wp\/v2\/posts\/18684\/revisions"}],"predecessor-version":[{"id":18685,"href":"https:\/\/lavras.tv\/site\/wp-json\/wp\/v2\/posts\/18684\/revisions\/18685"}],"wp:featuredmedia":[{"embeddable":true,"href":"https:\/\/lavras.tv\/site\/wp-json\/wp\/v2\/media\/4630"}],"wp:attachment":[{"href":"https:\/\/lavras.tv\/site\/wp-json\/wp\/v2\/media?parent=18684"}],"wp:term":[{"taxonomy":"category","embeddable":true,"href":"https:\/\/lavras.tv\/site\/wp-json\/wp\/v2\/categories?post=18684"},{"taxonomy":"post_tag","embeddable":true,"href":"https:\/\/lavras.tv\/site\/wp-json\/wp\/v2\/tags?post=18684"}],"curies":[{"name":"wp","href":"https:\/\/api.w.org\/{rel}","templated":true}]}}